{"id":444,"date":"2022-10-22T21:49:09","date_gmt":"2022-10-23T00:49:09","guid":{"rendered":"https:\/\/xn--tuvozdiasporaespaola-k7b.com\/?p=444"},"modified":"2022-10-22T22:08:23","modified_gmt":"2022-10-23T01:08:23","slug":"voces-de-la-dignidad-en-el-europarlamento-y-reflexion-sobre-el-conflicto-de-ucrania-rusia-europa-y-eeu","status":"publish","type":"post","link":"https:\/\/xn--tuvozdiasporaespaola-k7b.com\/page\/2\/voces-de-la-dignidad-en-el-europarlamento-y-reflexion-sobre-el-conflicto-de-ucrania-rusia-europa-y-eeu\/","title":{"rendered":"Voces de la dignidad en el Europarlamento y reflexi\u00f3n sobre el conflicto de Ucrania , Rusia,\u00a0 Europa y EEU."},"content":{"rendered":"\n<p><strong>Eurodiputada irlandesa Clare Daly<\/strong><\/p>\n\n\n\n<p>La eurodiputada  de Independientes por el Cambio hizo referencia a los llamados de Ucrania a calificar a Rusia como Estado patrocinador del terrorismo,<br>observando que este \u00ab<em>es un t\u00e9rmino de la ley estadounidense\u00bb<\/em> que \u00ab<em>no existe en la<\/em><br><em>legislaci\u00f3n de la UE\u00bb. Daly considera que ceder a la petici\u00f3n de Kiev har\u00e1 que \u00abla paz sea m\u00e1s dif\u00edcil de lograr\u00bb.<\/em><br>\u00ab<em>Eso es precisamente lo que quieren los extremistas. Sin paz, sin salidas, con todos los<\/em><br><em>puentes en llamas y Ucrania un matadero permanente en una sagrada cruzada suicida<\/em><br><em>contra Rusia\u00bb,<\/em> dijo Daly durante su intervenci\u00f3n en el Parlamento.<\/p>\n\n\n\n<figure class=\"wp-block-image size-large\"><img fetchpriority=\"high\" decoding=\"async\" width=\"741\" height=\"530\" src=\"http:\/\/xn--tuvozdiasporaespaola-k7b.com\/wp-content\/uploads\/2022\/10\/screenshot_20221022-200220_drive1169816799525365823.jpg?w=741\" alt=\"\" class=\"wp-image-440\" srcset=\"https:\/\/xn--tuvozdiasporaespaola-k7b.com\/wp-content\/uploads\/2022\/10\/screenshot_20221022-200220_drive1169816799525365823.jpg 741w, https:\/\/xn--tuvozdiasporaespaola-k7b.com\/wp-content\/uploads\/2022\/10\/screenshot_20221022-200220_drive1169816799525365823-300x215.jpg 300w\" sizes=\"(max-width: 741px) 100vw, 741px\" \/><figcaption class=\"wp-element-caption\">Eurodiputada irlandesa Clare Daly<\/figcaption><\/figure>\n\n\n\n<p>\u00ab<em>Entonces, si quieren comenzar a nombrar a los Estados patrocinadores del terrorismo,<\/em><br \/><em>hag\u00e1moslo: patrocinio europeo del terrorismo israel\u00ed en Palestina; patrocinio occidental del<\/em><br \/><em>terrorismo saud\u00ed en Yemen; Estado Isl\u00e1mico, producto del patrocinio franc\u00e9s,<\/em><br \/><em>estadounidense, brit\u00e1nico, turco y del Golfo en Siria e Irak\u00bb,<\/em> enumer\u00f3 Daly.<br \/>\u00ab<em>D\u00e9cadas de terrorismo de derecha respaldado por EE.UU. contra la Revoluci\u00f3n cubana, los Contras en Nicaragua, los escuadrones de la muerte en Guatemala, en El Salvador\u00bb, <\/em>continu\u00f3. \u00ab<em>Recuerden Vietnam, Laos, Camboya, horror tras horror\u00bb<\/em><br \/><em>\u00ab\u00bfAlguna vez se atrever\u00e1n a defender la paz, el fin de la guerra, que es lo que claramente<\/em><br \/><em>interesa a los ciudadanos de la UE, Ucrania y Rusia?\u00bb, <\/em>pregunt\u00f3 Daly durante el debate.<br \/>La parlamentaria concluy\u00f3 que <em>\u00absi la UE empieza a enumerar \u00abEstados patrocinadores del Terrorismo tambi\u00e9n deber\u00e1 reconocer \u00abel terrorismo patrocinado por Occidente\u00bb.<\/em><\/p>\n\n\n\n<p><strong>Mick Wallace Eurodiputado irland\u00e9s<\/strong><br \/><br \/>En la sesi\u00f3n plenaria del Parlamento europeo del 18 de octubre, el eurodiputado irland\u00e9s se<br \/>opuso a la pol\u00edtica de doble rasero, se\u00f1alando que los pa\u00edses occidentales que acusan a<br \/>Rusia por su operativo militar en Ucrania mataron a miles de civiles en varios conflictos.<\/p>\n\n\n\n<p>\u00ab<em>Cuando Rusia lanza bombas sobre \u00e1reas urbanizadas en Ucrania, no tengo dudas de que la gente debajo de las bombas est\u00e1 aterrorizada. Es una forma de terrorismo\u00bb.<\/em> Sin embargo, \u00ab<em>cuando EEUU y la OTAN bombardearon Afganist\u00e1n durante 20 a\u00f1os y mataron a varios cientos de miles y desplazaron a millones, estaban aterrorizando a la gente, \u00bffue terrorismo?<\/em>\u00ab, se pregunt\u00f3 Wallace, al agregar que un estudio de la Organizaci\u00f3n de las Naciones Unidas mostr\u00f3 que el 45% de los asesinados en esos bombardeos fueron ni\u00f1os.<br \/>O <em>\u00abcuando EE.UU. mat\u00f3 a m\u00e1s de un mill\u00f3n de civiles en Irak, \u00bfno fue terrorismo?\u00bb<\/em>, cuestion\u00f3.<\/p>\n\n\n\n<figure class=\"wp-block-image size-large\"><img decoding=\"async\" width=\"624\" height=\"992\" src=\"http:\/\/xn--tuvozdiasporaespaola-k7b.com\/wp-content\/uploads\/2022\/10\/screenshot_20221022-200229_drive2483874268408013436.jpg?w=624\" alt=\"\" class=\"wp-image-441\" srcset=\"https:\/\/xn--tuvozdiasporaespaola-k7b.com\/wp-content\/uploads\/2022\/10\/screenshot_20221022-200229_drive2483874268408013436.jpg 624w, https:\/\/xn--tuvozdiasporaespaola-k7b.com\/wp-content\/uploads\/2022\/10\/screenshot_20221022-200229_drive2483874268408013436-189x300.jpg 189w\" sizes=\"(max-width: 624px) 100vw, 624px\" \/><figcaption class=\"wp-element-caption\">Eurodiputado irland\u00e9s&nbsp; Mick Wallace<\/figcaption><\/figure>\n\n\n\n<p>Continuando su discurso, proclam\u00f3 que \u00ab<em>cuando Israel aterroriza al pueblo palestino todos los d\u00edas, \u00bfes terrorismo? Cuando Francia, el Reino Unido y otros arman a Arabia Saudita y Emiratos \u00c1rabes Unidos para cometer genocidio en Yemen, donde la ONU afirm\u00f3 que m\u00e1s de 400.000 han muerto y 16 millones padecen hambre [\u2026] \u00bfeso no es terrorismo?\u00bb. <\/em><br \/>Wallace concluy\u00f3 haciendo a sus hom\u00f3logos una pregunta final: <em>\u00ab\u00bfCu\u00e1ndo van a despertar&nbsp; y empezar a vivir en el mundo real?\u00bb.<\/em><\/p>\n\n\n\n<p><strong>IDOIA VILLANUEVA Europarlamentaria Europea  de Podemos manifest\u00f3 estos meses en varios  Twitter<\/strong>:<\/p>\n\n\n\n<p><em>Se han cumplido ya un tiempo  de la invasi\u00f3n de Putin a Ucrania y lejos de avanzar hacia un horizonte de paz, el escenario se agrava y es altamente inestable. \u00bfDe qu\u00e9 han servido las medidas tomadas hasta<\/em> ahora?<\/p>\n\n\n\n<p><em>La guerra en Ucrania ha provocado ya miles de civiles muertos y  millones de personas desplazadas, y el alza en los precios de la energ\u00eda y de los alimentos, consecuencias que se hacen sentir en Ucrania y en cada uno de los hogares de la Uni\u00f3n Europea.<\/em><\/p>\n\n\n\n<p><em>Al mismo tiempo, Europa pasa de depender energ\u00e9ticamente del gas de Rusia, a depender del gas de EEUU, qui\u00e9n encabezando la OTAN exige ahora que Espa\u00f1a pase a gastar 23.000 millones de euros al a\u00f1o en defensa!<\/em><\/p>\n\n\n\n<p><em>\u00bfAlguien cree que gastar tal cantidad de millones en armamento nos va a hacer estar m\u00e1s cerca de alcanzar La Paz?<\/em><br \/><em>\u00bfEsto responde a cubrir nuestras necesidades prioritarias o a otro tipo de intereses impuestos externos?<\/em><\/p>\n\n\n\n<p><em>Ning\u00fan plan para avanzar en La Paz, en la negociaci\u00f3n, en los acuerdos, en poner fin a la guerra y a todos los da\u00f1os que arrastra.<\/em><br \/><em>No hay mejor defensa que alcanzar un acuerdo de paz cuanto antes, que invertir en soberan\u00eda energ\u00e9tica, soberan\u00eda alimentaria y soberan\u00eda tecnol\u00f3gica. Necesitamos poner todos los esfuerzos en lograr un fin del conflicto negociado, con mediaci\u00f3n y acompa\u00f1amiento internacional. No m\u00e1s gasolina al fuego. La presi\u00f3n diplom\u00e1tica para el establecimiento y la construcci\u00f3n de paz debe ser la prioridad.<\/em><\/p>\n\n\n\n<figure class=\"wp-block-image size-large\"><img decoding=\"async\" width=\"819\" height=\"862\" src=\"http:\/\/xn--tuvozdiasporaespaola-k7b.com\/wp-content\/uploads\/2022\/10\/screenshot_20221022-190434_twitter1290185840956969686.jpg?w=819\" alt=\"\" class=\"wp-image-443\" srcset=\"https:\/\/xn--tuvozdiasporaespaola-k7b.com\/wp-content\/uploads\/2022\/10\/screenshot_20221022-190434_twitter1290185840956969686.jpg 819w, https:\/\/xn--tuvozdiasporaespaola-k7b.com\/wp-content\/uploads\/2022\/10\/screenshot_20221022-190434_twitter1290185840956969686-285x300.jpg 285w, https:\/\/xn--tuvozdiasporaespaola-k7b.com\/wp-content\/uploads\/2022\/10\/screenshot_20221022-190434_twitter1290185840956969686-768x808.jpg 768w\" sizes=\"(max-width: 819px) 100vw, 819px\" \/><figcaption class=\"wp-element-caption\">Idoia Villanueva&nbsp; Europarlamentaria de Podemos <\/figcaption><\/figure>\n\n\n\n<p><em>Necesitamos enfrentar las amenazas que de verdad le quitan el sue\u00f1o a la gente de nuestro pa\u00eds: la sanidad, la factura de la luz, el precio de los alquileres o la compra del supermercado.<\/em><\/p>\n\n\n\n<p><em>El seguidismo a estructuras obsoletas de (in)seguridad con otros intereses no es s\u00f3lo un peligro para la paz en Europa, sino que es una piedra en el camino para lograr un estado social fuerte, moderno, con autonom\u00eda, que proteja a su gente e invierta en su bienestar y su futuro.<\/em><\/p>\n\n\n\n<figure class=\"wp-block-embed is-type-rich is-provider-twitter wp-block-embed-twitter\"><div class=\"wp-block-embed__wrapper\">\n<blockquote class=\"twitter-tweet\" data-width=\"550\" data-dnt=\"true\"><p lang=\"es\" dir=\"ltr\">La guerra en Ucrania est\u00e1 dejando miles de muertos, millones de personas refugiadas y sufrimiento a un lado y a otro de Europa. Se prev\u00e9 un duro invierno para miles de familias que no van a poder pagar sus facturas.<br>La construcci\u00f3n de paz es la medida m\u00e1s efectiva y responsable? <a href=\"https:\/\/t.co\/bJVEA8cY3t\">pic.twitter.com\/bJVEA8cY3t<\/a><\/p>&mdash; Idoia Villanueva (@IdoiaVR) <a href=\"https:\/\/twitter.com\/IdoiaVR\/status\/1582717340583501824?ref_src=twsrc%5Etfw\">October 19, 2022<\/a><\/blockquote><script async src=\"https:\/\/platform.twitter.com\/widgets.js\" charset=\"utf-8\"><\/script>\n<\/div><\/figure>\n\n\n\n<p><strong>Vicen\u00e7 Navarro&nbsp;Catedr\u00e1tico de Ciencias Pol\u00edticas y Sociales, Universidad Pompeu Fabra manifiesta<\/strong> en su Blog del&nbsp; Diario P\u00fablico <\/p>\n\n\n\n<p><em>Hoy, como consecuencia del gran deterioro de la situaci\u00f3n econ\u00f3mica y social de la mayor\u00eda de los pa\u00edses del mundo, en parte debido al conflicto cristalizado en la guerra de Ucrania,&nbsp;hay una enorme instabilidad pol\u00edtica y social (que ya se hab\u00eda iniciado durante la Gran Recesi\u00f3n y m\u00e1s tarde con la pandemia), muy acentuada en los pa\u00edses del Atl\u00e1ntico Norte que est\u00e1 cuestionando la legitimidad del sistema pol\u00edtico democr\u00e1tico<\/em><em><strong>.<\/strong><\/em><em>&nbsp;Y de ah\u00ed la gran necesidad de reconocer y denunciar la responsabilidad que tiene la Alianza Atl\u00e1ntica en desarrollar y facilitar las condiciones para que ello ocurriera.&nbsp;Se avis\u00f3 tanto al gobierno de EEUU como a los otros miembros de la OTAN que su pol\u00edtica llevar\u00eda a esta situaci\u00f3n. Y as\u00ed ha ocurrido.<\/em><\/p>\n\n\n\n<figure class=\"wp-block-image size-large\"><img loading=\"lazy\" decoding=\"async\" width=\"808\" height=\"607\" src=\"http:\/\/xn--tuvozdiasporaespaola-k7b.com\/wp-content\/uploads\/2022\/10\/screenshot_20221022-212923_google2333189637274025944.jpg?w=808\" alt=\"\" class=\"wp-image-446\" srcset=\"https:\/\/xn--tuvozdiasporaespaola-k7b.com\/wp-content\/uploads\/2022\/10\/screenshot_20221022-212923_google2333189637274025944.jpg 808w, https:\/\/xn--tuvozdiasporaespaola-k7b.com\/wp-content\/uploads\/2022\/10\/screenshot_20221022-212923_google2333189637274025944-300x225.jpg 300w, https:\/\/xn--tuvozdiasporaespaola-k7b.com\/wp-content\/uploads\/2022\/10\/screenshot_20221022-212923_google2333189637274025944-768x577.jpg 768w\" sizes=\"(max-width: 808px) 100vw, 808px\" \/><figcaption class=\"wp-element-caption\">Vicen\u00e7 Navarro<\/figcaption><\/figure>\n\n\n\n<p>Continua Vicen\u00e7 Navarro&nbsp; analizando la OTAN&nbsp;&nbsp; y sus falsedades&nbsp; as\u00ed como las&nbsp; consecuencias generadas .<\/p>\n\n\n\n<p><em>Existe un conflicto, primordialmente entre la OTAN por un lado y Rusia por el otro, que alcanza su dimensi\u00f3n militar en la guerra de Ucrania, que est\u00e1 creando una crisis enorme que est\u00e1&nbsp;afectando muy negativamente el bienestar de la mayor\u00eda de la poblaci\u00f3n mundial&nbsp;tanto del Norte como del Sur y tanto de un bloque como del opuesto, incluyendo tambi\u00e9n de aquellos que no est\u00e1n en ning\u00fan bloque.&nbsp;Y lo que es muy preocupante es que, como ocurre en cada guerra, los mayores medios de comunicaci\u00f3n participan en esta guerra transform\u00e1ndose en medios de promoci\u00f3n y propaganda en lugar de informaci\u00f3n.&nbsp;<\/em><\/p>\n\n\n\n<p><em>Sin negar la gran responsabilidad que la direcci\u00f3n de Rusia liderada por Putin ha tenido en iniciar la invasi\u00f3n criminal y la guerra de Ucrania, hay tambi\u00e9n que informar (lo cual los mayores medios de comunicaci\u00f3n no est\u00e1n haciendo) como la OTAN ha ido tambi\u00e9n contribuyendo a crear el contexto en el cual tal invasi\u00f3n tuvo lugar.<\/em><\/p>\n\n\n\n<p><em>Existe una percepci\u00f3n generalizada en los establishments pol\u00edticos y medi\u00e1ticos espa\u00f1oles de que la OTAN se cre\u00f3 como una respuesta a la amenaza que la Uni\u00f3n Sovi\u00e9tica.<\/em><br \/><em>&nbsp;Para construir esta percepci\u00f3n idealizada y falsa de la OTAN y del gobierno estadounidense que la lidera, se han tenido que&nbsp;ignorar hechos hist\u00f3ricos y eventos actuales que cuestionan los pilares sobre los que se sustentan tal falsedad. Tales medios debieran preguntarse: si la OTAN se estableci\u00f3 por la Alianza Atl\u00e1ntica para defenderse de la Uni\u00f3n Sovi\u00e9tica, \u00bfc\u00f3mo se explica que este organismo haya seguido existiendo despu\u00e9s de que la Uni\u00f3n Sovi\u00e9tica desapareciera? Es m\u00e1s, el mayor crecimiento de la OTAN&nbsp;fue despu\u00e9s del fin de la Uni\u00f3n Sovi\u00e9tica, no antes. \u00bfCu\u00e1l era pues el objetivo de la OTAN para seguir creciendo, si&nbsp;el enemigo ya hab\u00eda desaparecido?<\/em><\/p>\n\n\n\n<p><em>Ello no excusa la enorme responsabilidad del r\u00e9gimen de Putin que est\u00e1 sosteniendo su invasi\u00f3n con fines claramente pol\u00edticos para mantenerse en el poder en Rusia.<\/em><\/p>\n\n\n\n<p>Sin lugar a dudas Vicen\u00e7 Navarro tiene muy clara las ra\u00edces y consecuencias de este conflicto :<\/p>\n\n\n\n<figure class=\"wp-block-image size-large\"><img loading=\"lazy\" decoding=\"async\" width=\"1200\" height=\"675\" src=\"http:\/\/xn--tuvozdiasporaespaola-k7b.com\/wp-content\/uploads\/2022\/10\/4esdmo64lfgwvaheihiubcu7242357996442163994150.jpg?w=1024\" alt=\"\" class=\"wp-image-447\" srcset=\"https:\/\/xn--tuvozdiasporaespaola-k7b.com\/wp-content\/uploads\/2022\/10\/4esdmo64lfgwvaheihiubcu7242357996442163994150.jpg 1200w, https:\/\/xn--tuvozdiasporaespaola-k7b.com\/wp-content\/uploads\/2022\/10\/4esdmo64lfgwvaheihiubcu7242357996442163994150-300x169.jpg 300w, https:\/\/xn--tuvozdiasporaespaola-k7b.com\/wp-content\/uploads\/2022\/10\/4esdmo64lfgwvaheihiubcu7242357996442163994150-1024x576.jpg 1024w, https:\/\/xn--tuvozdiasporaespaola-k7b.com\/wp-content\/uploads\/2022\/10\/4esdmo64lfgwvaheihiubcu7242357996442163994150-768x432.jpg 768w\" sizes=\"(max-width: 1200px) 100vw, 1200px\" \/><\/figure>\n\n\n\n<p><strong> <\/strong><em>La continuaci\u00f3n del conflicto y falta de resoluci\u00f3n de los enormes problemas pol\u00edticos, econ\u00f3micos y sociales creados est\u00e1 facilitando el crecimiento de movimientos de&nbsp; protesta, que en los pa\u00edses del Atl\u00e1ntico Norte&nbsp; est\u00e1 canalizando las ultraderechas profundamente antidemocr\u00e1ticas. Y de ah\u00ed la enorme urgencia de desarrollar una cultura&nbsp; opuesta a la b\u00e9lica, militarista y conflictiva existente, sustituy\u00e9ndola con otra solidaria que anteponga los intereses de las clases populares de los pa\u00edses en conflicto, mostrando que tienen mucho m\u00e1s&nbsp; en com\u00fan que no en conflicto, oponi\u00e9ndose a los intereses minoritarios y dominantes responsables de su continuidad y de esta enorme crisis. Debiera ser obvio que los grandes problemas que las poblaciones actuales y venideras tienen, que amenazan su propia supervivencia, requiere una cultura opuesta a la existente que entienda seguridad&nbsp; como bienestar compartido en lugar de insolidaridad&nbsp; y fuerza militar<\/em><strong>.<\/strong><\/p>\n\n\n\n<p>JUAN LOPEZ, Colaborador del Equipo de Redacci\u00f3n de Revista TU VOZ .<\/p>\n\n\n\n<p>Fuentes: TWITTER,  y Blog de Vicen\u00e7 Navarro del Diario P\u00fablico.<br \/><br \/><\/p>\n","protected":false},"excerpt":{"rendered":"<p>Eurodiputada irlandesa Clare Daly La eurodiputada de Independientes por el Cambio hizo referencia a los llamados de Ucrania a calificar a Rusia como Estado &#8230; <\/p>\n<p class=\"read-more-container\"><a title=\"Voces de la dignidad en el Europarlamento y reflexi\u00f3n sobre el conflicto de Ucrania , Rusia,\u00a0 Europa y EEU.\" class=\"read-more button\" href=\"https:\/\/xn--tuvozdiasporaespaola-k7b.com\/page\/2\/voces-de-la-dignidad-en-el-europarlamento-y-reflexion-sobre-el-conflicto-de-ucrania-rusia-europa-y-eeu\/#more-444\" aria-label=\"M\u00e1s en Voces de la dignidad en el Europarlamento y reflexi\u00f3n sobre el conflicto de Ucrania , Rusia,\u00a0 Europa y EEU.\">Leer m\u00e1s<\/a><\/p>\n","protected":false},"author":222560522,"featured_media":0,"comment_status":"open","ping_status":"open","sticky":false,"template":"","format":"standard","meta":{"footnotes":""},"categories":[1771],"tags":[],"class_list":["post-444","post","type-post","status-publish","format-standard","hentry","category-sociales"],"_links":{"self":[{"href":"https:\/\/xn--tuvozdiasporaespaola-k7b.com\/page\/2\/wp-json\/wp\/v2\/posts\/444","targetHints":{"allow":["GET"]}}],"collection":[{"href":"https:\/\/xn--tuvozdiasporaespaola-k7b.com\/page\/2\/wp-json\/wp\/v2\/posts"}],"about":[{"href":"https:\/\/xn--tuvozdiasporaespaola-k7b.com\/page\/2\/wp-json\/wp\/v2\/types\/post"}],"author":[{"embeddable":true,"href":"https:\/\/xn--tuvozdiasporaespaola-k7b.com\/page\/2\/wp-json\/wp\/v2\/users\/222560522"}],"replies":[{"embeddable":true,"href":"https:\/\/xn--tuvozdiasporaespaola-k7b.com\/page\/2\/wp-json\/wp\/v2\/comments?post=444"}],"version-history":[{"count":0,"href":"https:\/\/xn--tuvozdiasporaespaola-k7b.com\/page\/2\/wp-json\/wp\/v2\/posts\/444\/revisions"}],"wp:attachment":[{"href":"https:\/\/xn--tuvozdiasporaespaola-k7b.com\/page\/2\/wp-json\/wp\/v2\/media?parent=444"}],"wp:term":[{"taxonomy":"category","embeddable":true,"href":"https:\/\/xn--tuvozdiasporaespaola-k7b.com\/page\/2\/wp-json\/wp\/v2\/categories?post=444"},{"taxonomy":"post_tag","embeddable":true,"href":"https:\/\/xn--tuvozdiasporaespaola-k7b.com\/page\/2\/wp-json\/wp\/v2\/tags?post=444"}],"curies":[{"name":"wp","href":"https:\/\/api.w.org\/{rel}","templated":true}]}}