{"id":4430,"date":"2023-11-21T00:32:23","date_gmt":"2023-11-21T03:32:23","guid":{"rendered":"https:\/\/xn--tuvozdiasporaespaola-k7b.com\/page\/2\/?p=4430"},"modified":"2023-11-21T00:38:19","modified_gmt":"2023-11-21T03:38:19","slug":"el-progresismo-en-el-cre-de-buenos-aires-sigue-trabajando","status":"publish","type":"post","link":"https:\/\/xn--tuvozdiasporaespaola-k7b.com\/page\/2\/el-progresismo-en-el-cre-de-buenos-aires-sigue-trabajando\/","title":{"rendered":"El progresismo en el CRE de Buenos Aires  sigue trabajando."},"content":{"rendered":"\n<p>Por Francisco L\u00f3pez; Redacci\u00f3n revista TU VOZ,  Argentina. <\/p>\n\n\n\n<p>Hoy traemos las palabras a esta revista TU VOZ  de Diego Samiguel,  que junto a Francisco Estraviz  son  dos de los  cuatro consejeros del Consejo de residentes espa\u00f1oles del Consulado de Buenos Aires, en el espacio del Frente  Progresista las Trece Rosas. <\/p>\n\n\n\n<p>Como otras veces aparte de comunicar en el programa Cenizas de Babilonia, Di\u00e1spora Espa\u00f1ola  de Radio del Pueblo AM-830 nos concedi\u00f3 unas palabras para poder comunicarnos  lo que acontece en nuestra demarcaci\u00f3n consular en la reuni\u00f3n del CRE el pasado lunes  5 de noviembre.<\/p>\n\n\n\n<p><strong>Desde hace varios meses est\u00e1is trabajando en diversas propuestas para el Consejo de Residentes Espa\u00f1oles de Buenos Aires, \u00bfnos puedes contar en qu\u00e9 consisten?<\/strong><\/p>\n\n\n\n<p>En esta reuni\u00f3n se trataron diversos temas que ata\u00f1en a la ciudadan\u00eda espa\u00f1ola, en lademarcaci\u00f3n de Buenos Aires.  <\/p>\n\n\n\n<p>El primero fue respecto a la situaci\u00f3n que se est\u00e1 viviendo en el Consulado de nuestra vecina provincia de C\u00f3rdoba y c\u00f3mo la falta de celeridad  y atenci\u00f3n en los tr\u00e1mites, afecta a las personas en  Capital y  provincia de Buenos Aires . <\/p>\n\n\n\n<p>Con anterioridad hab\u00edamos realizado las peticiones sobre esta problem\u00e1tica en cuesti\u00f3n, al CRE de C\u00f3rdoba el cual esta al tanto de las extensas demoras en los tramites consulares.<\/p>\n\n\n\n<p>De igual manera, ahora tambi\u00e9n lo llevamos a las autoridades consulares de Buenos Aires, es una problem\u00e1tica que la Ley de Nacionalidad afecta y mucho a las personas que quieren realizar alg\u00fan tr\u00e1mite en el consulado o las que quieran acceder a la nacionalidad por la Ley de Memoria democr\u00e1tica (cuesti\u00f3n que para esta revista no es nueva, en diferentes publicaciones de la di\u00e1spora ha salido mencionado).<\/p>\n\n\n\n<figure class=\"wp-block-gallery has-nested-images columns-default is-cropped wp-block-gallery-1 is-layout-flex wp-block-gallery-is-layout-flex\">\n<figure class=\"wp-block-image size-large\"><img fetchpriority=\"high\" decoding=\"async\" width=\"1024\" height=\"1019\" data-id=\"4436\" src=\"https:\/\/xn--tuvozdiasporaespaola-k7b.com\/wp-content\/uploads\/2023\/11\/Screenshot_20231121_002935_Photos-1024x1019.jpg\" alt=\"\" class=\"wp-image-4436\" srcset=\"https:\/\/xn--tuvozdiasporaespaola-k7b.com\/wp-content\/uploads\/2023\/11\/Screenshot_20231121_002935_Photos-1024x1019.jpg 1024w, https:\/\/xn--tuvozdiasporaespaola-k7b.com\/wp-content\/uploads\/2023\/11\/Screenshot_20231121_002935_Photos-300x300.jpg 300w, https:\/\/xn--tuvozdiasporaespaola-k7b.com\/wp-content\/uploads\/2023\/11\/Screenshot_20231121_002935_Photos-150x150.jpg 150w, https:\/\/xn--tuvozdiasporaespaola-k7b.com\/wp-content\/uploads\/2023\/11\/Screenshot_20231121_002935_Photos-768x764.jpg 768w, https:\/\/xn--tuvozdiasporaespaola-k7b.com\/wp-content\/uploads\/2023\/11\/Screenshot_20231121_002935_Photos.jpg 1074w\" sizes=\"(max-width: 1024px) 100vw, 1024px\" \/><\/figure>\n<\/figure>\n\n\n\n<p><strong>\u00bfEsta sesi\u00f3n del CRE de Buenos Aires, coincidi\u00f3 con  el pleno que se desarroll\u00f3 del Consejo General de la ciudadan\u00eda en el exterior en Asturias, sabes si se dio informe de esta problem\u00e1tica?<\/strong><\/p>\n\n\n\n<p>Correcto, los mismos consejeros por C\u00f3rdoba han alertado sobre esa situaci\u00f3n que est\u00e1n viviendo en su demarcaci\u00f3n consular. Aparte otro tema que se trat\u00f3 tiene que ver con el seguimiento y la revisi\u00f3n de diversas propuestas que van  quedando pendientes. <\/p>\n\n\n\n<p>Sesi\u00f3n a sesi\u00f3n, sea algunos requerimientos que no han tenido respuesta o en otros casos porque la respuesta no ha sido favorable a la cuesti\u00f3n que se solicit\u00f3. Redireccionar los pedidos a otras \u00e1reas consulares en b\u00fasqueda de respuestas concretas.<\/p>\n\n\n\n<p><strong>\u00bfEntonces la moci\u00f3n tiene que ver con volver a hacer el pedido sobre lo mismo y en casos que la respuesta s\u00ed se ha dado, pero no ha sido favorable, elevarlo a otros \u00f3rganos superiores, es as\u00ed ? <\/strong><\/p>\n\n\n\n<p>Exactamente, siempre comunicamos al Consulado General de Buenos Aires para que nuestras interlocuciones tengan respuesta y sobre todo, vayamos teniendo un seguimiento de los temas que se van a tratar,  sesi\u00f3n a sesi\u00f3n.  <\/p>\n\n\n\n<p>No porque los problemas no est\u00e9n presentes no quiere decir que desaparezcan, entonces esta es una modalidad que nos sirve  para estar siempre informados y poder avanzar en soluciones, con  los requerimientos de la ciudadan\u00eda.<\/p>\n\n\n\n<p>Otro tema que se trat\u00f3 tiene que ver con la elevaci\u00f3n de algunos expedientes particulares a la autoridad consular, los cuales han tenido alguna problem\u00e1tica espec\u00edfica en su resoluci\u00f3n. <\/p>\n\n\n\n<p><strong>\u00bfEl CRE de Buenos Aires tiene presupuesto para dotar a los consejeros de movilidad en las visitas a las sesiones?<\/strong><\/p>\n\n\n\n<p>As\u00ed es, en forma de vi\u00e1ticos, el CRE de Buenos Aires tiene presupuesto para el funcionamiento b\u00e1sico y si requiere alguna ampliaci\u00f3n para poder sufragar reuniones informativas u otras necesidades, puede plantear su ampliaci\u00f3n para el pr\u00f3ximo ejercicio 2024. <\/p>\n\n\n\n<figure class=\"wp-block-gallery has-nested-images columns-default is-cropped wp-block-gallery-2 is-layout-flex wp-block-gallery-is-layout-flex\">\n<figure class=\"wp-block-image size-large\"><img decoding=\"async\" width=\"836\" height=\"1024\" data-id=\"4433\" src=\"https:\/\/xn--tuvozdiasporaespaola-k7b.com\/wp-content\/uploads\/2023\/11\/20220729_162916-836x1024.jpg\" alt=\"\" class=\"wp-image-4433\" srcset=\"https:\/\/xn--tuvozdiasporaespaola-k7b.com\/wp-content\/uploads\/2023\/11\/20220729_162916-836x1024.jpg 836w, https:\/\/xn--tuvozdiasporaespaola-k7b.com\/wp-content\/uploads\/2023\/11\/20220729_162916-245x300.jpg 245w, https:\/\/xn--tuvozdiasporaespaola-k7b.com\/wp-content\/uploads\/2023\/11\/20220729_162916-768x941.jpg 768w, https:\/\/xn--tuvozdiasporaespaola-k7b.com\/wp-content\/uploads\/2023\/11\/20220729_162916-1254x1536.jpg 1254w, https:\/\/xn--tuvozdiasporaespaola-k7b.com\/wp-content\/uploads\/2023\/11\/20220729_162916-1672x2048.jpg 1672w\" sizes=\"(max-width: 836px) 100vw, 836px\" \/><figcaption class=\"wp-element-caption\">Viceconsulado de  Espa\u00f1a e Lincol,  Buenos Aires <\/figcaption><\/figure>\n<\/figure>\n\n\n\n<p><strong>\u00bfQu\u00e9 reflexi\u00f3n realizasteis sobre la reuni\u00f3n del CGCEE  en Asturias ? <\/strong><\/p>\n\n\n\n<p>Obviamente se dialog\u00f3, se convers\u00f3 y se pens\u00f3, en la pasada sesi\u00f3n del CRE, sobre lo que estaba ocurriendo al unisono en Asturias con el pleno del Consejo General de la ciudadan\u00eda. Estamos muy atentos, expectantes y con entusiasmo a lo que se resuelva de ese pleno y que a nosotros nos toca directamente. <\/p>\n\n\n\n<p>Para trabajar desde nuestro CRE de Buenos Aires, ya que la semana anterior hab\u00edamos tenido un encuentro virtual con las autoridades del Consejo General de la ciudadan\u00eda, con todos los los CREs de lasdiferentes demarcaciones consulares del mundo, inform\u00e1ndonos un poco las propuestas que se iban a llevar adelante que desde ya en su mayor\u00eda las conocemos porque vamos siguiendo atentamente los requerimientos que  va llevando este \u00f3rgano superior nuestro.<\/p>\n\n\n\n<p>Con el Consejo General de la ciudadan\u00eda venimos haciendo trabajos de propuestas y mejoramiento en cuanto a la Ley de Nacionalidad, Retorno, Educaci\u00f3n  y Mujer siempre para trabajar en conjunto con ese espacio superior, sea en recoger las iniciativas que se nos van planteando o nosotros, como tambi\u00e9n para plantear las que son de nuestra  demarcaci\u00f3n consular.<\/p>\n\n\n\n<p>Nos queda pendiente para la sesi\u00f3n de diciembre un pedido de reuni\u00f3n con la Consejer\u00eda de Educaci\u00f3n y c\u00e1lculamos que tambi\u00e9n a mediado o finales del mes de diciembre, ser\u00e1  la \u00faltima comparecencia de del a\u00f1o de las autoridades consulares de Buenos Aires, lo cual para nosotros es muy importante porque ah\u00ed tenemos  n\u00fameros y datos oficiales de lo que tiene que ver con tr\u00e1mites y sobre todo, como se viene recogiendo y trabajando.<\/p>\n\n\n\n<p><strong>\u00bfDe la Ley de Memoria Democr\u00e1tica (Nacionalifad) y renovaci\u00f3n de Pasaportes que nos puedes informar?<\/strong><\/p>\n\n\n\n<p>La amplia demanda que hay sobre la Ley de Memoria democr\u00e1tica, observamos que requiere una informaci\u00f3n mas detallada, para no malograr esfuerzos y recursos, as\u00ed que todo eso lo vamos a tener presente el el mes de diciembre, que va a estar por suerte bastante din\u00e1mico para el Consejo de residentes del consulado de Buenos Aires.<\/p>\n\n\n\n<figure class=\"wp-block-gallery has-nested-images columns-default is-cropped wp-block-gallery-3 is-layout-flex wp-block-gallery-is-layout-flex\">\n<figure class=\"wp-block-image size-large\"><img decoding=\"async\" width=\"1024\" height=\"669\" data-id=\"4432\" src=\"https:\/\/xn--tuvozdiasporaespaola-k7b.com\/wp-content\/uploads\/2023\/11\/Screenshot_20231121_000923_Facebook-1024x669.jpg\" alt=\"\" class=\"wp-image-4432\" srcset=\"https:\/\/xn--tuvozdiasporaespaola-k7b.com\/wp-content\/uploads\/2023\/11\/Screenshot_20231121_000923_Facebook-1024x669.jpg 1024w, https:\/\/xn--tuvozdiasporaespaola-k7b.com\/wp-content\/uploads\/2023\/11\/Screenshot_20231121_000923_Facebook-300x196.jpg 300w, https:\/\/xn--tuvozdiasporaespaola-k7b.com\/wp-content\/uploads\/2023\/11\/Screenshot_20231121_000923_Facebook-768x502.jpg 768w, https:\/\/xn--tuvozdiasporaespaola-k7b.com\/wp-content\/uploads\/2023\/11\/Screenshot_20231121_000923_Facebook.jpg 1080w\" sizes=\"(max-width: 1024px) 100vw, 1024px\" \/><figcaption class=\"wp-element-caption\">Viceconsulado de Espa\u00f1a en Mar del Plata<\/figcaption><\/figure>\n<\/figure>\n\n\n\n<p>En cuanto a la renovaci\u00f3n de pasaportes se nos inform\u00f3 que se va a empezar a tramitar la renovaci\u00f3n de pasaportes, tanto en el vice consulado de La Plata como en el de Mar del Plata, con lo que no ser\u00e1 necesario desplazarse a Buenos Aires desde los municipios dependientes de estas demarcaciones consulares.<\/p>\n\n\n\n<p>Queda pendiente ampliar esta descentralizaci\u00f3n al resto de los espacios consulares del interior de la provincia como Azul,  Chivilcoy, Jun\u00edn, Necochea, Olavarr\u00eda, Pergamino, San Pedro, Santa Teresita, Tandil, Trenque Lauquen, Lincol y Z\u00e1rate.<\/p>\n\n\n\n<p>Recordar que esta demanda  de los m\u00f3viles en provincia tambien se realiz\u00f3 al Director General de Migraciones y Asuntos Consulares del Ministerio Don Xavier Marti y al Consul General de Buenos Aires Don Fernando Garc\u00eda Casas, por PODEMOS ARGENTINA  comprometi\u00e9ndose en su contestaci\u00f3n a cumplir con esa solicitud adem\u00e1s de incrementar el personal de secci\u00f3n en turnos de ma\u00f1ana y tarde. Solicitud apoyada indudablemente desde nuestro espacio en el CRE. Seguiremos trabajando por el bienestar de la di\u00e1spora espa\u00f1ola y la resoluci\u00f3n de los problemas.<\/p>\n\n\n\n<p><\/p>\n\n\n\n<p><strong>TEXTO \u00cdNTEGRO DEL CONSULADO DE BUENOS AIRES RENOVACI\u00d3N DE PASAPORTES VICECONSULADO HONORARIO EN LA PLATA.<\/strong><\/p>\n\n\n\n<p><em>Procedimiento de renovaci\u00f3n de pasaportes en el Viceconsulado Honorario de La Plata.<\/em><\/p>\n\n\n\n<p><em>Este Consulado General va a ofrecer la posibilidad de renovar el pasaporte espa\u00f1ol a la  colectividad espa\u00f1ola de La Plata.<\/em><\/p>\n\n\n\n<p><em> El procedimiento establecido a tal efecto es el siguiente:<\/em><\/p>\n\n\n\n<p><em>1. El p\u00fablico ser\u00e1 atendido en la sede del Viceconsulado Honorario en La Plata, calle 3, n. \u00ba 667.2. Se admitir\u00e1n solamente solicitudes de renovaci\u00f3n de pasaportes de mayores de 12 a\u00f1os de  quienes cuenten con IDU-PW de pasaportes. Pueden obtenerlo en www.cgeonline.com.ar3. <\/em><\/p>\n\n\n\n<p>2.<em>Se admitir\u00e1n las solicitudes de renovaci\u00f3n de quienes sean residentes en la circunscripci\u00f3n  del Viceconsulado Honorario de La Plata. <\/em><\/p>\n\n\n\n<p>3. <em>Las \u00e1reas comprendidas en la demarcaci\u00f3n son La Plata, San Vicente, Coronel Brandsen, Magdalena, Saladillo, Roque P\u00e9rez, Lobos, Navarro,  General Las Heras, Berisso, Ensenada, Ca\u00f1uelas, Monte, General Belgrano, Chascom\u00fas, General  Paz y Punta Indio).<\/em><\/p>\n\n\n\n<p><em>4. Los interesados y, en su caso, los representantes legales, han de remitir un correo de solicitud  de turno a ch.laplata@maec.es adjuntando: <\/em><\/p>\n\n\n\n<p><em>Copia en formato PDF del pasaporte espa\u00f1ol caducado o en per\u00edodo de  renovaci\u00f3n. Se recuerda que el pasaporte espa\u00f1ol se puede renovar con una  antelaci\u00f3n m\u00e1xima de un a\u00f1o a su fecha de caducidad.<\/em><\/p>\n\n\n\n<p><em>Copia en formato PDF del DNI argentino, por el anverso y el reverso, en el que habr\u00e1 de constar el domicilio del interesado en la referida demarcaci\u00f3n del Viceconsulado Honorario en La Plata.<\/em><\/p>\n\n\n\n<p><em>La concesi\u00f3n del turno se llevar\u00e1 a cabo por orden de llegada de solicitudes siempre que se cumplan los requisitos establecidos.<\/em><\/p>\n\n\n\n<p><em>5. La tramitaci\u00f3n de la renovaci\u00f3n se realizar\u00e1 en dos fases.El interesado cuya solicitud haya sido admitida recibir\u00e1 un correo electr\u00f3nico de confirmaci\u00f3n en el que se le otorgar\u00e1 cita para un d\u00eda y hora del mes de noviembre junto con instrucciones sobre la documentaci\u00f3n que se ha presentado.  <\/em><\/p>\n\n\n\n<p><em>El solicitante ser\u00e1 nuevamente citado para el 30-11-2023 para proceder a la toma de sus huellas dactilares. \u00c9sta ser\u00e1 la \u00fanica fecha disponible para la toma de huellas en La Plata.<\/em><\/p>\n\n\n\n<p><em>6. Realizados estos dos tr\u00e1mites y una vez confeccionado y enviado desde Espa\u00f1a el pasaporte,  podr\u00e1 ser retirado en la sede del Viceconsulado Honorario en La Plata previa concesi\u00f3n de cita  previa.<\/em><\/p>\n\n\n\n<figure class=\"wp-block-gallery has-nested-images columns-default is-cropped wp-block-gallery-4 is-layout-flex wp-block-gallery-is-layout-flex\">\n<figure class=\"wp-block-image size-large\"><img loading=\"lazy\" decoding=\"async\" width=\"630\" height=\"420\" data-id=\"4434\" src=\"https:\/\/xn--tuvozdiasporaespaola-k7b.com\/wp-content\/uploads\/2023\/11\/1495690466172-1.jpg\" alt=\"\" class=\"wp-image-4434\" srcset=\"https:\/\/xn--tuvozdiasporaespaola-k7b.com\/wp-content\/uploads\/2023\/11\/1495690466172-1.jpg 630w, https:\/\/xn--tuvozdiasporaespaola-k7b.com\/wp-content\/uploads\/2023\/11\/1495690466172-1-300x200.jpg 300w\" sizes=\"(max-width: 630px) 100vw, 630px\" \/><figcaption class=\"wp-element-caption\">Viceconsulado de Espa\u00f1a en la Plata,  Buenos Aires. <\/figcaption><\/figure>\n<\/figure>\n","protected":false},"excerpt":{"rendered":"<p>Por Francisco L\u00f3pez; Redacci\u00f3n revista TU VOZ, Argentina. Hoy traemos las palabras a esta revista TU VOZ de Diego Samiguel, que junto a Francisco &#8230; <\/p>\n<p class=\"read-more-container\"><a title=\"El progresismo en el CRE de Buenos Aires  sigue trabajando.\" class=\"read-more button\" href=\"https:\/\/xn--tuvozdiasporaespaola-k7b.com\/page\/2\/el-progresismo-en-el-cre-de-buenos-aires-sigue-trabajando\/#more-4430\" aria-label=\"M\u00e1s en El progresismo en el CRE de Buenos Aires  sigue trabajando.\">Leer m\u00e1s<\/a><\/p>\n","protected":false},"author":222560522,"featured_media":4437,"comment_status":"open","ping_status":"open","sticky":false,"template":"","format":"standard","meta":{"footnotes":""},"categories":[121854],"tags":[],"class_list":["post-4430","post","type-post","status-publish","format-standard","has-post-thumbnail","hentry","category-consejo-de-residentes-espanoles","resize-featured-image"],"_links":{"self":[{"href":"https:\/\/xn--tuvozdiasporaespaola-k7b.com\/page\/2\/wp-json\/wp\/v2\/posts\/4430","targetHints":{"allow":["GET"]}}],"collection":[{"href":"https:\/\/xn--tuvozdiasporaespaola-k7b.com\/page\/2\/wp-json\/wp\/v2\/posts"}],"about":[{"href":"https:\/\/xn--tuvozdiasporaespaola-k7b.com\/page\/2\/wp-json\/wp\/v2\/types\/post"}],"author":[{"embeddable":true,"href":"https:\/\/xn--tuvozdiasporaespaola-k7b.com\/page\/2\/wp-json\/wp\/v2\/users\/222560522"}],"replies":[{"embeddable":true,"href":"https:\/\/xn--tuvozdiasporaespaola-k7b.com\/page\/2\/wp-json\/wp\/v2\/comments?post=4430"}],"version-history":[{"count":2,"href":"https:\/\/xn--tuvozdiasporaespaola-k7b.com\/page\/2\/wp-json\/wp\/v2\/posts\/4430\/revisions"}],"predecessor-version":[{"id":4440,"href":"https:\/\/xn--tuvozdiasporaespaola-k7b.com\/page\/2\/wp-json\/wp\/v2\/posts\/4430\/revisions\/4440"}],"wp:featuredmedia":[{"embeddable":true,"href":"https:\/\/xn--tuvozdiasporaespaola-k7b.com\/page\/2\/wp-json\/wp\/v2\/media\/4437"}],"wp:attachment":[{"href":"https:\/\/xn--tuvozdiasporaespaola-k7b.com\/page\/2\/wp-json\/wp\/v2\/media?parent=4430"}],"wp:term":[{"taxonomy":"category","embeddable":true,"href":"https:\/\/xn--tuvozdiasporaespaola-k7b.com\/page\/2\/wp-json\/wp\/v2\/categories?post=4430"},{"taxonomy":"post_tag","embeddable":true,"href":"https:\/\/xn--tuvozdiasporaespaola-k7b.com\/page\/2\/wp-json\/wp\/v2\/tags?post=4430"}],"curies":[{"name":"wp","href":"https:\/\/api.w.org\/{rel}","templated":true}]}}