{"id":4424,"date":"2023-11-20T13:43:21","date_gmt":"2023-11-20T16:43:21","guid":{"rendered":"https:\/\/xn--tuvozdiasporaespaola-k7b.com\/page\/2\/?p=4424"},"modified":"2023-11-20T13:45:23","modified_gmt":"2023-11-20T16:45:23","slug":"carta-de-ione-belarra-a-la-militancia-de-podemos","status":"publish","type":"post","link":"https:\/\/xn--tuvozdiasporaespaola-k7b.com\/page\/2\/carta-de-ione-belarra-a-la-militancia-de-podemos\/","title":{"rendered":"CARTA DE IONE BELARRA A LA MILITANCIA de PODEMOS"},"content":{"rendered":"\n<p>Redacci\u00f3n de Revista TU VOZ, Argentina <\/p>\n\n\n\n<p>Querida compa\u00f1era de Podemos, querido compa\u00f1ero: <\/p>\n\n\n\n<p>En estos d\u00edas en los que hemos podido constatar la expulsi\u00f3n definitiva de Podemos del Gobierno por parte de Pedro S\u00e1nchez, con la indispensable colaboraci\u00f3n de Yolanda D\u00edaz, quiero dirigirme a ti para dar cuenta de lo ocurrido en los \u00faltimos meses y pedirte que nos sigas acompa\u00f1ando con tu inteligencia y tu fuerza en el dif\u00edcil pero tambi\u00e9n importante y necesario camino que se abre a partir de ahora.<\/p>\n\n\n\n<p>Lo ocurrido en estos \u00faltimos d\u00edas no es sino la confirmaci\u00f3n final de una estrategia determinada y mantenida en el tiempo por parte del PSOE y Sumar que tiene como objetivo evidente la sustituci\u00f3n de Podemos por otra fuerza pol\u00edtica que pueda representar simb\u00f3licamente a la \u00abizquierda\u00bb pero que acepte la subordinaci\u00f3n al PSOE y la concertaci\u00f3n con los poderes econ\u00f3micos y medi\u00e1ticos, es decir, que sea, a diferencia de Podemos, servil ante los poderes f\u00e1cticos que sosten\u00edan y a\u00fan sostienen al r\u00e9gimen bipartidista, y por lo tanto funcional a sus intereses.<\/p>\n\n\n\n<p>Los primeros pasos en esta estrategia fueron, como bien sabes, la impugnaci\u00f3n por parte de Yolanda D\u00edaz de todos los elementos de praxis pol\u00edtica de Podemos nada m\u00e1s alcanzar la direcci\u00f3n del espacio y su decisi\u00f3n no de ampliar Unidas Podemos, que era lo que se esperaba de ella, sino construir un nuevo partido pol\u00edtico unipersonal llamado Sumar, eliminando as\u00ed el espacio pol\u00edtico que hab\u00eda conseguido por primera vez en 80 a\u00f1os romper la cl\u00e1usula de exclusi\u00f3n hist\u00f3rica que imped\u00eda a la izquierda transformadora acceder al Gobierno. <\/p>\n\n\n\n<p>Despu\u00e9s vino su imposici\u00f3n de la candidata de IU en Andaluc\u00eda, su renuncia a hacer campa\u00f1a por UP en las elecciones municipales y auton\u00f3micas del 28 de mayo de 2023 para as\u00ed, gracias a un mal resultado del espacio, tener m\u00e1s poder negociador de cara a las papeletas de las elecciones del 23 de julio, su veto a Irene Montero en esa negociaci\u00f3n y su imposici\u00f3n a Podemos de un acuerdo que ninguna otra fuerza pol\u00edtica habr\u00eda aceptado, la exclusi\u00f3n de Podemos de la negociaci\u00f3n con el PSOE una vez que las elecciones del 23J arrojaron un resultado que hac\u00eda imposible a las derechas gobernar y, finalmente, en los \u00faltimos d\u00edas, la expulsi\u00f3n definitiva del Gobierno de la \u00fanica fuerza pol\u00edtica que pele\u00f3 en 2019 para que el gobierno de coalici\u00f3n pudiera existir.<\/p>\n\n\n\n<figure class=\"wp-block-gallery has-nested-images columns-default is-cropped wp-block-gallery-1 is-layout-flex wp-block-gallery-is-layout-flex\">\n<figure class=\"wp-block-image size-large\"><img fetchpriority=\"high\" decoding=\"async\" width=\"685\" height=\"456\" data-id=\"4425\" src=\"https:\/\/xn--tuvozdiasporaespaola-k7b.com\/wp-content\/uploads\/2023\/11\/elecciones-generales-montero-belarra-acuerdo-podemos-sumar.jpg\" alt=\"\" class=\"wp-image-4425\" srcset=\"https:\/\/xn--tuvozdiasporaespaola-k7b.com\/wp-content\/uploads\/2023\/11\/elecciones-generales-montero-belarra-acuerdo-podemos-sumar.jpg 685w, https:\/\/xn--tuvozdiasporaespaola-k7b.com\/wp-content\/uploads\/2023\/11\/elecciones-generales-montero-belarra-acuerdo-podemos-sumar-300x200.jpg 300w\" sizes=\"(max-width: 685px) 100vw, 685px\" \/><\/figure>\n<\/figure>\n\n\n\n<p>S\u00e9 perfectamente que todos estos acontecimientos han sido muy duros y muy dif\u00edciles de vivir para las y los militantes de Podemos y te quiero confesar que tambi\u00e9n han sido enormemente dif\u00edciles para m\u00ed como secretaria general. <\/p>\n\n\n\n<p>Desde que asum\u00ed esa tarea que vivo como el mayor honor que una persona puede recibir, he trabajado d\u00eda y noche, todos los d\u00edas del a\u00f1o, con dos objetivos que para m\u00ed son fundamentales y que, de hecho, creo firmemente que est\u00e1n tan ligados que son el mismo: el objetivo de construir un pa\u00eds m\u00e1s justo para todas y para todos y el objetivo de garantizar la continuidad y el crecimiento del \u00fanico proyecto pol\u00edtico que, a mi juicio, tiene alguna posibilidad de conseguir ese horizonte para los pueblos y las gentes de Espa\u00f1a.<\/p>\n\n\n\n<p>Ese doble objetivo, que en el fondo es el mismo, es el que ha guiado todas y cada una de mis decisiones a lo largo de estos a\u00f1os y te quiero agradecer de todo coraz\u00f3n que me hayas acompa\u00f1ado, a m\u00ed y a toda la direcci\u00f3n de Podemos, en esta dif\u00edcil traves\u00eda. <\/p>\n\n\n\n<p>Si hoy estamos empezando a poder recuperar nuestra autonom\u00eda pol\u00edtica y nuestra capacidad pol\u00edtica es porque decenas de miles de militantes valiosas os hab\u00e9is mantenido firmes ante los ataques, las injusticias y las adversidades. <\/p>\n\n\n\n<p>Fue dif\u00edcil aceptar un acuerdo electoral enormemente injusto en las elecciones generales del 23 de julio, fue dif\u00edcil apoyar la investidura de Pedro S\u00e1nchez cuando el PSOE y Sumar nos hab\u00edan despreciado como interlocutores pol\u00edticos a pesar de que S\u00e1nchez no ser\u00eda presidente ni D\u00edaz ser\u00eda lo que es si no fuera por Podemos, y ha sido, finalmente, muy dif\u00edcil contemplar la expulsi\u00f3n de Irene Montero y de Podemos de un Gobierno que no existir\u00eda sin esta fuerza pol\u00edtica.<\/p>\n\n\n\n<p>Todo esto ha sido muy dif\u00edcil, pero habr\u00eda sido imposible sin ti. Todas las decisiones que hemos tomado han respondido a la doble responsabilidad, que en el fondo es la misma, con nuestro pa\u00eds y con nuestro proyecto pol\u00edtico. Y en todas esas decisiones nos has acompa\u00f1ado con valent\u00eda, con la mirada larga y con el coraz\u00f3n en su sitio.<\/p>\n\n\n\n<p>Una vez desactivada la posibilidad de una repetici\u00f3n electoral inmediata que pudiese desembocar en un gobierno de extrema derecha y una vez consumada la expulsi\u00f3n de Podemos del ejecutivo para formar, as\u00ed, un gobierno en el que solamente manda Pedro S\u00e1nchez y que, por tanto, tiene sus capacidades de transformaci\u00f3n completamente comprometidas, entramos en un nuevo escenario en el cual las cosas son distintas.<\/p>\n\n\n\n<p>Hace unas semanas, como conclusi\u00f3n de un gran proceso participativo aprobamos nuestra nueva hoja de ruta en la cual se establece nuestra completa autonom\u00eda pol\u00edtica y la b\u00fasqueda de acuerdos electorales, solamente cuando estos sean \u00fatiles y siempre que las listas se conformen democr\u00e1ticamente mediante primarias y sin vetos. <\/p>\n\n\n\n<p>En el nuevo escenario, esa autonom\u00eda de Podemos va a ser la herramienta fundamental para que podamos forzar a que haya algunos avances sociales en esta legislatura a pesar de la nula voluntad transformadora del gobierno PSOE-Sumar, y esa autonom\u00eda va a ser tambi\u00e9n la semilla en torno a la cual construir una nueva acumulaci\u00f3n democr\u00e1tica de fuerzas que garantice no solamente la continuidad de Podemos sino tambi\u00e9n su crecimiento, como \u00fanica manera de volver a recuperar el horizonte transformador en nuestro pa\u00eds.<\/p>\n\n\n\n<p>Ha sido una noche larga, pero est\u00e1 empezando ya a amanecer. Han querido acabar con nosotros pero no han podido y lo \u00fanico que han conseguido es hacernos m\u00e1s fuertes. <\/p>\n\n\n\n<p>Pienso de todo coraz\u00f3n no solamente que es indispensable un proyecto pol\u00edtico que no pide dinero a los bancos, que cuida a las suyas y no las deja caer ante los ataques reaccionarios, que no se pone de perfil en los temas dif\u00edciles, que dice la pu\u00f1etera verdad aunque sea duro decirla y que mira a los ojos a los poderosos porque sabe que es la \u00fanica manera de conseguir avances para la gente trabajadora. <\/p>\n\n\n\n<p>Adem\u00e1s de indispensable, creo que es posible y que todo lo que nos dicen que no se puede tan solo est\u00e1 un poco m\u00e1s adelante en el camino.Ya hemos demostrado que es posible gobernar y es posible transformar. Cuando Podemos gobierna algunas cosas que parec\u00edan impensables, se logran. Ese es nuestro mayor patrimonio pol\u00edtico. <\/p>\n\n\n\n<figure class=\"wp-block-gallery has-nested-images columns-default is-cropped wp-block-gallery-2 is-layout-flex wp-block-gallery-is-layout-flex\">\n<figure class=\"wp-block-image size-large\"><img decoding=\"async\" width=\"414\" height=\"276\" data-id=\"4426\" src=\"https:\/\/xn--tuvozdiasporaespaola-k7b.com\/wp-content\/uploads\/2023\/11\/YSGQLRQNXLNBDMHXU4OTSWJJ34.jpg\" alt=\"\" class=\"wp-image-4426\" srcset=\"https:\/\/xn--tuvozdiasporaespaola-k7b.com\/wp-content\/uploads\/2023\/11\/YSGQLRQNXLNBDMHXU4OTSWJJ34.jpg 414w, https:\/\/xn--tuvozdiasporaespaola-k7b.com\/wp-content\/uploads\/2023\/11\/YSGQLRQNXLNBDMHXU4OTSWJJ34-300x200.jpg 300w\" sizes=\"(max-width: 414px) 100vw, 414px\" \/><\/figure>\n<\/figure>\n\n\n\n<p>Nos echan del gobierno precisamente por ello, por haber demostrado que se puede ir m\u00e1s all\u00e1, y al coste de comprometer las posibilidades de transformaci\u00f3n de nuestro pa\u00eds.Quiero pedirte que recuerdes que las cosas para Podemos nunca han sido f\u00e1ciles. Pero en estos diez a\u00f1os tambi\u00e9n hemos aprendido  que decir \u2018s\u00ed se puede\u2019 no es s\u00f3lo una consigna, es el resultado de nuestro esfuerzo cuando peleamos juntas.<\/p>\n\n\n\n<p>El PSOE quiere volver a los tiempos del bipartidismo, cuando eran la \u00fanica opci\u00f3n frente a las derechas. Nosotras ya sabemos que no lo son.Y, de hecho, para parar la ofensiva reaccionaria, no s\u00f3lo debemos mantener lo conseguido, es imprescindible avanzar en derechos. Y para eso Espa\u00f1a necesita a la izquierda transformadora, nuestro pais necesita a Podemos. <\/p>\n\n\n\n<p>Por ello, desde este momento nos ponemos a trabajar para recuperar un gobierno en el que no s\u00f3lo mande S\u00e1nchez y para que transformar este pa\u00eds sea la m\u00e1xima prioridad del bloque democr\u00e1tico.Si vosotras y vosotros est\u00e1is aqu\u00ed, nosotras tambi\u00e9n estaremos. <\/p>\n\n\n\n<p>La esperanza no es que las cosas salgan siempre bien, sino saber que se pueden conseguir si lo seguimos intentando en los momentos m\u00e1s dif\u00edciles.Pienso de todo coraz\u00f3n que lo mejor est\u00e1 por llegar porque s\u00e9 que vamos a poder seguir contando contigo.<\/p>\n\n\n\n<p>Ayer, hoy y ma\u00f1ana, s\u00ed se puede.<\/p>\n\n\n\n<p>Ione Belarra, Secretar\u00eda General de PODEMOS   20 de noviembre 2023<\/p>\n","protected":false},"excerpt":{"rendered":"<p>Redacci\u00f3n de Revista TU VOZ, Argentina Querida compa\u00f1era de Podemos, querido compa\u00f1ero: En estos d\u00edas en los que hemos podido constatar la expulsi\u00f3n definitiva &#8230; <\/p>\n<p class=\"read-more-container\"><a title=\"CARTA DE IONE BELARRA A LA MILITANCIA de PODEMOS\" class=\"read-more button\" href=\"https:\/\/xn--tuvozdiasporaespaola-k7b.com\/page\/2\/carta-de-ione-belarra-a-la-militancia-de-podemos\/#more-4424\" aria-label=\"M\u00e1s en CARTA DE IONE BELARRA A LA MILITANCIA de PODEMOS\">Leer m\u00e1s<\/a><\/p>\n","protected":false},"author":222560522,"featured_media":4429,"comment_status":"open","ping_status":"open","sticky":false,"template":"","format":"standard","meta":{"footnotes":""},"categories":[121850],"tags":[],"class_list":["post-4424","post","type-post","status-publish","format-standard","has-post-thumbnail","hentry","category-politica","resize-featured-image"],"_links":{"self":[{"href":"https:\/\/xn--tuvozdiasporaespaola-k7b.com\/page\/2\/wp-json\/wp\/v2\/posts\/4424","targetHints":{"allow":["GET"]}}],"collection":[{"href":"https:\/\/xn--tuvozdiasporaespaola-k7b.com\/page\/2\/wp-json\/wp\/v2\/posts"}],"about":[{"href":"https:\/\/xn--tuvozdiasporaespaola-k7b.com\/page\/2\/wp-json\/wp\/v2\/types\/post"}],"author":[{"embeddable":true,"href":"https:\/\/xn--tuvozdiasporaespaola-k7b.com\/page\/2\/wp-json\/wp\/v2\/users\/222560522"}],"replies":[{"embeddable":true,"href":"https:\/\/xn--tuvozdiasporaespaola-k7b.com\/page\/2\/wp-json\/wp\/v2\/comments?post=4424"}],"version-history":[{"count":1,"href":"https:\/\/xn--tuvozdiasporaespaola-k7b.com\/page\/2\/wp-json\/wp\/v2\/posts\/4424\/revisions"}],"predecessor-version":[{"id":4428,"href":"https:\/\/xn--tuvozdiasporaespaola-k7b.com\/page\/2\/wp-json\/wp\/v2\/posts\/4424\/revisions\/4428"}],"wp:featuredmedia":[{"embeddable":true,"href":"https:\/\/xn--tuvozdiasporaespaola-k7b.com\/page\/2\/wp-json\/wp\/v2\/media\/4429"}],"wp:attachment":[{"href":"https:\/\/xn--tuvozdiasporaespaola-k7b.com\/page\/2\/wp-json\/wp\/v2\/media?parent=4424"}],"wp:term":[{"taxonomy":"category","embeddable":true,"href":"https:\/\/xn--tuvozdiasporaespaola-k7b.com\/page\/2\/wp-json\/wp\/v2\/categories?post=4424"},{"taxonomy":"post_tag","embeddable":true,"href":"https:\/\/xn--tuvozdiasporaespaola-k7b.com\/page\/2\/wp-json\/wp\/v2\/tags?post=4424"}],"curies":[{"name":"wp","href":"https:\/\/api.w.org\/{rel}","templated":true}]}}