{"id":4411,"date":"2023-11-19T20:28:43","date_gmt":"2023-11-19T23:28:43","guid":{"rendered":"https:\/\/xn--tuvozdiasporaespaola-k7b.com\/page\/2\/?p=4411"},"modified":"2023-11-20T00:58:44","modified_gmt":"2023-11-20T03:58:44","slug":"gano-milei-y-el-fascismo-se-consolida-en-argentina","status":"publish","type":"post","link":"https:\/\/xn--tuvozdiasporaespaola-k7b.com\/page\/2\/gano-milei-y-el-fascismo-se-consolida-en-argentina\/","title":{"rendered":"GANO MILEI y el Fascismo se consolida en Argentina."},"content":{"rendered":"\n<p>Redacci\u00f3n de Revista TU VOZ. <\/p>\n\n\n\n<p>Cierran las urnas en las presidenciales de Argentina con una participaci\u00f3n en torno al 76 % del padr\u00f3n seg\u00fan la C\u00e1mara Nacional Electoral, una participaci\u00f3n mayor a la de las elecciones generales.<\/p>\n\n\n\n<p>Y los resultados con el 99% de votos escrutados confirman una victoria de Javier Milei  por la Libertad Avanza un partido de corte liberal, fascista con un 55,69 % de los votos, frente a un 44,13 % de votos que obtuvo Sergio Massa , candidato por Uni\u00f3n por la Patria y actual ministro de econom\u00eda del gobierno Argentino.<\/p>\n\n\n\n<figure class=\"wp-block-gallery has-nested-images columns-default is-cropped wp-block-gallery-1 is-layout-flex wp-block-gallery-is-layout-flex\">\n<figure class=\"wp-block-image size-large\"><img fetchpriority=\"high\" decoding=\"async\" width=\"987\" height=\"555\" data-id=\"4413\" src=\"https:\/\/xn--tuvozdiasporaespaola-k7b.com\/wp-content\/uploads\/2023\/11\/javier-milei-1605382.jpg\" alt=\"\" class=\"wp-image-4413\" srcset=\"https:\/\/xn--tuvozdiasporaespaola-k7b.com\/wp-content\/uploads\/2023\/11\/javier-milei-1605382.jpg 987w, https:\/\/xn--tuvozdiasporaespaola-k7b.com\/wp-content\/uploads\/2023\/11\/javier-milei-1605382-300x169.jpg 300w, https:\/\/xn--tuvozdiasporaespaola-k7b.com\/wp-content\/uploads\/2023\/11\/javier-milei-1605382-768x432.jpg 768w\" sizes=\"(max-width: 987px) 100vw, 987px\" \/><\/figure>\n<\/figure>\n\n\n\n<p>Con el resultado ya irreversible al 66% del escrutinio  el candidato Massa sali\u00f3 a reconocer la derrota, en esta discusi\u00f3n de dos propuestas de pa\u00eds que se pon\u00edan en juego triunfo la de la locura , el odio y revanchismo,  con la bandera negacionista como estandarte.<\/p>\n\n\n\n<p>En los pr\u00f3ximos d\u00edas en Argentina se vivir\u00e1 desasosiego y frustraci\u00f3n por algo que pudo ser y no fue, donde un estado presente tenia que garantizar la convivencia y el progreso.<\/p>\n\n\n\n<p>Este domingo se cerraron las urnas  con el balotaje de las elecciones presidenciales, en el que se enfrentaron los candidatos Sergio Massa, por Uni\u00f3n por la Patria (UxP) y Javier Milei, representando a La Libertad Avanza (LLA) y m\u00e1s de 35 millones de ciudadanos argentinos fueron convocados a los colegios electorales, los cuales estuvieron abiertos desde las 8:00 de este 19 de noviembre. <\/p>\n\n\n\n<figure class=\"wp-block-gallery has-nested-images columns-default is-cropped wp-block-gallery-2 is-layout-flex wp-block-gallery-is-layout-flex\">\n<figure class=\"wp-block-image size-large\"><img decoding=\"async\" width=\"420\" height=\"280\" data-id=\"4412\" src=\"https:\/\/xn--tuvozdiasporaespaola-k7b.com\/wp-content\/uploads\/2023\/11\/esta-es-la-plataforma-de-sergio-massa-para-las-T74ZRHOZTFGVTN4PALID4B5VLI.jpeg\" alt=\"\" class=\"wp-image-4412\" srcset=\"https:\/\/xn--tuvozdiasporaespaola-k7b.com\/wp-content\/uploads\/2023\/11\/esta-es-la-plataforma-de-sergio-massa-para-las-T74ZRHOZTFGVTN4PALID4B5VLI.jpeg 420w, https:\/\/xn--tuvozdiasporaespaola-k7b.com\/wp-content\/uploads\/2023\/11\/esta-es-la-plataforma-de-sergio-massa-para-las-T74ZRHOZTFGVTN4PALID4B5VLI-300x200.jpeg 300w\" sizes=\"(max-width: 420px) 100vw, 420px\" \/><\/figure>\n<\/figure>\n\n\n\n<p>La C\u00e1mara Nacional Electoral (CNE) inform\u00f3 que la participaci\u00f3n fue superior al 76 % del padr\u00f3n, una cifra mayor a la que concurri\u00f3 en los comicios generales del 22 de octubre (74 %). <\/p>\n\n\n\n<p>El ministro de Econom\u00eda y candidato presidencial Sergio Massa perdi\u00f3 las elecciones  y un nuevo ciclo regir\u00e1 la pol\u00edtica Argentina. Massa  destaco a aquellos que trabajaron en los comicios, con un sistema de fiscalizaci\u00f3n fuerte y con  una total normalidad, pese a que hubo algunos episodios aislados en los que se denunciaron robo o rotura de boletas. <\/p>\n\n\n\n<p>En su primer discurso tras conocerse el resultado de las elecciones, Milei asegur\u00f3 que a partir de hoy \u00abcomienza la reconstrucci\u00f3n\u00bb del pa\u00eds y \u00abel fin de su decadencia\u00bb.En sus declaraciones, el l\u00edder de LLA le pidi\u00f3 al actual gobierno que \u00absea responsable\u00bb en los d\u00edas de transici\u00f3n, antes de asumir el poder el pr\u00f3ximo 10 de diciembre, para \u00abpoder transformar esta realidad tan tr\u00e1gica para la Argentina\u00bb. <\/p>\n\n\n\n<figure class=\"wp-block-gallery has-nested-images columns-default is-cropped wp-block-gallery-3 is-layout-flex wp-block-gallery-is-layout-flex\">\n<figure class=\"wp-block-image size-large\"><img decoding=\"async\" width=\"723\" height=\"405\" data-id=\"4418\" src=\"https:\/\/xn--tuvozdiasporaespaola-k7b.com\/wp-content\/uploads\/2023\/11\/1700444522439.webp\" alt=\"\" class=\"wp-image-4418\" srcset=\"https:\/\/xn--tuvozdiasporaespaola-k7b.com\/wp-content\/uploads\/2023\/11\/1700444522439.webp 723w, https:\/\/xn--tuvozdiasporaespaola-k7b.com\/wp-content\/uploads\/2023\/11\/1700444522439-300x168.webp 300w\" sizes=\"(max-width: 723px) 100vw, 723px\" \/><\/figure>\n<\/figure>\n\n\n\n<p>Desde el b\u00fanker de su partido, y ante miles de militantes que lo vitoreaban al grito de \u00abpresidente\u00bb y \u00ablibertad\u00bb, el diputado de LLA agradeci\u00f3 a sus votantes por el \u00abmilagro\u00bb de hacer posible que el pa\u00eds tenga un mandatario \u00abliberal libertario\u00bb. <\/p>\n\n\n\n<p>Tambi\u00e9n dio las gracias a los l\u00edderes de la alianza opositora Juntos por el Cambio (JxC), Mauricio Macri y Patricia Bullrich, por apoyar su candidatura frente a Massa. <\/p>\n\n\n\n<p>El economista ultraliberal y Fascista planea una reforma del esquema ministerial y s\u00f3lo quedar\u00e1n en pie 8 de las 18 carteras que existen actualmente. Defensa, Justicia, Econom\u00eda, Relaciones Exteriores, Infraestructura, Seguridad, Interior y una nueva cartera llamada Capital Humano \u2014en la que se unificar\u00edan Desarrollo Social, Salud, Trabajo y Educaci\u00f3n bajo el rango de secretar\u00edas\u2014 ser\u00edan los ministerios del gobierno de La Libertad Avanza. <\/p>\n\n\n\n<p>\u00ab\u00a1\u00a1\u00a1Afuera!!!\u00bb, grit\u00f3 meses atr\u00e1s en un programa de televisi\u00f3n al anunciar que si era electo eliminar\u00eda ministerios clave como Salud, Educaci\u00f3n e Igualdad, entre otros.<\/p>\n\n\n\n<p>Un nuevo ciclo comienza y Argentina entrar\u00e1 en un camino complicado donde la econom\u00eda liberal  y las pol\u00edticas de seguridad represivas marcar\u00e1n los pr\u00f3ximos cuatro a\u00f1os.<\/p>\n\n\n\n<p> <\/p>\n","protected":false},"excerpt":{"rendered":"<p>Redacci\u00f3n de Revista TU VOZ. Cierran las urnas en las presidenciales de Argentina con una participaci\u00f3n en torno al 76 % del padr\u00f3n seg\u00fan &#8230; <\/p>\n<p class=\"read-more-container\"><a title=\"GANO MILEI y el Fascismo se consolida en Argentina.\" class=\"read-more button\" href=\"https:\/\/xn--tuvozdiasporaespaola-k7b.com\/page\/2\/gano-milei-y-el-fascismo-se-consolida-en-argentina\/#more-4411\" aria-label=\"M\u00e1s en GANO MILEI y el Fascismo se consolida en Argentina.\">Leer m\u00e1s<\/a><\/p>\n","protected":false},"author":222560522,"featured_media":4414,"comment_status":"open","ping_status":"open","sticky":false,"template":"","format":"standard","meta":{"footnotes":""},"categories":[121868,121850],"tags":[],"class_list":["post-4411","post","type-post","status-publish","format-standard","has-post-thumbnail","hentry","category-latinoamerica","category-politica","resize-featured-image"],"_links":{"self":[{"href":"https:\/\/xn--tuvozdiasporaespaola-k7b.com\/page\/2\/wp-json\/wp\/v2\/posts\/4411","targetHints":{"allow":["GET"]}}],"collection":[{"href":"https:\/\/xn--tuvozdiasporaespaola-k7b.com\/page\/2\/wp-json\/wp\/v2\/posts"}],"about":[{"href":"https:\/\/xn--tuvozdiasporaespaola-k7b.com\/page\/2\/wp-json\/wp\/v2\/types\/post"}],"author":[{"embeddable":true,"href":"https:\/\/xn--tuvozdiasporaespaola-k7b.com\/page\/2\/wp-json\/wp\/v2\/users\/222560522"}],"replies":[{"embeddable":true,"href":"https:\/\/xn--tuvozdiasporaespaola-k7b.com\/page\/2\/wp-json\/wp\/v2\/comments?post=4411"}],"version-history":[{"count":5,"href":"https:\/\/xn--tuvozdiasporaespaola-k7b.com\/page\/2\/wp-json\/wp\/v2\/posts\/4411\/revisions"}],"predecessor-version":[{"id":4423,"href":"https:\/\/xn--tuvozdiasporaespaola-k7b.com\/page\/2\/wp-json\/wp\/v2\/posts\/4411\/revisions\/4423"}],"wp:featuredmedia":[{"embeddable":true,"href":"https:\/\/xn--tuvozdiasporaespaola-k7b.com\/page\/2\/wp-json\/wp\/v2\/media\/4414"}],"wp:attachment":[{"href":"https:\/\/xn--tuvozdiasporaespaola-k7b.com\/page\/2\/wp-json\/wp\/v2\/media?parent=4411"}],"wp:term":[{"taxonomy":"category","embeddable":true,"href":"https:\/\/xn--tuvozdiasporaespaola-k7b.com\/page\/2\/wp-json\/wp\/v2\/categories?post=4411"},{"taxonomy":"post_tag","embeddable":true,"href":"https:\/\/xn--tuvozdiasporaespaola-k7b.com\/page\/2\/wp-json\/wp\/v2\/tags?post=4411"}],"curies":[{"name":"wp","href":"https:\/\/api.w.org\/{rel}","templated":true}]}}