{"id":4402,"date":"2023-11-18T17:23:23","date_gmt":"2023-11-18T20:23:23","guid":{"rendered":"https:\/\/xn--tuvozdiasporaespaola-k7b.com\/page\/2\/?p=4402"},"modified":"2023-11-18T17:23:24","modified_gmt":"2023-11-18T20:23:24","slug":"que-los-partidos-politicos-se-acuerden-de-que-existimos","status":"publish","type":"post","link":"https:\/\/xn--tuvozdiasporaespaola-k7b.com\/page\/2\/que-los-partidos-politicos-se-acuerden-de-que-existimos\/","title":{"rendered":"QUE LOS PARTIDOS POL\u00cdTICOS SE ACUERDEN DE QUE EXISTIMOS."},"content":{"rendered":"\n<p>Por Walter C. Medina<\/p>\n\n\n\n<p>ENTREVISTA A DAVID CASAREJOS<\/p>\n\n\n\n<p>El Presidente de la Comisi\u00f3n de Derechos Civiles del Consejo General de la Ciudadan\u00eda de Espa\u00f1oles en el Exterior, David Casarejos, dialog\u00f3 con Francisco L\u00f3pez en una entrevista para el programa radial \u201cCenizas de Babilonia. Di\u00e1spora Espa\u00f1ola\u201d, que emite AM 830 Radio del Pueblo.&nbsp;<\/p>\n\n\n\n<p>Casarejos hizo un repaso de lo m\u00e1s destacado de la asamblea que se llev\u00f3 a cabo en Asturias, en la que \u2013entre otras proposiciones- se trataron temas relacionados al Estatuto de Espa\u00f1oles en el Exterior.<\/p>\n\n\n\n<figure class=\"wp-block-gallery has-nested-images columns-default is-cropped wp-block-gallery-1 is-layout-flex wp-block-gallery-is-layout-flex\">\n<figure class=\"wp-block-image size-large\"><img fetchpriority=\"high\" decoding=\"async\" width=\"1024\" height=\"520\" data-id=\"4408\" src=\"https:\/\/xn--tuvozdiasporaespaola-k7b.com\/wp-content\/uploads\/2023\/11\/Screenshot_20231118_171609_X-1024x520.jpg\" alt=\"\" class=\"wp-image-4408\" srcset=\"https:\/\/xn--tuvozdiasporaespaola-k7b.com\/wp-content\/uploads\/2023\/11\/Screenshot_20231118_171609_X-1024x520.jpg 1024w, https:\/\/xn--tuvozdiasporaespaola-k7b.com\/wp-content\/uploads\/2023\/11\/Screenshot_20231118_171609_X-300x152.jpg 300w, https:\/\/xn--tuvozdiasporaespaola-k7b.com\/wp-content\/uploads\/2023\/11\/Screenshot_20231118_171609_X-768x390.jpg 768w, https:\/\/xn--tuvozdiasporaespaola-k7b.com\/wp-content\/uploads\/2023\/11\/Screenshot_20231118_171609_X.jpg 1075w\" sizes=\"(max-width: 1024px) 100vw, 1024px\" \/><\/figure>\n<\/figure>\n\n\n\n<p><strong>\u00bfTratasteis algo relacionado con el estatuto de espa\u00f1oles en el exterior?<\/strong><\/p>\n\n\n\n<p><strong>\u201cTal como present\u00f3 el Ministro Escriv\u00e1 en la reuni\u00f3n, estamos trabajando en ello\u00bb.<\/strong> La asamblea estuvo abierta a consulta p\u00fablica y ahora estamos dando los \u00faltimos toques de los cambios que estamos proponiendo desde el Consejo General. Para trabajar este documento en el Consejo General, se nos hizo firmar ciertos temas de confidencialidad y privacidad sobre el texto; y hasta que no salga, no vais a ver el trabajo que hemos hecho desde el Consejo. <\/p>\n\n\n\n<p>S\u00ed que sabemos que en el borrador en el que se est\u00e1 trabajando ahora se tuvieron en cuenta algunos de los comentarios que hicimos desde el exterior. <\/p>\n\n\n\n<p>B\u00e1sicamente, muchos de los puntos van alrededor de ayudas, subvenciones, y muchos puntos acerca de la estructura de organizaciones. Hemos estado trabajando en lograr muchos cambios para hacer un documento mucho m\u00e1s abierto a mejorar la vida de la ciudadan\u00eda de espa\u00f1oles en el exterior, y que se los tenga m\u00e1s en cuenta. <\/p>\n\n\n\n<figure class=\"wp-block-gallery has-nested-images columns-default is-cropped wp-block-gallery-2 is-layout-flex wp-block-gallery-is-layout-flex\">\n<figure class=\"wp-block-image size-large\"><img decoding=\"async\" width=\"586\" height=\"689\" data-id=\"4403\" src=\"https:\/\/xn--tuvozdiasporaespaola-k7b.com\/wp-content\/uploads\/2023\/11\/Captura-de-pantalla-2014-10-14-a-las-18.13.50.png\" alt=\"\" class=\"wp-image-4403\" srcset=\"https:\/\/xn--tuvozdiasporaespaola-k7b.com\/wp-content\/uploads\/2023\/11\/Captura-de-pantalla-2014-10-14-a-las-18.13.50.png 586w, https:\/\/xn--tuvozdiasporaespaola-k7b.com\/wp-content\/uploads\/2023\/11\/Captura-de-pantalla-2014-10-14-a-las-18.13.50-255x300.png 255w\" sizes=\"(max-width: 586px) 100vw, 586px\" \/><\/figure>\n<\/figure>\n\n\n\n<p>Ha sido un trabajo bastante intenso que ha estado dirigiendo la Consejera por Reino Unido tambi\u00e9n, quien tiene formaci\u00f3n legal. Y la vicepresidencia de esta comisi\u00f3n, Ana Carolina, tambi\u00e9n con formaci\u00f3n legal, abogada en la Rep\u00fablica Dominicana, con lo cual tenemos a dos expertas que est\u00e1n guiando el trabajo de esta comisi\u00f3n.<\/p>\n\n\n\n<p><strong>\u00bfTratasteis algo relacionado a las elecciones en los CREs?<\/strong><\/p>\n\n\n\n<p>Si, estuvimos hablando acerca de las elecciones en los CREs para tratar de asegurarnos de que a partir de ahora no hay tantas diferencias entre los diferentes lugares, hemos estado tratando de ver c\u00f3mo se puede abordar el tema de los avales o el tema de que tenga que haber, en muchos CREs, dos listas para poder sacarlo adelante.<\/p>\n\n\n\n<p> Con lo cual, lo que estamos tratando de hacer es facilitar lo m\u00e1ximo posible los aspectos de tratar de lograr de que no tengamos tantos impedimentos y obst\u00e1culos en muchos pa\u00edses. Ah\u00ed s\u00ed que hubo un debate m\u00e1s o menos intenso con dos opciones claras: Una de ellas era, por parte de algunos consejeros generales que cre\u00edan que ten\u00edamos que tener a\u00fan ciertos n\u00fameros para asegurarse la representatividad, y otros consejeros que optaban por simplificarlo.<\/p>\n\n\n\n<p>Porque a la hora de la verdad el problema que tenemos es que los CREs que se presentan en todos los sitios tienen que pasar muchos temas de abales y muchos temas de conseguir ciertas informaciones con copias de DNIs, etc, y mucha informaci\u00f3n confidencial, cuando resulta que estamos en una era en la que la protecci\u00f3n de datos es clave, y en la que muchas de las trabas que se nos ponen no nos facilita el sacar mayor n\u00famero. Mucha gente dice que los CREs no tienen n\u00fameros muy grandes de representatividad, pero es que por desgracia, tampoco los Consulados nos promocionan.<\/p>\n\n\n\n<p>La mayor\u00eda de la gente no sabe ni que existimos. Entonces lo que estamos haciendo es tratar de facilitar la posibilidad de que haya m\u00e1s CREs en el mundo. Y en el tema del estatuto estamos tratando del n\u00famero de representatividad de pa\u00edses en el Consejo General. <\/p>\n\n\n\n<p>Estamos tratando de subirlo de 43 a 50 o 51 consejeros generales. Esto abrir\u00eda la posibilidad a que muchos de los CREs nuevos, que est\u00e1n saliendo en el mundo, tambi\u00e9n pudieran estar representados.&nbsp;<\/p>\n\n\n\n<figure class=\"wp-block-gallery has-nested-images columns-default is-cropped wp-block-gallery-3 is-layout-flex wp-block-gallery-is-layout-flex\">\n<figure class=\"wp-block-image size-large\"><img decoding=\"async\" width=\"648\" height=\"330\" data-id=\"4405\" src=\"https:\/\/xn--tuvozdiasporaespaola-k7b.com\/wp-content\/uploads\/2023\/11\/2021120412033226940-1.png\" alt=\"\" class=\"wp-image-4405\" srcset=\"https:\/\/xn--tuvozdiasporaespaola-k7b.com\/wp-content\/uploads\/2023\/11\/2021120412033226940-1.png 648w, https:\/\/xn--tuvozdiasporaespaola-k7b.com\/wp-content\/uploads\/2023\/11\/2021120412033226940-1-300x153.png 300w\" sizes=\"(max-width: 648px) 100vw, 648px\" \/><\/figure>\n<\/figure>\n\n\n\n<p><strong>\u00bfHay algunos nuevos aportes sobre el tema de violencia de g\u00e9nero?<\/strong><\/p>\n\n\n\n<p>En la Comisi\u00f3n de Juventud, Inclusi\u00f3n y Protecci\u00f3n de la Mujer se han aprobado ocho propuestas, desde acuerdos bilaterales para proporcionar asistencia jur\u00eddica a mujeres v\u00edctimas de violencia de g\u00e9nero, que se haga una campa\u00f1a de informaci\u00f3n institucional para dar a conocer el protocolo de asistencia, obligar a que los consulados informen sobre servicios de asistencia, tambi\u00e9n la petici\u00f3n de anular la instrucci\u00f3n del 5 de octubre de 2010 que trata sobre gestaci\u00f3n subrogada. <\/p>\n\n\n\n<p>Este fue el punto en el que hubo m\u00e1s debate, y en el que, a la hora de aprobarse, fue la que se aprob\u00f3 con menor diferencia; y aqu\u00ed hubo posiciones bastante encontradas. Fue un debate intenso pero respetuoso y con un nivel bastante alto. Lo que se ped\u00eda era, ni m\u00e1s ni menos, que se cumpliera la ley en los consulados. <\/p>\n\n\n\n<p>Es decir, que no haya resquicios legales para que alguien decida tener un hijo por gestaci\u00f3n subrogada \u2013que no es ninguna t\u00e9cnica reproductiva-; lo que se est\u00e1 diciendo es: Que no sea tan f\u00e1cil. Tenemos el caso de Ana Obreg\u00f3n yendo a Miami a recoger un beb\u00e9 nacido por gestaci\u00f3n subrogada, y lo registra directamente en el Consulado de Miami.Creemos que esto no deber\u00eda ser una opci\u00f3n.<\/p>\n\n\n\n<figure class=\"wp-block-gallery has-nested-images columns-default is-cropped wp-block-gallery-4 is-layout-flex wp-block-gallery-is-layout-flex\">\n<figure class=\"wp-block-image size-large\"><img loading=\"lazy\" decoding=\"async\" width=\"678\" height=\"381\" data-id=\"4406\" src=\"https:\/\/xn--tuvozdiasporaespaola-k7b.com\/wp-content\/uploads\/2023\/11\/Punto-Violeta-3-678x381-1.jpg\" alt=\"\" class=\"wp-image-4406\" srcset=\"https:\/\/xn--tuvozdiasporaespaola-k7b.com\/wp-content\/uploads\/2023\/11\/Punto-Violeta-3-678x381-1.jpg 678w, https:\/\/xn--tuvozdiasporaespaola-k7b.com\/wp-content\/uploads\/2023\/11\/Punto-Violeta-3-678x381-1-300x169.jpg 300w\" sizes=\"(max-width: 678px) 100vw, 678px\" \/><\/figure>\n<\/figure>\n\n\n\n<p>Hubo m\u00e1s propuestas en materia de inclusi\u00f3n, formar parte en el foro de personas LGTBI, m\u00e1s temas en Mujeres y Juventud, como tambi\u00e9n hubo en las otras cuatro comisiones. <\/p>\n\n\n\n<p>En Derechos Civiles y Participaci\u00f3n se aprobaron quince propuestas. Tradicionalmente esta comisi\u00f3n es la que m\u00e1s propuestas recoge. <\/p>\n\n\n\n<p>En nuestra comisi\u00f3n ven\u00edamos a tener el mismo n\u00famero de propuestas que las otras tres comisiones juntas. Por Argentina hubo una propuesta muy interesante de Maite Micher\u00f3n que se retoc\u00f3 en el pleno y que estamos solicitando que en lo que es la demarcaci\u00f3n actual de Buenos Aires se divida en dos, porque creemos que hay demasiada gente, m\u00e1s de 300 mil personas; en una demarcaci\u00f3n no es aceptable. <\/p>\n\n\n\n<p>Creemos que eso justificar\u00eda perfectamente tener otro consulado general dentro de la demarcaci\u00f3n. Tambi\u00e9n hubo propuestas sobre el tema de nacionalidad. Solicitamos que haya m\u00e1s convenios de doble nacionalidad y que no se exija la renuncia de la nacionalidad previa a mucha gente que se hace espa\u00f1ola, por ejemplo en el Reino Unido, En Francia esto ya se aprob\u00f3 el a\u00f1o pasado.<\/p>\n\n\n\n<p> Las dos propuestas principales de mi comisi\u00f3n han sido la circunscripci\u00f3n exterior, que b\u00e1sicamente tuvimos solo miembros del Partido Socialista y una se Sumar. <\/p>\n\n\n\n<p>No entendemos muy bien por qu\u00e9 el Partido Popular no estaba. Han tenido el mismo aviso que tuvo Sumar y el PSOE. Tanto Sumar como el Partido Socialista dieron aceptaci\u00f3n a la propuesta de circunscripci\u00f3n exterior, dijeron que estaban trabajando en ello. <\/p>\n\n\n\n<p>Tambi\u00e9n tuvimos respuesta afirmativa sobre la reforma del C\u00f3digo Civil. El PP ya dijo en Buenos Aires que ellos iban a hacer una Ley de Nacionalidad; pues bueno, se lo estamos poniendo en bandeja. Vamos a ver si los tres partidos se pueden poner de acuerdo. A partir de ahora saben que el Consejo General trabaja en muchas materias, y propusimos que en cuanto empiece el nuevo gobierno se nos tenga en cuenta para invitarnos a comisiones de trabajo en las que se est\u00e9 hablando de la inmigraci\u00f3n. Que los partidos pol\u00edticos se acuerden de que existimos.\u00a0\u00a0\u00a0\u00a0\u00a0\u00a0\u00a0<\/p>\n\n\n\n<p>\u00a0\u00a0\u00a0\u00a0\u00a0\u00a0\u00a0\u00a0\u00a0\u00a0\u00a0\u00a0\u00a0\u00a0\u00a0\u00a0\u00a0\u00a0\u00a0\u00a0\u00a0\u00a0\u00a0\u00a0\u00a0\u00a0\u00a0\u00a0\u00a0\u00a0\u00a0\u00a0\u00a0\u00a0\u00a0\u00a0\u00a0\u00a0\u00a0\u00a0\u00a0\u00a0\u00a0\u00a0\u00a0<\/p>\n\n\n\n<figure class=\"wp-block-gallery has-nested-images columns-default is-cropped wp-block-gallery-5 is-layout-flex wp-block-gallery-is-layout-flex\">\n<figure class=\"wp-block-image size-large\"><img loading=\"lazy\" decoding=\"async\" width=\"600\" height=\"350\" data-id=\"4407\" src=\"https:\/\/xn--tuvozdiasporaespaola-k7b.com\/wp-content\/uploads\/2023\/11\/Desencuentros-c-Emigracion-espan.p-Cext.jpg\" alt=\"\" class=\"wp-image-4407\" srcset=\"https:\/\/xn--tuvozdiasporaespaola-k7b.com\/wp-content\/uploads\/2023\/11\/Desencuentros-c-Emigracion-espan.p-Cext.jpg 600w, https:\/\/xn--tuvozdiasporaespaola-k7b.com\/wp-content\/uploads\/2023\/11\/Desencuentros-c-Emigracion-espan.p-Cext-300x175.jpg 300w\" sizes=\"(max-width: 600px) 100vw, 600px\" \/><\/figure>\n<\/figure>\n\n\n\n<p><strong>\u00bfTen\u00e9is esperanza de que en esta nueva legislatura haya predisposici\u00f3n por parte de los partidos a las propuestas que se est\u00e1n llevando adelante? \u00bfC\u00f3mo va la propuesta de la circunscripci\u00f3n exterior? \u00bfSe ha avanzado algo?<\/strong><\/p>\n\n\n\n<p>El texto se vino a aprobar tal como lleg\u00f3 al pleno. Nosotros present\u00e1bamos como ejemplo la posibilidad de dividirlo, pero lo primero que queremos es que se ponga encima de la mesa y que se empiece a discutir. Creemos que el Consejo General cuando esto se empiece a discutir, podemos ofrecerles m\u00e1s modelos. <\/p>\n\n\n\n<p>Hay que ver c\u00f3mo se puede llevar a cabo, y desde nuestro punto de vista es factible, pero tiene que contar con el apoyo de al menos tres de los grandes partidos. <\/p>\n\n\n\n<p>Es una propuesta que conllevar\u00eda cambios constitucionales. De hecho, cuando se nos quiere echar para atr\u00e1s se nos dice que es imposible. Pero imposible no hay nada Ma\u00f1ana se va a votar un gobierno que parec\u00eda que era imposible hacerlo. <\/p>\n\n\n\n<p>Cuando se quiere se encuentran las posibilidades, porque al fin y al cabo las democracias y los pa\u00edses del Primer mundo tienen que ir encontrando las maneras de progresar y conseguir representar mejor a su ciudadan\u00eda.\u00a0\u00a0\u00a0\u00a0\u00a0\u00a0\u00a0\u00a0<br><\/p>\n","protected":false},"excerpt":{"rendered":"<p>Por Walter C. Medina ENTREVISTA A DAVID CASAREJOS El Presidente de la Comisi\u00f3n de Derechos Civiles del Consejo General de la Ciudadan\u00eda de Espa\u00f1oles &#8230; <\/p>\n<p class=\"read-more-container\"><a title=\"QUE LOS PARTIDOS POL\u00cdTICOS SE ACUERDEN DE QUE EXISTIMOS.\" class=\"read-more button\" href=\"https:\/\/xn--tuvozdiasporaespaola-k7b.com\/page\/2\/que-los-partidos-politicos-se-acuerden-de-que-existimos\/#more-4402\" aria-label=\"M\u00e1s en QUE LOS PARTIDOS POL\u00cdTICOS SE ACUERDEN DE QUE EXISTIMOS.\">Leer m\u00e1s<\/a><\/p>\n","protected":false},"author":222560522,"featured_media":4409,"comment_status":"open","ping_status":"open","sticky":false,"template":"","format":"standard","meta":{"footnotes":""},"categories":[121854],"tags":[],"class_list":["post-4402","post","type-post","status-publish","format-standard","has-post-thumbnail","hentry","category-consejo-de-residentes-espanoles","resize-featured-image"],"_links":{"self":[{"href":"https:\/\/xn--tuvozdiasporaespaola-k7b.com\/page\/2\/wp-json\/wp\/v2\/posts\/4402","targetHints":{"allow":["GET"]}}],"collection":[{"href":"https:\/\/xn--tuvozdiasporaespaola-k7b.com\/page\/2\/wp-json\/wp\/v2\/posts"}],"about":[{"href":"https:\/\/xn--tuvozdiasporaespaola-k7b.com\/page\/2\/wp-json\/wp\/v2\/types\/post"}],"author":[{"embeddable":true,"href":"https:\/\/xn--tuvozdiasporaespaola-k7b.com\/page\/2\/wp-json\/wp\/v2\/users\/222560522"}],"replies":[{"embeddable":true,"href":"https:\/\/xn--tuvozdiasporaespaola-k7b.com\/page\/2\/wp-json\/wp\/v2\/comments?post=4402"}],"version-history":[{"count":1,"href":"https:\/\/xn--tuvozdiasporaespaola-k7b.com\/page\/2\/wp-json\/wp\/v2\/posts\/4402\/revisions"}],"predecessor-version":[{"id":4410,"href":"https:\/\/xn--tuvozdiasporaespaola-k7b.com\/page\/2\/wp-json\/wp\/v2\/posts\/4402\/revisions\/4410"}],"wp:featuredmedia":[{"embeddable":true,"href":"https:\/\/xn--tuvozdiasporaespaola-k7b.com\/page\/2\/wp-json\/wp\/v2\/media\/4409"}],"wp:attachment":[{"href":"https:\/\/xn--tuvozdiasporaespaola-k7b.com\/page\/2\/wp-json\/wp\/v2\/media?parent=4402"}],"wp:term":[{"taxonomy":"category","embeddable":true,"href":"https:\/\/xn--tuvozdiasporaespaola-k7b.com\/page\/2\/wp-json\/wp\/v2\/categories?post=4402"},{"taxonomy":"post_tag","embeddable":true,"href":"https:\/\/xn--tuvozdiasporaespaola-k7b.com\/page\/2\/wp-json\/wp\/v2\/tags?post=4402"}],"curies":[{"name":"wp","href":"https:\/\/api.w.org\/{rel}","templated":true}]}}