{"id":4394,"date":"2023-11-18T01:16:54","date_gmt":"2023-11-18T04:16:54","guid":{"rendered":"https:\/\/xn--tuvozdiasporaespaola-k7b.com\/page\/2\/?p=4394"},"modified":"2023-11-18T01:16:55","modified_gmt":"2023-11-18T04:16:55","slug":"desplazados-una-vida-en-colombia","status":"publish","type":"post","link":"https:\/\/xn--tuvozdiasporaespaola-k7b.com\/page\/2\/desplazados-una-vida-en-colombia\/","title":{"rendered":"\u00abDESPLAZADOS\u00bb una vida en Colombia."},"content":{"rendered":"\n<p>Por Carolina Valencia, Colombia, TU VOZ<\/p>\n\n\n\n<p>\u00abMar\u00eda era solo una ni\u00f1a de 14 a\u00f1os, un disparo certero acabo con su vida mientras corr\u00eda para escapar, as\u00ed mismo fue con Juan, con Pedro, con Luis&#8230;, con miles de hombres y mujeres de este pa\u00eds. <\/p>\n\n\n\n<p>Este pa\u00eds no tiene memoria, hoy postean en sus redes lo que est\u00e1 de moda, con una foto que publican piensan que ya todo pasar\u00e1 o tal vez que as\u00ed sus conciencias est\u00e1n m\u00e1s tranquilas. Si nos quedamos callados nos matan&#8230; Si hablamos, nos matan, entonces hablamos.<\/p>\n\n\n\n<p><strong>\u00bfSaben hace cu\u00e1nto no he podido sonre\u00edr? \u00bfSaben hace cu\u00e1nto no hay una celebraci\u00f3n en este pueblo? \u00bfSaben hace cu\u00e1nto no hay pueblo? <\/strong>Le hemos entregado a esta guerra m\u00e1s de lo que tenemos, nos hemos quedado sin nada en nuestras manos, sin nada para nuestros hijos.<\/p>\n\n\n\n<figure class=\"wp-block-gallery has-nested-images columns-default is-cropped wp-block-gallery-1 is-layout-flex wp-block-gallery-is-layout-flex\">\n<figure class=\"wp-block-image size-large\"><img fetchpriority=\"high\" decoding=\"async\" width=\"768\" height=\"1024\" data-id=\"4398\" src=\"https:\/\/xn--tuvozdiasporaespaola-k7b.com\/wp-content\/uploads\/2023\/11\/IMG-20231117-WA0047-768x1024.jpg\" alt=\"\" class=\"wp-image-4398\" srcset=\"https:\/\/xn--tuvozdiasporaespaola-k7b.com\/wp-content\/uploads\/2023\/11\/IMG-20231117-WA0047-768x1023.jpg 768w, https:\/\/xn--tuvozdiasporaespaola-k7b.com\/wp-content\/uploads\/2023\/11\/IMG-20231117-WA0047-225x300.jpg 225w, https:\/\/xn--tuvozdiasporaespaola-k7b.com\/wp-content\/uploads\/2023\/11\/IMG-20231117-WA0047-1153x1536.jpg 1153w, https:\/\/xn--tuvozdiasporaespaola-k7b.com\/wp-content\/uploads\/2023\/11\/IMG-20231117-WA0047.jpg 1200w\" sizes=\"(max-width: 768px) 100vw, 768px\" \/><\/figure>\n<\/figure>\n\n\n\n<p> <strong>\u00bfCu\u00e1ntos de ustedes saben qu\u00e9 es un desplazamiento forzado o qu\u00e9 es una zona humanitaria? \u00bfCu\u00e1ntos de ustedes se han encontrado un desplazado en un sem\u00e1foro y lo han ignorado? \u00bfMe dar\u00eda usted unas monedas, comida o ropa vieja?<\/strong><\/p>\n\n\n\n<p>Los cuerpos mutilados de nuestros hombres eran repartidos por todos los pueblos como se\u00f1al de que si no se un\u00edan a ellos mor\u00edan y mor\u00edamos todos. Y muchos murieron, pocos nos salvamos y ahora mi pregunta es, si vale la pena sobrevivir sin nada, sin casa, sin tierra, sin familia\u2026 sin nada\u00bb. <\/p>\n\n\n\n<p>Escrito por Richie S\u00e1nchez. <strong>Director de la obra \u201cDesplazados\u201dEsta es la narraci\u00f3n que da inicio a la puesta en escena de la obra de teatro, danza y canto llamada \u201cDesplazados<\/strong>\u201d.<\/p>\n\n\n\n<p> Un performance que recrea, narra y caracteriza el horror del desplazamiento forzado en Colombia desde finales de los a\u00f1os 40 a la actualidad.<\/p>\n\n\n\n<p>\u00bfA la actualidad? Se preguntar\u00e1n muchos de los lectores. S\u00ed, actualmente <strong>Colombia sigue viviendo en una guerra civil que parece no tener fin.<\/strong> A pesar de la firma del Acuerdo de Paz de La Habana en 2016 con la extinta guerrilla de las FARC, la guerra ha arreciado y se ha trasladado a las ciudades y zonas urbanas. <\/p>\n\n\n\n<p>El control de esas zonas en donde la antigua guerrilla entr\u00f3 en disputa una vez los desmovilizados, poco a poco fueron reincorpor\u00e1ndose a la vida civil. Son zonas con cultivos il\u00edcitos de marihuana y coca, zonas en donde la poblaci\u00f3n hac\u00eda parte de esa econom\u00eda y a\u00fan hoy en d\u00eda, deben hacerlo para el sustento econ\u00f3mico. <\/p>\n\n\n\n<p>Zonas a donde el Estado no ha llegado, por m\u00e1s cambios que haya habido.Sus pobladores, en un principio estaban felices de recuperar sus tierras y dejar atr\u00e1s los horrores de los enfrentamientos entre el ej\u00e9rcito, la guerrilla y los paramilitares. Pero, la dicha dur\u00f3 poco. <\/p>\n\n\n\n<p>No todos los insurgentes dejaron las armas; surgieron las llamadas <strong>Discidencias de las FARC, comandadas y comandados  por Iv\u00e1n Mordisco y otros integrantes de las antiguas FARC; operan en el suroriente del pa\u00eds<\/strong> y se han convertido no s\u00f3lo en un nuevo dolor de cabeza para los habitantes, sino en un retroceso e incumplimento en los Acuerdos de La Habana, y en un desaf\u00edo para el primer gobierno de izquierda del pa\u00eds. <\/p>\n\n\n\n<figure class=\"wp-block-gallery has-nested-images columns-default is-cropped wp-block-gallery-2 is-layout-flex wp-block-gallery-is-layout-flex\">\n<figure class=\"wp-block-image size-large\"><img decoding=\"async\" width=\"768\" height=\"1024\" data-id=\"4399\" src=\"https:\/\/xn--tuvozdiasporaespaola-k7b.com\/wp-content\/uploads\/2023\/11\/IMG-20231117-WA0048-768x1024.jpg\" alt=\"\" class=\"wp-image-4399\" srcset=\"https:\/\/xn--tuvozdiasporaespaola-k7b.com\/wp-content\/uploads\/2023\/11\/IMG-20231117-WA0048-768x1023.jpg 768w, https:\/\/xn--tuvozdiasporaespaola-k7b.com\/wp-content\/uploads\/2023\/11\/IMG-20231117-WA0048-225x300.jpg 225w, https:\/\/xn--tuvozdiasporaespaola-k7b.com\/wp-content\/uploads\/2023\/11\/IMG-20231117-WA0048-1153x1536.jpg 1153w, https:\/\/xn--tuvozdiasporaespaola-k7b.com\/wp-content\/uploads\/2023\/11\/IMG-20231117-WA0048.jpg 1200w\" sizes=\"(max-width: 768px) 100vw, 768px\" \/><\/figure>\n<\/figure>\n\n\n\n<p>Sumado a eso, se ha visto la incursi\u00f3n de nuevos actores armados, que tambi\u00e9n reclaman tierras y est\u00e1n desplazando y atemorizando  a habitantes de diferentes zonas del territorio nacional. Como mencion\u00e9 anteriormente, es un reto para este gobierno, el primero de izquierda en 200 a\u00f1os de democracia, puesto que est\u00e1 apostando a pacificar el pa\u00eds con el proyecto de La Paz Total, que consiste en dialogar y sacar adelante un acuerdo que lleve a la desmovilizaci\u00f3n de la \u00faltima guerrilla, la del ELN, as\u00ed como tambi\u00e9n a los diferentes grupos al margen de la ley, narcotraficantes y crimen organizado.<\/p>\n\n\n\n<p>Ambicioso y dif\u00edcil. Est\u00e1 costando muchas vidas y el fantasma del desplazamiento para los colombianos ha regresado.<\/p>\n\n\n\n<p><strong>\u00bfC\u00f3mo contar la historia para que no se repita y tomar conciencia de ella? <\/strong>Esa es la tarea a la que Richie S\u00e1nchez ha decidido tomar. Un actor, bailar\u00edn y core\u00f3grafo con una trayectoria de m\u00e1s de 50 a\u00f1os en la escena art\u00edstica, formado en distintas disciplinas de baile, fundador de la Asociaci\u00f3n de Academias de Danza de Bogot\u00e1 y uno de los mejores core\u00f3grafos del pa\u00eds. Dirige a un grupo de j\u00f3venes actores, bailarines y cantantes montaron esta obra, que ha dejado a los espectadores con el coraz\u00f3n en la mano y con esa sensaci\u00f3n de estar inmersos en la historia; en dos funciones a sala llena en e Teatro Ditirambo de Galer\u00edas.<\/p>\n\n\n\n<figure class=\"wp-block-gallery has-nested-images columns-default is-cropped wp-block-gallery-3 is-layout-flex wp-block-gallery-is-layout-flex\">\n<figure class=\"wp-block-image size-large\"><img decoding=\"async\" width=\"768\" height=\"1024\" data-id=\"4397\" src=\"https:\/\/xn--tuvozdiasporaespaola-k7b.com\/wp-content\/uploads\/2023\/11\/IMG-20231117-WA0046-768x1024.jpg\" alt=\"\" class=\"wp-image-4397\" srcset=\"https:\/\/xn--tuvozdiasporaespaola-k7b.com\/wp-content\/uploads\/2023\/11\/IMG-20231117-WA0046-768x1023.jpg 768w, https:\/\/xn--tuvozdiasporaespaola-k7b.com\/wp-content\/uploads\/2023\/11\/IMG-20231117-WA0046-225x300.jpg 225w, https:\/\/xn--tuvozdiasporaespaola-k7b.com\/wp-content\/uploads\/2023\/11\/IMG-20231117-WA0046-1153x1536.jpg 1153w, https:\/\/xn--tuvozdiasporaespaola-k7b.com\/wp-content\/uploads\/2023\/11\/IMG-20231117-WA0046.jpg 1200w\" sizes=\"(max-width: 768px) 100vw, 768px\" \/><\/figure>\n<\/figure>\n\n\n\n<p>Un espect\u00e1culo dise\u00f1ado para mover las fibras de todos los asistentes, entablando un fuerte di\u00e1logo entre actores y p\u00fablico, implicandolos en el relato. La elecci\u00f3n de las canciones es perfecta para la puesta en escena, y la interpretaci\u00f3n de las mismas y de los bailes por los artistas es magistral.<\/p>\n\n\n\n<p> Realmente es una obra que merece la pena ser vista por todo el pa\u00eds y fuera de \u00e9l tambi\u00e9n, para poder entender y resignificar la historia de los desplazados en Colombia.Es una historia basada en la vida de un excombatiente. <\/p>\n\n\n\n<p>Este pr\u00f3ximo 16 de diciembre se presentar\u00e1n en el 1er Festival de Escena Anvar a las 7:30pm en Casa Teatrova.Un historia bien escrita, dirigida e intepretada con toda la fuerza de j\u00f3venes actores y bailarines. Imperdible, que permite reflexionar sobre, de d\u00f3nde venimos y hacia d\u00f3nde vamos con la anhelada Paz en este pa\u00eds regado con sangre por d\u00e9cadas.<\/p>\n","protected":false},"excerpt":{"rendered":"<p>Por Carolina Valencia, Colombia, TU VOZ \u00abMar\u00eda era solo una ni\u00f1a de 14 a\u00f1os, un disparo certero acabo con su vida mientras corr\u00eda para &#8230; <\/p>\n<p class=\"read-more-container\"><a title=\"\u00abDESPLAZADOS\u00bb una vida en Colombia.\" class=\"read-more button\" href=\"https:\/\/xn--tuvozdiasporaespaola-k7b.com\/page\/2\/desplazados-una-vida-en-colombia\/#more-4394\" aria-label=\"M\u00e1s en \u00abDESPLAZADOS\u00bb una vida en Colombia.\">Leer m\u00e1s<\/a><\/p>\n","protected":false},"author":222560522,"featured_media":4400,"comment_status":"open","ping_status":"open","sticky":false,"template":"","format":"standard","meta":{"footnotes":""},"categories":[121868,1771],"tags":[],"class_list":["post-4394","post","type-post","status-publish","format-standard","has-post-thumbnail","hentry","category-latinoamerica","category-sociales","resize-featured-image"],"_links":{"self":[{"href":"https:\/\/xn--tuvozdiasporaespaola-k7b.com\/page\/2\/wp-json\/wp\/v2\/posts\/4394","targetHints":{"allow":["GET"]}}],"collection":[{"href":"https:\/\/xn--tuvozdiasporaespaola-k7b.com\/page\/2\/wp-json\/wp\/v2\/posts"}],"about":[{"href":"https:\/\/xn--tuvozdiasporaespaola-k7b.com\/page\/2\/wp-json\/wp\/v2\/types\/post"}],"author":[{"embeddable":true,"href":"https:\/\/xn--tuvozdiasporaespaola-k7b.com\/page\/2\/wp-json\/wp\/v2\/users\/222560522"}],"replies":[{"embeddable":true,"href":"https:\/\/xn--tuvozdiasporaespaola-k7b.com\/page\/2\/wp-json\/wp\/v2\/comments?post=4394"}],"version-history":[{"count":2,"href":"https:\/\/xn--tuvozdiasporaespaola-k7b.com\/page\/2\/wp-json\/wp\/v2\/posts\/4394\/revisions"}],"predecessor-version":[{"id":4401,"href":"https:\/\/xn--tuvozdiasporaespaola-k7b.com\/page\/2\/wp-json\/wp\/v2\/posts\/4394\/revisions\/4401"}],"wp:featuredmedia":[{"embeddable":true,"href":"https:\/\/xn--tuvozdiasporaespaola-k7b.com\/page\/2\/wp-json\/wp\/v2\/media\/4400"}],"wp:attachment":[{"href":"https:\/\/xn--tuvozdiasporaespaola-k7b.com\/page\/2\/wp-json\/wp\/v2\/media?parent=4394"}],"wp:term":[{"taxonomy":"category","embeddable":true,"href":"https:\/\/xn--tuvozdiasporaespaola-k7b.com\/page\/2\/wp-json\/wp\/v2\/categories?post=4394"},{"taxonomy":"post_tag","embeddable":true,"href":"https:\/\/xn--tuvozdiasporaespaola-k7b.com\/page\/2\/wp-json\/wp\/v2\/tags?post=4394"}],"curies":[{"name":"wp","href":"https:\/\/api.w.org\/{rel}","templated":true}]}}