{"id":4378,"date":"2023-11-17T20:41:31","date_gmt":"2023-11-17T23:41:31","guid":{"rendered":"https:\/\/xn--tuvozdiasporaespaola-k7b.com\/page\/2\/?p=4378"},"modified":"2023-11-17T20:48:22","modified_gmt":"2023-11-17T23:48:22","slug":"de-varsovia-a-gaza","status":"publish","type":"post","link":"https:\/\/xn--tuvozdiasporaespaola-k7b.com\/page\/2\/de-varsovia-a-gaza\/","title":{"rendered":"De Varsovia a Gaza"},"content":{"rendered":"\n<p>Por&nbsp;<strong><a href=\"https:\/\/acento.com.do\/autor\/jortegatous.html\">Julio Ortega Tou<\/a><\/strong>s , Rep\u00fablica Dominicana,  TU VOZ <audio src=\"https:\/\/audios.acento.com.do\/5b2079db-17eb-4c72-9177-749f4e56c2ea.mp3\"><\/audio><\/p>\n\n\n\n<p>En un primer art\u00edculo nos referimos a la historia y la prehistoria de los genocidios humanos. Pareciera que es parte de la naturaleza humana vivir de mat\u00e1ndose unos a otros. Ya tratamos el genocidio de los Homo Sapiens contra los Homo Neandertalis. <\/p>\n\n\n\n<p>El genocidio de los pueblos originarios de lo que hoy llamamos Am\u00e9rica a manos de espa\u00f1oles, portugueses, franceses e ingleses, est\u00e1 en los anales de los grandes genocidios de la historia. La esclavitud africana transatl\u00e1ntica de la econom\u00eda de plantaciones implantada por esos pa\u00edses europeos, y la econom\u00eda triangular que produjo el genocidio de millones de africanos.&nbsp; <\/p>\n\n\n\n<p>La repartici\u00f3n del mundo por la potencias europeas en el siglo XIX en la conferencia de Berl\u00edn de 1884, en lo que fue la repartici\u00f3n del mundo colonial particularmente africano y asi\u00e1tico, solamente en India, dej\u00f3 65 millones de asesinados por el imperio brit\u00e1nico en tan solo 40 a\u00f1os.<\/p>\n\n\n\n<figure class=\"wp-block-gallery has-nested-images columns-default is-cropped wp-block-gallery-1 is-layout-flex wp-block-gallery-is-layout-flex\">\n<figure class=\"wp-block-image size-large\"><img fetchpriority=\"high\" decoding=\"async\" width=\"767\" height=\"1024\" data-id=\"4387\" src=\"https:\/\/xn--tuvozdiasporaespaola-k7b.com\/wp-content\/uploads\/2023\/11\/Screenshot_20231117_201955_Gallery-767x1024.jpg\" alt=\"\" class=\"wp-image-4387\" srcset=\"https:\/\/xn--tuvozdiasporaespaola-k7b.com\/wp-content\/uploads\/2023\/11\/Screenshot_20231117_201955_Gallery-767x1024.jpg 767w, https:\/\/xn--tuvozdiasporaespaola-k7b.com\/wp-content\/uploads\/2023\/11\/Screenshot_20231117_201955_Gallery-225x300.jpg 225w, https:\/\/xn--tuvozdiasporaespaola-k7b.com\/wp-content\/uploads\/2023\/11\/Screenshot_20231117_201955_Gallery-768x1025.jpg 768w, https:\/\/xn--tuvozdiasporaespaola-k7b.com\/wp-content\/uploads\/2023\/11\/Screenshot_20231117_201955_Gallery.jpg 1080w\" sizes=\"(max-width: 767px) 100vw, 767px\" \/><\/figure>\n<\/figure>\n\n\n\n<p>Pero en la actualidad asistimos a un genocidio aparentemente con la complicidad y al menos pasividad de gran parte de los gobiernos del mundo. Las Naciones Unidas parecen inservibles para hacer al menos una intervenci\u00f3n humanitaria e imponer un cese al fuego en Gaza. <\/p>\n\n\n\n<blockquote class=\"wp-block-quote is-layout-flow wp-block-quote-is-layout-flow\">\n<blockquote class=\"wp-block-quote is-layout-flow wp-block-quote-is-layout-flow\">\n<blockquote class=\"wp-block-quote is-layout-flow wp-block-quote-is-layout-flow\">\n<blockquote class=\"wp-block-quote is-layout-flow wp-block-quote-is-layout-flow\">\n<blockquote class=\"wp-block-quote is-layout-flow wp-block-quote-is-layout-flow\">\n<p><strong>El movimiento Ham\u00e1s es un derivado de los Hermanos Musulmanes, una asociaci\u00f3n isl\u00e1mica moderada que existe en muchos pa\u00edses \u00e1rabes, como Egipto, Palestina, Siria, Jordania y otros m\u00e1s. Ham\u00e1s de hecho cont\u00f3 por largo tiempo con el financiamiento y apoyo no p\u00fablico de los gobiernos de Netanyahu.<\/strong><\/p>\n<\/blockquote>\n<\/blockquote>\n<\/blockquote>\n<\/blockquote>\n<\/blockquote>\n\n\n\n<p>No hay forma de parar el derramamiento de sangre de civiles y ni\u00f1os tanto israel\u00edes como palestinos en la banda de Gaza y en la Cisjordania ocupada. Y como dec\u00eda Marx en el 18 brumario de Luis Bonaparte, que la&nbsp; historia parec\u00eda en algunas ocasiones repetirse, unas como tragedias y otra como farsas, no podemos de dejar de pensar la tragedia sufrida por el pueblo jud\u00edo en Polonia en el gueto de Varsovia en 1943, con la sufrida exactamente 80 a\u00f1os despu\u00e9s por el pueblo palestino en Gaza, en parte por parte de los descendientes de las victimas de ese genocidio brutal de los nazis alemanes en la capital polaca.<\/p>\n\n\n\n<figure class=\"wp-block-gallery has-nested-images columns-default is-cropped wp-block-gallery-2 is-layout-flex wp-block-gallery-is-layout-flex\">\n<figure class=\"wp-block-image size-large\"><img decoding=\"async\" width=\"658\" height=\"450\" data-id=\"4385\" src=\"https:\/\/xn--tuvozdiasporaespaola-k7b.com\/wp-content\/uploads\/2023\/11\/guettovarsovia6.jpg\" alt=\"\" class=\"wp-image-4385\" srcset=\"https:\/\/xn--tuvozdiasporaespaola-k7b.com\/wp-content\/uploads\/2023\/11\/guettovarsovia6.jpg 658w, https:\/\/xn--tuvozdiasporaespaola-k7b.com\/wp-content\/uploads\/2023\/11\/guettovarsovia6-300x205.jpg 300w\" sizes=\"(max-width: 658px) 100vw, 658px\" \/><\/figure>\n<\/figure>\n\n\n\n<p>Polonia era el pa\u00eds europeo con mayor poblaci\u00f3n jud\u00eda en 1939, cuando estall\u00f3 la segunda guerra mundial, con unos 3 millones y medio de personas que declaran el juda\u00edsmo como su religi\u00f3n o su cultura. Varsovia, la capital polaca, ten\u00eda un tercio de su poblaci\u00f3n jud\u00eda y su contribuci\u00f3n al pensamiento, las artes, el comercio, la pol\u00edtica, la academia, era cada vez m\u00e1s importante. <\/p>\n\n\n\n<p>La invasi\u00f3n de los nazis alemanes a Polonia en septiembre de 1939, que dio inicio a la Segunda Guerra Mundial, cambi\u00f3 todo ese panorama. La persecuci\u00f3n a la poblaci\u00f3n jud\u00eda fue brutal. Hitler y su pandilla de matones hab\u00edan hecho del odio y la persecuci\u00f3n a los jud\u00edos, en Alemania y fuera de esta, casi un leitmotiv de su pol\u00edtica.<\/p>\n\n\n\n<figure class=\"wp-block-embed is-type-video is-provider-youtube wp-block-embed-youtube wp-embed-aspect-16-9 wp-has-aspect-ratio\"><div class=\"wp-block-embed__wrapper\">\n<iframe title=\"La rebeli\u00f3n del gueto de Varsovia\" width=\"1110\" height=\"624\" src=\"https:\/\/www.youtube.com\/embed\/lSD1mqyll9A?feature=oembed\" frameborder=\"0\" allow=\"accelerometer; autoplay; clipboard-write; encrypted-media; gyroscope; picture-in-picture; web-share\" allowfullscreen><\/iframe>\n<\/div><\/figure>\n\n\n\n<p>Un tercio de la poblaci\u00f3n de&nbsp;Varsovia era jud\u00eda. Con una comunidad de 375,000 personas, constitu\u00edan la tercera parte de la poblaci\u00f3n de Varsovia. Solamente New York ten\u00eda una poblaci\u00f3n hebrea m\u00e1s numerosa. A la llegada de los nazis tras una breve resistencia del ejercito y la poblaci\u00f3n polaca, la Polonia ocupada se convirti\u00f3 en el experimento de los m\u00e9todos genocidio contra los jud\u00edos m\u00e1s brutales. <\/p>\n\n\n\n<p>Entre otras se crearon enormes guetos que encerraban los jud\u00edos en peque\u00f1os espacios, separados del resto de la ciudad por muros de 4 y 5 metros de alto. Se lleg\u00f3 a un nivel de hacinamiento que hasta 17 personas ten\u00edan que dormir en una misma habitaci\u00f3n en el gueto de Varsovia por el hacinamiento. La deportaciones a los campos de exterminio como Treblinka, Mathausen, y Auschwtiz-Birkenau entre otros comenzaron en 1940 como parte de la llamada \u201csoluci\u00f3n final\u201d de exterminar los jud\u00edos de las maneras m\u00e1s brutales y salvajes. C\u00e1maras de gases, hornos crematorios, ahorcamiento, fusilamientos en masa, trabajos forzados\u2026 la administraci\u00f3n alemana otorgaba 184 gramos de calor\u00edas por jud\u00edo en el gueto mientras que los polacos y alemanes recib\u00edan 2,800 de calor\u00edas de alimentos.<\/p>\n\n\n\n<p>Por un tiempo los jud\u00edos del gueto, que concentraba un tercio de la poblaci\u00f3n en un espacio no mayor de 2.5% de la ciudad, pensaron que las deportaciones eran para enviarlos a campos de trabajo. En realidad eran f\u00e1bricas e industrias de la muerte m\u00e1s macabra imaginable. Por ello el 9 de abril de 1943, grupos armados de izquierda (Organizaci\u00f3n Jud\u00eda de Combate) y de derecha jud\u00edos (Uni\u00f3n Militar Jud\u00eda), iniciaron una insurrecci\u00f3n heroica que fue brutalmente aplastada por los alemanes. Bombardeos, cortes de electricidad, agua, alimentos y medicinas, fusilamientos y demolici\u00f3n de edificios enteros fueron los m\u00e9todos de los nazis que se sald\u00f3 con m\u00e1s 56,000 jud\u00edos asesinados o fusilados por la embestida de los nazis. Hoy, la poblaci\u00f3n jud\u00eda en Polonia es apenas de 1700 habitantes cuando eran casi un tercio de la poblaci\u00f3n total. Eso es lo que se llama \u201climpieza \u00e9tnica\u201d.<\/p>\n\n\n\n<p>Los jud\u00edos de Europa del norte, Polonia, Alemania, Rusia, Pa\u00edses B\u00e1lticos, Holanda, Francia entre otros, se integraron al movimiento sionista fundado a fines del siglo XIX (1897) por un periodista j\u00e1zaro austriaco, Theodor Herzl, que hab\u00eda sido testigo de excepci\u00f3n del famoso caso Dreyfus en Francia donde un oficial jud\u00edo del ej\u00e9rcito fue acusado injustamente y sin pruebas de espionaje con un alto grado de antisemitismo. <\/p>\n\n\n\n<p>Eso transform\u00f3 el pensamiento de Herzl que en 1897 escribe un libro que es la base del sionismo (El Estado jud\u00edo) y que con la influencia de grandes capitalistas y banqueros jud\u00edos logran obtener el compromiso de Inglaterra, potencia ocupante de Palestina despu\u00e9s del colapso del Imperio Otomano, a trav\u00e9s de la Declaraci\u00f3n de Balfour por&nbsp; medio de la negociaci\u00f3n de grandes capitalistas jud\u00edos en Europa occidental, encabezados por el Bar\u00f3n de Rosthschild, uno de los banqueros m\u00e1s ricos del mundo.<\/p>\n\n\n\n<p>El sionismo logr\u00f3 trasladar a Palestina 500,000 jud\u00edos europeos entre inicios de siglo XX y 1935, lo que constitu\u00eda un tercio de la poblaci\u00f3n de Palestina.<\/p>\n\n\n\n<p>En 1948 se produce la resoluci\u00f3n 181 de la Asamblea General de la ONU que aprueba el Plan de Partici\u00f3n de Palestina, en un 53% para el Estado de Israel y un 47% para el Estado Palestino. <\/p>\n\n\n\n<p>Dicho plan NUNCA se aplic\u00f3. Los sionistas comenzaron un guerra de expulsi\u00f3n de la poblaci\u00f3n palestina de sus tierras y hogares, que se conoce como La Nakba&nbsp; (la cat\u00e1strofe en \u00e1rabe) que signific\u00f3 la expulsi\u00f3n de sus tierras ancestrales y pueblos de unos 700,000 palestinos, que fueron deportados a Cisjordania (entonces bajo soberan\u00eda de Jordania) a Gaza (bajo soberan\u00eda egipcia) y a los pa\u00edses \u00e1rabes circundantes como L\u00edbano y Siria entre los m\u00e1s relevantes.<\/p>\n\n\n\n<figure class=\"wp-block-gallery has-nested-images columns-default is-cropped wp-block-gallery-3 is-layout-flex wp-block-gallery-is-layout-flex\">\n<figure class=\"wp-block-image size-large\"><img decoding=\"async\" width=\"1024\" height=\"588\" data-id=\"4386\" src=\"https:\/\/xn--tuvozdiasporaespaola-k7b.com\/wp-content\/uploads\/2023\/11\/67d1154d7366e4fe9ff379e9651bcb51_XL.jpg\" alt=\"\" class=\"wp-image-4386\" srcset=\"https:\/\/xn--tuvozdiasporaespaola-k7b.com\/wp-content\/uploads\/2023\/11\/67d1154d7366e4fe9ff379e9651bcb51_XL.jpg 1024w, https:\/\/xn--tuvozdiasporaespaola-k7b.com\/wp-content\/uploads\/2023\/11\/67d1154d7366e4fe9ff379e9651bcb51_XL-300x172.jpg 300w, https:\/\/xn--tuvozdiasporaespaola-k7b.com\/wp-content\/uploads\/2023\/11\/67d1154d7366e4fe9ff379e9651bcb51_XL-768x441.jpg 768w\" sizes=\"(max-width: 1024px) 100vw, 1024px\" \/><\/figure>\n<\/figure>\n\n\n\n<p>En el plan de partici\u00f3n de la ONU la ciudad de Jerusal\u00e9n quedaba bajo mandato internacional v\u00eda la ONU por su importancia para tres grandes religiones. Tampoco se cumpli\u00f3 ese acuerdo y Jerusal\u00e9n oeste qued\u00f3 bajo ocupaci\u00f3n israel\u00ed y Jerusal\u00e9n este bajo control jordano-palestino. Desde entonces diferentes agrupaciones palestinas se constituyeron como resistencia a la ocupaci\u00f3n y usurpaci\u00f3n colonial de Israel, y en 1964 se fund\u00f3 la Organizaci\u00f3n de Liberaci\u00f3n de Palestina (OLP) encabezada por el l\u00edder hist\u00f3rico de la misma Yasser Arafat. La resistencia palestina se ha manifestado de distintas formas: lucha armada, ataques suicidas, negociaci\u00f3n diplom\u00e1tica, entre otros, que permiti\u00f3 la instalaci\u00f3n de la Autoridad Nacional Palestina en 1993 y la divisi\u00f3n del movimiento de resistencia. <\/p>\n\n\n\n<p>Israel ocup\u00f3 la banda de Gaza en la guerra de los seis d\u00edas de 1967.&nbsp; Como se estipula en el prefacio de la Declaraci\u00f3n Universal de los Derechos Humanos, leemos&nbsp;<em>\u201cque la libertad, la justicia y la paz en el mundo tienen por base el reconocimiento de la dignidad intr\u00ednseca y de los derechos iguales e inalienables de todos los miembros de la familias humana\u201d\u2026.\u201dy que es esencial que los derechos humanos sean protegidos por un r\u00e9gimen de Derecho,&nbsp;<strong>a fin de que el hombre no se vea compelido al supremo recurso de la rebeli\u00f3n contra la tiran\u00eda y la opresi\u00f3n\u201d<\/strong>.<\/em><\/p>\n\n\n\n<p>Los palestinos comenzaron la primera Intifada (revuelta)  en 1987 y en 1993 tanto Gaza como Cisjordania quedaron bajo la Nueva Autoridad Nacional Palestina producto de los Acuerdos de Oslo entre Yasser Arafat y Yitzhak Rab\u00edn. <\/p>\n\n\n\n<p>Producto de la segunda Intifada en 2005, Israel se retir\u00f3 de la Banda de Gaza y cre\u00f3 un sistema de vallas o muros que son imposibles de atravesar creando lo que se ha llamado \u201cla c\u00e1rcel a cielo abierto m\u00e1s grande del mundo\u201d. Gaza tiene 360 KM2 con 40 km de largo y 10 de ancho, limitando con el Mar Mediterr\u00e1neo a los cuales los palestinos no pueden salir a m\u00e1s de 3 kil\u00f3metros para pescar. <\/p>\n\n\n\n<p>Tiene unos 2 millones y medio de habitantes de los cuales 81% est\u00e1 en pobreza extrema.En las elecciones al Consejo Nacional Palestina en 2006, Fatah obtuvo el 41% de los votos y 45 esca\u00f1os mientras que la coalici\u00f3n Ham\u00e1s obtuvo 44% y 74 esca\u00f1os. Esto desencaden\u00f3 una ruptura total entre Ham\u00e1s y Fatah (el principal partido de la OLP) que lleg\u00f3 a enfrentamientos armados. <\/p>\n\n\n\n<figure class=\"wp-block-gallery has-nested-images columns-default is-cropped wp-block-gallery-4 is-layout-flex wp-block-gallery-is-layout-flex\">\n<figure class=\"wp-block-image size-large\"><img loading=\"lazy\" decoding=\"async\" width=\"1024\" height=\"682\" data-id=\"4390\" src=\"https:\/\/xn--tuvozdiasporaespaola-k7b.com\/wp-content\/uploads\/2023\/11\/0efd0592-9318-446a-8e4f-82bf793749c6_source-aspect-ratio_default_0-1024x682.jpg\" alt=\"\" class=\"wp-image-4390\" srcset=\"https:\/\/xn--tuvozdiasporaespaola-k7b.com\/wp-content\/uploads\/2023\/11\/0efd0592-9318-446a-8e4f-82bf793749c6_source-aspect-ratio_default_0-1024x682.jpg 1024w, https:\/\/xn--tuvozdiasporaespaola-k7b.com\/wp-content\/uploads\/2023\/11\/0efd0592-9318-446a-8e4f-82bf793749c6_source-aspect-ratio_default_0-300x200.jpg 300w, https:\/\/xn--tuvozdiasporaespaola-k7b.com\/wp-content\/uploads\/2023\/11\/0efd0592-9318-446a-8e4f-82bf793749c6_source-aspect-ratio_default_0-768x512.jpg 768w, https:\/\/xn--tuvozdiasporaespaola-k7b.com\/wp-content\/uploads\/2023\/11\/0efd0592-9318-446a-8e4f-82bf793749c6_source-aspect-ratio_default_0-1536x1024.jpg 1536w, https:\/\/xn--tuvozdiasporaespaola-k7b.com\/wp-content\/uploads\/2023\/11\/0efd0592-9318-446a-8e4f-82bf793749c6_source-aspect-ratio_default_0.jpg 2000w\" sizes=\"(max-width: 1024px) 100vw, 1024px\" \/><\/figure>\n<\/figure>\n\n\n\n<p>Por ello, el territorio de Gaza que es gobernado por Ham\u00e1s y el de Cisjordania (o lo que queda bajo soberan\u00eda palestina) es \u201cgobernado\u201d por Fatah. El movimiento Ham\u00e1s es un derivado de los Hermanos Musulmanes una asociaci\u00f3n isl\u00e1mica moderada que existe en muchos pa\u00edses \u00e1rabes, como Egipto, Palestina, Siria, Jordania y otros m\u00e1s. Ham\u00e1s de hecho cont\u00f3 por largo tiempo con el financiamiento y apoyo no p\u00fablico de los gobiernos de Netanyahu, con el fin de fortalecer un movimiento islamista contra uno secular como Fatah, y as\u00ed debilitar la resistencia palestina.<\/p>\n\n\n\n<p>La mayor\u00eda de los pa\u00edses del mundo exigen un alto al fuego, la apertura de corredores humanitarios y el fin del derramamiento de sangre. La impunidad israel\u00ed s\u00f3lo se explica por el veto de los EEUU en el Consejo de Seguridad de la ONU que se encuentra totalmente paralizada. <\/p>\n\n\n\n<p>\u00bfPerdi\u00f3 su sentido de ser la ONU cuando no puede hacer nada en una tragedia como esta? Los israel\u00edes merecen vivir en paz. Los palestinos merecen su propio Estado desmontando las colonias israel\u00edes dentro de Cisjordania y vivir en paz con fronteras seguras. Esta debe ser la pr\u00e9dica de los pa\u00edses peque\u00f1os o grandes del mundo.<\/p>\n\n\n\n<figure class=\"wp-block-embed is-type-video is-provider-youtube wp-block-embed-youtube wp-embed-aspect-16-9 wp-has-aspect-ratio\"><div class=\"wp-block-embed__wrapper\">\n<iframe title=\"Jud\u00edos por Palestina en Argentina : \u201cNo apoyamos este genocidio\u201d| @ajplusespanol\" width=\"1110\" height=\"624\" src=\"https:\/\/www.youtube.com\/embed\/dkHPdORtcC0?feature=oembed\" frameborder=\"0\" allow=\"accelerometer; autoplay; clipboard-write; encrypted-media; gyroscope; picture-in-picture; web-share\" allowfullscreen><\/iframe>\n<\/div><\/figure>\n","protected":false},"excerpt":{"rendered":"<p>Por&nbsp;Julio Ortega Tous , Rep\u00fablica Dominicana, TU VOZ En un primer art\u00edculo nos referimos a la historia y la prehistoria de los genocidios humanos. &#8230; <\/p>\n<p class=\"read-more-container\"><a title=\"De Varsovia a Gaza\" class=\"read-more button\" href=\"https:\/\/xn--tuvozdiasporaespaola-k7b.com\/page\/2\/de-varsovia-a-gaza\/#more-4378\" aria-label=\"M\u00e1s en De Varsovia a Gaza\">Leer m\u00e1s<\/a><\/p>\n","protected":false},"author":222560522,"featured_media":4388,"comment_status":"open","ping_status":"open","sticky":false,"template":"","format":"standard","meta":{"footnotes":""},"categories":[121869],"tags":[],"class_list":["post-4378","post","type-post","status-publish","format-standard","has-post-thumbnail","hentry","category-internaciones","resize-featured-image"],"_links":{"self":[{"href":"https:\/\/xn--tuvozdiasporaespaola-k7b.com\/page\/2\/wp-json\/wp\/v2\/posts\/4378","targetHints":{"allow":["GET"]}}],"collection":[{"href":"https:\/\/xn--tuvozdiasporaespaola-k7b.com\/page\/2\/wp-json\/wp\/v2\/posts"}],"about":[{"href":"https:\/\/xn--tuvozdiasporaespaola-k7b.com\/page\/2\/wp-json\/wp\/v2\/types\/post"}],"author":[{"embeddable":true,"href":"https:\/\/xn--tuvozdiasporaespaola-k7b.com\/page\/2\/wp-json\/wp\/v2\/users\/222560522"}],"replies":[{"embeddable":true,"href":"https:\/\/xn--tuvozdiasporaespaola-k7b.com\/page\/2\/wp-json\/wp\/v2\/comments?post=4378"}],"version-history":[{"count":7,"href":"https:\/\/xn--tuvozdiasporaespaola-k7b.com\/page\/2\/wp-json\/wp\/v2\/posts\/4378\/revisions"}],"predecessor-version":[{"id":4393,"href":"https:\/\/xn--tuvozdiasporaespaola-k7b.com\/page\/2\/wp-json\/wp\/v2\/posts\/4378\/revisions\/4393"}],"wp:featuredmedia":[{"embeddable":true,"href":"https:\/\/xn--tuvozdiasporaespaola-k7b.com\/page\/2\/wp-json\/wp\/v2\/media\/4388"}],"wp:attachment":[{"href":"https:\/\/xn--tuvozdiasporaespaola-k7b.com\/page\/2\/wp-json\/wp\/v2\/media?parent=4378"}],"wp:term":[{"taxonomy":"category","embeddable":true,"href":"https:\/\/xn--tuvozdiasporaespaola-k7b.com\/page\/2\/wp-json\/wp\/v2\/categories?post=4378"},{"taxonomy":"post_tag","embeddable":true,"href":"https:\/\/xn--tuvozdiasporaespaola-k7b.com\/page\/2\/wp-json\/wp\/v2\/tags?post=4378"}],"curies":[{"name":"wp","href":"https:\/\/api.w.org\/{rel}","templated":true}]}}