{"id":4356,"date":"2023-11-16T01:04:02","date_gmt":"2023-11-16T04:04:02","guid":{"rendered":"https:\/\/xn--tuvozdiasporaespaola-k7b.com\/page\/2\/?p=4356"},"modified":"2023-11-16T01:04:03","modified_gmt":"2023-11-16T04:04:03","slug":"frente-al-sonido-de-la-violencia-belicista-la-fuerza-de-los-derechos-defendidos-en-las-calles","status":"publish","type":"post","link":"https:\/\/xn--tuvozdiasporaespaola-k7b.com\/page\/2\/frente-al-sonido-de-la-violencia-belicista-la-fuerza-de-los-derechos-defendidos-en-las-calles\/","title":{"rendered":"Frente al sonido de la violencia belicista, la fuerza de los Derechos defendidos en las calles."},"content":{"rendered":"\n<p>Por Miguel Angel Ferr\u00eds Gil  Redacci\u00f3n TU VOZ , Par\u00eds, Francia. <\/p>\n\n\n\n<p>Las bombas en Palestina, los insultos de Milei en Argentina o las amenazas golpistas de Ayuso, la presidenta de la Comunidad madrile\u00f1a, no son sino el sonido de fondo de una corriente de impunidad y de violencia de las \u00e9lites al alza, contra los pueblos y los sectores que m\u00e1s sufren las consecuencias del renovado e injusto Orden Internacional neoliberal y belicista, impuesto a sangre y fuego.<\/p>\n\n\n\n<p>Es in\u00fatil separar las situaciones que se est\u00e1n produciendo en un momento de globalizaci\u00f3n de la guerra sucia del Lawfare, en donde nuestro pa\u00eds de origen, El plurinacional Estado espa\u00f1ol, est\u00e1 sufriendo un cruel asalto a las instituciones y la soberan\u00eda del Pueblo, como lo han padecido y siguen soportando uno tras otro la casi totalidad de pa\u00edses de Am\u00e9rica Latina.<\/p>\n\n\n\n<figure class=\"wp-block-gallery has-nested-images columns-default is-cropped wp-block-gallery-1 is-layout-flex wp-block-gallery-is-layout-flex\">\n<figure class=\"wp-block-image size-large\"><img fetchpriority=\"high\" decoding=\"async\" width=\"700\" height=\"387\" data-id=\"4359\" src=\"https:\/\/xn--tuvozdiasporaespaola-k7b.com\/wp-content\/uploads\/2023\/11\/64dca4c2a1fd0_700_387.webp\" alt=\"\" class=\"wp-image-4359\" srcset=\"https:\/\/xn--tuvozdiasporaespaola-k7b.com\/wp-content\/uploads\/2023\/11\/64dca4c2a1fd0_700_387.webp 700w, https:\/\/xn--tuvozdiasporaespaola-k7b.com\/wp-content\/uploads\/2023\/11\/64dca4c2a1fd0_700_387-300x166.webp 300w\" sizes=\"(max-width: 700px) 100vw, 700px\" \/><\/figure>\n<\/figure>\n\n\n\n<p>Si, mientras en Argentina la Democracia se juega en un plat\u00f3 o estudio de televisi\u00f3n, en un embate entre dos figuras que tampoco representan una alternativa a la crisis profunda del pa\u00eds, sino el mayor o menor agravamiento de esta, en Espa\u00f1a, las tramas de complicidad del expresidente Aznar con los emisarios de Trump y las redes de la ultraderecha de Vox, anuncian ante las puertas de la sede nacional del Partido Socialista su insurrecci\u00f3n frente el resultado de las urnas, que han dado su mayor\u00eda a un gobierno con los apoyos necesarios del Congreso y los ciudadanos.<\/p>\n\n\n\n<p>Se ha dado comienzo al esperado debate sobre la investidura, con la pol\u00e9mica sobre la legitimidad y constitucionalidad de la nueva Ley de Amnist\u00eda que pretende cerrar la herida abierta hace 10 a\u00f1os por el PP contra Catalunya.<\/p>\n\n\n\n<p> En estos d\u00edas el peligro de una escaramuza -irrisoria, pero peligrosa- de las huestes desnortadas del l\u00edder de la ultraderecha franquista, Santiago Abascal, es m\u00e1s real que nunca. Ya lo vimos en el asalto al Capitolio en Washington y en el repetido del Brasil de Bolsonaro. <\/p>\n\n\n\n<p>Las derechas, desesperadas por no poder conquistar el Poder pol\u00edtico del Estado, a pesar de contar con todos los medios posibles, prefiere poner en riesgo la Democracia liberal y constitucional, aunque tengan que vulnerar todos los c\u00f3digos y las leyes habidos y por haber.<\/p>\n\n\n\n<p>Por su parte la lideresa de los que \u201cest\u00e1n en la parte correcta de la Historia, los herederos del fascismo\u201d, como declar\u00f3 en su dia Isabel D\u00edaz Ayuso, ha soltado una nueva bravata que en cualquier pa\u00eds con una Just\u00edcia normal habr\u00eda acabado en los Tribunales. <\/p>\n\n\n\n<figure class=\"wp-block-gallery has-nested-images columns-default is-cropped wp-block-gallery-2 is-layout-flex wp-block-gallery-is-layout-flex\">\n<figure class=\"wp-block-image size-large\"><img decoding=\"async\" width=\"299\" height=\"338\" data-id=\"4360\" src=\"https:\/\/xn--tuvozdiasporaespaola-k7b.com\/wp-content\/uploads\/2023\/11\/El-Jueves-portada-Diaz-Ayuso-fascista.jpg\" alt=\"\" class=\"wp-image-4360\" srcset=\"https:\/\/xn--tuvozdiasporaespaola-k7b.com\/wp-content\/uploads\/2023\/11\/El-Jueves-portada-Diaz-Ayuso-fascista.jpg 299w, https:\/\/xn--tuvozdiasporaespaola-k7b.com\/wp-content\/uploads\/2023\/11\/El-Jueves-portada-Diaz-Ayuso-fascista-265x300.jpg 265w\" sizes=\"(max-width: 299px) 100vw, 299px\" \/><\/figure>\n<\/figure>\n\n\n\n<p>En los plat\u00f3s de su televisi\u00f3n favorita y en los tumultos provocados por sus camadas ha prometido \u201cDevolver golpe por golpe\u201d al nuevo Gobierno.  La amenaza sobre la convivencia y el respeto a las libertades e instituciones democr\u00e1ticas, hechas por una dirigente ultraliberal que reclama la herencia de un franquismo, en un pa\u00eds que mantiene todav\u00eda en las cunetas a m\u00e1s de 120.000 espa\u00f1oles dem\u00f3cratas fusilados, no puede quedar impune.Sin embargo, son las declaraciones del cuestionado Feijoo, actual y provisional presidente del PP con el permiso de Ayuso, las que alimentan el fuego y la fantas\u00eda golpista de las Derechas y sus medios afines.<\/p>\n\n\n\n<p> Su negacionismo del resultado desfavorable para el proyecto autoritario y centralista del PP y VOX en Espa\u00f1a, le ha llevado a manifestar que \u201cno nos callaremos hasta hablar en unas elecciones\u201d, afirmando que siempre ha gobernado quien ha sacado m\u00e1s votos, lo cual falsea la realidad y contraviene la Constituci\u00f3n. <\/p>\n\n\n\n<p>Sus intentos de deslegitimaci\u00f3n del nuevo gobierno deben chocar con la respuesta firme, unitaria y a la vez diversa de los sectores comprometidos con la Democracia en la Espa\u00f1a plurinacional que todos deseamos.Nuestro pa\u00eds, considerado antes por algunos dirigentes como una \u201cDemocracia avanzada\u201d, sufre en estos momentos el peor escenario del nuevo golpismo articulado. <\/p>\n\n\n\n<p>Por una parte las declaraciones incendiarias mencionadas, por otra todos los medios de comunicaci\u00f3n difundiendo las mismas im\u00e1genes y opiniones en la b\u00fasqueda de un estado de opini\u00f3n contrario al progresismo. A ello se suma el llamado \u2018partido Judicial\u2019 con las asociaciones de jueces mayoritariamente conservadoras y el desprestigiado CGPJ arremetiendo contra las decisiones del gobierno y el parlamento. <\/p>\n\n\n\n<figure class=\"wp-block-gallery has-nested-images columns-default is-cropped wp-block-gallery-3 is-layout-flex wp-block-gallery-is-layout-flex\">\n<figure class=\"wp-block-image size-large\"><img decoding=\"async\" width=\"469\" height=\"317\" data-id=\"4361\" src=\"https:\/\/xn--tuvozdiasporaespaola-k7b.com\/wp-content\/uploads\/2023\/11\/contactophoto-0808763618-469x317-1.jpg\" alt=\"\" class=\"wp-image-4361\" srcset=\"https:\/\/xn--tuvozdiasporaespaola-k7b.com\/wp-content\/uploads\/2023\/11\/contactophoto-0808763618-469x317-1.jpg 469w, https:\/\/xn--tuvozdiasporaespaola-k7b.com\/wp-content\/uploads\/2023\/11\/contactophoto-0808763618-469x317-1-300x203.jpg 300w\" sizes=\"(max-width: 469px) 100vw, 469px\" \/><\/figure>\n<\/figure>\n\n\n\n<p>La citada trama civil del golpismo vociferando junto al Congreso el \u201cA por ellos\u201d, que demuestra sus intenciones. Y finalmente una c\u00fapula empresarial nacional que, en contra del sentir de los empresarios vascos y catalanes partidarios de la Amnistia y el nuevo gobierno, pretende ensombrecer el panorama de futuro econ\u00f3mico del pa\u00eds.<\/p>\n\n\n\n<p>Por desgracia el Partido Socialista ha tardado demasiado tiempo en darse cuenta del alto precio a pagar con la no depuraci\u00f3n de las estructuras del Estado en donde m\u00e1s se perpetu\u00f3 la herencia franquista, es decir los Cuerpos de Seguridad del Estado, el Ej\u00e9rcito y el aparato Judicial, quienes ahora utilizan las cloacas policiales y medi\u00e1ticas para deteriorar su imagen. <\/p>\n\n\n\n<p>Tambi\u00e9n son conscientes ahora de lo que ha supuesto el continuo Lawfare contra los y las  lideres de Podemos y que estos han soportado desde que en el 2015 aceptaron convertir la potente capacidad impugnadora del Regimen del 78 -reflejada en las calles y plazas por el 15 M-, en una fuerza con aspiraciones de transformaci\u00f3n en nuestro pa\u00eds. <\/p>\n\n\n\n<figure class=\"wp-block-gallery has-nested-images columns-default is-cropped wp-block-gallery-4 is-layout-flex wp-block-gallery-is-layout-flex\">\n<figure class=\"wp-block-image size-large\"><img loading=\"lazy\" decoding=\"async\" width=\"779\" height=\"652\" data-id=\"4362\" src=\"https:\/\/xn--tuvozdiasporaespaola-k7b.com\/wp-content\/uploads\/2023\/11\/EuropaPress_4571572_presidente_gobierno_pedro_sanchez_primera_jornada_26_edicion_debate_estado-scaled-e1657653389589.jpg\" alt=\"\" class=\"wp-image-4362\" srcset=\"https:\/\/xn--tuvozdiasporaespaola-k7b.com\/wp-content\/uploads\/2023\/11\/EuropaPress_4571572_presidente_gobierno_pedro_sanchez_primera_jornada_26_edicion_debate_estado-scaled-e1657653389589.jpg 779w, https:\/\/xn--tuvozdiasporaespaola-k7b.com\/wp-content\/uploads\/2023\/11\/EuropaPress_4571572_presidente_gobierno_pedro_sanchez_primera_jornada_26_edicion_debate_estado-scaled-e1657653389589-300x251.jpg 300w, https:\/\/xn--tuvozdiasporaespaola-k7b.com\/wp-content\/uploads\/2023\/11\/EuropaPress_4571572_presidente_gobierno_pedro_sanchez_primera_jornada_26_edicion_debate_estado-scaled-e1657653389589-768x643.jpg 768w\" sizes=\"(max-width: 779px) 100vw, 779px\" \/><\/figure>\n<\/figure>\n\n\n\n<p>Son ahora ellos y su partido, el del presidente S\u00e1nchez, quienes soportan las mentiras medi\u00e1ticas y el acoso callejero de sus representantes.Mientras todo esto sucede, en las calles un clamor aumenta en exigencia de un alto el fuego inmediato en la martirizada Palestina. En el programa de \u201cCenizas de Babilonia-Di\u00e1spora Espa\u00f1ola\u201d hemos traido a un testigo excepcional del drama, el portavoz de la Embajada de Palestina y jefe de su oficina de negocios, Riyad Alhalabi, quien nos ha descrito los escenarios presentes del horror y propuesto una salida que podamos apoyar para la obtenci\u00f3n de una Palestina libre, justa e independiente.<\/p>\n\n\n\n<p>En Argentina, Espa\u00f1a y Palestina es necesario que los vientos giren y las calles y plazas se llenen de esperanza y un futuro sin amenazas.<\/p>\n","protected":false},"excerpt":{"rendered":"<p>Por Miguel Angel Ferr\u00eds Gil Redacci\u00f3n TU VOZ , Par\u00eds, Francia. Las bombas en Palestina, los insultos de Milei en Argentina o las amenazas &#8230; <\/p>\n<p class=\"read-more-container\"><a title=\"Frente al sonido de la violencia belicista, la fuerza de los Derechos defendidos en las calles.\" class=\"read-more button\" href=\"https:\/\/xn--tuvozdiasporaespaola-k7b.com\/page\/2\/frente-al-sonido-de-la-violencia-belicista-la-fuerza-de-los-derechos-defendidos-en-las-calles\/#more-4356\" aria-label=\"M\u00e1s en Frente al sonido de la violencia belicista, la fuerza de los Derechos defendidos en las calles.\">Leer m\u00e1s<\/a><\/p>\n","protected":false},"author":222560522,"featured_media":4363,"comment_status":"open","ping_status":"open","sticky":false,"template":"","format":"standard","meta":{"footnotes":""},"categories":[121850],"tags":[],"class_list":["post-4356","post","type-post","status-publish","format-standard","has-post-thumbnail","hentry","category-politica","resize-featured-image"],"_links":{"self":[{"href":"https:\/\/xn--tuvozdiasporaespaola-k7b.com\/page\/2\/wp-json\/wp\/v2\/posts\/4356","targetHints":{"allow":["GET"]}}],"collection":[{"href":"https:\/\/xn--tuvozdiasporaespaola-k7b.com\/page\/2\/wp-json\/wp\/v2\/posts"}],"about":[{"href":"https:\/\/xn--tuvozdiasporaespaola-k7b.com\/page\/2\/wp-json\/wp\/v2\/types\/post"}],"author":[{"embeddable":true,"href":"https:\/\/xn--tuvozdiasporaespaola-k7b.com\/page\/2\/wp-json\/wp\/v2\/users\/222560522"}],"replies":[{"embeddable":true,"href":"https:\/\/xn--tuvozdiasporaespaola-k7b.com\/page\/2\/wp-json\/wp\/v2\/comments?post=4356"}],"version-history":[{"count":2,"href":"https:\/\/xn--tuvozdiasporaespaola-k7b.com\/page\/2\/wp-json\/wp\/v2\/posts\/4356\/revisions"}],"predecessor-version":[{"id":4364,"href":"https:\/\/xn--tuvozdiasporaespaola-k7b.com\/page\/2\/wp-json\/wp\/v2\/posts\/4356\/revisions\/4364"}],"wp:featuredmedia":[{"embeddable":true,"href":"https:\/\/xn--tuvozdiasporaespaola-k7b.com\/page\/2\/wp-json\/wp\/v2\/media\/4363"}],"wp:attachment":[{"href":"https:\/\/xn--tuvozdiasporaespaola-k7b.com\/page\/2\/wp-json\/wp\/v2\/media?parent=4356"}],"wp:term":[{"taxonomy":"category","embeddable":true,"href":"https:\/\/xn--tuvozdiasporaespaola-k7b.com\/page\/2\/wp-json\/wp\/v2\/categories?post=4356"},{"taxonomy":"post_tag","embeddable":true,"href":"https:\/\/xn--tuvozdiasporaespaola-k7b.com\/page\/2\/wp-json\/wp\/v2\/tags?post=4356"}],"curies":[{"name":"wp","href":"https:\/\/api.w.org\/{rel}","templated":true}]}}