{"id":4342,"date":"2023-11-13T11:24:40","date_gmt":"2023-11-13T14:24:40","guid":{"rendered":"https:\/\/xn--tuvozdiasporaespaola-k7b.com\/page\/2\/?p=4342"},"modified":"2023-11-13T11:26:29","modified_gmt":"2023-11-13T14:26:29","slug":"habra-gobierno-progresista","status":"publish","type":"post","link":"https:\/\/xn--tuvozdiasporaespaola-k7b.com\/page\/2\/habra-gobierno-progresista\/","title":{"rendered":"HABRA GOBIERNO PROGRESISTA."},"content":{"rendered":"\n<p>Francisco L\u00f3pez,    Argentina <\/p>\n\n\n\n<p>Los proximos dias miercoles 15 y jueves 16 tendra lugar el inicio de la Investidura de Pedro Sanchez  ante las protestas que se repiten en Espa\u00f1a, auspiciadas por el Partido Popular,  VOX y agrupaciones fascistas y neonazis todos en  un mismo bloque, todas las  noches y un peligro  latente de que estas fuerzas fuercen una toma del Congreso a imagen y semejanza de Donald Trump  en EEUU  o Bolsonaro  en BRASIL.<\/p>\n\n\n\n<figure class=\"wp-block-gallery has-nested-images columns-default is-cropped wp-block-gallery-1 is-layout-flex wp-block-gallery-is-layout-flex\">\n<figure class=\"wp-block-image size-large\"><img fetchpriority=\"high\" decoding=\"async\" width=\"641\" height=\"1024\" data-id=\"4345\" src=\"https:\/\/xn--tuvozdiasporaespaola-k7b.com\/wp-content\/uploads\/2023\/11\/13911091682026-641x1024.jpg\" alt=\"\" class=\"wp-image-4345\" srcset=\"https:\/\/xn--tuvozdiasporaespaola-k7b.com\/wp-content\/uploads\/2023\/11\/13911091682026-641x1024.jpg 641w, https:\/\/xn--tuvozdiasporaespaola-k7b.com\/wp-content\/uploads\/2023\/11\/13911091682026-188x300.jpg 188w, https:\/\/xn--tuvozdiasporaespaola-k7b.com\/wp-content\/uploads\/2023\/11\/13911091682026.jpg 657w\" sizes=\"(max-width: 641px) 100vw, 641px\" \/><\/figure>\n<\/figure>\n\n\n\n<p>El motivo de esas protestas es la amnist\u00eda que ha acordado del PSOE con junts. \u00bf<strong>Conoceremos algo m\u00e1s de lo que supone esa esa ley de amnist\u00eda?<\/strong> Cuando este  lunes se registre en el Congreso de los Diputados (es lo que estaba previsto que el lunes llegue la ley de amnist\u00eda al congreso), conoceremos la letra peque\u00f1a, pero tambi\u00e9n para que se inicie el recorrido parlamentario, que es un camino con distintos pasos.<\/p>\n\n\n\n<p> El primero es que la mesa del Congreso le ponga el sello de entrada y eso esperamos que ocurra el martes en una reuni\u00f3n que ya est\u00e1 convocada, solo va a votar en contra el Partido Popular, pero como est\u00e1 en minor\u00eda no va a poner retener la ley, por eso es tan importante controlar la mesa de la C\u00e1mara porque ah\u00ed es donde se decide que se env\u00eda y que nos env\u00eda al pleno el siguiente paso. <\/p>\n\n\n\n<p>Una vez que el Congreso haya aprobado la ley, es enviarla al Senado y el siguiente  paso seria que el Partido Popular podr\u00e1 hacer uso de su mayor\u00eda absoluta, pues estirando los tiempos parlamentarios en lo que est\u00e1n trabajando ahora es en una reforma expr\u00e9s del reglamento del sanado  para  poder retrasar  todo lo posible hasta en un plazo m\u00e1ximo de 2 meses la aprobaci\u00f3n de la ley de amnist\u00eda .<\/p>\n\n\n\n<p>\u00bf<strong>Que har\u00e1n en esos dos  meses?. <\/strong><\/p>\n\n\n\n<p>Puedes pedir informes deliberativos a \u00f3rganos como el Consejo General del Poder Judicial o el Consejo de Estado para que puedan entrar a opinar a fondo sobre el contenido de la amnist\u00eda. Lo que pasa es<br>que esos informes no son vinculantes, as\u00ed que tarde o temprano la ley va a volver al congreso para su aprobaci\u00f3n definitiva. Pero es de acuerdo a la base del acuerdo entre el PSOE y Junts, aunque los socialistas han llegado a acuerdos con otras 6 formaciones pol\u00edticas. <\/p>\n\n\n\n<p>\u00bf<strong>El PSOE habla de acuerdo de investidura y legislatura, pero no est\u00e1 tan claro por parte del del resto de los pol\u00edticos que han pactado? <\/strong><\/p>\n\n\n\n<p> Pues s\u00ed adem\u00e1s, el PSOE quiere que todas estas formaciones que van a apoyar la investidura de S\u00e1nchez firmen la ley de amnist\u00eda cuando este lunes la registran en el Congreso como proposici\u00f3n de ley. Eso significa que ser\u00e1n los grupos parlamentarios los que la llevar\u00e1n al congreso y no el gobierno o el gobierno en funciones.<\/p>\n\n\n\n<p> Sobre la estabilidad de la legislatura, pues es lo que ha estado el Partido Socialista negociando desde el d\u00eda siguiente de las elecciones. <\/p>\n\n\n\n<p>Lo dec\u00eda el jueves al cerrar el acuerdo con junts Santos Cerd\u00e1n. Este es un acuerdo de legislatura y no de investidura, pero tambi\u00e9n es verdad que pocos minutos despu\u00e9s Puigdemont lo pon\u00eda en condicional, dec\u00eda, habr\u00e1 estabilidad, habr\u00e1 legislatura mientras se cumplan los compromisos pactados y algo parecido le escuch\u00e1bamos al presidente del PNV Ort\u00fazar el viernes pasado en el Congreso, por cierto, que ha sido con \u00e9l, con el \u00fanico que Pedro S\u00e1nchez se ha hecho la foto de los acuerdos. <\/p>\n\n\n\n<p>Lo que est\u00e1 claro es que la legislatura va a arrancar, pero igual de claro est\u00e1 que el Partido Socialista, junto con su socio de sumar, va a tener que sudar la camiseta cada vez que quiera llevar una ley al congreso, porque los m\u00e1rgenes son muy ajustados , aparte PODEMOS  una vez comience  la legislatura hara  valer sus  cinco diputadas y diputados para cuidar cualquier giro en politicas progresistas ya iniciadas.<\/p>\n\n\n\n<figure class=\"wp-block-gallery has-nested-images columns-default is-cropped wp-block-gallery-2 is-layout-flex wp-block-gallery-is-layout-flex\">\n<figure class=\"wp-block-image size-large\"><img decoding=\"async\" width=\"1024\" height=\"432\" data-id=\"4344\" src=\"https:\/\/xn--tuvozdiasporaespaola-k7b.com\/wp-content\/uploads\/2023\/11\/64cce9da31c99un-articulo-que-explica-las-posibilidades-que-tienen-los-diputados-de-podemos-de-formar-un-grupo-propio-en-el-congreso-de-los-diputados-esta-legislatura-png-1024x432.png\" alt=\"\" class=\"wp-image-4344\" srcset=\"https:\/\/xn--tuvozdiasporaespaola-k7b.com\/wp-content\/uploads\/2023\/11\/64cce9da31c99un-articulo-que-explica-las-posibilidades-que-tienen-los-diputados-de-podemos-de-formar-un-grupo-propio-en-el-congreso-de-los-diputados-esta-legislatura-png-1024x432.png 1024w, https:\/\/xn--tuvozdiasporaespaola-k7b.com\/wp-content\/uploads\/2023\/11\/64cce9da31c99un-articulo-que-explica-las-posibilidades-que-tienen-los-diputados-de-podemos-de-formar-un-grupo-propio-en-el-congreso-de-los-diputados-esta-legislatura-png-300x127.png 300w, https:\/\/xn--tuvozdiasporaespaola-k7b.com\/wp-content\/uploads\/2023\/11\/64cce9da31c99un-articulo-que-explica-las-posibilidades-que-tienen-los-diputados-de-podemos-de-formar-un-grupo-propio-en-el-congreso-de-los-diputados-esta-legislatura-png-768x324.png 768w, https:\/\/xn--tuvozdiasporaespaola-k7b.com\/wp-content\/uploads\/2023\/11\/64cce9da31c99un-articulo-que-explica-las-posibilidades-que-tienen-los-diputados-de-podemos-de-formar-un-grupo-propio-en-el-congreso-de-los-diputados-esta-legislatura-png-1536x648.png 1536w, https:\/\/xn--tuvozdiasporaespaola-k7b.com\/wp-content\/uploads\/2023\/11\/64cce9da31c99un-articulo-que-explica-las-posibilidades-que-tienen-los-diputados-de-podemos-de-formar-un-grupo-propio-en-el-congreso-de-los-diputados-esta-legislatura-png.png 1600w\" sizes=\"(max-width: 1024px) 100vw, 1024px\" \/><\/figure>\n<\/figure>\n\n\n\n<p>De momento tiene que conseguir la investidura este mi\u00e9rcoles y jueves donde  previsiblemente habr\u00e1 solo una votaci\u00f3n, porque ser\u00e1 por mayor\u00eda absoluta. Es lo que esperamos que sea investido en la primera votaci\u00f3n por mayor\u00eda absoluta. <\/p>\n\n\n\n<p>A\u00fan le sobran 3 votos porque esta semana, con los acuerdos se ha cerrado 179 SI, frente a los 171 NO,  de Partido Popular, de VOX y de El diputado de UPN. As\u00ed que lo previsible es que obtenga la confianza de la C\u00e1mara en la primera votaci\u00f3n sin tener que esperar a una segunda votaci\u00f3n 48 horas. <\/p>\n\n\n\n<p>Despu\u00e9s se tendra que sudar la camiseta para aprobar cada una de las leyes que plantean a las reformas. Y la sensaci\u00f3n que nos da es que ese tono que vemos crispado estos d\u00edas con cruces de declaraciones va a ser un poco el que puede marcar tanto la sesi\u00f3n de investidura como la legislatura. <\/p>\n\n\n\n<figure class=\"wp-block-gallery has-nested-images columns-default is-cropped wp-block-gallery-3 is-layout-flex wp-block-gallery-is-layout-flex\">\n<figure class=\"wp-block-image size-large\"><img decoding=\"async\" width=\"1024\" height=\"576\" data-id=\"4343\" src=\"https:\/\/xn--tuvozdiasporaespaola-k7b.com\/wp-content\/uploads\/2023\/11\/Sanchez-Carles-Puigdemont-Palacio-Generalitat_903819627_15632750_1200x675-1024x576.webp\" alt=\"\" class=\"wp-image-4343\" srcset=\"https:\/\/xn--tuvozdiasporaespaola-k7b.com\/wp-content\/uploads\/2023\/11\/Sanchez-Carles-Puigdemont-Palacio-Generalitat_903819627_15632750_1200x675-1024x576.webp 1024w, https:\/\/xn--tuvozdiasporaespaola-k7b.com\/wp-content\/uploads\/2023\/11\/Sanchez-Carles-Puigdemont-Palacio-Generalitat_903819627_15632750_1200x675-300x169.webp 300w, https:\/\/xn--tuvozdiasporaespaola-k7b.com\/wp-content\/uploads\/2023\/11\/Sanchez-Carles-Puigdemont-Palacio-Generalitat_903819627_15632750_1200x675-768x432.webp 768w, https:\/\/xn--tuvozdiasporaespaola-k7b.com\/wp-content\/uploads\/2023\/11\/Sanchez-Carles-Puigdemont-Palacio-Generalitat_903819627_15632750_1200x675.webp 1200w\" sizes=\"(max-width: 1024px) 100vw, 1024px\" \/><\/figure>\n<\/figure>\n\n\n\n<p>Esto sera porque el emiciclo esta partido en dos mitades muy muy enfrentadas y muy, muy igualadas. Una apoya a Pedro S\u00e1nchez, la otra es la oposici\u00f3n con el Partido Popular al frente, que ha ganado las elecciones, que tiene m\u00e1s votos y tambi\u00e9n m\u00e1s esca\u00f1os. Es el mensaje que lanza una y otra vez Alberto N\u00fa\u00f1ez Feij\u00f3o. De momento hemos vivido dos plenos, hay dos precedentes, la investidura del presidente del Partido Popular y el pleno en el que se aprob\u00f3 el uso de las lenguas oficiales, donde hubo bastante tensi\u00f3n. Recordemos que, adem\u00e1s, esa fue la primera condici\u00f3n que los independentistas le pusieron al Partido Socialista a cambio de que Francina Armengol presidiera el Congreso como pr\u00f3logo de que  en el pleno de investidura  sea elegido Pedro S\u00e1nchez. <\/p>\n\n\n\n<p>Esta  semana volveremos a escuchar hablar en catal\u00e1n, en gallego y en euskera, aunque esta vez yo creo que ya ser\u00e1 menos noticioso.  Igual el s\u00e1bado que viene tenemos ya gobierno. Seg\u00fan los m\u00e1rgenes, los plazos de la investidura anterior de Pedro S\u00e1nchez. Apenas hubo que esperar 5 d\u00edas para conocer la composici\u00f3n de su gobierno, veremos, qu\u00e9 pasa en esta ocasi\u00f3n.<\/p>\n","protected":false},"excerpt":{"rendered":"<p>Francisco L\u00f3pez, Argentina Los proximos dias miercoles 15 y jueves 16 tendra lugar el inicio de la Investidura de Pedro Sanchez ante las protestas &#8230; <\/p>\n<p class=\"read-more-container\"><a title=\"HABRA GOBIERNO PROGRESISTA.\" class=\"read-more button\" href=\"https:\/\/xn--tuvozdiasporaespaola-k7b.com\/page\/2\/habra-gobierno-progresista\/#more-4342\" aria-label=\"M\u00e1s en HABRA GOBIERNO PROGRESISTA.\">Leer m\u00e1s<\/a><\/p>\n","protected":false},"author":222560522,"featured_media":4346,"comment_status":"open","ping_status":"open","sticky":false,"template":"","format":"standard","meta":{"footnotes":""},"categories":[121850],"tags":[],"class_list":["post-4342","post","type-post","status-publish","format-standard","has-post-thumbnail","hentry","category-politica","resize-featured-image"],"_links":{"self":[{"href":"https:\/\/xn--tuvozdiasporaespaola-k7b.com\/page\/2\/wp-json\/wp\/v2\/posts\/4342","targetHints":{"allow":["GET"]}}],"collection":[{"href":"https:\/\/xn--tuvozdiasporaespaola-k7b.com\/page\/2\/wp-json\/wp\/v2\/posts"}],"about":[{"href":"https:\/\/xn--tuvozdiasporaespaola-k7b.com\/page\/2\/wp-json\/wp\/v2\/types\/post"}],"author":[{"embeddable":true,"href":"https:\/\/xn--tuvozdiasporaespaola-k7b.com\/page\/2\/wp-json\/wp\/v2\/users\/222560522"}],"replies":[{"embeddable":true,"href":"https:\/\/xn--tuvozdiasporaespaola-k7b.com\/page\/2\/wp-json\/wp\/v2\/comments?post=4342"}],"version-history":[{"count":1,"href":"https:\/\/xn--tuvozdiasporaespaola-k7b.com\/page\/2\/wp-json\/wp\/v2\/posts\/4342\/revisions"}],"predecessor-version":[{"id":4347,"href":"https:\/\/xn--tuvozdiasporaespaola-k7b.com\/page\/2\/wp-json\/wp\/v2\/posts\/4342\/revisions\/4347"}],"wp:featuredmedia":[{"embeddable":true,"href":"https:\/\/xn--tuvozdiasporaespaola-k7b.com\/page\/2\/wp-json\/wp\/v2\/media\/4346"}],"wp:attachment":[{"href":"https:\/\/xn--tuvozdiasporaespaola-k7b.com\/page\/2\/wp-json\/wp\/v2\/media?parent=4342"}],"wp:term":[{"taxonomy":"category","embeddable":true,"href":"https:\/\/xn--tuvozdiasporaespaola-k7b.com\/page\/2\/wp-json\/wp\/v2\/categories?post=4342"},{"taxonomy":"post_tag","embeddable":true,"href":"https:\/\/xn--tuvozdiasporaespaola-k7b.com\/page\/2\/wp-json\/wp\/v2\/tags?post=4342"}],"curies":[{"name":"wp","href":"https:\/\/api.w.org\/{rel}","templated":true}]}}