{"id":4335,"date":"2023-11-11T17:28:32","date_gmt":"2023-11-11T20:28:32","guid":{"rendered":"https:\/\/xn--tuvozdiasporaespaola-k7b.com\/page\/2\/?p=4335"},"modified":"2023-11-30T05:33:16","modified_gmt":"2023-11-30T08:33:16","slug":"esta-la-democracia-en-peligro-en-espana","status":"publish","type":"post","link":"https:\/\/xn--tuvozdiasporaespaola-k7b.com\/page\/2\/esta-la-democracia-en-peligro-en-espana\/","title":{"rendered":"\u00bfEst\u00e1 la democracia en  peligro en Espa\u00f1a?."},"content":{"rendered":"\n<p>Por Manuel Pintado , Argentina <\/p>\n\n\n\n<p> El fascismo acecha  pidiendo revueltas y desobediencia civil tal vez por eso estas son preguntas  que muchas veces nos hacemos. <\/p>\n\n\n\n<p>Este cuestionamiento de si est\u00e1 en peligro o  no est\u00e1 en peligro. Si t\u00fa escuchas a la derecha, normalmente dices s\u00ed, Espa\u00f1a est\u00e1 en peligro. La unidad de Espa\u00f1a ,  grito \u00fanico para combatir al progresismo.  <\/p>\n\n\n\n<p>El pacto que a realizado  Pedro S\u00e1nchez con Puigemont   con la Ley de Amnist\u00eda  romper\u00e1 el conjunto de Catalu\u00f1a en Espa\u00f1a seg\u00fan la derecha rancia y casposa . Todas esas cuestiones nos llevan  a replantearnos si es verdaderamente falso o no es falso todos estos comentarios. <\/p>\n\n\n\n<figure class=\"wp-block-gallery has-nested-images columns-default is-cropped wp-block-gallery-1 is-layout-flex wp-block-gallery-is-layout-flex\">\n<figure class=\"wp-block-image size-large\"><img fetchpriority=\"high\" decoding=\"async\" width=\"1024\" height=\"990\" data-id=\"4337\" src=\"https:\/\/xn--tuvozdiasporaespaola-k7b.com\/wp-content\/uploads\/2023\/11\/Screenshot_20231110_003023_Instagram-1-1024x990.jpg\" alt=\"\" class=\"wp-image-4337\" srcset=\"https:\/\/xn--tuvozdiasporaespaola-k7b.com\/wp-content\/uploads\/2023\/11\/Screenshot_20231110_003023_Instagram-1-1024x990.jpg 1024w, https:\/\/xn--tuvozdiasporaespaola-k7b.com\/wp-content\/uploads\/2023\/11\/Screenshot_20231110_003023_Instagram-1-300x290.jpg 300w, https:\/\/xn--tuvozdiasporaespaola-k7b.com\/wp-content\/uploads\/2023\/11\/Screenshot_20231110_003023_Instagram-1-768x742.jpg 768w, https:\/\/xn--tuvozdiasporaespaola-k7b.com\/wp-content\/uploads\/2023\/11\/Screenshot_20231110_003023_Instagram-1.jpg 1080w\" sizes=\"(max-width: 1024px) 100vw, 1024px\" \/><\/figure>\n<\/figure>\n\n\n\n<p>Yo creo que no, no est\u00e1 la unidad de Espa\u00f1a en peligro, de hecho la unidad de Espa\u00f1a nunca ha estado en peligro, inclusive hasta cuando Jos\u00e9 Mar\u00eda Aznar hizo los famosos pactos en su momento, que aunque no fue el el partido ganador el Partido Popular, arrebat\u00f3 el poder al PSOE de Felipe Gonz\u00e1lez con pactos de coalici\u00f3n con el Partido Nacionalista Vasco y con la entoces Convergencia y Uni\u00f3n, principalmente el que m\u00e1s se favoreci\u00f3 en este caso fue con el Partido Nacionalista Vasco donde se le hizo una serie de concesiones que a  d\u00eda hoy  perduran y con lo cual pr\u00e1cticamente es un estado el Vasco dentro de un estado Espa\u00f1ol en cuanto a las gesti\u00f3n de recursos    tienen mas concesiones y privelegios que  no tienen otras comunidades hist\u00f3ricas.<\/p>\n\n\n\n<p>No tanto as\u00ed Catalu\u00f1a, que aunque si pact\u00f3 con Jordi Pujol para los votos nacionalistas, pero en ning\u00fan momento se completaron tantas concesiones como se les dio para el pa\u00eds vasco hay que recordar tambi\u00e9n que en ese momento tambi\u00e9n hubo una amnist\u00eda para muchos presos de ETA que no ten\u00edan delitos de sangre y simplemente porque se contemplaban en  el acuerdo con el Partido Nacionalista Vasco.<\/p>\n\n\n\n<p>Todo eso lo hizo Jos\u00e9 Mar\u00eda Aznar, indudablemente nadie sali\u00f3 a la calle a pedir que peligrosa la Democracia, ni Bono  jefe pol\u00edtico de Page en Castilla la Mancha se atrevio a tanto. <\/p>\n\n\n\n<p>Nadie dijo  que dicha concesi\u00f3n era un atentado contra la ciudadan\u00eda, contra la unidad de Espa\u00f1a. Al contrario era la derecha de siempre, pactando con los de siempre Memoria Activa. Que la corriente  tanto del PNV como de Convergencia y Uni\u00f3n, siempre han sido una corriente m\u00e1s bien conservadora. <\/p>\n\n\n\n<p><strong>\u00bfPorque  todas estas cuestiones vienen al pelo? <\/strong><\/p>\n\n\n\n<p>Bueno, pues lo que est\u00e1 sucediendo en Madrid con Esperanza Aguirre comandando  a la ciudadan\u00eda a cortar las calles como Perico por su casa, siendo escoltadas en un momento determinado hasta por la propia polic\u00eda en un recorrido, cuando eso, por ejemplo, se ha hecho en otras  manifestaciones, se ha aplicado la ley mordaza que trajo  Rajoy al parlamento y que el gobierno progresista lamentablemente con el PSOE. al frente no quiso derogar,  por eso  estamos sufriendo estas consecuencias que est\u00e1n pasando hoy.<\/p>\n\n\n\n<figure class=\"wp-block-gallery has-nested-images columns-default is-cropped wp-block-gallery-2 is-layout-flex wp-block-gallery-is-layout-flex\">\n<figure class=\"wp-block-image size-large\"><img decoding=\"async\" width=\"1003\" height=\"1024\" data-id=\"4338\" src=\"https:\/\/xn--tuvozdiasporaespaola-k7b.com\/wp-content\/uploads\/2023\/11\/Screenshot_20231110_003207_Instagram-1003x1024.jpg\" alt=\"\" class=\"wp-image-4338\" srcset=\"https:\/\/xn--tuvozdiasporaespaola-k7b.com\/wp-content\/uploads\/2023\/11\/Screenshot_20231110_003207_Instagram-1003x1024.jpg 1003w, https:\/\/xn--tuvozdiasporaespaola-k7b.com\/wp-content\/uploads\/2023\/11\/Screenshot_20231110_003207_Instagram-294x300.jpg 294w, https:\/\/xn--tuvozdiasporaespaola-k7b.com\/wp-content\/uploads\/2023\/11\/Screenshot_20231110_003207_Instagram-768x784.jpg 768w, https:\/\/xn--tuvozdiasporaespaola-k7b.com\/wp-content\/uploads\/2023\/11\/Screenshot_20231110_003207_Instagram.jpg 1080w\" sizes=\"(max-width: 1003px) 100vw, 1003px\" \/><\/figure>\n<\/figure>\n\n\n\n<p>Con todo esto nos  viene ahora y nos dice en este caso Feijo  que bueno que ellos condenan esas manifestaciones llenas de violencia y alimentadas de odio , pero que condenan tambi\u00e9n al PSOE por pactar con el independentismo ( Los mismos con los que pact\u00f3 el PP).<\/p>\n\n\n\n<p> No,  no es condenar una cosa u otra, es condenar lo que est\u00e1 mal  lo que crea destrozos , intentos y fomentos de golpe de Espado, manifestaciones que cuestionan el resultado de unas elecciones democr\u00e1ticas, etc&#8230;  y lo dem\u00e1s es lo que se ha hecho siempre en la pol\u00edtica espa\u00f1ola. <\/p>\n\n\n\n<p>\u00bf<strong>Por qu\u00e9 se rasgan las vestiduras cuando pactos son algo que est\u00e1 normalizado dentro de la pol\u00edtica espa\u00f1ola?<\/strong><\/p>\n\n\n\n<p>A lo largo de todos estos a\u00f1os, tanto los procesos de amnist\u00eda. (Que porque t\u00fa le des un proceso amnist\u00eda no quiere decir que no reconozcas que esa persona ha sido culpable) o simplemente el derecho de amnist\u00eda esta contemplado en la Constituci\u00f3n espa\u00f1ola.<\/p>\n\n\n\n<p>Comentemos tambi\u00e9n a ese intento del Poder Judicial de los jueces conservadores, lo de sacar una nota oficial , aun no siendo por consenso cuestionando todo esto, con el sello del Poder Judicial, o las declaraciones de Ayuso incentivando a los funcionarios inclusive de la Comunidad Madrid que participe en las manifestaciones.<\/p>\n\n\n\n<p>Todo una similitud de intenciones junto a la declaraci\u00f3n de Jos\u00e9 Mar\u00eda Aznar, diciendo que hay que hacer lo que tengamos que hacer y c\u00f3mo lo tengamos que hacer por Espa\u00f1a siempre  por Espa\u00f1a  como dir\u00eda Franco.<\/p>\n\n\n\n<p>Incitando a una desobediencia civil por parte del Ej\u00e9rcito y de la polic\u00eda en pos de la unidad de Espa\u00f1a. O sea, esto ya est\u00e1 visto, ya lo hemos vivido muchas veces  en los mitines de Fuerza Nueva con Blas Pi\u00f1ar al frente a comienzos de la Democracia. Unas veces se gana y otras veces se pierde lo que tiene que mirar el Partido Popular es que tiene un lastre encima, tiene el lastre de Vox y mientras que tenga ese lastre jam\u00e1s, jam\u00e1s, jam\u00e1s van a poder gobernar Espa\u00f1a.<\/p>\n\n\n\n<figure class=\"wp-block-gallery has-nested-images columns-default is-cropped wp-block-gallery-3 is-layout-flex wp-block-gallery-is-layout-flex\">\n<figure class=\"wp-block-image size-large\"><img decoding=\"async\" width=\"1024\" height=\"575\" data-id=\"4339\" src=\"https:\/\/xn--tuvozdiasporaespaola-k7b.com\/wp-content\/uploads\/2023\/11\/9790e91436db1db5e306024661b9edb6c64078b4-1-1140x640-1-1024x575.jpg\" alt=\"\" class=\"wp-image-4339\" srcset=\"https:\/\/xn--tuvozdiasporaespaola-k7b.com\/wp-content\/uploads\/2023\/11\/9790e91436db1db5e306024661b9edb6c64078b4-1-1140x640-1-1024x575.jpg 1024w, https:\/\/xn--tuvozdiasporaespaola-k7b.com\/wp-content\/uploads\/2023\/11\/9790e91436db1db5e306024661b9edb6c64078b4-1-1140x640-1-300x168.jpg 300w, https:\/\/xn--tuvozdiasporaespaola-k7b.com\/wp-content\/uploads\/2023\/11\/9790e91436db1db5e306024661b9edb6c64078b4-1-1140x640-1-768x431.jpg 768w, https:\/\/xn--tuvozdiasporaespaola-k7b.com\/wp-content\/uploads\/2023\/11\/9790e91436db1db5e306024661b9edb6c64078b4-1-1140x640-1.jpg 1140w\" sizes=\"(max-width: 1024px) 100vw, 1024px\" \/><\/figure>\n<\/figure>\n\n\n\n<p>\u00bf<strong>Por qu\u00e9 no podr\u00e1n gobernar Espa\u00f1a?<\/strong><\/p>\n\n\n\n<p>Muy sencillo, porque los conservadores en este caso son nacionalistas. Tanto el PNV como es Junts por Catalu\u00f1a  no van a dar nunca los votos sabiendo que VOX  est\u00e1 detr\u00e1s del Partido Popular, o sea, ese lastre y ese problema lo tiene el Partido Popular lo tendr\u00e1 que solucionar el Partido Popular y pensar c\u00f3mo  se llega a un gobierno o no se llega  con esos amigos Fascistas y Neonazis,  lo que no se puede poner es en cuestionamiento a la Unidad de Espa\u00f1a porque no est\u00e1 en peligro, nunca est\u00e1 en peligro la unidad de Espa\u00f1a. <\/p>\n\n\n\n<p>Aunque Paje presidente de Castilla la Mancha se quiera convertir en el palad\u00edn del fuego amigo  de la Izquierda para validar la opiniones del PP, VOX o como vulgarmente se dice en Madrid los Cayetanos auspiciados por el poder medi\u00e1tico un poco de verg\u00fcenza ajena de Page creo le hace falta.<\/p>\n\n\n\n<p>Espa\u00f1a es un Estado Plurinacional en este caso y que  alg\u00fan d\u00eda ser\u00e1 un Estado federal. \u00bfPor qu\u00e9? Porque las cosas evolucionan y somos un pa\u00eds moderno y somos un pa\u00eds  Europeo y democr\u00e1tico, estas cuestiones se debatir\u00e1n y  se ir\u00e1 consiguiendo. <\/p>\n\n\n\n<p>Teniendo todos esos derechos seremos mas libres y justos , as\u00ed que no nos traigan misterio, no nos traigan lodo a la pol\u00edtica espa\u00f1ola, no nos traiga malestar a las y los ciudadanos espa\u00f1oles, no queremos grieta, queremos consensos, queremos paz, queremos armon\u00eda, queremos tener un gobierno progresista , pues progresista en este caso fue la decisi\u00f3n de nuestros representantes al definir mayor\u00eda, para que se siga transformando la sociedad  como dir\u00eda PODEMOS desde la fuerza del Parlamento y sus mayor\u00edas.<\/p>\n","protected":false},"excerpt":{"rendered":"<p>Por Manuel Pintado , Argentina El fascismo acecha pidiendo revueltas y desobediencia civil tal vez por eso estas son preguntas que muchas veces nos &#8230; <\/p>\n<p class=\"read-more-container\"><a title=\"\u00bfEst\u00e1 la democracia en  peligro en Espa\u00f1a?.\" class=\"read-more button\" href=\"https:\/\/xn--tuvozdiasporaespaola-k7b.com\/page\/2\/esta-la-democracia-en-peligro-en-espana\/#more-4335\" aria-label=\"M\u00e1s en \u00bfEst\u00e1 la democracia en  peligro en Espa\u00f1a?.\">Leer m\u00e1s<\/a><\/p>\n","protected":false},"author":222560522,"featured_media":4340,"comment_status":"open","ping_status":"open","sticky":false,"template":"","format":"standard","meta":{"footnotes":""},"categories":[121850],"tags":[],"class_list":["post-4335","post","type-post","status-publish","format-standard","has-post-thumbnail","hentry","category-politica","resize-featured-image"],"_links":{"self":[{"href":"https:\/\/xn--tuvozdiasporaespaola-k7b.com\/page\/2\/wp-json\/wp\/v2\/posts\/4335","targetHints":{"allow":["GET"]}}],"collection":[{"href":"https:\/\/xn--tuvozdiasporaespaola-k7b.com\/page\/2\/wp-json\/wp\/v2\/posts"}],"about":[{"href":"https:\/\/xn--tuvozdiasporaespaola-k7b.com\/page\/2\/wp-json\/wp\/v2\/types\/post"}],"author":[{"embeddable":true,"href":"https:\/\/xn--tuvozdiasporaespaola-k7b.com\/page\/2\/wp-json\/wp\/v2\/users\/222560522"}],"replies":[{"embeddable":true,"href":"https:\/\/xn--tuvozdiasporaespaola-k7b.com\/page\/2\/wp-json\/wp\/v2\/comments?post=4335"}],"version-history":[{"count":2,"href":"https:\/\/xn--tuvozdiasporaespaola-k7b.com\/page\/2\/wp-json\/wp\/v2\/posts\/4335\/revisions"}],"predecessor-version":[{"id":4523,"href":"https:\/\/xn--tuvozdiasporaespaola-k7b.com\/page\/2\/wp-json\/wp\/v2\/posts\/4335\/revisions\/4523"}],"wp:featuredmedia":[{"embeddable":true,"href":"https:\/\/xn--tuvozdiasporaespaola-k7b.com\/page\/2\/wp-json\/wp\/v2\/media\/4340"}],"wp:attachment":[{"href":"https:\/\/xn--tuvozdiasporaespaola-k7b.com\/page\/2\/wp-json\/wp\/v2\/media?parent=4335"}],"wp:term":[{"taxonomy":"category","embeddable":true,"href":"https:\/\/xn--tuvozdiasporaespaola-k7b.com\/page\/2\/wp-json\/wp\/v2\/categories?post=4335"},{"taxonomy":"post_tag","embeddable":true,"href":"https:\/\/xn--tuvozdiasporaespaola-k7b.com\/page\/2\/wp-json\/wp\/v2\/tags?post=4335"}],"curies":[{"name":"wp","href":"https:\/\/api.w.org\/{rel}","templated":true}]}}