{"id":4321,"date":"2023-11-10T17:45:03","date_gmt":"2023-11-10T20:45:03","guid":{"rendered":"https:\/\/xn--tuvozdiasporaespaola-k7b.com\/page\/2\/?p=4321"},"modified":"2023-11-10T17:45:04","modified_gmt":"2023-11-10T20:45:04","slug":"espana-presente-en-el-festival-de-cine-de-mar-del-plata","status":"publish","type":"post","link":"https:\/\/xn--tuvozdiasporaespaola-k7b.com\/page\/2\/espana-presente-en-el-festival-de-cine-de-mar-del-plata\/","title":{"rendered":"Espa\u00f1a presente en el FESTIVAL DE CINE DE MAR DEL PLATA"},"content":{"rendered":"\n<p>Walter C. Medina. Redacci\u00f3n de Revista TU VOZ,  Argentina <\/p>\n\n\n\n<p>La <strong>embajadora de Espa\u00f1a en Argentina, Mar\u00eda Jes\u00fas Alonso, y el Consejero Cultural de esa embajada, Roberto Varela, estuvieron presentes en la entrega del Astor a la Trayectoria que en esta edici\u00f3n n\u00famero 38 del Festival Internacional de Cine de Mar del Plata fue para Juan Antonio Bayona<\/strong>. <\/p>\n\n\n\n<p>Los diplom\u00e1ticos se refirieron a las relaciones art\u00edsticas que se producen entre Espa\u00f1a y Argentina, antes de la proyecci\u00f3n de \u201cLa sociedad de la nieve\u201d, la pel\u00edcula del laureado director espa\u00f1ol.<\/p>\n\n\n\n<p>Instantes antes de que Juan Antonio Bayona recibiera el premio Astor a la trayectoria, Alonso y Varela coincidieron en que \u201ctal vez haya m\u00e1s cine argentino en Espa\u00f1a que cine espa\u00f1ol en Argentina\u00bb. <\/p>\n\n\n\n<figure class=\"wp-block-pullquote\"><blockquote><p>Juan Antonio Bayona, premio Astor a la Trayectoria Juan Antonio Bayona<\/p><cite>Festival de cine Mar\u00eda del Plata   Argentina <\/cite><\/blockquote><\/figure>\n\n\n\n<p>El flujo de int\u00e9rpretes argentinos a Espa\u00f1a es tan intenso que nombres como el de Ricardo Dar\u00edn o Leo Sbaraglia son considerados verdaderos ciudadanos ib\u00e9ricos\u201d.<\/p>\n\n\n\n<figure class=\"wp-block-gallery has-nested-images columns-default is-cropped wp-block-gallery-1 is-layout-flex wp-block-gallery-is-layout-flex\">\n<figure class=\"wp-block-image size-large\"><img fetchpriority=\"high\" decoding=\"async\" width=\"1024\" height=\"683\" data-id=\"4331\" src=\"https:\/\/xn--tuvozdiasporaespaola-k7b.com\/wp-content\/uploads\/2023\/11\/embajadora-1-1024x683.jpg\" alt=\"\" class=\"wp-image-4331\" srcset=\"https:\/\/xn--tuvozdiasporaespaola-k7b.com\/wp-content\/uploads\/2023\/11\/embajadora-1-1024x683.jpg 1024w, https:\/\/xn--tuvozdiasporaespaola-k7b.com\/wp-content\/uploads\/2023\/11\/embajadora-1-300x200.jpg 300w, https:\/\/xn--tuvozdiasporaespaola-k7b.com\/wp-content\/uploads\/2023\/11\/embajadora-1-768x512.jpg 768w, https:\/\/xn--tuvozdiasporaespaola-k7b.com\/wp-content\/uploads\/2023\/11\/embajadora-1-1536x1024.jpg 1536w, https:\/\/xn--tuvozdiasporaespaola-k7b.com\/wp-content\/uploads\/2023\/11\/embajadora-1-2048x1365.jpg 2048w\" sizes=\"(max-width: 1024px) 100vw, 1024px\" \/><figcaption class=\"wp-element-caption\">La embajadora de Espa\u00f1a en Argentina, Mar\u00eda Jes\u00fas Alonso, y el consejero cultural de esa embajada, Roberto Varela<\/figcaption><\/figure>\n<\/figure>\n\n\n\n<p>Tal vez haya m\u00e1s cine argentino en Espa\u00f1a que cine espa\u00f1ol en ArgentinaVarela se\u00f1al\u00f3 adem\u00e1s que \u201cHay una cercan\u00eda, m\u00e1s all\u00e1 de que los pa\u00edses hispanos hablamos el mismo idioma. Es muy potente la comuni\u00f3n con Argentina. <\/p>\n\n\n\n<p>Pel\u00edculas como Relatos salvajes, El secreto de sus ojos, Nueve reinas o La odisea de los giles, arrasaron en Espa\u00f1a\u201d.<\/p>\n\n\n\n<p><strong>LA SOCIEDAD DE LA NIEVE<\/strong><\/p>\n\n\n\n<p>La conmovedora realizaci\u00f3n de Juan Antonio Bayona sobre la tragedia de Los Andes recibi\u00f3 merecidos aplausos. A sala llena y con la audiencia de pie, el director catal\u00e1n levant\u00f3 su Astor a la trayectoria. \u201cEste reconocimiento me llena de orgullo. Yo siempre he hecho cine porque ha sido la rama del arte que me entendi\u00f3 mejor, con la que aprend\u00ed a articular la vida\u201d.<\/p>\n\n\n\n<p>\u00ab<strong>Cine argentino unido por la democracia<\/strong>\u00ab<\/p>\n\n\n\n<p>Durante la proyecci\u00f3n de \u201cLa sociedad de la Nieve\u201d estuvieron presentes los actores Enzo Vogrincic(que interpreta a Numa Turcatti), Agust\u00edn Pardella (Nando Parrado) y Mat\u00edas Recalt (Roberto Canessa); las productoras Bel\u00e9n Atienza y Sandra Hermida; y parte del elenco y equipo de producci\u00f3n.\u201cLa sociedad de la nieve\u201d relata la historia de los diecis\u00e9is sobrevivientes de la tragedia de los Andes.<\/p>\n\n\n\n<p>La pel\u00edcula, que este a\u00f1o integra la secci\u00f3n de \u201cAutores y Autoras\u201d del Festival, est\u00e1 basada en el libro de Pablo Vierci y relata la historia de los diecis\u00e9is sobrevivientes de la tragedia de los Andes y las medidas extremas a las que debieron recurrir los pasajeros del vuelo 571 de la Fuerza A\u00e9rea Uruguaya, que se estrell\u00f3 en 1972.<\/p>\n\n\n\n<figure class=\"wp-block-gallery has-nested-images columns-default is-cropped wp-block-gallery-2 is-layout-flex wp-block-gallery-is-layout-flex\">\n<figure class=\"wp-block-image size-large\"><img decoding=\"async\" width=\"647\" height=\"432\" data-id=\"4332\" src=\"https:\/\/xn--tuvozdiasporaespaola-k7b.com\/wp-content\/uploads\/2023\/11\/2023110617465032296.jpg\" alt=\"\" class=\"wp-image-4332\" srcset=\"https:\/\/xn--tuvozdiasporaespaola-k7b.com\/wp-content\/uploads\/2023\/11\/2023110617465032296.jpg 647w, https:\/\/xn--tuvozdiasporaespaola-k7b.com\/wp-content\/uploads\/2023\/11\/2023110617465032296-300x200.jpg 300w\" sizes=\"(max-width: 647px) 100vw, 647px\" \/><\/figure>\n<figcaption class=\"blocks-gallery-caption wp-element-caption\">Juan Antonio Bayona, Premiado.<\/figcaption><\/figure>\n\n\n\n<p>En 1972, el vuelo 571 de la Fuerza A\u00e9rea Uruguaya, que hab\u00eda sido fletado para llevar un equipo de rugby a Chile, se estrell\u00f3 en el coraz\u00f3n de los Andes. S\u00f3lo 29 de sus 45 pasajeros sobrevivieron al accidente. Atrapados en uno de los entornos m\u00e1s hostiles e inaccesibles del planeta, tendr\u00e1n que recurrir a medidas extremas para mantenerse con vida.<\/p>\n\n\n\n<p><strong>\u201cEl camino\u201d, la Espa\u00f1a de Ana Mariscal<\/strong>\u00ab<\/p>\n\n\n\n<p>La Embajadora espa\u00f1ola, <strong>Mar\u00eda Jes\u00fas Alonso, acompa\u00f1\u00f3 a Bayona durante el evento. \u201cApoyamos a todas las pel\u00edculas espa\u00f1olas, hay catorce pel\u00edculas espa\u00f1olas, entre producciones y coproducciones\u201d<\/strong>, dijo. \u201cEspa\u00f1a tiene una larga tradici\u00f3n cinematogr\u00e1fica que gusta en todo el mundo. Hace tiempo que es un cine pujante, Almod\u00f3var puso muy de moda al cine espa\u00f1ol pero ten\u00edamos cine muy bueno desde hace mucho tiempo.<\/p>\n\n\n\n<p>Desde la \u00e9poca anterior a la democracia hemos tenido grandes directores como Bardem, Bu\u00f1uel, hay una tradici\u00f3n y una tradici\u00f3n de cine de autor. Ahora, a lo mejor con Bayona nos metemos en lo que son las grandes producciones. Cine de autor, cine independiente y cine m\u00e1s peque\u00f1o con grandes pel\u00edculas yo creo que ha habido siempre\u201d, remarc\u00f3 Alonso.  <\/p>\n\n\n\n<p><\/p>\n","protected":false},"excerpt":{"rendered":"<p>Walter C. Medina. Redacci\u00f3n de Revista TU VOZ, Argentina La embajadora de Espa\u00f1a en Argentina, Mar\u00eda Jes\u00fas Alonso, y el Consejero Cultural de esa &#8230; <\/p>\n<p class=\"read-more-container\"><a title=\"Espa\u00f1a presente en el FESTIVAL DE CINE DE MAR DEL PLATA\" class=\"read-more button\" href=\"https:\/\/xn--tuvozdiasporaespaola-k7b.com\/page\/2\/espana-presente-en-el-festival-de-cine-de-mar-del-plata\/#more-4321\" aria-label=\"M\u00e1s en Espa\u00f1a presente en el FESTIVAL DE CINE DE MAR DEL PLATA\">Leer m\u00e1s<\/a><\/p>\n","protected":false},"author":222560522,"featured_media":4333,"comment_status":"open","ping_status":"open","sticky":false,"template":"","format":"standard","meta":{"footnotes":""},"categories":[1771],"tags":[],"class_list":["post-4321","post","type-post","status-publish","format-standard","has-post-thumbnail","hentry","category-sociales","resize-featured-image"],"_links":{"self":[{"href":"https:\/\/xn--tuvozdiasporaespaola-k7b.com\/page\/2\/wp-json\/wp\/v2\/posts\/4321","targetHints":{"allow":["GET"]}}],"collection":[{"href":"https:\/\/xn--tuvozdiasporaespaola-k7b.com\/page\/2\/wp-json\/wp\/v2\/posts"}],"about":[{"href":"https:\/\/xn--tuvozdiasporaespaola-k7b.com\/page\/2\/wp-json\/wp\/v2\/types\/post"}],"author":[{"embeddable":true,"href":"https:\/\/xn--tuvozdiasporaespaola-k7b.com\/page\/2\/wp-json\/wp\/v2\/users\/222560522"}],"replies":[{"embeddable":true,"href":"https:\/\/xn--tuvozdiasporaespaola-k7b.com\/page\/2\/wp-json\/wp\/v2\/comments?post=4321"}],"version-history":[{"count":1,"href":"https:\/\/xn--tuvozdiasporaespaola-k7b.com\/page\/2\/wp-json\/wp\/v2\/posts\/4321\/revisions"}],"predecessor-version":[{"id":4334,"href":"https:\/\/xn--tuvozdiasporaespaola-k7b.com\/page\/2\/wp-json\/wp\/v2\/posts\/4321\/revisions\/4334"}],"wp:featuredmedia":[{"embeddable":true,"href":"https:\/\/xn--tuvozdiasporaespaola-k7b.com\/page\/2\/wp-json\/wp\/v2\/media\/4333"}],"wp:attachment":[{"href":"https:\/\/xn--tuvozdiasporaespaola-k7b.com\/page\/2\/wp-json\/wp\/v2\/media?parent=4321"}],"wp:term":[{"taxonomy":"category","embeddable":true,"href":"https:\/\/xn--tuvozdiasporaespaola-k7b.com\/page\/2\/wp-json\/wp\/v2\/categories?post=4321"},{"taxonomy":"post_tag","embeddable":true,"href":"https:\/\/xn--tuvozdiasporaespaola-k7b.com\/page\/2\/wp-json\/wp\/v2\/tags?post=4321"}],"curies":[{"name":"wp","href":"https:\/\/api.w.org\/{rel}","templated":true}]}}