{"id":4319,"date":"2023-11-09T22:18:20","date_gmt":"2023-11-10T01:18:20","guid":{"rendered":"https:\/\/xn--tuvozdiasporaespaola-k7b.com\/page\/2\/?p=4319"},"modified":"2023-11-09T22:27:20","modified_gmt":"2023-11-10T01:27:20","slug":"ha-sido-un-pleno-muy-fructifero","status":"publish","type":"post","link":"https:\/\/xn--tuvozdiasporaespaola-k7b.com\/page\/2\/ha-sido-un-pleno-muy-fructifero\/","title":{"rendered":"\u00abHA SIDO UN PLENO MUY FRUCT\u00cdFERO\u201d"},"content":{"rendered":"\n<p>Por Walter C. Medina , Redacci\u00f3n Revista TU VOZ,  Argentina <\/p>\n\n\n\n<p>En el bloque \u201cTiempos del CRE\u201d, del programa radial \u201cCenizas de Babilonia\u201d, Francisco L\u00f3pez detall\u00f3 todo lo acontecido en la reuni\u00f3n del Consejo General de la Ciudadan\u00eda de Espa\u00f1oles en el Exterior, celebrada en el Museo de la Migraci\u00f3n de la ciudad de Colombres, Asturias.<\/p>\n\n\n\n<p>Las propuestas que se debaten en el pleno est\u00e1n pensadas fundamentalmente para mejorar las condiciones de vida de los espa\u00f1oles residentes en el exterior y al mismo tiempo, para garantizarles desde recursos consulares hasta una representaci\u00f3n propia, as\u00ed como la protecci\u00f3n de las mujeres emigradas, v\u00edctimas de violencia de g\u00e9nero.  <\/p>\n\n\n\n<p>Francisco L\u00f3pez asegur\u00f3 que el pleno  \u201c<strong>ha sido muy fruct\u00edfero en cuanto a resultados y logros\u00bb. <\/strong><\/p>\n\n\n\n<p>En la reuni\u00f3n se est\u00e1n tratando temas tan importantes como la <strong>reforma del Registro Civil, para m\u00e1s gente pueda acceder a la nacionalidad espa\u00f1ola, y que se pueda ya contemplar de una manera uniforme y fija, y no tener que estar pendiente de gane la derecha para que nos quita  derechos, o que gane el progresismo para que los mantenga<\/strong>\u201d.<\/p>\n\n\n\n<p>El acto, realizado en el Museo de la Emigraci\u00f3n de Colombres,  <strong><strong>fue abierto por el Ministro de Seguridad Social y Migraciones, Jos\u00e9 Luis Escriv\u00e1, conjuntamente con Adri\u00e1n Barb\u00f3n, Presidente del Principado de Asturias.<\/strong><\/strong> <\/p>\n\n\n\n<figure class=\"wp-block-gallery has-nested-images columns-default is-cropped wp-block-gallery-1 is-layout-flex wp-block-gallery-is-layout-flex\">\n<figure class=\"wp-block-image size-large\"><img fetchpriority=\"high\" decoding=\"async\" width=\"977\" height=\"626\" data-id=\"4322\" src=\"https:\/\/xn--tuvozdiasporaespaola-k7b.com\/wp-content\/uploads\/2023\/11\/Screenshot_20231109_220415_Chrome.jpg\" alt=\"\" class=\"wp-image-4322\" srcset=\"https:\/\/xn--tuvozdiasporaespaola-k7b.com\/wp-content\/uploads\/2023\/11\/Screenshot_20231109_220415_Chrome.jpg 977w, https:\/\/xn--tuvozdiasporaespaola-k7b.com\/wp-content\/uploads\/2023\/11\/Screenshot_20231109_220415_Chrome-300x192.jpg 300w, https:\/\/xn--tuvozdiasporaespaola-k7b.com\/wp-content\/uploads\/2023\/11\/Screenshot_20231109_220415_Chrome-768x492.jpg 768w\" sizes=\"(max-width: 977px) 100vw, 977px\" \/><figcaption class=\"wp-element-caption\">Violeta Alonso, Adri\u00e1n Barb\u00f3n, Escriv\u00e1 y Santiago Yerga. PACO PAREDES<\/figcaption><\/figure>\n<\/figure>\n\n\n\n<p>\u201cEscriv\u00e1 comunic\u00f3 la nueva <strong>reforma que se est\u00e1 haciendo en el Estatuto de Espa\u00f1oles en el Exterior <\/strong>que llevaba bastante tiempo sin reformar y que indudablemente necesita una actualizaci\u00f3n, porque la inmigraci\u00f3n no es la misma que hab\u00eda hace treinta a\u00f1os; es una inmigraci\u00f3n nueva, y muchas veces tambi\u00e9n de descendientes que se est\u00e1n incorporando.<\/p>\n\n\n\n<p> Tambi\u00e9n habl\u00f3 del apoyo incondicional por parte del Ministerio a lo que son las propuestas y para la implementaci\u00f3n que se puede hacer en a\u00f1os sucesivos o en meses. Siempre contando con c\u00f3mo se confecciona el nuevo gabinete del Gobierno de Espa\u00f1a\u201d, destac\u00f3 L\u00f3pez.<\/p>\n\n\n\n<p>As\u00ed mismo, el presentador de \u201cCenizas de Babilonia. Di\u00e1spora Espa\u00f1ola\u201d destac\u00f3 el hincapi\u00e9 que hizo el Presidente del Principado de Asturias, Adri\u00e1n Barb\u00f3n, en el tema de las circunscripciones.  \u201c<strong>Apoy\u00f3 a todas las reformas que se quieren plantear para que las tome el Gobierno de Espa\u00f1a, para que el Congreso de los Diputados y los partidos pol\u00edticos empiecen a trabajar en ellas. <\/strong><\/p>\n\n\n\n<p>David Casarejos lo ha explicado muy bien. <strong>Hay dos circunscripciones. Una que ir\u00eda Europa y resto del mundo, y otra que englobar\u00eda a Am\u00e9rica y Am\u00e9rica Latina.<\/strong> <\/p>\n\n\n\n<p>Hay que tener en cuenta que los problemas no son los mismos en Europa que en otras partes del mundo, por eso es importante que no sea una circunscripci\u00f3n \u00fanica, sino que sean varias. De hecho Adri\u00e1n Barb\u00f3n dijo que intentar\u00e1 incorporarlos dentro de las elecciones auton\u00f3micas. <\/p>\n\n\n\n<p>Tambi\u00e9n intervino el Subsecretario de Inmigraciones, <strong>Luis Manuel Cuesta, quien explic\u00f3 c\u00f3mo van los procesos de solicitud de ciudadan\u00eda. Ahora mismo est\u00e1 en torno a las 154 mil solicitudes aceptada<\/strong>s <strong>y 52.000 resueltas .<\/strong> <\/p>\n\n\n\n<p>Intervino tambi\u00e9n Miranda, por la Comunidad Aut\u00f3noma de Galicia, aunque no sent\u00f3 muy bien ese intento de protagonismo, haciendo que <strong>intervinieran otros dirigentes auton\u00f3micos, de autonom\u00edas que le pertenecen al Partido Popular, para intentar decir, \u201cmira, nosotros hacemos esto, esto, esto y esto\u201d. Pero tienen que darse cuenta de que esto no es un mitin pol\u00edtico, <\/strong>sino que es un acto para la di\u00e1spora espa\u00f1ola, y que contempla la discusi\u00f3n de derechos, conseguir nuevas implementaciones para los ciudadanos que est\u00e1n fuera\u201d.<\/p>\n\n\n\n<figure class=\"wp-block-gallery has-nested-images columns-default is-cropped wp-block-gallery-2 is-layout-flex wp-block-gallery-is-layout-flex\">\n<figure class=\"wp-block-image size-large\"><img decoding=\"async\" width=\"1024\" height=\"630\" data-id=\"4323\" src=\"https:\/\/xn--tuvozdiasporaespaola-k7b.com\/wp-content\/uploads\/2023\/11\/1053021-1024x630-1.jpg\" alt=\"\" class=\"wp-image-4323\" srcset=\"https:\/\/xn--tuvozdiasporaespaola-k7b.com\/wp-content\/uploads\/2023\/11\/1053021-1024x630-1.jpg 1024w, https:\/\/xn--tuvozdiasporaespaola-k7b.com\/wp-content\/uploads\/2023\/11\/1053021-1024x630-1-300x185.jpg 300w, https:\/\/xn--tuvozdiasporaespaola-k7b.com\/wp-content\/uploads\/2023\/11\/1053021-1024x630-1-768x473.jpg 768w\" sizes=\"(max-width: 1024px) 100vw, 1024px\" \/><\/figure>\n<\/figure>\n\n\n\n<p>Francisco L\u00f3pez record\u00f3 tambi\u00e9n la importancia de la presentaci\u00f3n de la <strong>Comisi\u00f3n de la Mujer, que \u201cha presentado un nuevo protocolo por el tema de malos tratos, la postura acerca del vientre de alquiler, y muchos otros temas que son muy importantes para las mujeres que est\u00e1n fuera y que a veces se sienten a la deriva. <\/strong><\/p>\n\n\n\n<p><strong>Hay un convenio con el Colegio de Abogados de Espa\u00f1a para que puedan defender en el exterior a las v\u00edctimas de violencia de g\u00e9nero, sin coste; y no estar a expensas de que se tenga o no dinero para pagar\u201d   <\/strong><\/p>\n\n\n\n<p>Tambi\u00e9n se desarrollaron  debates  de las propuestas de la Comisi\u00f3n de Asuntos Sociolaborales tales como un nuevo <strong>convenio colectivo para el PLEX y aumento del personal  Incremento del presupuesto consular en funci\u00f3n de los espa\u00f1oles residentes o  Inclusi\u00f3n en el programa del IMSERSO a residentes fuera de la UE<\/strong>( Propuesta <strong>reclamada por la Red de C\u00edrculos de Am\u00e9rica<\/strong> y la mayor\u00eda de los CREs.<\/p>\n\n\n\n<p> Otras propuestas fueron aprobadas  tales como que Gobierno que <strong>aumente el presupuesto destinado a este colectivo en consonancia con el incremento del n\u00famero de espa\u00f1oles residentes en el extranjero o referentes a  la constituci\u00f3n, elecci\u00f3n y funcionamiento de los Consejos de Residentes Espa\u00f1oles (CRE). Todas las modificaciones que se reclaman, nada menos que 14 cambios en el articulado de dicha Orden, tienen como objetivo facilitar la constituci\u00f3n de los CRE <\/strong>y la participaci\u00f3n de los espa\u00f1oles en el exterior en su constituci\u00f3n, as\u00ed como la unificaci\u00f3n de criterios sobre la aplicaci\u00f3n de esta normativa.<\/p>\n\n\n\n<figure class=\"wp-block-gallery has-nested-images columns-default is-cropped wp-block-gallery-3 is-layout-flex wp-block-gallery-is-layout-flex\">\n<figure class=\"wp-block-image size-large\"><img decoding=\"async\" width=\"1024\" height=\"768\" data-id=\"4324\" src=\"https:\/\/xn--tuvozdiasporaespaola-k7b.com\/wp-content\/uploads\/2023\/11\/20231109_221435-1024x768.jpg\" alt=\"\" class=\"wp-image-4324\" srcset=\"https:\/\/xn--tuvozdiasporaespaola-k7b.com\/wp-content\/uploads\/2023\/11\/20231109_221435-1024x768.jpg 1024w, https:\/\/xn--tuvozdiasporaespaola-k7b.com\/wp-content\/uploads\/2023\/11\/20231109_221435-300x225.jpg 300w, https:\/\/xn--tuvozdiasporaespaola-k7b.com\/wp-content\/uploads\/2023\/11\/20231109_221435-768x576.jpg 768w, https:\/\/xn--tuvozdiasporaespaola-k7b.com\/wp-content\/uploads\/2023\/11\/20231109_221435-1536x1152.jpg 1536w, https:\/\/xn--tuvozdiasporaespaola-k7b.com\/wp-content\/uploads\/2023\/11\/20231109_221435.jpg 2048w\" sizes=\"(max-width: 1024px) 100vw, 1024px\" \/><\/figure>\n<\/figure>\n\n\n\n<p><strong>Representantes de los Grupos Parlamentarios del Partido Socialista  y  de la Coalici\u00f3n  Sumarc donde esta integrada PODEMOS<\/strong>  intervienen en la \u00faltima parte del Pleno del CGCEE<\/p>\n\n\n\n<p>                         <\/p>\n","protected":false},"excerpt":{"rendered":"<p>Por Walter C. Medina , Redacci\u00f3n Revista TU VOZ, Argentina En el bloque \u201cTiempos del CRE\u201d, del programa radial \u201cCenizas de Babilonia\u201d, Francisco L\u00f3pez &#8230; <\/p>\n<p class=\"read-more-container\"><a title=\"\u00abHA SIDO UN PLENO MUY FRUCT\u00cdFERO\u201d\" class=\"read-more button\" href=\"https:\/\/xn--tuvozdiasporaespaola-k7b.com\/page\/2\/ha-sido-un-pleno-muy-fructifero\/#more-4319\" aria-label=\"M\u00e1s en \u00abHA SIDO UN PLENO MUY FRUCT\u00cdFERO\u201d\">Leer m\u00e1s<\/a><\/p>\n","protected":false},"author":222560522,"featured_media":4325,"comment_status":"open","ping_status":"open","sticky":false,"template":"","format":"standard","meta":{"footnotes":""},"categories":[121854],"tags":[],"class_list":["post-4319","post","type-post","status-publish","format-standard","has-post-thumbnail","hentry","category-consejo-de-residentes-espanoles","resize-featured-image"],"_links":{"self":[{"href":"https:\/\/xn--tuvozdiasporaespaola-k7b.com\/page\/2\/wp-json\/wp\/v2\/posts\/4319","targetHints":{"allow":["GET"]}}],"collection":[{"href":"https:\/\/xn--tuvozdiasporaespaola-k7b.com\/page\/2\/wp-json\/wp\/v2\/posts"}],"about":[{"href":"https:\/\/xn--tuvozdiasporaespaola-k7b.com\/page\/2\/wp-json\/wp\/v2\/types\/post"}],"author":[{"embeddable":true,"href":"https:\/\/xn--tuvozdiasporaespaola-k7b.com\/page\/2\/wp-json\/wp\/v2\/users\/222560522"}],"replies":[{"embeddable":true,"href":"https:\/\/xn--tuvozdiasporaespaola-k7b.com\/page\/2\/wp-json\/wp\/v2\/comments?post=4319"}],"version-history":[{"count":4,"href":"https:\/\/xn--tuvozdiasporaespaola-k7b.com\/page\/2\/wp-json\/wp\/v2\/posts\/4319\/revisions"}],"predecessor-version":[{"id":4330,"href":"https:\/\/xn--tuvozdiasporaespaola-k7b.com\/page\/2\/wp-json\/wp\/v2\/posts\/4319\/revisions\/4330"}],"wp:featuredmedia":[{"embeddable":true,"href":"https:\/\/xn--tuvozdiasporaespaola-k7b.com\/page\/2\/wp-json\/wp\/v2\/media\/4325"}],"wp:attachment":[{"href":"https:\/\/xn--tuvozdiasporaespaola-k7b.com\/page\/2\/wp-json\/wp\/v2\/media?parent=4319"}],"wp:term":[{"taxonomy":"category","embeddable":true,"href":"https:\/\/xn--tuvozdiasporaespaola-k7b.com\/page\/2\/wp-json\/wp\/v2\/categories?post=4319"},{"taxonomy":"post_tag","embeddable":true,"href":"https:\/\/xn--tuvozdiasporaespaola-k7b.com\/page\/2\/wp-json\/wp\/v2\/tags?post=4319"}],"curies":[{"name":"wp","href":"https:\/\/api.w.org\/{rel}","templated":true}]}}