{"id":4301,"date":"2023-11-08T22:40:02","date_gmt":"2023-11-09T01:40:02","guid":{"rendered":"https:\/\/xn--tuvozdiasporaespaola-k7b.com\/page\/2\/?p=4301"},"modified":"2023-11-08T22:40:03","modified_gmt":"2023-11-09T01:40:03","slug":"ecuador-es-un-narco-estado","status":"publish","type":"post","link":"https:\/\/xn--tuvozdiasporaespaola-k7b.com\/page\/2\/ecuador-es-un-narco-estado\/","title":{"rendered":"\u201cECUADOR ES UN NARCO-ESTADO\u201d"},"content":{"rendered":"\n<p>Por Walter C. Medina.<\/p>\n\n\n\n<p>Alex Flores, miembro de la Plataforma Va Por Ti Ecuador e integrante del Consejo de Coordinaci\u00f3n de Red de C\u00edrculos Podemos Am\u00e9rica , dialog\u00f3 con Francisco L\u00f3pez y Roberto San Mart\u00edn durante el bloque La Entrevista del programa radial \u201cCenizas de Babilonia. Di\u00e1spora Espa\u00f1ola\u201d que emite AM 830 Radio del Pueblo.<\/p>\n\n\n\n<p> \u201c<strong>Aqu\u00ed tenemos el narcotr\u00e1fico metido en el Estado, por eso he comentado que actualmente Ecuador es un narco estado\u201d, <\/strong>sostuvo Flores en referencia a la situaci\u00f3n que atraviesa el pa\u00eds.<\/p>\n\n\n\n<p><strong>\u00bfA qu\u00e9 apuntan las primeras decisiones de gobierno de Daniel Noboa?<\/strong><\/p>\n\n\n\n<p>Pr\u00e1cticamente a nada, porque el se\u00f1or Daniel Noboa, que fue electo presidente de Ecuador, est\u00e1 ausente, se ha ido al extranjero, est\u00e1 por Espa\u00f1a dando un pase\u00edto.<\/p>\n\n\n\n<p>Y es contraproducente porque ahora mismo Ecuador est\u00e1 atravesando una crisis energ\u00e9tica que no se la ve\u00eda en d\u00e9cadas, con cortes de luz por la inoperancia, la ineptitud y la corrupci\u00f3n, la narco-corrupci\u00f3n del presidente saliente. Guillermo Lasso. <\/p>\n\n\n\n<p>Ni siquiera ha tenido una declaraci\u00f3n sobre este tema energ\u00e9tico que fue uno de los puntales en sus participaciones en los debates presidenciales; parec\u00eda que era un experto en el tema, pero curiosamente, incluso ya siendo electo presidente de Ecuador, brilla por su ausencia.<\/p>\n\n\n\n<figure class=\"wp-block-gallery has-nested-images columns-default is-cropped wp-block-gallery-1 is-layout-flex wp-block-gallery-is-layout-flex\">\n<figure class=\"wp-block-image size-large\"><img fetchpriority=\"high\" decoding=\"async\" width=\"1024\" height=\"733\" data-id=\"4313\" src=\"https:\/\/xn--tuvozdiasporaespaola-k7b.com\/wp-content\/uploads\/2023\/11\/rss-efe91127e4160d80cbf1d8288f72317e9872f3f62a9w-1024x733-1.webp\" alt=\"\" class=\"wp-image-4313\" srcset=\"https:\/\/xn--tuvozdiasporaespaola-k7b.com\/wp-content\/uploads\/2023\/11\/rss-efe91127e4160d80cbf1d8288f72317e9872f3f62a9w-1024x733-1.webp 1024w, https:\/\/xn--tuvozdiasporaespaola-k7b.com\/wp-content\/uploads\/2023\/11\/rss-efe91127e4160d80cbf1d8288f72317e9872f3f62a9w-1024x733-1-300x215.webp 300w, https:\/\/xn--tuvozdiasporaespaola-k7b.com\/wp-content\/uploads\/2023\/11\/rss-efe91127e4160d80cbf1d8288f72317e9872f3f62a9w-1024x733-1-768x550.webp 768w\" sizes=\"(max-width: 1024px) 100vw, 1024px\" \/><\/figure>\n<\/figure>\n\n\n\n<p><strong>El gobierno norteamericano est\u00e1 intentando volver a esa colonizaci\u00f3n, \u00bfNos puedes decir algo acerca de esto?<\/strong><\/p>\n\n\n\n<p>Guillermo Lasso, en esa sumisi\u00f3n al imperio norteamericano, ha formado unos convenios de seguridad que no se sabe exactamente a qu\u00e9 se refiere. Cada vez que interviene Estados Unidos en un pa\u00eds para mejorar las cosas, las empeoran. <\/p>\n\n\n\n<p>Aqu\u00ed tenemos el narcotr\u00e1fico metido en el Estado, por eso he comentado que actualmente Ecuador es un narco estado, y no se sabe cu\u00e1les son esas medidas de seguridad. Desde la plataforma Va Por Ti Ecuador hemos enviado un oficio para que nos diga el se\u00f1or Guillermo Lasso cu\u00e1nto nos cuesta traer nada m\u00e1s ni nada menos que al FBI para que ayude aqu\u00ed. <\/p>\n\n\n\n<p>Y ante esa inoperancia mantiene de forma inexplicable al Ministro del Interior que est\u00e1 a cargo de la polic\u00eda. Nos han contestado que no saben cu\u00e1nto sale traer al FBI al Ecuador porque ellos no lo han pedido. Es incre\u00edble. <\/p>\n\n\n\n<p>La \u00fanica instituci\u00f3n que puede haber solicitado eso es la fiscal\u00eda general del Estado, pero a saber con qu\u00e9 atribuciones se han tomado esas peyorativas que pueden ser incluso un acto inconstitucional de la fiscal Diana Salazar. Y en el tema de los acuerdos de cooperaciones en seguridad, tambi\u00e9n hemos enviado oficios al se\u00f1or Lasso y nos han respondido que b\u00e1sicamente eso es secreto.<\/p>\n\n\n\n<figure class=\"wp-block-gallery has-nested-images columns-default is-cropped wp-block-gallery-2 is-layout-flex wp-block-gallery-is-layout-flex\">\n<figure class=\"wp-block-image size-full\"><img decoding=\"async\" width=\"1000\" height=\"1000\" data-id=\"4315\" src=\"https:\/\/xn--tuvozdiasporaespaola-k7b.com\/wp-content\/uploads\/2023\/11\/xb151512515eb122d549ee36d9fac11de_L.jpgqt20230426_204311.pagespeed.ic_.DByy9CM6Hy.jpeg\" alt=\"\" class=\"wp-image-4315\" srcset=\"https:\/\/xn--tuvozdiasporaespaola-k7b.com\/wp-content\/uploads\/2023\/11\/xb151512515eb122d549ee36d9fac11de_L.jpgqt20230426_204311.pagespeed.ic_.DByy9CM6Hy.jpeg 1000w, https:\/\/xn--tuvozdiasporaespaola-k7b.com\/wp-content\/uploads\/2023\/11\/xb151512515eb122d549ee36d9fac11de_L.jpgqt20230426_204311.pagespeed.ic_.DByy9CM6Hy-300x300.jpeg 300w, https:\/\/xn--tuvozdiasporaespaola-k7b.com\/wp-content\/uploads\/2023\/11\/xb151512515eb122d549ee36d9fac11de_L.jpgqt20230426_204311.pagespeed.ic_.DByy9CM6Hy-150x150.jpeg 150w, https:\/\/xn--tuvozdiasporaespaola-k7b.com\/wp-content\/uploads\/2023\/11\/xb151512515eb122d549ee36d9fac11de_L.jpgqt20230426_204311.pagespeed.ic_.DByy9CM6Hy-768x768.jpeg 768w\" sizes=\"(max-width: 1000px) 100vw, 1000px\" \/><figcaption class=\"wp-element-caption\">La lista de pa\u00edses que dolarizaron su econom\u00eda es la siguiente: Ecuador, El Salvador y Panam\u00e1 en Am\u00e9rica Latina, a la que hay que sumarle Montenegro, Palaus, Kosovo, Islas Marshall, Micronesia, Timor Oriental, Bonaire, Islas Turcas y Caicos, Islas V\u00edrgenes Brit\u00e1nicas e Isla de Saba<\/figcaption><\/figure>\n<\/figure>\n\n\n\n<p>\u00bf<strong>Qu\u00e9 est\u00e1 pasando en Podemos Exterior? <\/strong>Nosotros en Podemos Exterior venimos soportando ataques sistem\u00e1ticos por parte de la representante. <\/p>\n\n\n\n<p>Ante estos ataques , desde el C\u00edrculo de Podemos Ecuador-Per\u00fa decidimos no reconocerla como nuestra representante, (el otro representante renunci\u00f3 al inicio del per\u00edodo por discrepancias con Patricia Fesser)<\/p>\n\n\n\n<p>Ha tenido unas afirmaciones, en la reciente \u00e1gora 18 de Podemos Exterior donde ha incidido en muchas falacias y mentiras , en donde ya hemos tenido que pedir a la red de C\u00edrculo de Podemos Am\u00e9rica que intervenga y  un pedido a que act\u00fae la Comisi\u00f3n de Garant\u00edas de Podemos. <\/p>\n\n\n\n<p>A los compa\u00f1eros de Podemos Exterior, entrar en estas minucias creo no suma , habiendo tantos temas de urgencia a los dos lados del charco por lo que est\u00e1 pasando en Ucrania, la OTAN y Rusia, y ahora con el genocidio en Palestina, a crisis energ\u00e9tica que apuntaba Irene de Miguel, son muchas cosas de alto calado para perder tiempo en ese tipo de embrollos, pero que es necesario que se resuelva de alguna forma. <\/p>\n\n\n\n<p>\u00bf<strong>C\u00f3mo est\u00e1 viviendo Ecuador el conflicto, el sionismo contra el pueblo de Gaza? \u00bfHay manifestaciones o actos de protesta?<\/strong><\/p>\n\n\n\n<p>Para empezar, Pedro P\u00e1ez, que es un catedr\u00e1tico en estos temas y fue ministro de econom\u00eda de Rafael Correa, lo ven\u00eda advirtiendo desde hace m\u00e1s de un a\u00f1o. En unos foros internacionales que hicimos desde la plataforma Va Por Ti Ecuador, en donde el objetivo es latinoamericanizar Europa a trav\u00e9s de la deuda y con todo lo que es la crisis energ\u00e9tica, en esa sumisi\u00f3n empezando por Espa\u00f1a en una posici\u00f3n incomprensible de presidente Pedro S\u00e1nchez, en donde est\u00e1 agrav\u00e1ndose la situaci\u00f3n econ\u00f3mica a pasos agigantados. <\/p>\n\n\n\n<p>Latinoamericanizar Europa es a trav\u00e9s del dominio de la deuda; los pa\u00edses europeos est\u00e1n hiper-endeudados. <\/p>\n\n\n\n<p>Por desgracia Ecuador est\u00e1 siendo la punta de lanza de todo el continente latinoamericano, con la complicidad de Guillermo Lasso. <\/p>\n\n\n\n<p>La posici\u00f3n de la poblaci\u00f3n de Ecuador, am\u00e9n del silencio por parte de la Canciller\u00eda ecuatoriana y del r\u00e9gimen de Lasso que se ha puesto de lado de Israel, estamos a favor del pueblo palestino y rechazamos el genocidio de estos sionistas de Israel. <\/p>\n\n\n\n<figure class=\"wp-block-gallery has-nested-images columns-default is-cropped wp-block-gallery-3 is-layout-flex wp-block-gallery-is-layout-flex\">\n<figure class=\"wp-block-image size-large\"><img decoding=\"async\" width=\"405\" height=\"230\" data-id=\"4316\" src=\"https:\/\/xn--tuvozdiasporaespaola-k7b.com\/wp-content\/uploads\/2023\/11\/CUTXPAZDESTACADO-01.jpg\" alt=\"\" class=\"wp-image-4316\" srcset=\"https:\/\/xn--tuvozdiasporaespaola-k7b.com\/wp-content\/uploads\/2023\/11\/CUTXPAZDESTACADO-01.jpg 405w, https:\/\/xn--tuvozdiasporaespaola-k7b.com\/wp-content\/uploads\/2023\/11\/CUTXPAZDESTACADO-01-300x170.jpg 300w\" sizes=\"(max-width: 405px) 100vw, 405px\" \/><\/figure>\n<\/figure>\n\n\n\n<p>Hoy hay una concentraci\u00f3n en Quito, semana a semana se est\u00e1n convocando estas manifestaciones, en la Universidad Central. Ser\u00e1 una marcha por Palestina y en rechazo al genocidio que, dicho sea de paso, en la cuenta Twitter Hoy Palestina public\u00f3 un video donde la polic\u00eda israel\u00ed, en plena Jerusal\u00e9n, atac\u00f3 violentamente al barrio de jud\u00edos anti sionistas en Jerusal\u00e9n por mostrar banderas de Palestina en apoyo al pueblo palestino y en rechazo a la barbarie de estos psic\u00f3patas. <\/p>\n\n\n\n<p>La mayor\u00eda del pueblo jud\u00edo est\u00e1 en contra del genocidio que se est\u00e1 produciendo en Palestina.       <\/p>\n","protected":false},"excerpt":{"rendered":"<p>Por Walter C. Medina. Alex Flores, miembro de la Plataforma Va Por Ti Ecuador e integrante del Consejo de Coordinaci\u00f3n de Red de C\u00edrculos &#8230; <\/p>\n<p class=\"read-more-container\"><a title=\"\u201cECUADOR ES UN NARCO-ESTADO\u201d\" class=\"read-more button\" href=\"https:\/\/xn--tuvozdiasporaespaola-k7b.com\/page\/2\/ecuador-es-un-narco-estado\/#more-4301\" aria-label=\"M\u00e1s en \u201cECUADOR ES UN NARCO-ESTADO\u201d\">Leer m\u00e1s<\/a><\/p>\n","protected":false},"author":222560522,"featured_media":4317,"comment_status":"open","ping_status":"open","sticky":false,"template":"","format":"standard","meta":{"footnotes":""},"categories":[121868,121850],"tags":[],"class_list":["post-4301","post","type-post","status-publish","format-standard","has-post-thumbnail","hentry","category-latinoamerica","category-politica","resize-featured-image"],"_links":{"self":[{"href":"https:\/\/xn--tuvozdiasporaespaola-k7b.com\/page\/2\/wp-json\/wp\/v2\/posts\/4301","targetHints":{"allow":["GET"]}}],"collection":[{"href":"https:\/\/xn--tuvozdiasporaespaola-k7b.com\/page\/2\/wp-json\/wp\/v2\/posts"}],"about":[{"href":"https:\/\/xn--tuvozdiasporaespaola-k7b.com\/page\/2\/wp-json\/wp\/v2\/types\/post"}],"author":[{"embeddable":true,"href":"https:\/\/xn--tuvozdiasporaespaola-k7b.com\/page\/2\/wp-json\/wp\/v2\/users\/222560522"}],"replies":[{"embeddable":true,"href":"https:\/\/xn--tuvozdiasporaespaola-k7b.com\/page\/2\/wp-json\/wp\/v2\/comments?post=4301"}],"version-history":[{"count":2,"href":"https:\/\/xn--tuvozdiasporaespaola-k7b.com\/page\/2\/wp-json\/wp\/v2\/posts\/4301\/revisions"}],"predecessor-version":[{"id":4318,"href":"https:\/\/xn--tuvozdiasporaespaola-k7b.com\/page\/2\/wp-json\/wp\/v2\/posts\/4301\/revisions\/4318"}],"wp:featuredmedia":[{"embeddable":true,"href":"https:\/\/xn--tuvozdiasporaespaola-k7b.com\/page\/2\/wp-json\/wp\/v2\/media\/4317"}],"wp:attachment":[{"href":"https:\/\/xn--tuvozdiasporaespaola-k7b.com\/page\/2\/wp-json\/wp\/v2\/media?parent=4301"}],"wp:term":[{"taxonomy":"category","embeddable":true,"href":"https:\/\/xn--tuvozdiasporaespaola-k7b.com\/page\/2\/wp-json\/wp\/v2\/categories?post=4301"},{"taxonomy":"post_tag","embeddable":true,"href":"https:\/\/xn--tuvozdiasporaespaola-k7b.com\/page\/2\/wp-json\/wp\/v2\/tags?post=4301"}],"curies":[{"name":"wp","href":"https:\/\/api.w.org\/{rel}","templated":true}]}}