{"id":4299,"date":"2023-11-05T23:36:40","date_gmt":"2023-11-06T02:36:40","guid":{"rendered":"https:\/\/xn--tuvozdiasporaespaola-k7b.com\/page\/2\/?p=4299"},"modified":"2023-11-30T05:31:20","modified_gmt":"2023-11-30T08:31:20","slug":"solo-somos-utiles-si-podemos-transformar-la-realidad","status":"publish","type":"post","link":"https:\/\/xn--tuvozdiasporaespaola-k7b.com\/page\/2\/solo-somos-utiles-si-podemos-transformar-la-realidad\/","title":{"rendered":"\u201cSOLO SOMOS \u00daTILES SI PODEMOS TRANSFORMAR LA REALIDAD\u201d"},"content":{"rendered":"\n<p>Transcripci\u00f3n efectuada por Walter C. Medina<\/p>\n\n\n\n<p>ENTREVISTA A IRENE DE MIGUEL<\/p>\n\n\n\n<p>La Candidata a la Presidencia de la Junta de Extremadura en las pasadas elecciones auton\u00f3micas del 28 mayo por Podemos y Diputada por la misma formaci\u00f3n, Irene de Miguel, se refiri\u00f3 a la situaci\u00f3n de Extremadura en los primeros meses de la coalici\u00f3n del PP y VOX. <\/p>\n\n\n\n<p>En una entrevista concedida al programa radiof\u00f3nico \u201cCenizas de Babilonia-Di\u00e1spora Espa\u00f1ola\u201d (AM 830 Radio del Pueblo), efectuada por Roberto San Mart\u00edn, habl\u00f3 adem\u00e1s de las amenazas que recibi\u00f3 hace unos d\u00edas atr\u00e1s, del futuro ambiental de la comunidad auton\u00f3mica extreme\u00f1a y de la transformaci\u00f3n que, desde su punto de vista, debe hacer Podemos de cara a las nuevas demandas sociales. <\/p>\n\n\n\n<figure class=\"wp-block-gallery has-nested-images columns-default is-cropped wp-block-gallery-1 is-layout-flex wp-block-gallery-is-layout-flex\">\n<figure class=\"wp-block-image size-large\"><img fetchpriority=\"high\" decoding=\"async\" width=\"600\" height=\"400\" data-id=\"4303\" src=\"https:\/\/xn--tuvozdiasporaespaola-k7b.com\/wp-content\/uploads\/2023\/11\/600x400_fotonoticia_20231020082311_1920.jpg\" alt=\"\" class=\"wp-image-4303\" srcset=\"https:\/\/xn--tuvozdiasporaespaola-k7b.com\/wp-content\/uploads\/2023\/11\/600x400_fotonoticia_20231020082311_1920.jpg 600w, https:\/\/xn--tuvozdiasporaespaola-k7b.com\/wp-content\/uploads\/2023\/11\/600x400_fotonoticia_20231020082311_1920-300x200.jpg 300w\" sizes=\"(max-width: 600px) 100vw, 600px\" \/><\/figure>\n<\/figure>\n\n\n\n<p><strong>\u00bfC\u00f3mo te encuentras luego de las amenazas recibidas en la asamblea de Extremadura por parte de la popular Sandra Valencia?<\/strong><\/p>\n\n\n\n<p>Pues, la verdad es que no es nada agradable recibir amenazas y de la manera que fueron; porque no fue a m\u00ed, fue a mi hijo, y creo que es intolerable, que hay l\u00edneas que no se deben de cruzar nunca, ni en la pol\u00edtica ni en la vida. Y en este caso creo que era importante poner pie en pared y fui a la polic\u00eda y denunci\u00e9 el hecho. <\/p>\n\n\n\n<p>La verdad es que me he sentido muy arropada por parte de compa\u00f1eros de partido a nivel nacional por parte compa\u00f1eros de otras formaciones pol\u00edticas, del espacio de transformaci\u00f3n de izquierdas, tambi\u00e9n por parte de compa\u00f1eros del Partido Socialista en Extremadura.<\/p>\n\n\n\n<p> Me siento abrumada por todas las muestras de cari\u00f1o, de afecto, y sobre todo por parte de mis compa\u00f1eros de Podemos Extremadura y de Unidas por Extremadura. <\/p>\n\n\n\n<p>Ha sido una situaci\u00f3n muy desagradable, pero me siento muy arropada y con mucha energ\u00eda para seguir dando pelea. Lo que quieren es disciplinarnos, que  no nos dediquemos a esto, que no levantemos la vos. Y creo que van a conseguir todo lo contrario, que ahora tengan muchas m\u00e1s voces.<\/p>\n\n\n\n<p> <strong>\u00bfAlguien de la derecha te ha apoyado o te ha pedido disculpas?<\/strong><\/p>\n\n\n\n<p>La \u00fanica persona que me llam\u00f3 del gobierno de la se\u00f1ora Guardiola, fue el consejero de VOX. Tal como lo est\u00e1is oyendo. <\/p>\n\n\n\n<p>Fue el consejero nuevo de VOX que me llam\u00f3 y me dijo que me mandaba un abrazo y que esas cosas no se pod\u00edan permitir y que no se hab\u00eda enterado de nada.<\/p>\n\n\n\n<p> La verdad es que me sorprendi\u00f3 much\u00edsimo que me llamara y ha sido el \u00fanico que se ha dignado del gobierno de PP y Vox.<\/p>\n\n\n\n<figure class=\"wp-block-gallery has-nested-images columns-default is-cropped wp-block-gallery-2 is-layout-flex wp-block-gallery-is-layout-flex\">\n<figure class=\"wp-block-image size-large\"><img decoding=\"async\" width=\"480\" height=\"360\" data-id=\"4304\" src=\"https:\/\/xn--tuvozdiasporaespaola-k7b.com\/wp-content\/uploads\/2023\/11\/hqdefault.jpg\" alt=\"\" class=\"wp-image-4304\" srcset=\"https:\/\/xn--tuvozdiasporaespaola-k7b.com\/wp-content\/uploads\/2023\/11\/hqdefault.jpg 480w, https:\/\/xn--tuvozdiasporaespaola-k7b.com\/wp-content\/uploads\/2023\/11\/hqdefault-300x225.jpg 300w\" sizes=\"(max-width: 480px) 100vw, 480px\" \/><\/figure>\n<\/figure>\n\n\n\n<p><strong>\u00bfC\u00f3mo es el ambiente pol\u00edtico en Extremadura despu\u00e9s del golpe de mano efectuado por la se\u00f1ora Guardiola y el PP en su coalici\u00f3n con VOX?<\/strong><\/p>\n\n\n\n<p>La se\u00f1ora Guardiola lleg\u00f3 rasg\u00e1ndose las vestiduras al gobierno, diciendo que ella nunca pactar\u00eda con VOX, que era un partido que deshumanizaba a los inmigrantes, que echaba a la basura los derechos del colectivo LGTBI, y que negaba la violencia machista, y que ella nunca llegar\u00eda a un gobierno con esta gente.<\/p>\n\n\n\n<p> A la semana estaba firmando un acuerdo de gobierno, donde hab\u00eda perlas como la derogaci\u00f3n de la Ley de Memoria Democr\u00e1tica, como la instauraci\u00f3n del pin parental, como la eliminaci\u00f3n de impuestos a los m\u00e1s ricos, asumiendo la agenda de VOX, la agenda ultra. <\/p>\n\n\n\n<p>Llevamos ya m\u00e1s de cien d\u00edas donde la se\u00f1ora Guardiola ha mostrado cu\u00e1les son las prioridades de su gobierno, que han sido bajarle los impuestos a las grandes fortunas, asumiendo que estamos como en una competencia fiscal entre regiones, con lo cual cuanto menos impuestos tengamos a las grandes fortunas, m\u00e1s atraeremos a estos grandes multimillonarios.<\/p>\n\n\n\n<p> Una cosa absurda. Adem\u00e1s va a evitar que entren setenta millones de Euros en las arcas extreme\u00f1as. Esa ha sido su primera medida. La segunda ha sido eliminar la gratuidad en los comedores escolares que hab\u00edamos conseguido el a\u00f1o pasado desde Podemos. <\/p>\n\n\n\n<p>Lo ha eliminado diciendo que no hay dinero. Claro, no hay dinero despu\u00e9s de hacer una reforma fiscal donde les regalas a los m\u00e1s ricos 5 mil euros a cada uno, pues es normal que de alg\u00fan lado tengas que recortar, y ella decidi\u00f3 que hab\u00eda que recortar en los comedores escolares.<\/p>\n\n\n\n<p>En su programa electoral aparec\u00eda que se avanzar\u00eda progresivamente en la gratuidad del comedor escolar; bueno, pues eso ya se lo ha cargado. Por \u00faltimo le ha dado prioridad a la caza. Aqu\u00ed en Extremadura la caza precisamente no es un sector que est\u00e9 pas\u00e1ndolo mal. <\/p>\n\n\n\n<p>La caza el Partido Socialista la ha tenido m\u00e1s que mimada, pero la se\u00f1ora Guardiola ten\u00eda que hacer algo, ponerse alguna medalla, porque el presidente de la federaci\u00f3n de caza hizo campa\u00f1a por ella. <\/p>\n\n\n\n<p>Entonces lo que ha hecho ha sido decir que en el Parque Nacional de Monfrague, que es una joya de conservaci\u00f3n ambiental de Extremadura, que los objetivos tienen que ser de conservaci\u00f3n ambiental y no de contentar a un lobby en particular, pues ha decidido que hay que volver a cazar en Monfrague, como contraprestaci\u00f3n al apoyo que ha recibido por parte de la Federaci\u00f3n de Caza. <\/p>\n\n\n\n<p>Esas han sido sus prioridades. Nada que ver con apuntalar la sanidad, la educaci\u00f3n, la dependencia, nada de eso ha entrado en su hoja de ruta; y aunque ella quiera ser moderada, asume la agenda ultra sin ning\u00fan rubor. <\/p>\n\n\n\n<p>Habr\u00e1 que ir a rodar otra vez Los Santos Inocentes por Extremadura, \u00bfno?Aquella novela de Miguel Delibes que retrataba una \u00e9poca muy oscura de la Extremadura del pasado en la que los se\u00f1oritos, que eran los grandes terratenientes, eran los que desde el caballo dec\u00edan con el dedo qui\u00e9n pod\u00eda trabajar ese d\u00eda y qui\u00e9n no. <\/p>\n\n\n\n<p>Una sociedad absolutamente sometida. Y todo eso ya ha pasado, pero han llegado a la asamblea personajes como los de VOX que siguen pensando que tenemos que volver a esa sociedad sometida y casi medieval. Estamos escuchando tambi\u00e9n algunos discursos por parte de VOX en la asamblea que no se hab\u00edan escuchado hasta ahora y nos retrotraen a d\u00e9cadas pasadas, casi un siglo, podemos decir. Negacionistas del cambio clim\u00e1tico aunque el cambio clim\u00e1tico sea una evidencia que nos abofetea todos los d\u00edas, negacionistas de la violencia machista, supe defensores del genocidio en Palestina por parte de Israel. <\/p>\n\n\n\n<p>Est\u00e1 siendo bastante tremendo, y creo que generan unos discursos de odio y de deterioro de la convivencia tan grandes que es una tremenda pena que hayan entrado con tanta fuerza en la asamblea.<\/p>\n\n\n\n<figure class=\"wp-block-gallery has-nested-images columns-default is-cropped wp-block-gallery-3 is-layout-flex wp-block-gallery-is-layout-flex\">\n<figure class=\"wp-block-image size-large\"><img decoding=\"async\" width=\"1024\" height=\"683\" data-id=\"4305\" src=\"https:\/\/xn--tuvozdiasporaespaola-k7b.com\/wp-content\/uploads\/2023\/11\/IRENE-1024x683.jpg\" alt=\"\" class=\"wp-image-4305\" srcset=\"https:\/\/xn--tuvozdiasporaespaola-k7b.com\/wp-content\/uploads\/2023\/11\/IRENE-1024x683.jpg 1024w, https:\/\/xn--tuvozdiasporaespaola-k7b.com\/wp-content\/uploads\/2023\/11\/IRENE-300x200.jpg 300w, https:\/\/xn--tuvozdiasporaespaola-k7b.com\/wp-content\/uploads\/2023\/11\/IRENE-768x512.jpg 768w, https:\/\/xn--tuvozdiasporaespaola-k7b.com\/wp-content\/uploads\/2023\/11\/IRENE-1536x1024.jpg 1536w, https:\/\/xn--tuvozdiasporaespaola-k7b.com\/wp-content\/uploads\/2023\/11\/IRENE.jpg 1920w\" sizes=\"(max-width: 1024px) 100vw, 1024px\" \/><\/figure>\n<\/figure>\n\n\n\n<p><strong> \u00bfCu\u00e1l es el futuro que le ves a Podemos? \u00bfPiensas que Podemos ha muerto tal y como se la conoc\u00eda al d\u00eda de hoy?<\/strong><\/p>\n\n\n\n<p>Yo creo que <strong>Podemos naci\u00f3 como una herramienta de transformaci\u00f3n pol\u00edtica y social, que supo leer muy bien la coyuntura sociopol\u00edtica, y que fue muy valiente, muy astuta y con mucha audacia,<\/strong> tanta que en menos de ocho a\u00f1os de vida hemos conseguido entrar a gobernar y cambiar muchas cosas en nuestro pa\u00eds. <\/p>\n\n\n\n<p>Nadie duda de que Podemos ha cambiado la forma de hacer pol\u00edtica y que hay cosas que ahora mismo ser\u00edan impensables volver a atr\u00e1s. Pero es verdad que <strong>las herramientas se tienen que transformar y que tienen que adaptarse a las nuevas realidades. <\/strong><\/p>\n\n\n\n<p>Y fruto de las campa\u00f1as de desprestigio  que hemos sufrido por parte de los poderes econ\u00f3micos, pol\u00edticos, judiciales y medi\u00e1ticos del pa\u00eds, que ve\u00edan afectados sus privilegios y ha orquestado campa\u00f1as de un desprestigio a base de bulos, de mentiras, de falsas noticias.<\/p>\n\n\n\n<p> Y tambi\u00e9n <strong>no podemos obviar que hemos tenido errores propios, errores que a m\u00ed me parecen importantes, que no podemos dejar de lado porque si no estar\u00edamos repiti\u00e9ndolos constantemente, y creo que es bueno ponerlos encima de la mesa<\/strong>. <\/p>\n\n\n\n<p>Nosotros empezamos <strong>hablando de los problemas de los de abajo frente a los privilegios de los de arriba y creo que ese eje lo hemos ido abandonando por un eje derecha-izquierda que hace que al final nos estemos situando siempre a la izquierda de un Partido Socialista que sabe mutar, sabe ser el m\u00e1s de izquierdas cuando quiere, <\/strong>pero luego lleva unas pol\u00edticas absolutamente neoliberales y de retroceso en muchas cuestiones sociales. <\/p>\n\n\n\n<p><strong>Creo que abandonar ese eje ha sido un fallo. Como tambi\u00e9n creo que hemos ido construyendo una herramienta muy potente en lo comunicativo, pero con muy poco anclaje territorial.<\/strong>  Lo que nos queda ahora mismo, que no podemos tampoco pasar por alto que <strong>hemos tenido unas elecciones auton\u00f3micas donde hemos desaparecido en muchas comunidades aut\u00f3nomas, y en otras hemos quedado con fuerzas muy debilitadas, porque m\u00e1s all\u00e1 de que en Extremadura hemos revalidado los cuatro diputados que ten\u00edamos, no dejamos de ser la cuarta fuerza en el Parlamento, y no hemos conseguido parar a la derecha y a la extrema derecha, con lo cual no podemos ser triunfalistas<\/strong>. Creo que <strong>necesitamos re articular la herramienta, repensarla, reformularla y ver c\u00f3mo volver a ser audaces en un momento en que las recetas que ten\u00edamos antes no nos han dado frutos.<\/strong> Es un momento de volver a pensar c\u00f3mo hacer para que Podemos vuelva a ser una herramienta \u00fatil. <\/p>\n\n\n\n<p>Y s\u00f3lo <strong>somos \u00fatiles si podemos transformar la realidad Podemos quedarnos en nuestro pedestal de pureza ideol\u00f3gica como ha hecho la izquierda en este pa\u00eds durante mucho tiempo pero sin cambiar las cosas<\/strong>.<\/p>\n\n\n\n<p> Y yo que nosotros <strong>hemos nacido precisamente con la voluntad de gobernar y de transformar. Hay que hacer una reflexi\u00f3n muy profunda<\/strong>.<\/p>\n\n\n\n<p>\u00bf<strong>Crees que las pol\u00edticas que van a llevar el PP y VOX a nivel ecolog\u00eda, con ese negacionismo que los caracteriza, pueden contribuir a que la Extremadura vaciada se siga acentuando? <\/strong><\/p>\n\n\n\n<p>Este es un tema que no tiene el peso que deber\u00eda tener. <strong>Dice Yayo Herrero, que es una activista medioambiental, que el cambio clim\u00e1tico lo va a cambiar todo. Y es verdad. <\/strong><\/p>\n\n\n\n<p>Nosotros tenemos que entender que para afrontar el cambio clim\u00e1tico necesitamos un modelo productivo radicalmente distinto a lo que estamos teniendo.<\/p>\n\n\n\n<p>Y que <strong>la crisis clim\u00e1tica es una crisis eco-social, porque no afecta de la misma manera a una persona que pueda permitirse prender la calefacci\u00f3n o el aire acondicionado cuando las temperaturas son muy altas o muy bajas, que una familia sin recursos que pase frio, o excesivo calor por vivir en jun piso mal asilado. <\/strong><\/p>\n\n\n\n<p>A eso se le <strong>llama pobreza energ\u00e9tica, hay la pobreza energ\u00e9tica, curiosamente, es m\u00e1s acentuada en territorios como Extremadura<\/strong>, que precisamente y parad\u00f3jicamente, somos un territorio rico en recursos. Rico en sol, rico en agua\u2026somos un para\u00edso energ\u00e9tico para Europa, porque producimos quinientas veces m\u00e1s de la energ\u00eda que consumimos. <\/p>\n\n\n\n<figure class=\"wp-block-gallery has-nested-images columns-default is-cropped wp-block-gallery-4 is-layout-flex wp-block-gallery-is-layout-flex\">\n<figure class=\"wp-block-image size-large\"><img loading=\"lazy\" decoding=\"async\" width=\"880\" height=\"495\" data-id=\"4307\" src=\"https:\/\/xn--tuvozdiasporaespaola-k7b.com\/wp-content\/uploads\/2023\/11\/1770598e-a8ff-44e4-9d0f-931a3dfef14d_16-9-aspect-ratio_default_0-1.jpg\" alt=\"\" class=\"wp-image-4307\" srcset=\"https:\/\/xn--tuvozdiasporaespaola-k7b.com\/wp-content\/uploads\/2023\/11\/1770598e-a8ff-44e4-9d0f-931a3dfef14d_16-9-aspect-ratio_default_0-1.jpg 880w, https:\/\/xn--tuvozdiasporaespaola-k7b.com\/wp-content\/uploads\/2023\/11\/1770598e-a8ff-44e4-9d0f-931a3dfef14d_16-9-aspect-ratio_default_0-1-300x169.jpg 300w, https:\/\/xn--tuvozdiasporaespaola-k7b.com\/wp-content\/uploads\/2023\/11\/1770598e-a8ff-44e4-9d0f-931a3dfef14d_16-9-aspect-ratio_default_0-1-768x432.jpg 768w\" sizes=\"(max-width: 880px) 100vw, 880px\" \/><\/figure>\n<\/figure>\n\n\n\n<p>Y resulta que <strong>nuestras ciudadanas y ciudadanos est\u00e1n en situaci\u00f3n de pobreza energ\u00e9tica. Esto tiene un nombre: Se llama colonialismo, se llama expolio, se llama saqueo, y llevamos d\u00e9cadas sufri\u00e9ndolo; <\/strong>d\u00e9cadas sufriendo un modelo productivo que es muy parecido al que han sufrido pa\u00edses muy ricos en recursos, de \u00c1frica, de Latinoam\u00e9rica, pero que han estado a expensas de <strong>grandes poderes econ\u00f3micos que extra\u00edan estos recursos y se los llevaban fuera. Lo que le pasa a Extremadura es muy similar a lo que pasa en muchos pa\u00edses<\/strong>. <\/p>\n\n\n\n<p>El Partido Socialista ha sido el c\u00f3mplice necesario de estas pol\u00edticas, porque si no hubiera habido complicidad dentro de la administraci\u00f3n, hubiera sido muy dif\u00edcil articular normativas y decretos que permitieran esto. El Partido Popular con VOX van a hacer lo mismo. A los dos d\u00edas de las elecciones auton\u00f3micas, cuando a\u00fan no se sab\u00eda qui\u00e9n iba a gobernar en Extremadura, vino a Extremadura <strong>S\u00e1nchez Gal\u00e1n, el Presidente de Iberdrola, la gran energ\u00e9tica que est\u00e1 alicatando de placas fotovoltaicas Extremadura, talando olivos centenarios, ocupando tierras f\u00e9rtiles. Es el due\u00f1o de la nuclear que tenemos en Almaraz y de las grandes centrales hidroel\u00e9ctricas que est\u00e1n esquilmando nuestros embalses en los momentos de m\u00e1s sequ\u00eda<\/strong>. <\/p>\n\n\n\n<p>El se\u00f1or S\u00e1nchez Gal\u00e1n vino a decir una cosa: Da igual qu\u00e9 gobierno haya porque al final quien manda soy yo. Y la se\u00f1ora Guardiola le hizo el pase\u00edllo y le puso la alfombra roja, porque la final quien est\u00e1 mandando aqu\u00ed es el se\u00f1or S\u00e1nchez Gal\u00e1n. <\/p>\n\n\n\n<p>Necesitamos un modelo distinto, que est\u00e9 en manos de las renovables, en manos de la gente, que las placas fotovoltaicas est\u00e9n en nuestros tejados y no en nuestras tierras de cultivo. Necesitamos <strong>un modelo que ponga por delante las necesidades de los ciudadanos y ciudadanas y no del oligopolio el\u00e9ctrico, que es el \u00fanico que se est\u00e1 viendo beneficiado<\/strong>. <\/p>\n\n\n\n<p>La transici\u00f3n ecol\u00f3gica tiene que ser justa con los territorios, tiene que haber soberan\u00eda local y equilibrio territorial, porque si no ser\u00e1 una pol\u00edtica que seguir\u00e1 vaciando el medio rural y dej\u00e1ndolo en manos del oligopolio el\u00e9ctrico y de la agroindustria.         <\/p>\n","protected":false},"excerpt":{"rendered":"<p>Transcripci\u00f3n efectuada por Walter C. Medina ENTREVISTA A IRENE DE MIGUEL La Candidata a la Presidencia de la Junta de Extremadura en las pasadas &#8230; <\/p>\n<p class=\"read-more-container\"><a title=\"\u201cSOLO SOMOS \u00daTILES SI PODEMOS TRANSFORMAR LA REALIDAD\u201d\" class=\"read-more button\" href=\"https:\/\/xn--tuvozdiasporaespaola-k7b.com\/page\/2\/solo-somos-utiles-si-podemos-transformar-la-realidad\/#more-4299\" aria-label=\"M\u00e1s en \u201cSOLO SOMOS \u00daTILES SI PODEMOS TRANSFORMAR LA REALIDAD\u201d\">Leer m\u00e1s<\/a><\/p>\n","protected":false},"author":222560522,"featured_media":4308,"comment_status":"open","ping_status":"open","sticky":false,"template":"","format":"standard","meta":{"footnotes":""},"categories":[121850,1771],"tags":[],"class_list":["post-4299","post","type-post","status-publish","format-standard","has-post-thumbnail","hentry","category-politica","category-sociales","resize-featured-image"],"_links":{"self":[{"href":"https:\/\/xn--tuvozdiasporaespaola-k7b.com\/page\/2\/wp-json\/wp\/v2\/posts\/4299","targetHints":{"allow":["GET"]}}],"collection":[{"href":"https:\/\/xn--tuvozdiasporaespaola-k7b.com\/page\/2\/wp-json\/wp\/v2\/posts"}],"about":[{"href":"https:\/\/xn--tuvozdiasporaespaola-k7b.com\/page\/2\/wp-json\/wp\/v2\/types\/post"}],"author":[{"embeddable":true,"href":"https:\/\/xn--tuvozdiasporaespaola-k7b.com\/page\/2\/wp-json\/wp\/v2\/users\/222560522"}],"replies":[{"embeddable":true,"href":"https:\/\/xn--tuvozdiasporaespaola-k7b.com\/page\/2\/wp-json\/wp\/v2\/comments?post=4299"}],"version-history":[{"count":4,"href":"https:\/\/xn--tuvozdiasporaespaola-k7b.com\/page\/2\/wp-json\/wp\/v2\/posts\/4299\/revisions"}],"predecessor-version":[{"id":4521,"href":"https:\/\/xn--tuvozdiasporaespaola-k7b.com\/page\/2\/wp-json\/wp\/v2\/posts\/4299\/revisions\/4521"}],"wp:featuredmedia":[{"embeddable":true,"href":"https:\/\/xn--tuvozdiasporaespaola-k7b.com\/page\/2\/wp-json\/wp\/v2\/media\/4308"}],"wp:attachment":[{"href":"https:\/\/xn--tuvozdiasporaespaola-k7b.com\/page\/2\/wp-json\/wp\/v2\/media?parent=4299"}],"wp:term":[{"taxonomy":"category","embeddable":true,"href":"https:\/\/xn--tuvozdiasporaespaola-k7b.com\/page\/2\/wp-json\/wp\/v2\/categories?post=4299"},{"taxonomy":"post_tag","embeddable":true,"href":"https:\/\/xn--tuvozdiasporaespaola-k7b.com\/page\/2\/wp-json\/wp\/v2\/tags?post=4299"}],"curies":[{"name":"wp","href":"https:\/\/api.w.org\/{rel}","templated":true}]}}