{"id":4284,"date":"2023-11-02T23:08:15","date_gmt":"2023-11-03T02:08:15","guid":{"rendered":"https:\/\/xn--tuvozdiasporaespaola-k7b.com\/page\/2\/?p=4284"},"modified":"2023-11-30T05:28:31","modified_gmt":"2023-11-30T08:28:31","slug":"soy-muy-optimista-con-las-propuestas-que-presentaremos-en-asturias-en-el-cgcee","status":"publish","type":"post","link":"https:\/\/xn--tuvozdiasporaespaola-k7b.com\/page\/2\/soy-muy-optimista-con-las-propuestas-que-presentaremos-en-asturias-en-el-cgcee\/","title":{"rendered":"\u201cSOY MUY OPTIMISTA CON LAS PROPUESTAS QUE PRESENTAREMOS EN ASTURIAS en el CGCEE."},"content":{"rendered":"\n<p>Por Walter C. Medina<\/p>\n\n\n\n<p>ENTREVISTA A MAR\u00cdA BALLESTER.<\/p>\n\n\n\n<p>Durante el bloque \u201cTiempo del CRE\u201d, del programa radiof\u00f3nico \u201cCenizas de Babilonia-Di\u00e1spora Espa\u00f1ola\u201d (AM830 Radio del Pueblo) Mar\u00eda Ballester, Presidenta de la Comisi\u00f3n de Mujeres y Juventud del Consejo General de Residentes Espa\u00f1oles en el Exterior, detall\u00f3 las propuestas que su comisi\u00f3n presentar\u00e1 en el pleno que el pr\u00f3ximo fin de semana tendr\u00e1 lugar en Asturias. <\/p>\n\n\n\n<p><em>\u00bf<\/em><strong>Qu\u00e9 propuestas vas a llevar al pleno que se va a celebrar este fin de semana en Asturias<\/strong><em>?<\/em><\/p>\n\n\n\n<p>La Comisi\u00f3n de Mujeres y Juventud del Consejo General presenta jun total de ocho propuestas que est\u00e1n muy bien trabajadas. Son cuatro en materia de violencia contra las mujeres, dos en materia de juventud, y dos en materia de inclusi\u00f3n. En el \u00e1rea de la violencia contra las mujeres, la Comisi\u00f3n de Mujeres y J\u00f3venes, todo el equipo que la integra, ha trabajado en cuatro propuestas para abordar la violencia contra las mujeres. <\/p>\n\n\n\n<p>En primer lugar se busca establecer acuerdos bilaterales para proporcionar asistencia jur\u00eddica a mujeres v\u00edctimas de violencia de g\u00e9nero en el extranjero. <\/p>\n\n\n\n<figure class=\"wp-block-gallery has-nested-images columns-default is-cropped wp-block-gallery-1 is-layout-flex wp-block-gallery-is-layout-flex\">\n<figure class=\"wp-block-image size-large\"><img fetchpriority=\"high\" decoding=\"async\" width=\"1000\" height=\"681\" data-id=\"4285\" src=\"https:\/\/xn--tuvozdiasporaespaola-k7b.com\/wp-content\/uploads\/2023\/11\/2022_01_04-presidente-reunion-presidenta-consejo-ciudadania-exterior-1.jpg\" alt=\"\" class=\"wp-image-4285\" srcset=\"https:\/\/xn--tuvozdiasporaespaola-k7b.com\/wp-content\/uploads\/2023\/11\/2022_01_04-presidente-reunion-presidenta-consejo-ciudadania-exterior-1.jpg 1000w, https:\/\/xn--tuvozdiasporaespaola-k7b.com\/wp-content\/uploads\/2023\/11\/2022_01_04-presidente-reunion-presidenta-consejo-ciudadania-exterior-1-300x204.jpg 300w, https:\/\/xn--tuvozdiasporaespaola-k7b.com\/wp-content\/uploads\/2023\/11\/2022_01_04-presidente-reunion-presidenta-consejo-ciudadania-exterior-1-768x523.jpg 768w\" sizes=\"(max-width: 1000px) 100vw, 1000px\" \/><figcaption class=\"wp-element-caption\">El presidente del Principado, Adri\u00e1n Barb\u00f3n, ha recibido hoy a la nueva presidenta del Consejo General de la Ciudadan\u00eda Espa\u00f1ola en el Exterior, Violeta Alonso, la primera mujer en liderar el CGCEE <\/figcaption><\/figure>\n<\/figure>\n\n\n\n<p>Hemos encontrado una forma de hacer viable esta asistencia, y es estableciendo acuerdos bilaterales con colegios de abogados del pa\u00eds de residencia. Y creo que esto es algo que el Estado espa\u00f1ol puede llevar a cabo, es una propuesta que est\u00e1 muy fundamentada en el marco legal, tanto nacional como internacional, y creo que es factible que se pueda hacer. <\/p>\n\n\n\n<p>De hecho lo comentamos con la coordinadora de violencia de g\u00e9nero en el exterior, Teresa Argueta, y es bastante posible. Otra de las propuestas que hemos hecho es una campa\u00f1a de informaci\u00f3n institucional y de publicidad, con el objetivo de dar a conocer el protocolo de asistencia de mujeres v\u00edctimas de violencia de g\u00e9nero, y que los consulados informen de manera obligatoria sobre los servicios de asistencia a las v\u00edctimas, porque muy pocas mujeres conocen de la asistencia que puede proporcionar en consulado o el Estado espa\u00f1ol, como v\u00edctimas de violencia de g\u00e9nero. <\/p>\n\n\n\n<p>Creo que esto es un paso fundamental para que m\u00e1s gente conozca este tipo de asistencia. Tambi\u00e9n hemos pedido que se adec\u00faen los criterios de acceso al Registro Civil espa\u00f1ol. Es una propuesta que hacemos en contra de la gestaci\u00f3n subrogada, por sustituci\u00f3n, donde se solicita a la Direcci\u00f3n General de Seguridad Jur\u00eddica y Fe P\u00fablica, la anulaci\u00f3n de la instrucci\u00f3n del 5 de octubre de 2010 y la instrucci\u00f3n del 18 de febrero de 2019 sobre r\u00e9gimen registral de la afiliaci\u00f3n de los nacidos mediante gestaci\u00f3n por sustituci\u00f3n, y la instrucci\u00f3n sobre la actualizaci\u00f3n del r\u00e9gimen registral. <\/p>\n\n\n\n<p>B\u00e1sicamente es un resquicio legal que permite que las personas que alquilen un vientre en el exterior, puedan registrar a sus hijos en los consulados y traerlos a Espa\u00f1a. Recordemos que esto es una pr\u00e1ctica ilegal en Espa\u00f1a. La gestaci\u00f3n por subrogaci\u00f3n es explotaci\u00f3n reproductiva.<\/p>\n\n\n\n<p> Y estas dos instrucciones que querr\u00edamos derogar eluden esa prohibici\u00f3n legal, de una pr\u00e1ctica que supone una violencia reproductiva contra las mujeres y una vulneraci\u00f3n de los derechos de los menores, tal como reconoce el ordenamiento legal en la actualidad en Espa\u00f1a. Estas propuestas han tenido bastante repercusi\u00f3n en los medios y estamos muy contentos por el trabajo que ha realizado las compa\u00f1eras porque est\u00e1 muy bien fundamentado, tiene base legislativa nacional e internacional, hemos contactado con expertos y el texto est\u00e1 muy bien redactado y creo que no se podr\u00edan negar. <\/p>\n\n\n\n<p>Veremos cu\u00e1l es la votaci\u00f3n final del consejo en el pleno, pero creemos que saldr\u00e1 adelante. En Juventud tenemos dos propuestas. La primera busca obtener informaci\u00f3n y datos cuantitativos y cualitativos sobre este grupo poblacional, permitiendo una representaci\u00f3n m\u00e1s efectiva.<\/p>\n\n\n\n<p> Solicitamos al Ministerio de Derechos Sociales y Agenda 2030, en concreto al Instituto de la Juventud, la elaboraci\u00f3n de un informe an\u00e1logo juventud en cifras, que se refleje un an\u00e1lisis cualitativo y cuantitativo de la juventud espa\u00f1ola en el exterior, que hasta ahora no tenemos ning\u00fan dato. <\/p>\n\n\n\n<p>La segunda propuesta en materia de juventud es la participaci\u00f3n del Consejo General en el Consejo de la Juventud Espa\u00f1ola. Y tambi\u00e9n en el Consejo de Participaci\u00f3n de las personas LGTBI. Esta es una de las propuestas que traemos en materia de inclusi\u00f3n. <\/p>\n\n\n\n<p>Tambi\u00e9n queremos representar a todos esos colectivos que pueden estar en riesgo de discriminaci\u00f3n, y esta es una forma de entrar en otros consejos que est\u00e1n dentro del territorio espa\u00f1ol y que los residentes en el exterior todav\u00eda no est\u00e1n teniendo en cuenta. Otra es la accesibilidad en el proceso de votos para personas con discapacidad visual residentes en el exterior. <\/p>\n\n\n\n<figure class=\"wp-block-gallery has-nested-images columns-default is-cropped wp-block-gallery-2 is-layout-flex wp-block-gallery-is-layout-flex\">\n<figure class=\"wp-block-image size-large\"><img decoding=\"async\" width=\"1024\" height=\"761\" data-id=\"4286\" src=\"https:\/\/xn--tuvozdiasporaespaola-k7b.com\/wp-content\/uploads\/2023\/11\/Screenshot_20231102_230112_X-1024x761.jpg\" alt=\"\" class=\"wp-image-4286\" srcset=\"https:\/\/xn--tuvozdiasporaespaola-k7b.com\/wp-content\/uploads\/2023\/11\/Screenshot_20231102_230112_X-1024x761.jpg 1024w, https:\/\/xn--tuvozdiasporaespaola-k7b.com\/wp-content\/uploads\/2023\/11\/Screenshot_20231102_230112_X-300x223.jpg 300w, https:\/\/xn--tuvozdiasporaespaola-k7b.com\/wp-content\/uploads\/2023\/11\/Screenshot_20231102_230112_X-768x571.jpg 768w, https:\/\/xn--tuvozdiasporaespaola-k7b.com\/wp-content\/uploads\/2023\/11\/Screenshot_20231102_230112_X.jpg 1080w\" sizes=\"(max-width: 1024px) 100vw, 1024px\" \/><figcaption class=\"wp-element-caption\">Mar\u00eda Ballester, Presidenta de la Comisi\u00f3n de Mujeres y Juventud del CGCEE primera por la derecha junto a Violeta Alonso <\/figcaption><\/figure>\n<\/figure>\n\n\n\n<p>Las personas con discapacidad visual no tienen actualmente forma de solicitar el voto. Entonces hemos propuesto una serie de medidas como es habilitar para la solicitud de manera alternativa un n\u00famero de tel\u00e9fono al que se pueda llamar desde el extranjero, permitir que la solicitud sea posible facilitar un n\u00famero de pasaporte de forma alternativa al del DNI, reconocer acreditaciones de discapacidad visual emitida por terceros pa\u00edses, y el env\u00edo del kit de votaci\u00f3n accesible a las mesas electorales, y que esas mesas electorales proporciones un espacio accesible en el local electoral para la manipulaci\u00f3n de la documentaci\u00f3n.<\/p>\n\n\n\n<p> <strong>\u00bfCrees que est\u00e1n propuestas tendr\u00e1n buena recepci\u00f3n por parte del Gobierno de Espa\u00f1a y que se puedan aplicar?<\/strong><\/p>\n\n\n\n<p>Tengo muy buenas esperanzas porque el trabajo y la labor que han hecho los y las consejeros de mi comisi\u00f3n y en general, est\u00e1 muy bien redactado, muy estudiado y contrastado con personas expertas en la materia y est\u00e1n muy bien hiladas. Incluso nuestros propios compa\u00f1eros de comisi\u00f3n nos lo dicen, que est\u00e1n muy bien trabajadas y que ser\u00eda muy dif\u00edcil que nos dijeran que no porque pr\u00e1cticamente les estamos dando el trabajo hecho, pero nunca se sabe. <\/p>\n\n\n\n<p>Soy optimista y el trabajo est\u00e1 muy bien hecho. Si no, pues seguiremos haciendo todo lo posible para que se siga mejorando la vida de las mujeres en el exterior, tambi\u00e9n de los menores y de todos los colectivos que se puedan encontrar en situaci\u00f3n de vulnerabilidad.       <\/p>\n","protected":false},"excerpt":{"rendered":"<p>Por Walter C. Medina ENTREVISTA A MAR\u00cdA BALLESTER. Durante el bloque \u201cTiempo del CRE\u201d, del programa radiof\u00f3nico \u201cCenizas de Babilonia-Di\u00e1spora Espa\u00f1ola\u201d (AM830 Radio del &#8230; <\/p>\n<p class=\"read-more-container\"><a title=\"\u201cSOY MUY OPTIMISTA CON LAS PROPUESTAS QUE PRESENTAREMOS EN ASTURIAS en el CGCEE.\" class=\"read-more button\" href=\"https:\/\/xn--tuvozdiasporaespaola-k7b.com\/page\/2\/soy-muy-optimista-con-las-propuestas-que-presentaremos-en-asturias-en-el-cgcee\/#more-4284\" aria-label=\"M\u00e1s en \u201cSOY MUY OPTIMISTA CON LAS PROPUESTAS QUE PRESENTAREMOS EN ASTURIAS en el CGCEE.\">Leer m\u00e1s<\/a><\/p>\n","protected":false},"author":222560522,"featured_media":4287,"comment_status":"open","ping_status":"open","sticky":false,"template":"","format":"standard","meta":{"footnotes":""},"categories":[121854],"tags":[],"class_list":["post-4284","post","type-post","status-publish","format-standard","has-post-thumbnail","hentry","category-consejo-de-residentes-espanoles","resize-featured-image"],"_links":{"self":[{"href":"https:\/\/xn--tuvozdiasporaespaola-k7b.com\/page\/2\/wp-json\/wp\/v2\/posts\/4284","targetHints":{"allow":["GET"]}}],"collection":[{"href":"https:\/\/xn--tuvozdiasporaespaola-k7b.com\/page\/2\/wp-json\/wp\/v2\/posts"}],"about":[{"href":"https:\/\/xn--tuvozdiasporaespaola-k7b.com\/page\/2\/wp-json\/wp\/v2\/types\/post"}],"author":[{"embeddable":true,"href":"https:\/\/xn--tuvozdiasporaespaola-k7b.com\/page\/2\/wp-json\/wp\/v2\/users\/222560522"}],"replies":[{"embeddable":true,"href":"https:\/\/xn--tuvozdiasporaespaola-k7b.com\/page\/2\/wp-json\/wp\/v2\/comments?post=4284"}],"version-history":[{"count":2,"href":"https:\/\/xn--tuvozdiasporaespaola-k7b.com\/page\/2\/wp-json\/wp\/v2\/posts\/4284\/revisions"}],"predecessor-version":[{"id":4519,"href":"https:\/\/xn--tuvozdiasporaespaola-k7b.com\/page\/2\/wp-json\/wp\/v2\/posts\/4284\/revisions\/4519"}],"wp:featuredmedia":[{"embeddable":true,"href":"https:\/\/xn--tuvozdiasporaespaola-k7b.com\/page\/2\/wp-json\/wp\/v2\/media\/4287"}],"wp:attachment":[{"href":"https:\/\/xn--tuvozdiasporaespaola-k7b.com\/page\/2\/wp-json\/wp\/v2\/media?parent=4284"}],"wp:term":[{"taxonomy":"category","embeddable":true,"href":"https:\/\/xn--tuvozdiasporaespaola-k7b.com\/page\/2\/wp-json\/wp\/v2\/categories?post=4284"},{"taxonomy":"post_tag","embeddable":true,"href":"https:\/\/xn--tuvozdiasporaespaola-k7b.com\/page\/2\/wp-json\/wp\/v2\/tags?post=4284"}],"curies":[{"name":"wp","href":"https:\/\/api.w.org\/{rel}","templated":true}]}}