{"id":4264,"date":"2023-11-02T20:44:36","date_gmt":"2023-11-02T23:44:36","guid":{"rendered":"https:\/\/xn--tuvozdiasporaespaola-k7b.com\/page\/2\/?p=4264"},"modified":"2023-11-30T05:27:24","modified_gmt":"2023-11-30T08:27:24","slug":"alejandro-rusconiestamos-frente-a-una-nueva-oportunidad","status":"publish","type":"post","link":"https:\/\/xn--tuvozdiasporaespaola-k7b.com\/page\/2\/alejandro-rusconiestamos-frente-a-una-nueva-oportunidad\/","title":{"rendered":"ALEJANDRO RUSCONI\u201cESTAMOS FRENTE A UNA NUEVA OPORTUNIDAD\u201d"},"content":{"rendered":"\n<p>Transcripci\u00f3n efectuada por Walter C. Medina.<\/p>\n\n\n\n<p>ENTREVISTA A Alejandro Rusconi, Secretario de H\u00e1bitat, Tierra y Vivienda de la Defensor\u00eda del Pueblo de la Provincia de Buenos Aires, Secretario Internacional del Movimiento Evita, y Colaborador del Foro de Sao Pablo, concedi\u00f3 una entrevista al programa radiof\u00f3nico \u201cCenizas de Babilonia-Di\u00e1spora Espa\u00f1ola\u201d que conducen Roberto San Mart\u00edn y Francisco L\u00f3pez en AM 830, Radio del Pueblo. <\/p>\n\n\n\n<p>Las elecciones presidenciales argentinas, la nueva oleada de gobiernos progresistas en Latinoam\u00e9rica y el conflicto Israel-Palestina fueron los principales temas abordados por Rusconi, que sostuvo, entre otras definiciones, que \u201c<strong>estamos frente a una nueva oportunidad de un escenario donde el rol de los pueblos parece estar cobrando cada vez m\u00e1s fuerza\u201d.<\/strong><\/p>\n\n\n\n<figure class=\"wp-block-gallery has-nested-images columns-default is-cropped wp-block-gallery-1 is-layout-flex wp-block-gallery-is-layout-flex\">\n<figure class=\"wp-block-image size-large\"><img fetchpriority=\"high\" decoding=\"async\" width=\"1016\" height=\"1024\" data-id=\"4273\" src=\"https:\/\/xn--tuvozdiasporaespaola-k7b.com\/wp-content\/uploads\/2023\/11\/Screenshot_20231102_202637_WhatsApp-1016x1024.jpg\" alt=\"\" class=\"wp-image-4273\" srcset=\"https:\/\/xn--tuvozdiasporaespaola-k7b.com\/wp-content\/uploads\/2023\/11\/Screenshot_20231102_202637_WhatsApp-1016x1024.jpg 1016w, https:\/\/xn--tuvozdiasporaespaola-k7b.com\/wp-content\/uploads\/2023\/11\/Screenshot_20231102_202637_WhatsApp-298x300.jpg 298w, https:\/\/xn--tuvozdiasporaespaola-k7b.com\/wp-content\/uploads\/2023\/11\/Screenshot_20231102_202637_WhatsApp-150x150.jpg 150w, https:\/\/xn--tuvozdiasporaespaola-k7b.com\/wp-content\/uploads\/2023\/11\/Screenshot_20231102_202637_WhatsApp-768x774.jpg 768w, https:\/\/xn--tuvozdiasporaespaola-k7b.com\/wp-content\/uploads\/2023\/11\/Screenshot_20231102_202637_WhatsApp.jpg 1058w\" sizes=\"(max-width: 1016px) 100vw, 1016px\" \/><\/figure>\n<\/figure>\n\n\n\n<p><strong> \u00bfQu\u00e9 se puede sacar en limpio de los resultados de las presidenciales del domingo 22 de octubre en Argentina?<\/strong><\/p>\n\n\n\n<p>Lo que podemos sacar es un triunfo, una bocanada de aire fresco en este proceso electoral; porque ven\u00edamos viendo un espacio cargado de propuestas de exterminio, de negacionismo del genocidio de la \u00faltima dictadura militar y hasta del cambio clim\u00e1tico; una propuesta que inclu\u00eda retirar todos los derechos laborales, sociales, educativos. <\/p>\n\n\n\n<p>Una agenda instalada por dos candidatos liberales que ofrec\u00edan lo peor que se puede ofrecer en un sistema democr\u00e1tico. Este triunfo de Uni\u00f3n por la Patria, de Sergio Massa, primero en el ballotage, nos da una esperanza y creemos que vamos a triunfar en el ballotage el pr\u00f3ximo 19 de noviembre, y con un llamado a un gobierno de unidad nacional, como lo ha hecho en sus primeras declaraciones nuestro candidato a presidente. <\/p>\n\n\n\n<p>Nosotros lo vivimos con mucha alegr\u00eda y compartiendo ese esfuerzo militante, porque se dio vuelta una elecci\u00f3n; recordemos que hab\u00edamos salido en tercer t\u00e9rmino en las PASO. <\/p>\n\n\n\n<p>La militancia logr\u00f3 revertir el resultado porque se fue casa por casa, \u201crancho por rancho\u201d; y aument\u00f3 significativamente la participaci\u00f3n, se redujo el voto en blanco y se increment\u00f3 el caudal electoral. Hubo una gran derrotada, que fue Patricia Bullrich, que hab\u00eda salido segunda en las PASO, y ah\u00ed estamos entonces para disputar ese ballotage el 19 de noviembre. Seg\u00fan mi punto de vista, Patricia Bullrich es la gran derrotada. Y m\u00e1s que ella, el PRO de Mauricio Macri en las sombras.<\/p>\n\n\n\n<p> \u00bf<strong>Le ves futuro a esta formaci\u00f3n fuera de su negociado que es el de CABA?<\/strong><\/p>\n\n\n\n<p>Yo creo que en este momento el PRO tiene un debate muy importante sobre el camino que sigue. No olvidemos que hoy, en la declaraci\u00f3n que hace Patricia Bullrich, tratando de apoyar al candidato Javier Milei, lo hace a t\u00edtulo personal; no es la postura del PRO, sino que es a t\u00edtulo personal. <\/p>\n\n\n\n<figure class=\"wp-block-gallery has-nested-images columns-default is-cropped wp-block-gallery-2 is-layout-flex wp-block-gallery-is-layout-flex\">\n<figure class=\"wp-block-image size-large\"><img decoding=\"async\" width=\"750\" height=\"501\" data-id=\"4275\" src=\"https:\/\/xn--tuvozdiasporaespaola-k7b.com\/wp-content\/uploads\/2023\/11\/558ad78ad2147_750x501.jpg\" alt=\"\" class=\"wp-image-4275\" srcset=\"https:\/\/xn--tuvozdiasporaespaola-k7b.com\/wp-content\/uploads\/2023\/11\/558ad78ad2147_750x501.jpg 750w, https:\/\/xn--tuvozdiasporaespaola-k7b.com\/wp-content\/uploads\/2023\/11\/558ad78ad2147_750x501-300x200.jpg 300w\" sizes=\"(max-width: 750px) 100vw, 750px\" \/><\/figure>\n<\/figure>\n\n\n\n<p>Y es la presidenta de ese partido. En las pr\u00f3ximas horas muchas de las figuras de ese partido van a apoyar p\u00fablicamente a Massa y eso va a generar una descomposici\u00f3n, y el PRO va a dividirse a ra\u00edz de la actitud que ha tenido su presidenta y candidata presidencial que sale a apoyar en pocas horas a quien la trat\u00f3 de asesina, de poner bombas en los jardines de infantes, de montonera, etc, Y ella a ese le\u00f3n lo ha abrazado. <\/p>\n\n\n\n<p>En cuanto a CABA, Leandro Santoro se ha bajado del ballotage porque considera que es costoso meterse en una batalla que sabe que tiene perdida por el 49 por ciento que sac\u00f3 Jorge Macri.Si, el primo vivo, como le dicen algunos.<\/p>\n\n\n\n<p> Lo que nosotros creemos es que es una decisi\u00f3n acertada la de Leandro Santoro porque no solo es un gasto para el sistema, la fiscalizaci\u00f3n, los recursos, imprimir la boleta, en una campara que por pocas cent\u00e9simas ha estado por ganar en primera vuelta. Y adem\u00e1s, con una alianza con Milei, porque ya la tienen, ser\u00eda desgastante ir a dar esa pelea en ese terreno. <\/p>\n\n\n\n<p>Ser\u00eda muy desfavorable. Es importante lo que ha hecho porque es una figura que ha crecido con muchos votos y se reserva para seguir dando batalla para la pr\u00f3xima pelea, y reconociendo con hidalgu\u00eda que fue derrotado. <\/p>\n\n\n\n<p><strong>Seg\u00fan ciertos analistas, una vez aislado el PRO con estos resultados, la posible desaparici\u00f3n del psic\u00f3pata de Milei, \u00bfpuede provocar una vuelta a un bipartidismo? \u00bfCrees que el Partido Radical deber regenerarse y volver a la primera l\u00ednea de la pol\u00edtica y que Argentina vuelva a un bipartidismo como existe en Estados Unidos y en el Reino Unido y como ciertos sectores quieren que sea en Espa\u00f1a?<\/strong><\/p>\n\n\n\n<p>No s\u00e9 si a un bipartidismo, pero lo que a mi entender deber\u00eda hacer el radicalismo es revalorizar lo que fue; un partido centenario que lleg\u00f3 al gobierno en el 83 despu\u00e9s de la lucha contra la dictadura, con Alfons\u00edn, que ya hab\u00eda definido qui\u00e9n era Macri y hab\u00eda dicho que \u00e9l no iba a estar nunca con Macri, cosa que tendr\u00edan que tener en cuenta los radicales; c\u00f3mo pensaba Ra\u00fal Ricardo Alfons\u00edn de Macri. <\/p>\n\n\n\n<figure class=\"wp-block-gallery has-nested-images columns-default is-cropped wp-block-gallery-3 is-layout-flex wp-block-gallery-is-layout-flex\">\n<figure class=\"wp-block-image size-large\"><img decoding=\"async\" width=\"1024\" height=\"576\" data-id=\"4278\" src=\"https:\/\/xn--tuvozdiasporaespaola-k7b.com\/wp-content\/uploads\/2023\/11\/WhatsApp-Image-2020-10-30-at-15.53.59-1024x576-2.jpeg\" alt=\"\" class=\"wp-image-4278\" srcset=\"https:\/\/xn--tuvozdiasporaespaola-k7b.com\/wp-content\/uploads\/2023\/11\/WhatsApp-Image-2020-10-30-at-15.53.59-1024x576-2.jpeg 1024w, https:\/\/xn--tuvozdiasporaespaola-k7b.com\/wp-content\/uploads\/2023\/11\/WhatsApp-Image-2020-10-30-at-15.53.59-1024x576-2-300x169.jpeg 300w, https:\/\/xn--tuvozdiasporaespaola-k7b.com\/wp-content\/uploads\/2023\/11\/WhatsApp-Image-2020-10-30-at-15.53.59-1024x576-2-768x432.jpeg 768w\" sizes=\"(max-width: 1024px) 100vw, 1024px\" \/><\/figure>\n<\/figure>\n\n\n\n<p>Tienen que volver y no hacer seguidismo, porque lo que hizo el radicalismo fue seguidismo. Y es un partido que el PRO supo utilizar bien, le puso los candidatos y el discurso a la estructura del radicalismo. Despu\u00e9s lo menospreci\u00f3 porque no fue una alianza, el PRO fue quien conduc\u00eda. <\/p>\n\n\n\n<p>Yo espero que el radicalismo vuelva a ser un partido din\u00e1mico que ha participado en el proceso de la vida pol\u00edtica argentina y lo sigue haciendo en las provincias que conduce. <\/p>\n\n\n\n<p>Un partido con principios social-dem\u00f3crata que, como dijo uno de sus dirigentes, \u201cni loco tiene que apoyar a Javier Milei\u201d. Es un partido que tiene una base ideol\u00f3gica que tendr\u00eda que haber respetado y nunca haberse aliado con el PRO o con Cambiemos. <\/p>\n\n\n\n<p>Leopoldo Mor\u00f3, por ejemplo, que fue un ferviente radical defensor de todas las pol\u00edticas de Ra\u00fal Alfons\u00edn y candidato en el 2003 del radicalismo y se incorpor\u00f3 despu\u00e9s al espacio del kirchnerismo y hoy es uno de nuestros diputados nacionales.<\/p>\n\n\n\n<p> Y como \u00e9l, tambi\u00e9n hay militantes de base que hoy abrazan a Uni\u00f3n por la Patria o lo que ha sido la expresi\u00f3n del kirchnerismo. <\/p>\n\n\n\n<p><strong>Si triunfa Sergio Massa, \u00bfpuede ser el final del kirchnerismo o del peronismo kirchnerista?<\/strong><\/p>\n\n\n\n<p>El kirchnerismo va a seguir, porque para algunas generaciones los d\u00edas m\u00e1s felices fueron los d\u00edas peronistas. Y para nosotros, los d\u00edas m\u00e1s felices fueron los d\u00edas del kircherismo, fueron las presidencias de N\u00e9stor y de Cristina, cuando se deroga la Ley de Punto Final y Obediencia Debida, cuando se logran pol\u00edticas de inclusi\u00f3n social y se ganan derechos. <\/p>\n\n\n\n<figure class=\"wp-block-gallery has-nested-images columns-default is-cropped wp-block-gallery-4 is-layout-flex wp-block-gallery-is-layout-flex\">\n<figure class=\"wp-block-image size-large\"><img loading=\"lazy\" decoding=\"async\" width=\"275\" height=\"183\" data-id=\"4277\" src=\"https:\/\/xn--tuvozdiasporaespaola-k7b.com\/wp-content\/uploads\/2023\/11\/20231023_000346.jpg\" alt=\"\" class=\"wp-image-4277\"\/><\/figure>\n<\/figure>\n\n\n\n<p>No se pude dar vuelta la p\u00e1gina, lo que s\u00ed creemos es que a lo mejor empieza otra etapa y otro modelo de construcci\u00f3n pol\u00edtica si Sergio Massa intenta asumir un liderazgo, que es lo que tiene que tener la figura presidencial, que no lo tiene hoy con Alberto Fern\u00e1ndez, aunque son personalidades distintas y puede ser otra construcci\u00f3n. <\/p>\n\n\n\n<p>Pero partimos de una base, que es la base del peronismo. N\u00e9stor Kirchner nos dec\u00eda \u201ca veces nos llaman kirchneristas para bajarnos el precio, pero nosotros somos peronistas\u201d.<\/p>\n\n\n\n<p><strong>Como miembro del Foro de Sao Pablo \u00bfc\u00f3mo vez los resultados electorales que se est\u00e1n dando en lo que se denomina \u201cPatria Grande\u201d? \u00bfC\u00f3mo ves los triunfos de los partidos progresistas que est\u00e1n siendo obstaculizados por el stablishment dominante?<\/strong><\/p>\n\n\n\n<p>Yo creo que para analizar esta nueva oleada de gobiernos progresistas de izquierda debemos tener presentes los principales acontecimientos que fueron sucediendo en la historia.<\/p>\n\n\n\n<p> Desde el 90 en adelante, la mayor\u00eda de los pa\u00edses atravesaron una grave crisis econ\u00f3mica y social, producto de las medidas impuestas por los gobiernos neoliberales, hijos del Consenso de Washington. <\/p>\n\n\n\n<figure class=\"wp-block-gallery has-nested-images columns-default is-cropped wp-block-gallery-5 is-layout-flex wp-block-gallery-is-layout-flex\">\n<figure class=\"wp-block-image size-large\"><img loading=\"lazy\" decoding=\"async\" width=\"1024\" height=\"630\" data-id=\"4279\" src=\"https:\/\/xn--tuvozdiasporaespaola-k7b.com\/wp-content\/uploads\/2023\/11\/Screenshot_20231102_202753_X-1024x630.jpg\" alt=\"\" class=\"wp-image-4279\" srcset=\"https:\/\/xn--tuvozdiasporaespaola-k7b.com\/wp-content\/uploads\/2023\/11\/Screenshot_20231102_202753_X-1024x630.jpg 1024w, https:\/\/xn--tuvozdiasporaespaola-k7b.com\/wp-content\/uploads\/2023\/11\/Screenshot_20231102_202753_X-300x184.jpg 300w, https:\/\/xn--tuvozdiasporaespaola-k7b.com\/wp-content\/uploads\/2023\/11\/Screenshot_20231102_202753_X-768x472.jpg 768w, https:\/\/xn--tuvozdiasporaespaola-k7b.com\/wp-content\/uploads\/2023\/11\/Screenshot_20231102_202753_X.jpg 1080w\" sizes=\"(max-width: 1024px) 100vw, 1024px\" \/><\/figure>\n<\/figure>\n\n\n\n<p>Esas pol\u00edticas neoliberales implementadas en esa \u00e9poca, provocaron una profunda crisis que condujo a estallidos sociales a partir de los cuales se gestaron los triunfos de gobiernos de izquierda, populares y progresistas de la regi\u00f3n, que estuvo caracterizada por grandes transformaciones en lo pol\u00edtico, lo social y lo cultural, en beneficio de las mayor\u00edas populares. <\/p>\n\n\n\n<p>Con una impronta profundamente anti-imperialista, en ese contexto naci\u00f3 el UNASUR, la CELAG y se fortalece el MERCOSUR con los procesos de integraci\u00f3n. Pero a medida que esos gobiernos se van consolidando, se fortalece una ofensiva de Estados Unidos, aliado de las derechas locales, y se hace mediante ONGs financiadas por la CIA, se vuelve cada vez m\u00e1s violento y trata de desestabilizar a los gobiernos que no son afines a sus intereses; se conjuran golpes parlamentarios y se perfecciona la utilizaci\u00f3n del lawfare; por eso hemos tenido los golpes de Honduras, Paraguay, Bolivia. <\/p>\n\n\n\n<p>Y este nuevo ciclo se inicia con el triunfo de L\u00f3pez Obrador en M\u00e9xico, contin\u00faa con el triunfo del Frente de Todos en Argentina, que lleva a Alberto Fern\u00e1ndez a la presidencia, luego Pedro Castillo en Per\u00fa, Arce en Bolivia, Xiomara Castro en Honduras, Gustavo Petro en Colombia, Boric en Chile y Lula en Brasil, y recordemos tambi\u00e9n a Maduro en Venezuela, y Nicaragua con el gobierno de Daniel Ortega.<\/p>\n\n\n\n<p> Esta nueva oleada se da en un escenario muy distinto y m\u00e1s complejo que en la etapa anterior, en un contexto mundial que est\u00e1 caracterizado por una grave crisis econ\u00f3mica, clim\u00e1tica, migratoria y conflictos que representan una grave amenaza a la paz mundial, como el de Ucrania y Rusia. <\/p>\n\n\n\n<p>Sumado a dificultades econ\u00f3micas, agravadas por la pandemia del Covid-19, la guerra y los bloqueos financieros impuestos de manera unilateral a los pa\u00edses hermanos. Son algunos de los desaf\u00edos que hemos tenido que enfrentar en estos tiempos. Estos triunfos electorales se presentan m\u00e1s acotados que en muchos casos hace que se gobierne con parlamentos adversos lo muy heterog\u00e9neos en su composici\u00f3n, situaci\u00f3n que a veces condiciona las decisiones pol\u00edticas y en algunos casos se transforman en la usina donde a trav\u00e9s de artilugios legales, se gestan golpes parlamentarios.<\/p>\n\n\n\n<p> A esto se suma un ataque constante por parte de los poderes medi\u00e1ticos, de las campa\u00f1as de odio y las persecuciones judiciales. Pero a pesar de todo esto, m\u00e1s all\u00e1 de lo diverso y la heterogeneidad de los procesos en cada pa\u00eds, nos sit\u00faa frente a una nueva oportunidad de un escenario donde el rol de los pueblos parece estar cobrando cada vez m\u00e1s fuerza. <\/p>\n\n\n\n<p><strong>\u00bfQu\u00e9 opini\u00f3n te merece la postura de los pa\u00edses de Europa con respecto al conflicto Israel-Palestina? \u00bfEs el Atl\u00e1ntico el que cambia las ideas, o realmente Latinoam\u00e9rica va un paso por delante en cuanto a la justicia social y al derecho a la subsistencia de los pueblos?<\/strong><\/p>\n\n\n\n<p>Latinoam\u00e9rica est\u00e1 dando una pelea en este a\u00f1o en el que se cumplen 200 a\u00f1os de la Doctrina Monroe; eso es muy importante, porque esa doctrina dec\u00eda \u201cAm\u00e9rica para los americanos\u201d y nos han tratado de dominar, implementando artilugios pol\u00edticos para tratar de conducirnos. <\/p>\n\n\n\n<figure class=\"wp-block-gallery has-nested-images columns-default is-cropped wp-block-gallery-6 is-layout-flex wp-block-gallery-is-layout-flex\">\n<figure class=\"wp-block-image size-large\"><img loading=\"lazy\" decoding=\"async\" width=\"700\" height=\"395\" data-id=\"4280\" src=\"https:\/\/xn--tuvozdiasporaespaola-k7b.com\/wp-content\/uploads\/2023\/11\/argentina_celac_twitter.jpg\" alt=\"\" class=\"wp-image-4280\" srcset=\"https:\/\/xn--tuvozdiasporaespaola-k7b.com\/wp-content\/uploads\/2023\/11\/argentina_celac_twitter.jpg 700w, https:\/\/xn--tuvozdiasporaespaola-k7b.com\/wp-content\/uploads\/2023\/11\/argentina_celac_twitter-300x169.jpg 300w\" sizes=\"(max-width: 700px) 100vw, 700px\" \/><\/figure>\n<\/figure>\n\n\n\n<p>Pero un 5 de noviembre de 2005 en Argentina se le dijo no al ALCA, \u201cALCA al carajo\u201d, fue una gran derrota para el imperio y hoy con los triunfos electorales estoy orgulloso de tener de presidente de la Patria Grande a Gustavo Petro, que d\u00eda a d\u00eda da una pelea contra la derecha y contra los medios de desinformaci\u00f3n, que da cumplimiento a lo que se declar\u00f3 el 29 de enero de 2014 en La Habana, en la CELAG, que est\u00e1 tratando de cumplir la paz total. <\/p>\n\n\n\n<p>Firm\u00f3 el acuerdo primero con las FARC y con el ELN. Esta tregua y los procesos de la redistribuci\u00f3n de la tierra; le est\u00e1 sacando la tierra a quienes se hab\u00edan  apropiado o comprado tierras con dinero del narcotr\u00e1fico, y lo que est\u00e1 haciendo es levantar en nuestra Am\u00e9rica la bandera de Palestina y reclama que paren con los cr\u00edmenes, que Israel pare con los asesinatos contra el pueblo palestino. Se est\u00e1 matando a la poblaci\u00f3n civil. <\/p>\n\n\n\n<p>Es un conflicto que no se inici\u00f3 este mes, es un conflicto de much\u00edsimos a\u00f1os. As\u00ed que muy contento de lo que se est\u00e1 haciendo de este lado. Europa no tiene una independencia sino que est\u00e1 siguiendo los mandatos de la OTAN y de Estados Unidos, y eso es muy triste porque act\u00faan subordinados a la pol\u00edtica de Estados Unidos.<\/p>\n\n\n\n<p><strong>\u00bfCu\u00e1l crees que debe ser la pol\u00edtica exterior de Argentina en caso de que gane Sergio Massa?<\/strong><\/p>\n\n\n\n<figure class=\"wp-block-gallery has-nested-images columns-default is-cropped wp-block-gallery-7 is-layout-flex wp-block-gallery-is-layout-flex\">\n<figure class=\"wp-block-image size-large\"><img loading=\"lazy\" decoding=\"async\" width=\"375\" height=\"211\" data-id=\"4281\" src=\"https:\/\/xn--tuvozdiasporaespaola-k7b.com\/wp-content\/uploads\/2023\/11\/parlasur-eleccionesjpg.webp\" alt=\"\" class=\"wp-image-4281\" srcset=\"https:\/\/xn--tuvozdiasporaespaola-k7b.com\/wp-content\/uploads\/2023\/11\/parlasur-eleccionesjpg.webp 375w, https:\/\/xn--tuvozdiasporaespaola-k7b.com\/wp-content\/uploads\/2023\/11\/parlasur-eleccionesjpg-300x169.webp 300w\" sizes=\"(max-width: 375px) 100vw, 375px\" \/><\/figure>\n<\/figure>\n\n\n\n<p>Massa tuvo una buena respuesta en la conferencia que dio los periodistas extranjeros acreditados. Respetar la multinacionalidad, seguir comercializando con China pero tambi\u00e9n fortalecer los organismos que hemos sabido conquistar, como el MERCOSUR, la CELAG y la UNASUR, que son los organismos que se parecen a nuestro pueblo.  Esa deber\u00eda ser la pol\u00edtica.              <\/p>\n","protected":false},"excerpt":{"rendered":"<p>Transcripci\u00f3n efectuada por Walter C. Medina. ENTREVISTA A Alejandro Rusconi, Secretario de H\u00e1bitat, Tierra y Vivienda de la Defensor\u00eda del Pueblo de la Provincia &#8230; <\/p>\n<p class=\"read-more-container\"><a title=\"ALEJANDRO RUSCONI\u201cESTAMOS FRENTE A UNA NUEVA OPORTUNIDAD\u201d\" class=\"read-more button\" href=\"https:\/\/xn--tuvozdiasporaespaola-k7b.com\/page\/2\/alejandro-rusconiestamos-frente-a-una-nueva-oportunidad\/#more-4264\" aria-label=\"M\u00e1s en ALEJANDRO RUSCONI\u201cESTAMOS FRENTE A UNA NUEVA OPORTUNIDAD\u201d\">Leer m\u00e1s<\/a><\/p>\n","protected":false},"author":222560522,"featured_media":4282,"comment_status":"open","ping_status":"open","sticky":false,"template":"","format":"standard","meta":{"footnotes":""},"categories":[121868,121850],"tags":[],"class_list":["post-4264","post","type-post","status-publish","format-standard","has-post-thumbnail","hentry","category-latinoamerica","category-politica","resize-featured-image"],"_links":{"self":[{"href":"https:\/\/xn--tuvozdiasporaespaola-k7b.com\/page\/2\/wp-json\/wp\/v2\/posts\/4264","targetHints":{"allow":["GET"]}}],"collection":[{"href":"https:\/\/xn--tuvozdiasporaespaola-k7b.com\/page\/2\/wp-json\/wp\/v2\/posts"}],"about":[{"href":"https:\/\/xn--tuvozdiasporaespaola-k7b.com\/page\/2\/wp-json\/wp\/v2\/types\/post"}],"author":[{"embeddable":true,"href":"https:\/\/xn--tuvozdiasporaespaola-k7b.com\/page\/2\/wp-json\/wp\/v2\/users\/222560522"}],"replies":[{"embeddable":true,"href":"https:\/\/xn--tuvozdiasporaespaola-k7b.com\/page\/2\/wp-json\/wp\/v2\/comments?post=4264"}],"version-history":[{"count":4,"href":"https:\/\/xn--tuvozdiasporaespaola-k7b.com\/page\/2\/wp-json\/wp\/v2\/posts\/4264\/revisions"}],"predecessor-version":[{"id":4518,"href":"https:\/\/xn--tuvozdiasporaespaola-k7b.com\/page\/2\/wp-json\/wp\/v2\/posts\/4264\/revisions\/4518"}],"wp:featuredmedia":[{"embeddable":true,"href":"https:\/\/xn--tuvozdiasporaespaola-k7b.com\/page\/2\/wp-json\/wp\/v2\/media\/4282"}],"wp:attachment":[{"href":"https:\/\/xn--tuvozdiasporaespaola-k7b.com\/page\/2\/wp-json\/wp\/v2\/media?parent=4264"}],"wp:term":[{"taxonomy":"category","embeddable":true,"href":"https:\/\/xn--tuvozdiasporaespaola-k7b.com\/page\/2\/wp-json\/wp\/v2\/categories?post=4264"},{"taxonomy":"post_tag","embeddable":true,"href":"https:\/\/xn--tuvozdiasporaespaola-k7b.com\/page\/2\/wp-json\/wp\/v2\/tags?post=4264"}],"curies":[{"name":"wp","href":"https:\/\/api.w.org\/{rel}","templated":true}]}}