{"id":4260,"date":"2023-10-31T12:52:43","date_gmt":"2023-10-31T15:52:43","guid":{"rendered":"https:\/\/xn--tuvozdiasporaespaola-k7b.com\/page\/2\/?p=4260"},"modified":"2023-11-30T05:24:57","modified_gmt":"2023-11-30T08:24:57","slug":"circunscripcion-exterior-una-interesante-propuesta-para-la-diaspora-espanola","status":"publish","type":"post","link":"https:\/\/xn--tuvozdiasporaespaola-k7b.com\/page\/2\/circunscripcion-exterior-una-interesante-propuesta-para-la-diaspora-espanola\/","title":{"rendered":"CIRCUNSCRIPCI\u00d3N EXTERIOR UNA INTERESANTE PROPUESTA PARA LA DI\u00c1SPORA ESPA\u00d1OLA"},"content":{"rendered":"\n<p>Por Walter C. Medina.<\/p>\n\n\n\n<p>ENTREVISTA A DAVID CASAREJOS.<\/p>\n\n\n\n<p>En di\u00e1logo con Francisco L\u00f3pez, para el bloque \u201cTiempo del CRE\u201d de \u201cCenizas de Babilonia-Di\u00e1spora Espa\u00f1ola\u201d, <strong>el Presidente de la Comisi\u00f3n de Derechos Civiles y Participaci\u00f3n del Consejo General de la Ciudadan\u00eda, David Casarejos, <\/strong>sostuvo que  <em><strong>\u201cSer\u00eda interesante pasar a tener una provincia cincuenta y tres, que ser\u00eda la provincia de aquellos tres millones de personas que vivimos fuera\u201d,<\/strong><\/em> en relaci\u00f3n a la propuesta de creaci\u00f3n de una circunscripci\u00f3n exterior.<\/p>\n\n\n\n<figure class=\"wp-block-gallery has-nested-images columns-default is-cropped wp-block-gallery-1 is-layout-flex wp-block-gallery-is-layout-flex\">\n<figure class=\"wp-block-image size-large\"><img fetchpriority=\"high\" decoding=\"async\" width=\"1024\" height=\"768\" data-id=\"4267\" src=\"https:\/\/xn--tuvozdiasporaespaola-k7b.com\/wp-content\/uploads\/2023\/10\/1490719966_497975_1490769238_noticia_fotograma-1024x768.jpg\" alt=\"\" class=\"wp-image-4267\" srcset=\"https:\/\/xn--tuvozdiasporaespaola-k7b.com\/wp-content\/uploads\/2023\/10\/1490719966_497975_1490769238_noticia_fotograma-1024x768.jpg 1024w, https:\/\/xn--tuvozdiasporaespaola-k7b.com\/wp-content\/uploads\/2023\/10\/1490719966_497975_1490769238_noticia_fotograma-300x225.jpg 300w, https:\/\/xn--tuvozdiasporaespaola-k7b.com\/wp-content\/uploads\/2023\/10\/1490719966_497975_1490769238_noticia_fotograma-768x576.jpg 768w, https:\/\/xn--tuvozdiasporaespaola-k7b.com\/wp-content\/uploads\/2023\/10\/1490719966_497975_1490769238_noticia_fotograma-1536x1152.jpg 1536w, https:\/\/xn--tuvozdiasporaespaola-k7b.com\/wp-content\/uploads\/2023\/10\/1490719966_497975_1490769238_noticia_fotograma.jpg 1960w\" sizes=\"(max-width: 1024px) 100vw, 1024px\" \/><\/figure>\n<\/figure>\n\n\n\n<p><strong>El Consejo se re\u00fane en Asturias y una de las propuestas que se presentar\u00e1n es la creaci\u00f3n de una circunscripci\u00f3n exterior. \u00bfDe qu\u00e9 se trata este proyecto?<\/strong><\/p>\n\n\n\n<p>B\u00e1sicamente es que, ya que el voto de los inmigrantes ahora mismo se diluye en cincuenta y dos provincias espa\u00f1olas y ninguno de los partidos suele tener demasiadas propuestas para la inmigraci\u00f3n, creemos que ser\u00eda interesante pasar a tener una provincia cincuenta y tres, que ser\u00eda la provincia de aquellos tres millones de personas que vivimos fuera. <\/p>\n\n\n\n<p>Ser\u00eda la tercera provincia de Espa\u00f1a en n\u00famero; ser\u00eda Madrid, Barcelona y luego la circunscripci\u00f3n exterior por delante de ciudades como Valencia. Creemos que esto posibilitar\u00eda que, o bien hubiera partidos propios, o los candidatos que hubiera por los partidos del exterior, tuvieran que presentarnos alguna propuesta de trabajo a la gente de afuera.<\/p>\n\n\n\n<p> B\u00e1sicamente lo que queremos hacer es copiar a otros pa\u00edses, como por ejemplo Alemania, Italia o Francia, que ya cuentan con senadores y representaci\u00f3n desde el exterior. Adem\u00e1s, teniendo en cuenta lo que dijo el presidente del Principado de Asturias, Adri\u00e1n Barb\u00f3n antes de las elecciones, que explic\u00f3 que quer\u00eda fomentar la posibilidad de tener un esca\u00f1o del exterior en el Parlamento Asturiano, pues creemos que es el momento adecuado para empezar a moverlo a nivel nacional.<\/p>\n\n\n\n<p> Es una propuesta que primero se tendr\u00e1 que aprobar en el pleno los d\u00edas 6 y 7 de noviembre, y que habr\u00e1 que ver si se cambia, porque ahora mismo presentamos una divisi\u00f3n entre los esca\u00f1os que hab\u00eda para congreso y senado en Am\u00e9rica, y los esca\u00f1os que habr\u00eda en Asia, Europa y \u00c1frica juntas.<\/p>\n\n\n\n<p> <strong>\u00bfHab\u00e9is hecho ya los estudios para saber cu\u00e1nto ser\u00eda por cada zona?<\/strong><\/p>\n\n\n\n<p>Si, <strong>cuatro de congreso para Am\u00e9rica y tres a repartir entre Asia, Ocean\u00eda, Europa y \u00c1frica<\/strong>. <strong>Esto m\u00e1s o menos refleja en d\u00f3nde est\u00e1 la divisi\u00f3n ahora mismo de la poblaci\u00f3n espa\u00f1ola en el exterior, con Am\u00e9rica teniendo m\u00e1s que el resto de continentes<\/strong>. <\/p>\n\n\n\n<figure class=\"wp-block-gallery has-nested-images columns-default is-cropped wp-block-gallery-2 is-layout-flex wp-block-gallery-is-layout-flex\">\n<figure class=\"wp-block-image size-large\"><img decoding=\"async\" width=\"1024\" height=\"1001\" data-id=\"4268\" src=\"https:\/\/xn--tuvozdiasporaespaola-k7b.com\/wp-content\/uploads\/2023\/10\/Screenshot_20231031_124412_YouTube-1024x1001.jpg\" alt=\"\" class=\"wp-image-4268\" srcset=\"https:\/\/xn--tuvozdiasporaespaola-k7b.com\/wp-content\/uploads\/2023\/10\/Screenshot_20231031_124412_YouTube-1024x1001.jpg 1024w, https:\/\/xn--tuvozdiasporaespaola-k7b.com\/wp-content\/uploads\/2023\/10\/Screenshot_20231031_124412_YouTube-300x293.jpg 300w, https:\/\/xn--tuvozdiasporaespaola-k7b.com\/wp-content\/uploads\/2023\/10\/Screenshot_20231031_124412_YouTube-768x751.jpg 768w, https:\/\/xn--tuvozdiasporaespaola-k7b.com\/wp-content\/uploads\/2023\/10\/Screenshot_20231031_124412_YouTube.jpg 1080w\" sizes=\"(max-width: 1024px) 100vw, 1024px\" \/><\/figure>\n<\/figure>\n\n\n\n<p>Pero s\u00ed que ha habido debate sobre la posibilidad de tener realmente una circunscripci\u00f3n \u00fanica, y no separarla entre Am\u00e9rica y Europa, y as\u00ed tener los mismos candidatos en Am\u00e9rica y en Europa. <\/p>\n\n\n\n<p>Entonces <strong>tendr\u00edamos siete y cinco; siete parlamentarios y cinco senadores que ir\u00edan en representaci\u00f3n de todo el mundo, y que les vot\u00e1ramos los tres millones de espa\u00f1oles desde afuera.<\/strong> <\/p>\n\n\n\n<p>Es decir, que fuera una circunscripci\u00f3n \u00fanica y que no fuera repartida por territorio.Hay dos opciones. La que viene en la propuesta que habla de repartir entre cuatro continentes. Pero hay que mirarlo. Vamos a ver exactamente qu\u00e9 es lo que la gente propone, porque hay que tener en cuenta que en el pleno que vamos a tener dentro de dos semanas, van cincuenta y dos propuestas.<\/p>\n\n\n\n<p> Hay mucha tela que cortar, muchas propuestas para discutir, y evidentemente va a haber algunas que vamos a entrar en debate y va a haber otras que van a ser muy f\u00e1ciles de aprobar.<\/p>\n\n\n\n<p><strong>\u00bfQu\u00e9 propuestas destacar\u00edas aparte de la creaci\u00f3n de la circunscripci\u00f3n exterior para cambiarle la vida a la di\u00e1spora espa\u00f1ola?<\/strong><\/p>\n\n\n\n<p>En mi comisi\u00f3n, aparte de la de la circunscripci\u00f3n exterior, llevamos una propuesta bastante trabajada sobre la reforma del c\u00f3digo civil.<\/p>\n\n\n\n<p> En materia de nacionalidad estamos proponiendo reformar cuatro art\u00edculos diferentes del c\u00f3digo civil para que mantengamos la nacionalidad, que solo se pierda por una renuncia expresa, y que se pueda recuperar en todas las condiciones que por ejemplo la Ley de Memoria Democr\u00e1tica m\u00e1s o menos est\u00e1 permitiendo. <\/p>\n\n\n\n<p>Pero aparte de esto ha habido mucho trabajo en una comisi\u00f3n nueva, que es normativa, en la que hemos empezado a trabajar la posibilidad de cambiar el estatuto de nacionalidad espa\u00f1ola en el exterior y hemos incluido un mont\u00f3n de cambios que ya, desde las propuestas que hicimos antes del verano, muchas de ellas se han tomado en cuenta, pero en educaci\u00f3n, evidentemente van a trabajar muchas propuestas relativas a aperturas de aulas-arte, consejer\u00edas de educaci\u00f3n en los pa\u00edses en los que no existen, y en Mujeres y J\u00f3venes b\u00e1sicamente estamos pidiendo la participaci\u00f3n del Consejo en el Foro de la Juventud de Espa\u00f1a, una nueva campa\u00f1a institucional y publicitaria para dar difusi\u00f3n al protocolo de las mujeres espa\u00f1olas v\u00edctimas de violencia.<\/p>\n\n\n\n<figure class=\"wp-block-gallery has-nested-images columns-default is-cropped wp-block-gallery-3 is-layout-flex wp-block-gallery-is-layout-flex\">\n<figure class=\"wp-block-image size-large\"><img decoding=\"async\" width=\"1024\" height=\"999\" data-id=\"4269\" src=\"https:\/\/xn--tuvozdiasporaespaola-k7b.com\/wp-content\/uploads\/2023\/10\/Screenshot_20231031_124418_YouTube-1024x999.jpg\" alt=\"\" class=\"wp-image-4269\" srcset=\"https:\/\/xn--tuvozdiasporaespaola-k7b.com\/wp-content\/uploads\/2023\/10\/Screenshot_20231031_124418_YouTube-1024x999.jpg 1024w, https:\/\/xn--tuvozdiasporaespaola-k7b.com\/wp-content\/uploads\/2023\/10\/Screenshot_20231031_124418_YouTube-300x293.jpg 300w, https:\/\/xn--tuvozdiasporaespaola-k7b.com\/wp-content\/uploads\/2023\/10\/Screenshot_20231031_124418_YouTube-768x749.jpg 768w, https:\/\/xn--tuvozdiasporaespaola-k7b.com\/wp-content\/uploads\/2023\/10\/Screenshot_20231031_124418_YouTube.jpg 1077w\" sizes=\"(max-width: 1024px) 100vw, 1024px\" \/><\/figure>\n<\/figure>\n\n\n\n<p><strong>Una vez que est\u00e1n las propuestas, \u00bflas present\u00e1is en el Congreso o c\u00f3mo es el tr\u00e1mite?<\/strong><\/p>\n\n\n\n<p>Cada vez que presentamos propuestas, esas propuestas ya se mejoraron en la reuni\u00f3n de comisiones que tuvimos en junio, y ahora se presenta un texto m\u00e1s sofisticado pero que est\u00e1 abierto a posibles cambios. <\/p>\n\n\n\n<p>Una vez que se aprueba el texto, lo que se hace es que la Secretar\u00eda del Consejo General  env\u00eda todas las propuestas enviadas a todas las instituciones que requiera.<\/p>\n\n\n\n<p> Es decir, las de escuelas y aulas arte se enviar\u00e1n evidentemente al Ministerio de Educaci\u00f3n y Ciencia, las de socio-laboral se enviar\u00e1n al Ministerio de Trabajo, y entonces lo que se hace es, despu\u00e9s de cierto tiempo, vienen a nosotros a decirnos si se han hecho cambios.<\/p>\n\n\n\n<p> Hay ciertas propuestas que aparte del camino normal que van a tener yendo a diferentes ministerio, vamos a hacer bastante difusi\u00f3n para que sepan los partidos pol\u00edticos que se han aprobado en el Consejo. Por ejemplo la propuesta de nacionalidad de reforma del C\u00f3digo Civil, vamos a hablarla con todos los partidos pol\u00edticos para que la tengan en cuenta y que aparte de que se haya mandado a Justicia, y que probablemente el Partido Socialista va a saber de esa propuesta, queremos que el resto de partidos tambi\u00e9n conozcan esta propuesta y que alguno de ellos decida llevarla; porque yo creo que es una propuesta de consenso.<\/p>\n\n\n\n<p><strong>Puede que la propuesta llegue a determinado Ministerio y que quede sin aprobarse hasta que se termine la legislatura, por eso es importante que alguna de la propuesta las tome alg\u00fan diputado para que la presenten en distintas comisiones y avancen con ellas, tal como sucedi\u00f3 con la derogaci\u00f3n del Voto Rogado o la Ley de Memoria Democr\u00e1tica<\/strong>.<\/p>\n\n\n\n<p>As\u00ed es, pero hay que tener en cuenta que el Consejo General de la Ciudadan\u00eda Espa\u00f1ola en el Exterior est\u00e1 establecida como una instituci\u00f3n asesora del gobierno, y otra de las propuestas que vamos a hacer es calendarizar las reuniones en el Congreso; es decir que queremos ir al Congreso a dar explicaciones de lo que se ha aprobado y tener cara a cara a los diferentes partidos y a las subcomisiones de trabajo del Congreso y poder presentarles el trabajo que estamos haciendo. <\/p>\n\n\n\n<p>Esta es la clave. Aparte de seguir con el canal institucional ya establecido durante los \u00faltimos treinta a\u00f1os en el Consejo General, evidentemente lo que vamos a hacer es tomar el estatuto de ciudadan\u00eda espa\u00f1ola en el exterior y con lo que dice, al pie de la letra, que se nos tiene que dar visibilidad y se nos tiene que dar sesiones que podamos llegar al Congreso, vamos a empezar a pedir estas reuniones con el Congreso de los Diputados.<\/p>\n\n\n\n<p> Esta va a ser la v\u00eda a trav\u00e9s de la cual estas propuestas no se van a quedar en cajones de ministerios, porque se van a extender a todo el grupo parlamentario y muchos de los partidos van a ver que tienen raz\u00f3n de ser muchas de las propuestas que presentamos. <\/p>\n\n\n\n<p>De la Comisi\u00f3n Permanente hemos presentado la propuesta de calendarizaci\u00f3n de las reuniones anuales de las comisiones delegadas y del pleno, pero tambi\u00e9n vamos a llevar una propuesta de calendarizaci\u00f3n respecto al Congreso; esto nos puede abrir m\u00e1s posibilidades.<\/p>\n\n\n\n<figure class=\"wp-block-gallery has-nested-images columns-default is-cropped wp-block-gallery-4 is-layout-flex wp-block-gallery-is-layout-flex\">\n<figure class=\"wp-block-image size-large\"><img loading=\"lazy\" decoding=\"async\" width=\"620\" height=\"349\" data-id=\"4270\" src=\"https:\/\/xn--tuvozdiasporaespaola-k7b.com\/wp-content\/uploads\/2023\/10\/emigrantes-espanoles-retornados.png\" alt=\"\" class=\"wp-image-4270\" srcset=\"https:\/\/xn--tuvozdiasporaespaola-k7b.com\/wp-content\/uploads\/2023\/10\/emigrantes-espanoles-retornados.png 620w, https:\/\/xn--tuvozdiasporaespaola-k7b.com\/wp-content\/uploads\/2023\/10\/emigrantes-espanoles-retornados-300x169.png 300w\" sizes=\"(max-width: 620px) 100vw, 620px\" \/><\/figure>\n<\/figure>\n\n\n\n<p> <strong>\u00bfC\u00f3mo est\u00e1n las pol\u00edticas de retorno? \u00bfQu\u00e9 grado de seguimiento ten\u00e9is? Porque dada la coyuntura, muchos de los residentes en el exterior est\u00e1n regresando a Espa\u00f1a.<\/strong><\/p>\n\n\n\n<p>Lo que hay que decir es que en los planes de retorno, lo que hay que recordar es que no tenemos uno, sino 18; uno por cada comunidad aut\u00f3noma y luego uno central. El \u00faltimo plan de retorno que se aprob\u00f3 en Espa\u00f1a fue en 2019. <\/p>\n\n\n\n<p>Creo que sigue en vigencia pero no se ha actualizado desde entonces. Muchos de los espa\u00f1oles que tenemos plante\u00e1ndose volver a Espa\u00f1a, est\u00e1n buscando muchas otras v\u00edas. Aparte de los planes de las diferentes consejer\u00edas aut\u00f3nomas, est\u00e1n buscando planes mucho m\u00e1s locales como puede ser el de Zamora, que est\u00e1n buscando desesperadamente rellenar esta Espa\u00f1a vac\u00eda y lo que est\u00e1n haciendo es proponer programas muy interesantes.<\/p>\n\n\n\n<p> La gente tiene que mirar de qu\u00e9 comunidad aut\u00f3noma proven\u00edan sus antepasados y tratar de solicitarlo por esa v\u00eda. <\/p>\n\n\n\n<p>Por ejemplo, alguien que emigr\u00f3 desde Andaluc\u00eda si trata de conseguir entrar en una comunidad como Valencia o en Galicia, no va a tener demasiado \u00e9xito porque van a solicitar la informaci\u00f3n de d\u00f3nde estaban basados sus antepasados. En el plan de retorno hay mucho que hacer todav\u00eda.  <\/p>\n","protected":false},"excerpt":{"rendered":"<p>Por Walter C. Medina. ENTREVISTA A DAVID CASAREJOS. En di\u00e1logo con Francisco L\u00f3pez, para el bloque \u201cTiempo del CRE\u201d de \u201cCenizas de Babilonia-Di\u00e1spora Espa\u00f1ola\u201d, &#8230; <\/p>\n<p class=\"read-more-container\"><a title=\"CIRCUNSCRIPCI\u00d3N EXTERIOR UNA INTERESANTE PROPUESTA PARA LA DI\u00c1SPORA ESPA\u00d1OLA\" class=\"read-more button\" href=\"https:\/\/xn--tuvozdiasporaespaola-k7b.com\/page\/2\/circunscripcion-exterior-una-interesante-propuesta-para-la-diaspora-espanola\/#more-4260\" aria-label=\"M\u00e1s en CIRCUNSCRIPCI\u00d3N EXTERIOR UNA INTERESANTE PROPUESTA PARA LA DI\u00c1SPORA ESPA\u00d1OLA\">Leer m\u00e1s<\/a><\/p>\n","protected":false},"author":222560522,"featured_media":4271,"comment_status":"open","ping_status":"open","sticky":false,"template":"","format":"standard","meta":{"footnotes":""},"categories":[121854],"tags":[],"class_list":["post-4260","post","type-post","status-publish","format-standard","has-post-thumbnail","hentry","category-consejo-de-residentes-espanoles","resize-featured-image"],"_links":{"self":[{"href":"https:\/\/xn--tuvozdiasporaespaola-k7b.com\/page\/2\/wp-json\/wp\/v2\/posts\/4260","targetHints":{"allow":["GET"]}}],"collection":[{"href":"https:\/\/xn--tuvozdiasporaespaola-k7b.com\/page\/2\/wp-json\/wp\/v2\/posts"}],"about":[{"href":"https:\/\/xn--tuvozdiasporaespaola-k7b.com\/page\/2\/wp-json\/wp\/v2\/types\/post"}],"author":[{"embeddable":true,"href":"https:\/\/xn--tuvozdiasporaespaola-k7b.com\/page\/2\/wp-json\/wp\/v2\/users\/222560522"}],"replies":[{"embeddable":true,"href":"https:\/\/xn--tuvozdiasporaespaola-k7b.com\/page\/2\/wp-json\/wp\/v2\/comments?post=4260"}],"version-history":[{"count":3,"href":"https:\/\/xn--tuvozdiasporaespaola-k7b.com\/page\/2\/wp-json\/wp\/v2\/posts\/4260\/revisions"}],"predecessor-version":[{"id":4515,"href":"https:\/\/xn--tuvozdiasporaespaola-k7b.com\/page\/2\/wp-json\/wp\/v2\/posts\/4260\/revisions\/4515"}],"wp:featuredmedia":[{"embeddable":true,"href":"https:\/\/xn--tuvozdiasporaespaola-k7b.com\/page\/2\/wp-json\/wp\/v2\/media\/4271"}],"wp:attachment":[{"href":"https:\/\/xn--tuvozdiasporaespaola-k7b.com\/page\/2\/wp-json\/wp\/v2\/media?parent=4260"}],"wp:term":[{"taxonomy":"category","embeddable":true,"href":"https:\/\/xn--tuvozdiasporaespaola-k7b.com\/page\/2\/wp-json\/wp\/v2\/categories?post=4260"},{"taxonomy":"post_tag","embeddable":true,"href":"https:\/\/xn--tuvozdiasporaespaola-k7b.com\/page\/2\/wp-json\/wp\/v2\/tags?post=4260"}],"curies":[{"name":"wp","href":"https:\/\/api.w.org\/{rel}","templated":true}]}}