{"id":4255,"date":"2023-11-03T15:44:48","date_gmt":"2023-11-03T18:44:48","guid":{"rendered":"https:\/\/xn--tuvozdiasporaespaola-k7b.com\/page\/2\/?p=4255"},"modified":"2023-11-03T17:35:33","modified_gmt":"2023-11-03T20:35:33","slug":"espana-creara-un-banco-de-adn-de-desaparecidos-para-identificar-los-restos-de-las-fosas-comunes","status":"publish","type":"post","link":"https:\/\/xn--tuvozdiasporaespaola-k7b.com\/page\/2\/espana-creara-un-banco-de-adn-de-desaparecidos-para-identificar-los-restos-de-las-fosas-comunes\/","title":{"rendered":"Espa\u00f1a crear\u00e1 un banco de ADN de desaparecidos para identificar los restos de las fosas comunes."},"content":{"rendered":"\n<p>El presidente en funciones del Gobierno de Espa\u00f1a, Pedro S\u00e1nchez, anunci\u00f3 este lunes la creaci\u00f3n de \u00abun banco de ADN de desaparecidos y desaparecidas que facilitar\u00e1 las b\u00fasquedas y la identificaci\u00f3n gen\u00e9tica\u00bb de las\u00a0v\u00edctimas de la Guerra Civil (1936-1939) y de la dictadura de Francisco Franco (1939-1975). S\u00e1nchez explic\u00f3 que\u00a0\u00abse est\u00e1 trabajando para la exhumaci\u00f3n de 133 cuerpos de v\u00edctimas\u00bb en fosas comunes y que con el nuevo sistema adquirido por el Ministerio de Justicia, los trabajos de identificaci\u00f3n mejorar\u00e1n. Abog\u00f3 tambi\u00e9n por actualizar el relato hist\u00f3rico de la Guerra Civil y el franquismo en los libros de texto a 30 de octubre de 2023.<\/p>\n\n\n\n<p>Esta noticia que aparece en <em>Espa\u00f1a Hoy<\/em>, en Argentina se ve como una espejismo, dadas las medidas tomadas en el pa\u00eds austral en estos aspectos, seg\u00fan opinan movimientos memorialistas espa\u00f1oles, junto a agrupaciones o asociaciones de desaparecidos hispanos en la dictadura franquista.<\/p>\n\n\n\n<p>Estas conquistas en Argentinas fueron llevadas adelante por las Abuelas y Madres de la Plaza de Mayo con el apoyo de los gobiernos de N\u00e9stor Kirchner y de Cristina Fern\u00e1ndez.<\/p>\n\n\n\n<figure class=\"wp-block-gallery has-nested-images columns-default is-cropped wp-block-gallery-1 is-layout-flex wp-block-gallery-is-layout-flex\">\n<figure class=\"wp-block-image size-large\"><img fetchpriority=\"high\" decoding=\"async\" width=\"655\" height=\"368\" data-id=\"4289\" src=\"https:\/\/xn--tuvozdiasporaespaola-k7b.com\/wp-content\/uploads\/2023\/11\/629666fed5258_655.jpg\" alt=\"\" class=\"wp-image-4289\" srcset=\"https:\/\/xn--tuvozdiasporaespaola-k7b.com\/wp-content\/uploads\/2023\/11\/629666fed5258_655.jpg 655w, https:\/\/xn--tuvozdiasporaespaola-k7b.com\/wp-content\/uploads\/2023\/11\/629666fed5258_655-300x169.jpg 300w\" sizes=\"(max-width: 655px) 100vw, 655px\" \/><\/figure>\n<\/figure>\n\n\n\n<p>Ya en su momento Podemos, incentiv\u00f3 diversas iniciativas dirigidas en esa l\u00ednea, al igual que tambi\u00e9n las ten\u00edan en cuenta distintas candidaturas a los CREE de Latinoam\u00e9rica:<\/p>\n\n\n\n<p>\u00ab<em>Generar compensaciones y promover acciones para el reconocimiento p\u00fablico y expl\u00edcito de estos hechos, en aras de recuperar la identidad hist\u00f3rica facilitando el reencuentro de las nuevas generaciones con sus verdaderas ra\u00edces. Adem\u00e1s, promoveremos que se realicen materiales culturales sobre el tema. En Argentina, impulsaremos un programa de cooperaci\u00f3n entre el Consejo Nacional de Investigaciones Cient\u00edficas y T\u00e9cnicas (CONICET) y organismos estatales espa\u00f1oles para la creaci\u00f3n de un banco datos gen\u00e9ticos de quienes tuvieron familiares desaparecidos en la guerra civil y posterior dictadura franquista, para facilitar la identificaci\u00f3n de los restos que se vayan exhumando en Espa\u00f1a y para posibilitar la identificaci\u00f3n de ni\u00f1os robados. Proponemos la apertura de los archivos de la Embajada relativos a los espa\u00f1oles represaliados durante la \u00faltima dictadura militar argentina, para que aporten elementos probatorios a los juicios existentes y esclarezcan el papel del estado espa\u00f1ol en dicho per\u00edodo<\/em>\u00ab.<\/p>\n\n\n\n<figure class=\"wp-block-gallery has-nested-images columns-default is-cropped wp-block-gallery-2 is-layout-flex wp-block-gallery-is-layout-flex\">\n<figure class=\"wp-block-image size-large\"><img decoding=\"async\" width=\"1024\" height=\"512\" data-id=\"4294\" src=\"https:\/\/xn--tuvozdiasporaespaola-k7b.com\/wp-content\/uploads\/2023\/11\/20230919_105120-1280x640-1-1024x512.jpg\" alt=\"\" class=\"wp-image-4294\" srcset=\"https:\/\/xn--tuvozdiasporaespaola-k7b.com\/wp-content\/uploads\/2023\/11\/20230919_105120-1280x640-1-1024x512.jpg 1024w, https:\/\/xn--tuvozdiasporaespaola-k7b.com\/wp-content\/uploads\/2023\/11\/20230919_105120-1280x640-1-300x150.jpg 300w, https:\/\/xn--tuvozdiasporaespaola-k7b.com\/wp-content\/uploads\/2023\/11\/20230919_105120-1280x640-1-768x384.jpg 768w, https:\/\/xn--tuvozdiasporaespaola-k7b.com\/wp-content\/uploads\/2023\/11\/20230919_105120-1280x640-1.jpg 1280w\" sizes=\"(max-width: 1024px) 100vw, 1024px\" \/><\/figure>\n<\/figure>\n\n\n\n<p>El presidente del gobierno en funciones, Pedro S\u00e1nchez, afirm\u00f3 \u00abque nadie se atreva a decir que no merece la pena seguir escarbando en la tierra para rescatar la memoria olvidada; es de suma ignorancia decir que la ley de memoria es sectaria o revanchista. No lo es en ning\u00fan pa\u00eds del mundo,  y tampoco en Espa\u00f1a. La ley se va a cumplir\u00bb<\/p>\n\n\n\n<p>Es necesario dedicar recursos  a la  visibilidad de los cr\u00edmenes y recortes de libertades de la dictadura de Franco que forman parte de la historia de Espa\u00f1a y la actualizaci\u00f3n del relato hist\u00f3rico en los libros de texto, para que los j\u00f3venes conozcan el pasado de nuestro pa\u00eds.<\/p>\n\n\n\n<figure class=\"wp-block-gallery has-nested-images columns-default is-cropped wp-block-gallery-3 is-layout-flex wp-block-gallery-is-layout-flex\">\n<figure class=\"wp-block-image size-large\"><img decoding=\"async\" width=\"1024\" height=\"576\" data-id=\"4290\" src=\"https:\/\/xn--tuvozdiasporaespaola-k7b.com\/wp-content\/uploads\/2023\/11\/20230221204619304_1677013521_asset_still-1024x576.jpg\" alt=\"\" class=\"wp-image-4290\" srcset=\"https:\/\/xn--tuvozdiasporaespaola-k7b.com\/wp-content\/uploads\/2023\/11\/20230221204619304_1677013521_asset_still-1024x576.jpg 1024w, https:\/\/xn--tuvozdiasporaespaola-k7b.com\/wp-content\/uploads\/2023\/11\/20230221204619304_1677013521_asset_still-300x169.jpg 300w, https:\/\/xn--tuvozdiasporaespaola-k7b.com\/wp-content\/uploads\/2023\/11\/20230221204619304_1677013521_asset_still-768x432.jpg 768w, https:\/\/xn--tuvozdiasporaespaola-k7b.com\/wp-content\/uploads\/2023\/11\/20230221204619304_1677013521_asset_still-1536x864.jpg 1536w, https:\/\/xn--tuvozdiasporaespaola-k7b.com\/wp-content\/uploads\/2023\/11\/20230221204619304_1677013521_asset_still.jpg 1920w\" sizes=\"(max-width: 1024px) 100vw, 1024px\" \/><\/figure>\n<\/figure>\n\n\n\n<p>Se ha cumplido un a\u00f1o de la entrada en vigor de la Ley de Memoria Democr\u00e1tica.La aprobaci\u00f3n de esta normativa, en octubre de 2022,\u00a0fue vista como una gran paso adelante\u00a0por las v\u00edctimas del franquismo, ya que\u00a0entre otras cosas, permite analizar las denuncias de \u00abviolaciones del Derecho Internacional de los Derechos Humanos y del Derecho Internacional Humanitario\u00bb, que se perpetraron durante la Guerra Civil y la dictadura, y que la\u00a0Ley de Amnist\u00eda de 1977 imped\u00eda perseguir. A la vez que implantar un derecho a la nacionalidad de innumerables espa\u00f1oles que que tuvieron que abandonar Espa\u00f1a.<\/p>\n\n\n\n<p>Se estima que en el pa\u00eds hay alrededor de 115.000 desaparecidos, aunque las instituciones estatales nunca han ofrecido un registro al respecto. Las cifras oficiales del Ministerio de Justicia registran m\u00e1s de 4.200 fosas comunes por todo el territorio espa\u00f1ol  aunque seguramente la realidad, como siempre, supere al relato oficial.<\/p>\n\n\n\n<p>A un a\u00f1o de la implementaci\u00f3n de la Ley de Memoria Democr\u00e1tica, auspiciada por Podemos, junto al bloque progresista, estos anuncios confirman el gran avance en materia de derechos humanos, por la Memoria, Justicia y Reparaci\u00f3n de las v\u00edctimas.<\/p>\n\n\n\n<p>GT Cultura y Memoria Republicana , Podemos Argentina.<\/p>\n\n\n\n<p><\/p>\n","protected":false},"excerpt":{"rendered":"<p>El presidente en funciones del Gobierno de Espa\u00f1a, Pedro S\u00e1nchez, anunci\u00f3 este lunes la creaci\u00f3n de \u00abun banco de ADN de desaparecidos y desaparecidas &#8230; <\/p>\n<p class=\"read-more-container\"><a title=\"Espa\u00f1a crear\u00e1 un banco de ADN de desaparecidos para identificar los restos de las fosas comunes.\" class=\"read-more button\" href=\"https:\/\/xn--tuvozdiasporaespaola-k7b.com\/page\/2\/espana-creara-un-banco-de-adn-de-desaparecidos-para-identificar-los-restos-de-las-fosas-comunes\/#more-4255\" aria-label=\"M\u00e1s en Espa\u00f1a crear\u00e1 un banco de ADN de desaparecidos para identificar los restos de las fosas comunes.\">Leer m\u00e1s<\/a><\/p>\n","protected":false},"author":222560522,"featured_media":4291,"comment_status":"open","ping_status":"open","sticky":false,"template":"","format":"standard","meta":{"footnotes":""},"categories":[121850,1771],"tags":[],"class_list":["post-4255","post","type-post","status-publish","format-standard","has-post-thumbnail","hentry","category-politica","category-sociales","resize-featured-image"],"_links":{"self":[{"href":"https:\/\/xn--tuvozdiasporaespaola-k7b.com\/page\/2\/wp-json\/wp\/v2\/posts\/4255","targetHints":{"allow":["GET"]}}],"collection":[{"href":"https:\/\/xn--tuvozdiasporaespaola-k7b.com\/page\/2\/wp-json\/wp\/v2\/posts"}],"about":[{"href":"https:\/\/xn--tuvozdiasporaespaola-k7b.com\/page\/2\/wp-json\/wp\/v2\/types\/post"}],"author":[{"embeddable":true,"href":"https:\/\/xn--tuvozdiasporaespaola-k7b.com\/page\/2\/wp-json\/wp\/v2\/users\/222560522"}],"replies":[{"embeddable":true,"href":"https:\/\/xn--tuvozdiasporaespaola-k7b.com\/page\/2\/wp-json\/wp\/v2\/comments?post=4255"}],"version-history":[{"count":3,"href":"https:\/\/xn--tuvozdiasporaespaola-k7b.com\/page\/2\/wp-json\/wp\/v2\/posts\/4255\/revisions"}],"predecessor-version":[{"id":4298,"href":"https:\/\/xn--tuvozdiasporaespaola-k7b.com\/page\/2\/wp-json\/wp\/v2\/posts\/4255\/revisions\/4298"}],"wp:featuredmedia":[{"embeddable":true,"href":"https:\/\/xn--tuvozdiasporaespaola-k7b.com\/page\/2\/wp-json\/wp\/v2\/media\/4291"}],"wp:attachment":[{"href":"https:\/\/xn--tuvozdiasporaespaola-k7b.com\/page\/2\/wp-json\/wp\/v2\/media?parent=4255"}],"wp:term":[{"taxonomy":"category","embeddable":true,"href":"https:\/\/xn--tuvozdiasporaespaola-k7b.com\/page\/2\/wp-json\/wp\/v2\/categories?post=4255"},{"taxonomy":"post_tag","embeddable":true,"href":"https:\/\/xn--tuvozdiasporaespaola-k7b.com\/page\/2\/wp-json\/wp\/v2\/tags?post=4255"}],"curies":[{"name":"wp","href":"https:\/\/api.w.org\/{rel}","templated":true}]}}