{"id":4246,"date":"2023-10-30T20:37:24","date_gmt":"2023-10-30T23:37:24","guid":{"rendered":"https:\/\/xn--tuvozdiasporaespaola-k7b.com\/page\/2\/?p=4246"},"modified":"2023-10-30T20:37:25","modified_gmt":"2023-10-30T23:37:25","slug":"colombia-un-pais-antifeminista","status":"publish","type":"post","link":"https:\/\/xn--tuvozdiasporaespaola-k7b.com\/page\/2\/colombia-un-pais-antifeminista\/","title":{"rendered":"\u00bfColombia, un pa\u00eds antifeminista?"},"content":{"rendered":"\n<p> Por: Carolina Valencia Bernal. Redacci\u00f3n  Colombia.<\/p>\n\n\n\n<p> El domingo 29 de septiembre, se llevaron a cabo las elecciones regionales en  Colombia, con unos resultados en franco retroceso, unos 8 a\u00f1os de pasos  atr\u00e1s en lo que respecta al 2022 con el triunfo de la izquierda para la  presidencia de Colombia. <\/p>\n\n\n\n<figure class=\"wp-block-gallery has-nested-images columns-default is-cropped wp-block-gallery-1 is-layout-flex wp-block-gallery-is-layout-flex\">\n<figure class=\"wp-block-image size-large is-style-rounded\"><img fetchpriority=\"high\" decoding=\"async\" width=\"871\" height=\"1024\" data-id=\"4253\" src=\"https:\/\/xn--tuvozdiasporaespaola-k7b.com\/wp-content\/uploads\/2023\/10\/Screenshot_20230605_205748_Gallery-871x1024.jpg\" alt=\"\" class=\"wp-image-4253\" srcset=\"https:\/\/xn--tuvozdiasporaespaola-k7b.com\/wp-content\/uploads\/2023\/10\/Screenshot_20230605_205748_Gallery-871x1024.jpg 871w, https:\/\/xn--tuvozdiasporaespaola-k7b.com\/wp-content\/uploads\/2023\/10\/Screenshot_20230605_205748_Gallery-255x300.jpg 255w, https:\/\/xn--tuvozdiasporaespaola-k7b.com\/wp-content\/uploads\/2023\/10\/Screenshot_20230605_205748_Gallery-768x903.jpg 768w, https:\/\/xn--tuvozdiasporaespaola-k7b.com\/wp-content\/uploads\/2023\/10\/Screenshot_20230605_205748_Gallery.jpg 1080w\" sizes=\"(max-width: 871px) 100vw, 871px\" \/><figcaption class=\"wp-element-caption\">Carolina Valencia Bernal <\/figcaption><\/figure>\n<\/figure>\n\n\n\n<p>Los clanes, la politiquer\u00eda y las maquinarias de siempre se llevaron  nuevamente el triunfo; como ellos mismos dicen: \u201crecuperaron Colombia\u201d. Y s\u00ed,  es cierto, es totalmente cierto, volvi\u00f3 la clase tradicional al poder.  <\/p>\n\n\n\n<p>\u00bfCastigo a las pol\u00edticas de izquierda de Gustavo Petro y la poca credibilidad de  la alcaldesa de la capital del pa\u00eds Claudia L\u00f3pez del Partido Verde?.<\/p>\n\n\n\n<p> Que vienen  siendo los representantes del progresismo o izquierda colombiana. Pol\u00edticas que han sido controvertidas, desfavorablemente recibidas en el  Congreso de la Rep\u00fablica y por ende el retraso y negativa para ser aprobadas.  <\/p>\n\n\n\n<figure class=\"wp-block-gallery has-nested-images columns-default is-cropped wp-block-gallery-2 is-layout-flex wp-block-gallery-is-layout-flex\">\n<figure class=\"wp-block-image size-large\"><img decoding=\"async\" width=\"1024\" height=\"681\" data-id=\"4249\" src=\"https:\/\/xn--tuvozdiasporaespaola-k7b.com\/wp-content\/uploads\/2023\/10\/UXYLEBCDCFHAVEE7YX4RWMYQNQ-1024x681.jpg\" alt=\"\" class=\"wp-image-4249\" srcset=\"https:\/\/xn--tuvozdiasporaespaola-k7b.com\/wp-content\/uploads\/2023\/10\/UXYLEBCDCFHAVEE7YX4RWMYQNQ-1024x681.jpg 1024w, https:\/\/xn--tuvozdiasporaespaola-k7b.com\/wp-content\/uploads\/2023\/10\/UXYLEBCDCFHAVEE7YX4RWMYQNQ-300x200.jpg 300w, https:\/\/xn--tuvozdiasporaespaola-k7b.com\/wp-content\/uploads\/2023\/10\/UXYLEBCDCFHAVEE7YX4RWMYQNQ-768x511.jpg 768w, https:\/\/xn--tuvozdiasporaespaola-k7b.com\/wp-content\/uploads\/2023\/10\/UXYLEBCDCFHAVEE7YX4RWMYQNQ-1536x1022.jpg 1536w, https:\/\/xn--tuvozdiasporaespaola-k7b.com\/wp-content\/uploads\/2023\/10\/UXYLEBCDCFHAVEE7YX4RWMYQNQ-2048x1363.jpg 2048w\" sizes=\"(max-width: 1024px) 100vw, 1024px\" \/><\/figure>\n<\/figure>\n\n\n\n<p>Las obras de esta presidencia, se basan en la restituci\u00f3n de tierras a los  campesinos, algo que ha sido efectivo y bien recibido por toda la poblaci\u00f3n  rural, desplazada y v\u00edctima de la violencia de Estado en las regiones apartadas  por el conflicto armado del pa\u00eds.<\/p>\n\n\n\n<p> La paz total, que es la pol\u00edtica estrella del petrismo, no est\u00e1 dando el resultado  anhelado por el gobierno. Los constantes ataques y masacres por parte de las  discidencias de las FARC, el Clan del Golfo y los diferentes grupos al margen  de la ley que se disputan los antiguos territorios de las FARC y de tierras  dedicadas al cultivo de coca y marihuana; sumado a la poca efectividad de los  espacios de cese al fuego con la guerrilla del ELN, quienes est\u00e1n en el centro  de las negociaciones de la paz total y el famoso decreto de pagar para no  matar; no han hecho mucha mella en la poblaci\u00f3n colombiana y mucho menos  en sus representantes en el Congreso, quienes rechazan estas pol\u00edticas.<\/p>\n\n\n\n<figure class=\"wp-block-gallery has-nested-images columns-default is-cropped wp-block-gallery-3 is-layout-flex wp-block-gallery-is-layout-flex\">\n<figure class=\"wp-block-image size-large\"><img decoding=\"async\" width=\"1024\" height=\"682\" data-id=\"4248\" src=\"https:\/\/xn--tuvozdiasporaespaola-k7b.com\/wp-content\/uploads\/2023\/10\/eln_1000_1100-1024x682.jpg\" alt=\"\" class=\"wp-image-4248\" srcset=\"https:\/\/xn--tuvozdiasporaespaola-k7b.com\/wp-content\/uploads\/2023\/10\/eln_1000_1100-1024x682.jpg 1024w, https:\/\/xn--tuvozdiasporaespaola-k7b.com\/wp-content\/uploads\/2023\/10\/eln_1000_1100-300x200.jpg 300w, https:\/\/xn--tuvozdiasporaespaola-k7b.com\/wp-content\/uploads\/2023\/10\/eln_1000_1100-768x512.jpg 768w, https:\/\/xn--tuvozdiasporaespaola-k7b.com\/wp-content\/uploads\/2023\/10\/eln_1000_1100.jpg 1100w\" sizes=\"(max-width: 1024px) 100vw, 1024px\" \/><\/figure>\n<\/figure>\n\n\n\n<p><strong>Feminismo y pol\u00edtica  <\/strong><\/p>\n\n\n\n<p>Un tema neur\u00e1lgico en este gobierno, es el feminismo, ya que el petrismo tiene la costumbre de acompa\u00f1ar y cobijar a hombres maltratadores que militan en  los partidos del Pacto Hist\u00f3rico, silenciando a las mujeres que los denuncian,  como ya ha sucedido con el exconcejal y ahora subdirector de RTVC, Hollman  Morris; tambi\u00e9n con V\u00edctor De Currea Lugo, Yidis de Jes\u00fas Gaona, acosador  sexual de Wendy Calder\u00f3n qui\u00e9n se suicid\u00f3 por la falta de credibilidad a sus  denuncias y el matoneo dentro del propio partido. <\/p>\n\n\n\n<p>Y el tristemente afamado  profesor Fabi\u00e1n Sanabria acusado de violaciones a hombres estudiantes de la  Universidad Nacional.  <\/p>\n\n\n\n<p>El Pacto Hist\u00f3rico y su jefe m\u00e1ximo los ha protegido, igual que muchas de las  mujeres de esa colectividad, mujeres que se dicen feministas como las concejalas Heidy S\u00e1nchez, Ana Teresa Bernal; la ministra de ambiente Susana  Mohamad, la exdirectora del DPS (Departamento de Prosperidad Social) Cielo Rusinque, tambi\u00e9n la senadora Mar\u00eda Jos\u00e9 Pizarro; y, la hoy jefe de  comunicaciones de la Casa de Nari\u00f1o Mar\u00eda Paula Fonseca G\u00f3mez. <\/p>\n\n\n\n<p>Ellas actuaron por omisi\u00f3n conociendo de sobra los casos y sin poner en  pr\u00e1ctica el c\u00f3digo de \u00e9tica de la Colombia Humana y m\u00e1s recientemente del  Pacto Hist\u00f3rico.  <\/p>\n\n\n\n<figure class=\"wp-block-gallery has-nested-images columns-default is-cropped wp-block-gallery-4 is-layout-flex wp-block-gallery-is-layout-flex\">\n<figure class=\"wp-block-image size-large\"><img loading=\"lazy\" decoding=\"async\" width=\"800\" height=\"533\" data-id=\"4250\" src=\"https:\/\/xn--tuvozdiasporaespaola-k7b.com\/wp-content\/uploads\/2023\/10\/8M.jpg\" alt=\"\" class=\"wp-image-4250\" srcset=\"https:\/\/xn--tuvozdiasporaespaola-k7b.com\/wp-content\/uploads\/2023\/10\/8M.jpg 800w, https:\/\/xn--tuvozdiasporaespaola-k7b.com\/wp-content\/uploads\/2023\/10\/8M-300x200.jpg 300w, https:\/\/xn--tuvozdiasporaespaola-k7b.com\/wp-content\/uploads\/2023\/10\/8M-768x512.jpg 768w\" sizes=\"(max-width: 800px) 100vw, 800px\" \/><\/figure>\n<\/figure>\n\n\n\n<p>Por eso es muy dif\u00edcil para las mujeres de izquierda hacer pol\u00edtica, porque ni  siquiera se sienten apoyadas y protegidas dentro de sus partidos. Salir a la calle para una mujer en Colombia a hacer campa\u00f1a es un deporte de  alto riesgo. <\/p>\n\n\n\n<p>Se exponen a violencias de todo tipo, a acosos sexuales, a abusos  sexuales, a violencia pol\u00edtica por el hecho de ser mujeres y es realmente  desgastante, abrumador, deprimente y en algunas puede producir depresi\u00f3n,  ansiedad o angustia. <\/p>\n\n\n\n<p>Y dados los resultados del d\u00eda 29 de octubre, vemos que a pesar de los  esfuerzos, Colombia sigue siendo, como muchos otros en Am\u00e9rica Latina, un  pa\u00eds machista, patriarcal, mis\u00f3gino y tremendamente desigual para las mujeres.  <\/p>\n\n\n\n<p>Solamente en Bogot\u00e1 no hubo ninguna mujer candidata a la alcald\u00eda, tampoco  en Barranquilla o Medell\u00edn, ciudades importantes del pa\u00eds. Actualmente las mujeres s\u00f3lo ocupan el 12% de las alcald\u00edas y el 18 % de las  gobernaciones en el pa\u00eds. La paridad electoral no es una obligaci\u00f3n dentro de  los partidos y as\u00ed mismo el poder regional, con excepci\u00f3n del Valle del Cauca,  est\u00e1 monopolizado por hombres. <\/p>\n\n\n\n<p>Pero el caso espec\u00edfico que quiero tratar hoy, es el de una mujer joven,  aspirante a la JAL (Junta Administradora Local) de una de las 20 localidades en  las que se divide la capital. Ella, como muchas otras fue violentada en el  ejercicio de su campa\u00f1a. Con amenazas directas de violaci\u00f3n por parte de  conocidos e incluso compa\u00f1eros de lucha. <\/p>\n\n\n\n<p>Supo mantener el ritmo, pero ayer  se derrumb\u00f3 y expres\u00f3 su tristeza, con la tremenda convicci\u00f3n de que  denunciar le puede costar la vida.  <\/p>\n\n\n\n<p>Seguimos entonces repitiendonos la misma pregunta \u00bfpor qu\u00e9 las mujeres no  denuncian? La respuesta es muy sencilla, amenazas, muerte, escarnio p\u00fablico, vetos  pol\u00edticos, atentados. Y para las que apoyan, acompa\u00f1an y sacan a la luz este terror, pues m\u00e1s  amenazas, m\u00e1s injurias en contra y menos seguridad. <\/p>\n\n\n\n<p>Ser mujer y ejercer pol\u00edtica en Colombia es peligroso. Las valientes como  Jennifer Pedraza, representante a la c\u00e1mara por Bogot\u00e1 que viene del  movimiento estudiantil, lo sabe muy bien. Incluso ayud\u00f3 a instaurar una  denuncia contra instigadores de amanazas de muerte por redes sociales que  defienden al se\u00f1or Hollman Morris y a otros.<\/p>\n\n\n\n<figure class=\"wp-block-gallery has-nested-images columns-default is-cropped wp-block-gallery-5 is-layout-flex wp-block-gallery-is-layout-flex\">\n<figure class=\"wp-block-image size-large\"><img loading=\"lazy\" decoding=\"async\" width=\"1024\" height=\"420\" data-id=\"4251\" src=\"https:\/\/xn--tuvozdiasporaespaola-k7b.com\/wp-content\/uploads\/2023\/10\/10_Carolinaramirezpaez-1-de-mayo-2021-Bogota9-14e0c7fb.webp\" alt=\"\" class=\"wp-image-4251\" srcset=\"https:\/\/xn--tuvozdiasporaespaola-k7b.com\/wp-content\/uploads\/2023\/10\/10_Carolinaramirezpaez-1-de-mayo-2021-Bogota9-14e0c7fb.webp 1024w, https:\/\/xn--tuvozdiasporaespaola-k7b.com\/wp-content\/uploads\/2023\/10\/10_Carolinaramirezpaez-1-de-mayo-2021-Bogota9-14e0c7fb-300x123.webp 300w, https:\/\/xn--tuvozdiasporaespaola-k7b.com\/wp-content\/uploads\/2023\/10\/10_Carolinaramirezpaez-1-de-mayo-2021-Bogota9-14e0c7fb-768x315.webp 768w\" sizes=\"(max-width: 1024px) 100vw, 1024px\" \/><\/figure>\n<\/figure>\n\n\n\n<p> Ella y un grupo de mujeres  periodistas, soci\u00f3logas y antrop\u00f3logas, se dieron a esta tarea y la Fiscal\u00eda General de la Naci\u00f3n la archiv\u00f3, como muchas otras demandas y denuncias  contra hombres intocables cercanos al gobierno nacional.  <\/p>\n\n\n\n<p>\u00bfEn qu\u00e9 queda todo esto? En lo mismo, sigue sin haber una soluci\u00f3n. Las mujeres seguir\u00e1n haciendo pol\u00edtica a riesgo de su integridad f\u00edsica y  mental, mientras el mundo sigue en el enredo machista y mis\u00f3gino, sin  importar, cu\u00e1ntas f\u00e9minas caigan al abismo, porque el poder ha sido, es y por  desgracia seguir\u00e1 muchos a\u00f1os m\u00e1s siendo patriarcal.  Sin embargo, las mujeres valientes siguen abriendo cada vez m\u00e1s espacios de nuevas maneras de hacer pol\u00edtica y de llegar, de formas diferentes a renovar las  luchas, la informaci\u00f3n, la verdad y la pol\u00edtica.<\/p>\n","protected":false},"excerpt":{"rendered":"<p>Por: Carolina Valencia Bernal. Redacci\u00f3n Colombia. El domingo 29 de septiembre, se llevaron a cabo las elecciones regionales en Colombia, con unos resultados en &#8230; <\/p>\n<p class=\"read-more-container\"><a title=\"\u00bfColombia, un pa\u00eds antifeminista?\" class=\"read-more button\" href=\"https:\/\/xn--tuvozdiasporaespaola-k7b.com\/page\/2\/colombia-un-pais-antifeminista\/#more-4246\" aria-label=\"M\u00e1s en \u00bfColombia, un pa\u00eds antifeminista?\">Leer m\u00e1s<\/a><\/p>\n","protected":false},"author":222560522,"featured_media":4252,"comment_status":"open","ping_status":"open","sticky":false,"template":"","format":"standard","meta":{"footnotes":""},"categories":[121868,1771],"tags":[],"class_list":["post-4246","post","type-post","status-publish","format-standard","has-post-thumbnail","hentry","category-latinoamerica","category-sociales","resize-featured-image"],"_links":{"self":[{"href":"https:\/\/xn--tuvozdiasporaespaola-k7b.com\/page\/2\/wp-json\/wp\/v2\/posts\/4246","targetHints":{"allow":["GET"]}}],"collection":[{"href":"https:\/\/xn--tuvozdiasporaespaola-k7b.com\/page\/2\/wp-json\/wp\/v2\/posts"}],"about":[{"href":"https:\/\/xn--tuvozdiasporaespaola-k7b.com\/page\/2\/wp-json\/wp\/v2\/types\/post"}],"author":[{"embeddable":true,"href":"https:\/\/xn--tuvozdiasporaespaola-k7b.com\/page\/2\/wp-json\/wp\/v2\/users\/222560522"}],"replies":[{"embeddable":true,"href":"https:\/\/xn--tuvozdiasporaespaola-k7b.com\/page\/2\/wp-json\/wp\/v2\/comments?post=4246"}],"version-history":[{"count":1,"href":"https:\/\/xn--tuvozdiasporaespaola-k7b.com\/page\/2\/wp-json\/wp\/v2\/posts\/4246\/revisions"}],"predecessor-version":[{"id":4254,"href":"https:\/\/xn--tuvozdiasporaespaola-k7b.com\/page\/2\/wp-json\/wp\/v2\/posts\/4246\/revisions\/4254"}],"wp:featuredmedia":[{"embeddable":true,"href":"https:\/\/xn--tuvozdiasporaespaola-k7b.com\/page\/2\/wp-json\/wp\/v2\/media\/4252"}],"wp:attachment":[{"href":"https:\/\/xn--tuvozdiasporaespaola-k7b.com\/page\/2\/wp-json\/wp\/v2\/media?parent=4246"}],"wp:term":[{"taxonomy":"category","embeddable":true,"href":"https:\/\/xn--tuvozdiasporaespaola-k7b.com\/page\/2\/wp-json\/wp\/v2\/categories?post=4246"},{"taxonomy":"post_tag","embeddable":true,"href":"https:\/\/xn--tuvozdiasporaespaola-k7b.com\/page\/2\/wp-json\/wp\/v2\/tags?post=4246"}],"curies":[{"name":"wp","href":"https:\/\/api.w.org\/{rel}","templated":true}]}}