{"id":4241,"date":"2023-10-30T17:28:46","date_gmt":"2023-10-30T20:28:46","guid":{"rendered":"https:\/\/xn--tuvozdiasporaespaola-k7b.com\/page\/2\/?p=4241"},"modified":"2023-10-30T17:28:47","modified_gmt":"2023-10-30T20:28:47","slug":"macri-el-titiritero-de-javier-milei","status":"publish","type":"post","link":"https:\/\/xn--tuvozdiasporaespaola-k7b.com\/page\/2\/macri-el-titiritero-de-javier-milei\/","title":{"rendered":"MACRI, EL TITIRITERO DE JAVIER MILEI"},"content":{"rendered":"\n<p>Por Walter C. Medina. <\/p>\n\n\n\n<p>La realidad pol\u00edtica argentina supera con creces las ficciones hilarantes que alg\u00fan Luis Garc\u00eda Berlanga -criollo y de estos tiempos- hubiera podido imaginar para nuestro deleite.<\/p>\n\n\n\n<p> Ni los Monty Python se atrevieron a semejante desparpajo, a tama\u00f1o esperpento. Tanto es as\u00ed, que de no ser porque se trata de una verdadera amenaza para la democracia y los derechos conquistados,  la irrupci\u00f3n en escena del libertario despeinado Javier Milei, con sus desvar\u00edos, sus contradicciones y sus arrebatos iracundos, representar\u00eda una aut\u00e9ntica y fenomenal humorada.<\/p>\n\n\n\n<figure class=\"wp-block-gallery has-nested-images columns-default is-cropped wp-block-gallery-1 is-layout-flex wp-block-gallery-is-layout-flex\">\n<figure class=\"wp-block-image size-large\"><img fetchpriority=\"high\" decoding=\"async\" width=\"960\" height=\"640\" data-id=\"4242\" src=\"https:\/\/xn--tuvozdiasporaespaola-k7b.com\/wp-content\/uploads\/2023\/10\/Mauricio-Macri-y-Milei-oesteplatense.jpeg\" alt=\"\" class=\"wp-image-4242\" srcset=\"https:\/\/xn--tuvozdiasporaespaola-k7b.com\/wp-content\/uploads\/2023\/10\/Mauricio-Macri-y-Milei-oesteplatense.jpeg 960w, https:\/\/xn--tuvozdiasporaespaola-k7b.com\/wp-content\/uploads\/2023\/10\/Mauricio-Macri-y-Milei-oesteplatense-300x200.jpeg 300w, https:\/\/xn--tuvozdiasporaespaola-k7b.com\/wp-content\/uploads\/2023\/10\/Mauricio-Macri-y-Milei-oesteplatense-768x512.jpeg 768w\" sizes=\"(max-width: 960px) 100vw, 960px\" \/><\/figure>\n<\/figure>\n\n\n\n<p>Sin embargo, a una buena parte de la sociedad que concurrir\u00e1 a las urnas por tercera vez el pr\u00f3ximo 19 de noviembre, Milei ya no le hace ni puta gracia; m\u00e1s bien todo lo contrario. \u201c<strong>Es un psic\u00f3pata\u201d, \u201cEst\u00e1 loco\u201d, \u201cEs muy peligroso para el futuro del pa\u00eds\u201d, <\/strong>sostienen ahora muchos de quienes aplaudieron la catarata de insultos, misoginias, privatizaciones oce\u00e1nicas, venta de ni\u00f1os, de \u00f3rganos y dem\u00e1s horrores que el \u201c<strong>Le\u00f3n\u201d de La Libertad Avanza expuso como \u201cprograma de gobierno\u201d, antes de aliarse con los mismos a los que previamente hab\u00eda defenestrado;<\/strong> esos a los que como latiguillo de <strong>campa\u00f1a llam\u00f3 \u201ccasta\u201d, incluida su otrora oponente -hoy aliada-, Patricia Bullrich, a la que el domingo del debate presidencial, y en riguroso directo, adjetiv\u00f3 como \u201cmontonera tira-bombas asesina de ni\u00f1os\u201d<\/strong>. <\/p>\n\n\n\n<p>Los jubilados, a los que el ultraderechista bautiz\u00f3 como \u201c<strong>Viejos Meados\u201d, <\/strong>tampoco est\u00e1n dispuestos a seguirle el juego.<\/p>\n\n\n\n<p>Lo cierto es que tras la victoria parcial del peronismo, representado en la figura de Sergio Massa, el libertario pidi\u00f3 a gritos la ayudita de su mentor en las sombras, de su titiritero, de ese a quien m\u00e1s le interesa el triunfo de Milei para asegurar la continuidad de su impunidad: <strong>Mauricio Macri. \u201cAntonia me dijo: pap\u00e1, ten\u00e9s que apoyar a Milei\u201d, confes\u00f3 hoy el evasor off shore en referencia a su hija de 11 a\u00f1os<\/strong>, quien le habr\u00eda pedido que apoyara al loco de la motosierra.<\/p>\n\n\n\n<p> \u201c<strong>Si Antonia me dice eso, palabra sagrada\u201d, asegur\u00f3 el ex presidente procesado por espionaje ilegal y otras tantas causas que duermen el sue\u00f1o de los justos<\/strong>. <\/p>\n\n\n\n<p>El libertario y el ex presidente necesitan impedir que sea nuevamente el peronismo quien tome las riendas del pa\u00eds. Y ambos tienen sus razonables intereses para haberse zambullido en aguas tan peligrosas que lo m\u00e1s probable sea que terminen ahog\u00e1ndose.<\/p>\n\n\n\n<p> El resquebrajamiento de la mayor alianza opositora argentina ya es un hecho. <\/p>\n\n\n\n<p>Juntos por el Cambio, el partido con el que Mauricio Macri lleg\u00f3 en 2015 a la presidencia (no sin la fabulosa ayuda de los medios de comunicaci\u00f3n que escond\u00edan los trapos sucios del empresario reconvertido a la pol\u00edtica, mientras que atacaban con falsas denuncias al kirchnerismo) ya no existe m\u00e1s; implosion\u00f3 tras saberse que fue el mism\u00edsimo <strong>Mauricio Macri quien estuvo jugando en contra de su propio equipo, y a favor del loco libertario. <\/strong><\/p>\n\n\n\n<p>Internamente, La Libertad Avanza pierde adeptos con la misma velocidad con la que su l\u00edder se abraza a la casta a la que aseguraba querer combatir. <\/p>\n\n\n\n<figure class=\"wp-block-gallery has-nested-images columns-default is-cropped wp-block-gallery-2 is-layout-flex wp-block-gallery-is-layout-flex\">\n<figure class=\"wp-block-image size-large\"><img decoding=\"async\" width=\"1024\" height=\"729\" data-id=\"4243\" src=\"https:\/\/xn--tuvozdiasporaespaola-k7b.com\/wp-content\/uploads\/2023\/10\/tagreuterscom2023newsml_kbn30l0wy-1024x729.jpeg\" alt=\"\" class=\"wp-image-4243\" srcset=\"https:\/\/xn--tuvozdiasporaespaola-k7b.com\/wp-content\/uploads\/2023\/10\/tagreuterscom2023newsml_kbn30l0wy-1024x729.jpeg 1024w, https:\/\/xn--tuvozdiasporaespaola-k7b.com\/wp-content\/uploads\/2023\/10\/tagreuterscom2023newsml_kbn30l0wy-300x213.jpeg 300w, https:\/\/xn--tuvozdiasporaespaola-k7b.com\/wp-content\/uploads\/2023\/10\/tagreuterscom2023newsml_kbn30l0wy-768x547.jpeg 768w, https:\/\/xn--tuvozdiasporaespaola-k7b.com\/wp-content\/uploads\/2023\/10\/tagreuterscom2023newsml_kbn30l0wy-1536x1093.jpeg 1536w, https:\/\/xn--tuvozdiasporaespaola-k7b.com\/wp-content\/uploads\/2023\/10\/tagreuterscom2023newsml_kbn30l0wy-2048x1457.jpeg 2048w\" sizes=\"(max-width: 1024px) 100vw, 1024px\" \/><\/figure>\n<\/figure>\n\n\n\n<p>\u201c<strong>Estoy decepcionado. Apost\u00e9 por un Milei anti-casta, no por un Milei casta que acept\u00f3 un arreglo por un resultado electoral<\/strong>\u201d, expres\u00f3 ayer el legislador electo Carlos Damasco, quien sostuvo adem\u00e1s que <strong>\u201cCon el acuerdo con Juntos por el Cambio est\u00e1n defraudando a los votantes\u201d <\/strong>La semana pol\u00edtica ha sido un verdadero teatro de variedades; un teatro en cuyo escenario se ha demostrado que los principios del \u201cLe\u00f3n\u201d eran los que eran, pero que si a Macri no le gustaban, bien pod\u00edan convertirse en otros.<\/p>\n\n\n\n<p>  La alianza Macri-Milei no hace m\u00e1s que dejar al descubierto el rostro verdadero de los m\u00e1s nefastos personajes de la pol\u00edtica nacional. <\/p>\n\n\n\n<p>La Libertad Avanza y Juntos por el Cambio firmaron sus respectivos certificados de defunci\u00f3n. En el horizonte del 19 de noviembre asoma nuevamente el peronismo, ese dolor de cabeza que los cipayos vende-patria y los libertarios vende-\u00f3rganos est\u00e1n decididos a exterminar, aunque sin ning\u00fan \u00e9xito.       <\/p>\n","protected":false},"excerpt":{"rendered":"<p>Por Walter C. Medina. La realidad pol\u00edtica argentina supera con creces las ficciones hilarantes que alg\u00fan Luis Garc\u00eda Berlanga -criollo y de estos tiempos- &#8230; <\/p>\n<p class=\"read-more-container\"><a title=\"MACRI, EL TITIRITERO DE JAVIER MILEI\" class=\"read-more button\" href=\"https:\/\/xn--tuvozdiasporaespaola-k7b.com\/page\/2\/macri-el-titiritero-de-javier-milei\/#more-4241\" aria-label=\"M\u00e1s en MACRI, EL TITIRITERO DE JAVIER MILEI\">Leer m\u00e1s<\/a><\/p>\n","protected":false},"author":222560522,"featured_media":4244,"comment_status":"open","ping_status":"open","sticky":false,"template":"","format":"standard","meta":{"footnotes":""},"categories":[121853,121850],"tags":[],"class_list":["post-4241","post","type-post","status-publish","format-standard","has-post-thumbnail","hentry","category-elecciones","category-politica","resize-featured-image"],"_links":{"self":[{"href":"https:\/\/xn--tuvozdiasporaespaola-k7b.com\/page\/2\/wp-json\/wp\/v2\/posts\/4241","targetHints":{"allow":["GET"]}}],"collection":[{"href":"https:\/\/xn--tuvozdiasporaespaola-k7b.com\/page\/2\/wp-json\/wp\/v2\/posts"}],"about":[{"href":"https:\/\/xn--tuvozdiasporaespaola-k7b.com\/page\/2\/wp-json\/wp\/v2\/types\/post"}],"author":[{"embeddable":true,"href":"https:\/\/xn--tuvozdiasporaespaola-k7b.com\/page\/2\/wp-json\/wp\/v2\/users\/222560522"}],"replies":[{"embeddable":true,"href":"https:\/\/xn--tuvozdiasporaespaola-k7b.com\/page\/2\/wp-json\/wp\/v2\/comments?post=4241"}],"version-history":[{"count":1,"href":"https:\/\/xn--tuvozdiasporaespaola-k7b.com\/page\/2\/wp-json\/wp\/v2\/posts\/4241\/revisions"}],"predecessor-version":[{"id":4245,"href":"https:\/\/xn--tuvozdiasporaespaola-k7b.com\/page\/2\/wp-json\/wp\/v2\/posts\/4241\/revisions\/4245"}],"wp:featuredmedia":[{"embeddable":true,"href":"https:\/\/xn--tuvozdiasporaespaola-k7b.com\/page\/2\/wp-json\/wp\/v2\/media\/4244"}],"wp:attachment":[{"href":"https:\/\/xn--tuvozdiasporaespaola-k7b.com\/page\/2\/wp-json\/wp\/v2\/media?parent=4241"}],"wp:term":[{"taxonomy":"category","embeddable":true,"href":"https:\/\/xn--tuvozdiasporaespaola-k7b.com\/page\/2\/wp-json\/wp\/v2\/categories?post=4241"},{"taxonomy":"post_tag","embeddable":true,"href":"https:\/\/xn--tuvozdiasporaespaola-k7b.com\/page\/2\/wp-json\/wp\/v2\/tags?post=4241"}],"curies":[{"name":"wp","href":"https:\/\/api.w.org\/{rel}","templated":true}]}}