{"id":4216,"date":"2023-10-28T01:07:35","date_gmt":"2023-10-28T04:07:35","guid":{"rendered":"https:\/\/xn--tuvozdiasporaespaola-k7b.com\/page\/2\/?p=4216"},"modified":"2023-10-28T16:00:00","modified_gmt":"2023-10-28T19:00:00","slug":"gaza-el-horror-del-genocidio-sionista","status":"publish","type":"post","link":"https:\/\/xn--tuvozdiasporaespaola-k7b.com\/page\/2\/gaza-el-horror-del-genocidio-sionista\/","title":{"rendered":"GAZA EL HORROR DEL GENOCIDIO SIONISTA."},"content":{"rendered":"\n<p>Embajada del Estado de Palestina en Uruguay <\/p>\n\n\n\n<p>BOLET\u00cdN DIARIO SOBRE LA SITUACI\u00d3N EN EL TERRENO.<\/p>\n\n\n\n<p>La embajadora de Palestina en Uruguay, Nadya Rasheed, comunico mediante un bolet\u00edn informativo  la situaci\u00f3n actual de ataque Sionista a Palestina<\/p>\n\n\n\n<p>Son 20 d\u00edas consecutivos de violentos bombardeos lanzados por el ej\u00e9rcito de ocupaci\u00f3n israel\u00ed desde el inicio de la agresi\u00f3n contra los civiles en la Franja de Gaza. 70% de los asesinados son ni\u00f1os, mujeres y ancianos. <\/p>\n\n\n\n<figure class=\"wp-block-gallery has-nested-images columns-default is-cropped wp-block-gallery-1 is-layout-flex wp-block-gallery-is-layout-flex\">\n<figure class=\"wp-block-image size-large\"><img fetchpriority=\"high\" decoding=\"async\" width=\"1024\" height=\"510\" data-id=\"4218\" src=\"https:\/\/xn--tuvozdiasporaespaola-k7b.com\/wp-content\/uploads\/2023\/10\/descarga-1024x510.jpeg\" alt=\"\" class=\"wp-image-4218\" srcset=\"https:\/\/xn--tuvozdiasporaespaola-k7b.com\/wp-content\/uploads\/2023\/10\/descarga-1024x510.jpeg 1024w, https:\/\/xn--tuvozdiasporaespaola-k7b.com\/wp-content\/uploads\/2023\/10\/descarga-300x149.jpeg 300w, https:\/\/xn--tuvozdiasporaespaola-k7b.com\/wp-content\/uploads\/2023\/10\/descarga-768x382.jpeg 768w, https:\/\/xn--tuvozdiasporaespaola-k7b.com\/wp-content\/uploads\/2023\/10\/descarga-1536x764.jpeg 1536w, https:\/\/xn--tuvozdiasporaespaola-k7b.com\/wp-content\/uploads\/2023\/10\/descarga.jpeg 1680w\" sizes=\"(max-width: 1024px) 100vw, 1024px\" \/><\/figure>\n<\/figure>\n\n\n\n<p> UNRWA, el mayor proveedor de ayuda humanitaria en Gaza, casi ha agotado sus reservas de combustible y ha reducido significativamente sus operaciones.En un balance no definitivo, en el que las cifras se basan en los cuerpos que llegan a los hospitales; la agresi\u00f3n de la ocupaci\u00f3n israel\u00ed contra nuestro pueblo en Gaza y Cisjordania ha asesinado a 6.955. Adem\u00e1s de 19.000 heridos desde el 7 de octubre.<\/p>\n\n\n\n<p> <strong>CIFRAS Y DATOS ACTUALIZADOS . <\/strong><\/p>\n\n\n\n<p><strong>Franja de Gaza: m\u00e1s de 6.850&nbsp; asesinados y m\u00e1s de 17.000 heridos.Cisjordania: 105 asesinados, y m\u00e1s de 1.900 heridos ;<\/strong>149 familias palestinas perdieron m\u00e1s de 10 de sus miembros.;123 familias perdieron entre 6 y 9 miembros; 416 familias perdieron entre 2 y 5 de sus miembros; 73 miembros del personal sanitario asesinados, y m\u00e1s de 100 heridos.? 20 periodistas asesinados.<\/p>\n\n\n\n<p>Personal de la ONU: 38 asesinados.&nbsp;? 12 hospitales fuera de servicio. El 34% de los hospitales de Gaza no est\u00e1n funcionando; 1.4 Mill\u00f3n de desplazados ; m\u00e1s de 37.000 desplazados padecen enfermedades no transmisibles.<\/p>\n\n\n\n<p> Entre ellas se encuentran 4.600 mujeres embarazadas, y el 15% de ellas padecen diversas discapacidades.<\/p>\n\n\n\n<p>Escuelas destruidas: 219; Escuelas de la UNRWA destruidas: 29 ; El 45% de las viviendas de la Franja quedaron destruidas.<\/p>\n\n\n\n<p> Dr. Riad Al-Malki se reuni\u00f3 con Karim Khan, Fiscal de la Corte Penal Internacional en La Haya, y le present\u00f3 pruebas de los recientes cr\u00edmenes de la agresi\u00f3n israel\u00ed contra la Franja de Gaza, que son competencia del Tribunal Penal y de la investigaci\u00f3n abierta sobre la situaci\u00f3n en Palestina, y le inform\u00f3 del alcance de la destrucci\u00f3n y asesinato de ni\u00f1os, mujeres y civiles causado por Israel, la autoridad de ocupaci\u00f3n ilegal, sin responsabilidad ni rendici\u00f3n de cuentas, y destac\u00f3 su papel en este momento particular, de llevar a los criminales de guerra israel\u00edes ante la justicia internacional. <\/p>\n\n\n\n<p> Los trabajos de la sesi\u00f3n plenaria del d\u00e9cimo per\u00edodo extraordinario de sesiones de emergencia reanudado, que analiza la cuesti\u00f3n palestina tras la agresi\u00f3n israel\u00ed a Gaza, comenzaron esta ma\u00f1ana en la sede de la Asamblea General de las Naciones Unidas en Nueva York. <\/p>\n\n\n\n<figure class=\"wp-block-embed is-type-rich is-provider-twitter wp-block-embed-twitter\"><div class=\"wp-block-embed__wrapper\">\n<blockquote class=\"twitter-tweet\" data-width=\"550\" data-dnt=\"true\"><p lang=\"es\" dir=\"ltr\">Israel ha cortado todas las comunicaciones en la franja de Gaza. El objetivo est\u00e1 claro, quieren a\u00fan m\u00e1s impunidad para cometer las mayores atrocidades. La respuesta de la ciudadan\u00eda decente en nuestros pa\u00edses tiene que ser masiva. No con nuestro silencio, no en nuestro nombre.<\/p>&mdash; Ione Belarra (@ionebelarra) <a href=\"https:\/\/twitter.com\/ionebelarra\/status\/1717991476032917686?ref_src=twsrc%5Etfw\">October 27, 2023<\/a><\/blockquote><script async src=\"https:\/\/platform.twitter.com\/widgets.js\" charset=\"utf-8\"><\/script>\n<\/div><\/figure>\n\n\n\n<p>OXFAM: Israel est\u00e1 utilizando la pol\u00edtica de hambruna como arma de guerra contra los civiles en Gaza. Bas\u00e1ndonos en un an\u00e1lisis de datos de las Naciones Unidas, s\u00f3lo el 2% de los suministros de alimentos que llegaban a la Franja de Gaza hab\u00edan entrado desde la imposici\u00f3n del bloqueo integral a la franja. <\/p>\n\n\n\n<p> Amnist\u00eda Internacional lanz\u00f3 un llamamiento urgente para un alto el fuego inmediato en la Franja de Gaza para evitar nuevas p\u00e9rdidas de vidas civiles y garantizar que la ayuda vital pueda llegar a los residentes de la Franja de Gaza, en medio de una crisis humanitaria&nbsp; y cat\u00e1strofe sin precedentes: \u201cDurante las \u00faltimas dos semanas y media, hemos sido testigos del horror que se desarrolla a una escala inimaginable, el nivel de v\u00edctimas civiles no tiene precedentes y se siguen cometiendo graves violaciones del derecho internacional humanitario, incluidos cr\u00edmenes de guerra.\u00bb  <\/p>\n\n\n\n<p><strong>CISJORDANIA Y JERUSAL\u00c9N<\/strong>: El detenido palestino Thaer Husseinieh del campo de refugiados de Jenin, hoy cumpli\u00f3 22 a\u00f1os en los centros de detenci\u00f3n de la ocupaci\u00f3n israel\u00ed. <\/p>\n\n\n\n<p> El ni\u00f1o Osaid Humeidat muri\u00f3 baleado por las fuerzas de ocupaci\u00f3n israel\u00edes, hoy, durante su asalto al campo de refugiados de Jalazon. <\/p>\n\n\n\n<p>Hoy, decenas de colonos irrumpieron en los patios de la mezquita de Al-Aqsa, bajo la protecci\u00f3n de la polic\u00eda de ocupaci\u00f3n, y realizaron rituales talm\u00fadicos en las proximidades de la Capilla de la Misericordia.<\/p>\n\n\n\n<figure class=\"wp-block-embed is-type-rich is-provider-twitter wp-block-embed-twitter\"><div class=\"wp-block-embed__wrapper\">\n<blockquote class=\"twitter-tweet\" data-width=\"550\" data-dnt=\"true\"><p lang=\"es\" dir=\"ltr\">??Israel comienza su invasi\u00f3n terrestre a Gaza y da otro salto cualitativo en su guerra de extermino contra el pueblo palestino. La complicidad de los gobiernos occidentales, mientras tanto, resulta inmoral e insoportable. <br>Al igual que sucedi\u00f3 en las guerras de Vietnam e Irak,\u2026 <a href=\"https:\/\/t.co\/vcYqDbBknz\">pic.twitter.com\/vcYqDbBknz<\/a><\/p>&mdash; Javier S\u00e1nchez Serna (@J_Sanchez_Serna) <a href=\"https:\/\/twitter.com\/J_Sanchez_Serna\/status\/1717994526634033527?ref_src=twsrc%5Etfw\">October 27, 2023<\/a><\/blockquote><script async src=\"https:\/\/platform.twitter.com\/widgets.js\" charset=\"utf-8\"><\/script>\n<\/div><\/figure>\n\n\n\n<p>En el tercer d\u00eda de la agresi\u00f3n israel\u00ed a la Franja de Gaza, el director de la prisi\u00f3n de Gilboa, armado y acompa\u00f1ado por unidades de represi\u00f3n, golpe\u00f3 brutalmente a un detenido diab\u00e9tico y amenaz\u00f3 con matarlo. Incluso le dijo: \u201c<strong>\u00bfAlguna vez has visto a una persona que le gusta la sangre? Esta soy yo.\u201d<\/strong><\/p>\n\n\n\n<p> Este testimonio lo narra otro detenido sobre las catastr\u00f3ficas condiciones que sufren los detenidos dentro de los centros de detenci\u00f3n de la ocupaci\u00f3n desde el inicio de la agresi\u00f3n.<\/p>\n\n\n\n<p>Las fuerzas de ocupaci\u00f3n israel\u00edes arrestaron, anoche y al amanecer de hoy, a 30 ciudadanos de la gobernaci\u00f3n de Hebr\u00f3n, entre ellos cinco mujeres.<\/p>\n\n\n\n<p> El Ministerio de Salud palestino refuta el escepticismo de la administraci\u00f3n estadounidense sobre las cifras de asesinados y heridos que anunciamos. Las cifras tambi\u00e9n son corroboradas por la ONU a trav\u00e9s de su personal sobre el terreno. <\/p>\n\n\n\n<p>La Embajada del Estado de Palestina en Uruguay tiene un informe detallado con datos de las v\u00edctimas de la agresi\u00f3n israel\u00ed a la Franja de Gaza durante el per\u00edodo (7-26 de octubre de 2023), preparado por el Ministerio de Salud palestino. Estamos a la disposici\u00f3n de todos para compartirlo.<\/p>\n\n\n\n<p>Embajada del Estado de Palestina en Uruguay<\/p>\n\n\n\n<p><\/p>\n","protected":false},"excerpt":{"rendered":"<p>Embajada del Estado de Palestina en Uruguay BOLET\u00cdN DIARIO SOBRE LA SITUACI\u00d3N EN EL TERRENO. La embajadora de Palestina en Uruguay, Nadya Rasheed, comunico &#8230; <\/p>\n<p class=\"read-more-container\"><a title=\"GAZA EL HORROR DEL GENOCIDIO SIONISTA.\" class=\"read-more button\" href=\"https:\/\/xn--tuvozdiasporaespaola-k7b.com\/page\/2\/gaza-el-horror-del-genocidio-sionista\/#more-4216\" aria-label=\"M\u00e1s en GAZA EL HORROR DEL GENOCIDIO SIONISTA.\">Leer m\u00e1s<\/a><\/p>\n","protected":false},"author":222560522,"featured_media":4221,"comment_status":"open","ping_status":"open","sticky":false,"template":"","format":"standard","meta":{"footnotes":""},"categories":[121869,121850],"tags":[],"class_list":["post-4216","post","type-post","status-publish","format-standard","has-post-thumbnail","hentry","category-internaciones","category-politica","resize-featured-image"],"_links":{"self":[{"href":"https:\/\/xn--tuvozdiasporaespaola-k7b.com\/page\/2\/wp-json\/wp\/v2\/posts\/4216","targetHints":{"allow":["GET"]}}],"collection":[{"href":"https:\/\/xn--tuvozdiasporaespaola-k7b.com\/page\/2\/wp-json\/wp\/v2\/posts"}],"about":[{"href":"https:\/\/xn--tuvozdiasporaespaola-k7b.com\/page\/2\/wp-json\/wp\/v2\/types\/post"}],"author":[{"embeddable":true,"href":"https:\/\/xn--tuvozdiasporaespaola-k7b.com\/page\/2\/wp-json\/wp\/v2\/users\/222560522"}],"replies":[{"embeddable":true,"href":"https:\/\/xn--tuvozdiasporaespaola-k7b.com\/page\/2\/wp-json\/wp\/v2\/comments?post=4216"}],"version-history":[{"count":3,"href":"https:\/\/xn--tuvozdiasporaespaola-k7b.com\/page\/2\/wp-json\/wp\/v2\/posts\/4216\/revisions"}],"predecessor-version":[{"id":4222,"href":"https:\/\/xn--tuvozdiasporaespaola-k7b.com\/page\/2\/wp-json\/wp\/v2\/posts\/4216\/revisions\/4222"}],"wp:featuredmedia":[{"embeddable":true,"href":"https:\/\/xn--tuvozdiasporaespaola-k7b.com\/page\/2\/wp-json\/wp\/v2\/media\/4221"}],"wp:attachment":[{"href":"https:\/\/xn--tuvozdiasporaespaola-k7b.com\/page\/2\/wp-json\/wp\/v2\/media?parent=4216"}],"wp:term":[{"taxonomy":"category","embeddable":true,"href":"https:\/\/xn--tuvozdiasporaespaola-k7b.com\/page\/2\/wp-json\/wp\/v2\/categories?post=4216"},{"taxonomy":"post_tag","embeddable":true,"href":"https:\/\/xn--tuvozdiasporaespaola-k7b.com\/page\/2\/wp-json\/wp\/v2\/tags?post=4216"}],"curies":[{"name":"wp","href":"https:\/\/api.w.org\/{rel}","templated":true}]}}