{"id":4210,"date":"2023-10-27T15:15:56","date_gmt":"2023-10-27T18:15:56","guid":{"rendered":"https:\/\/xn--tuvozdiasporaespaola-k7b.com\/page\/2\/?p=4210"},"modified":"2023-10-27T15:15:57","modified_gmt":"2023-10-27T18:15:57","slug":"una-advertencia-para-la-politica-argentina","status":"publish","type":"post","link":"https:\/\/xn--tuvozdiasporaespaola-k7b.com\/page\/2\/una-advertencia-para-la-politica-argentina\/","title":{"rendered":"Una advertencia para la pol\u00edtica Argentina"},"content":{"rendered":"\n<p>Por Jes\u00fas Ariel Rivero desde Rosario,  Argentina.<\/p>\n\n\n\n<p>Las elecciones del pasado 22 de octubre, en las que se impuso el candidato de Uni\u00f3n por la Patria Sergio Tom\u00e1s Massa  parecen corresponder con algo m\u00e1s de coherencia a la historia pol\u00edtica nacional. <\/p>\n\n\n\n<p>Igual no dejan de presentar aristas ins\u00f3litas que suman inc\u00f3gnitas en el camino que se haber ahora, con la vista en el balotaje del pr\u00f3ximo 19 de noviembre.En la votaci\u00f3n de lo que finalmente ser\u00e1 la primera vuelta, el ganador de las Primarias Abiertas Simult\u00e1neas y Obligatorias (PASO) repiti\u00f3 su 30%, mientras que Massa protagoniz\u00f3 una espectacular remontada de diez puntos para imponerse como primera fuerza con un 36,7 % de los votos. Patricia  Bullrich la candidata de Juntos por el Cambio, que en la primaria hab\u00eda quedado segunda (sumando los votos del derrotado Jefe de Gobierno porte\u00f1o Horacio Rodr\u00edguez Larreta), se desplom\u00f3 m\u00e1s de cinco puntos (23,8%) quedando fuera de la carrera presidencial. Mientras que Juan Schiaretti sum\u00f3 6,8 y por \u00faltimo Myriam Bregman con un 2,7%.<\/p>\n\n\n\n<figure class=\"wp-block-gallery has-nested-images columns-default is-cropped wp-block-gallery-1 is-layout-flex wp-block-gallery-is-layout-flex\">\n<figure class=\"wp-block-image size-large\"><img fetchpriority=\"high\" decoding=\"async\" width=\"750\" height=\"500\" data-id=\"4212\" src=\"https:\/\/xn--tuvozdiasporaespaola-k7b.com\/wp-content\/uploads\/2023\/10\/653a6676ce8b0_750x500.jpg\" alt=\"\" class=\"wp-image-4212\" srcset=\"https:\/\/xn--tuvozdiasporaespaola-k7b.com\/wp-content\/uploads\/2023\/10\/653a6676ce8b0_750x500.jpg 750w, https:\/\/xn--tuvozdiasporaespaola-k7b.com\/wp-content\/uploads\/2023\/10\/653a6676ce8b0_750x500-300x200.jpg 300w\" sizes=\"(max-width: 750px) 100vw, 750px\" \/><\/figure>\n<\/figure>\n\n\n\n<p>Despu\u00e9s de acusar el tremendo impacto de las PASO, el peronismo movi\u00f3 su estructura poniendo en marcha su m\u00e1quina quedando plasmado en las urnas.<\/p>\n\n\n\n<p>Es cierto que la de este domingo fue la peor elecci\u00f3n de su historia, perdi\u00f3 provincias que sol\u00edan ser su basti\u00f3n e incluso quedo sin mayor\u00eda en el Senado.Pero tambi\u00e9n es cierto que cuando se decide poner en juego algo de su aparato a nivel nacional, aline\u00e1ndose tras un candidato que por fin parece decidido a dar la pelea por la Presidencia, es capaz de eventos que rompen toda predicci\u00f3n.<\/p>\n\n\n\n<p>El pasado domingo Sergio Tom\u00e1s Massa sumo casi tres millones de votos respecto de las Primarias e imponerse en ocho provincias en las que hab\u00eda sido derrotado (lo espectacular de \u00e9sta recuperaci\u00f3n, adem\u00e1s, confirma indirectamente las m\u00faltiples acusaciones sobre la complicidad peronista con los armados de Milei en varios distritos para las elecciones primarias, justificada c\u00f3mo estrategia para restarle votos a Bullrich).<\/p>\n\n\n\n<p>La coalici\u00f3n del expresidente Mauricio Macri fue la gran derrotada de la jornada. Los votos de su candidata, Patricia Bullrich,  alcanzan la mitad de lo que obtuvo Macri al despedirse del poder en el 2019, una cosecha que bien podr\u00eda leerse como el final de la carrera pol\u00edtica de la ex ministra de Seguridad.M\u00e1s all\u00e1 de una campa\u00f1a electoral absolutamente desmantelada y de las denuncias de traici\u00f3n contra Mauricio Macri el cual no paro de coquetear con  Javier Milei el candidato de La Libertad Avanza, abriendo una crisis interna que podr\u00eda derivar en un eventual quiebre del espacio.<\/p>\n\n\n\n<figure class=\"wp-block-gallery has-nested-images columns-default is-cropped wp-block-gallery-2 is-layout-flex wp-block-gallery-is-layout-flex\">\n<figure class=\"wp-block-image size-large\"><img decoding=\"async\" width=\"480\" height=\"268\" data-id=\"4213\" src=\"https:\/\/xn--tuvozdiasporaespaola-k7b.com\/wp-content\/uploads\/2023\/10\/50736_javier_milei_mauricio_macri_patricia_bullrich_elecciones_presidenciales_argentina.jpg\" alt=\"\" class=\"wp-image-4213\" srcset=\"https:\/\/xn--tuvozdiasporaespaola-k7b.com\/wp-content\/uploads\/2023\/10\/50736_javier_milei_mauricio_macri_patricia_bullrich_elecciones_presidenciales_argentina.jpg 480w, https:\/\/xn--tuvozdiasporaespaola-k7b.com\/wp-content\/uploads\/2023\/10\/50736_javier_milei_mauricio_macri_patricia_bullrich_elecciones_presidenciales_argentina-300x168.jpg 300w\" sizes=\"(max-width: 480px) 100vw, 480px\" \/><\/figure>\n<\/figure>\n\n\n\n<p>Es imprescindible tener en cuenta el voto emocional, ya que fue el que jugo en las Primarias Abiertas Simult\u00e1neamente y Obligatorias y en las Generales del pasado 22 de octubre. En la primera se expres\u00f3 la bronca y en la segunda el miedo.Esto explica la sorprende elecci\u00f3n de Sergio Massa que pudo imponerse con claridad pese al lastre de su doble rol de ministro de Econom\u00eda, Un caso in\u00e9dito en la historia electoral moderna.<\/p>\n\n\n\n<p>La etapa que eventualmente puede abrirse despu\u00e9s de evitar el abismo ultraderechista no habilita ning\u00fan optimismo ingenuo, ya que la profunda crisis econ\u00f3mica, el contexto internacional y el ahogo de la deuda externa ejercer\u00e1n brutales presiones hacia una profundizaci\u00f3n del ajuste en curso.<\/p>\n\n\n\n<p>Los mismos votantes de Uni\u00f3n por la Patria, las fuerzas pol\u00edticas y organizaciones sociales tendr\u00e1n que ser los reguladores de que los costos no recaiga sobre los trabajadores, los sectores m\u00e1s vulnerables.En vista al 19 de noviembre el triunfo de Sergio Massa por m\u00e1s de 6 puntos lo deja mejor posicionado que al candidato liberal Javier Milei, pero la lucha por los votos ser\u00e1 encarnizada.<\/p>\n\n\n\n<p>En lo que respecta a una eventual victoria de Javier Milei implicar\u00eda una derrota estrat\u00e9gica para los trabajadores, la eliminaci\u00f3n de los derechos democr\u00e1ticos m\u00e1s elementales, es decir un retroceso hist\u00f3rico a nivel nacional.La tarea de la hora sigue pasando por evitar a toda costa el acceso de la ultraderecha al poder.<\/p>\n\n\n\n<p>Las elecciones generales del pasado 22 de agosto indican que el pa\u00eds no est\u00e1 dispuesto al suicidio pol\u00edtico. El Pueblo argentino, que ha sido protagonista de gestas hist\u00f3ricas, con su identidad de marcada conciencia social buscar\u00e1 impedir el ascenso de la derecha.<\/p>\n\n\n\n<p>La elecci\u00f3n del 22 de octubre fue un paso importante, pero queda por delante mucho trabajo. De ac\u00e1 al 19 de noviembre falta much\u00edsimo y en la politica Argentina es un mont\u00f3n de tiempo, puede devenir cualquier contingencia, siempre inducida por los factores de poder.<\/p>\n","protected":false},"excerpt":{"rendered":"<p>Por Jes\u00fas Ariel Rivero desde Rosario, Argentina. Las elecciones del pasado 22 de octubre, en las que se impuso el candidato de Uni\u00f3n por &#8230; <\/p>\n<p class=\"read-more-container\"><a title=\"Una advertencia para la pol\u00edtica Argentina\" class=\"read-more button\" href=\"https:\/\/xn--tuvozdiasporaespaola-k7b.com\/page\/2\/una-advertencia-para-la-politica-argentina\/#more-4210\" aria-label=\"M\u00e1s en Una advertencia para la pol\u00edtica Argentina\">Leer m\u00e1s<\/a><\/p>\n","protected":false},"author":222560522,"featured_media":4214,"comment_status":"open","ping_status":"open","sticky":false,"template":"","format":"standard","meta":{"footnotes":""},"categories":[121868,121850],"tags":[],"class_list":["post-4210","post","type-post","status-publish","format-standard","has-post-thumbnail","hentry","category-latinoamerica","category-politica","resize-featured-image"],"_links":{"self":[{"href":"https:\/\/xn--tuvozdiasporaespaola-k7b.com\/page\/2\/wp-json\/wp\/v2\/posts\/4210","targetHints":{"allow":["GET"]}}],"collection":[{"href":"https:\/\/xn--tuvozdiasporaespaola-k7b.com\/page\/2\/wp-json\/wp\/v2\/posts"}],"about":[{"href":"https:\/\/xn--tuvozdiasporaespaola-k7b.com\/page\/2\/wp-json\/wp\/v2\/types\/post"}],"author":[{"embeddable":true,"href":"https:\/\/xn--tuvozdiasporaespaola-k7b.com\/page\/2\/wp-json\/wp\/v2\/users\/222560522"}],"replies":[{"embeddable":true,"href":"https:\/\/xn--tuvozdiasporaespaola-k7b.com\/page\/2\/wp-json\/wp\/v2\/comments?post=4210"}],"version-history":[{"count":2,"href":"https:\/\/xn--tuvozdiasporaespaola-k7b.com\/page\/2\/wp-json\/wp\/v2\/posts\/4210\/revisions"}],"predecessor-version":[{"id":4215,"href":"https:\/\/xn--tuvozdiasporaespaola-k7b.com\/page\/2\/wp-json\/wp\/v2\/posts\/4210\/revisions\/4215"}],"wp:featuredmedia":[{"embeddable":true,"href":"https:\/\/xn--tuvozdiasporaespaola-k7b.com\/page\/2\/wp-json\/wp\/v2\/media\/4214"}],"wp:attachment":[{"href":"https:\/\/xn--tuvozdiasporaespaola-k7b.com\/page\/2\/wp-json\/wp\/v2\/media?parent=4210"}],"wp:term":[{"taxonomy":"category","embeddable":true,"href":"https:\/\/xn--tuvozdiasporaespaola-k7b.com\/page\/2\/wp-json\/wp\/v2\/categories?post=4210"},{"taxonomy":"post_tag","embeddable":true,"href":"https:\/\/xn--tuvozdiasporaespaola-k7b.com\/page\/2\/wp-json\/wp\/v2\/tags?post=4210"}],"curies":[{"name":"wp","href":"https:\/\/api.w.org\/{rel}","templated":true}]}}