{"id":420,"date":"2022-10-20T10:29:02","date_gmt":"2022-10-20T13:29:02","guid":{"rendered":"https:\/\/xn--tuvozdiasporaespaola-k7b.com\/?p=420"},"modified":"2022-10-20T10:34:11","modified_gmt":"2022-10-20T13:34:11","slug":"boe-la-ley-de-memoria-democratica-ya-es-ley","status":"publish","type":"post","link":"https:\/\/xn--tuvozdiasporaespaola-k7b.com\/page\/2\/boe-la-ley-de-memoria-democratica-ya-es-ley\/","title":{"rendered":"BOE , La Ley de Memoria Democr\u00e1tica  ya es LEY"},"content":{"rendered":"\n<p>Hoy d\u00eda 20 de Octubre la ley de Memoria Democr\u00e1tica es Ley ya que es publicada en el Bolet\u00edn Oficial del Estado  y se empezara a desarrollar su aplicaci\u00f3n. <\/p>\n\n\n\n<p>Esta Ley lleva incluida la reglamentaci\u00f3n para Obtener la Nacionalidad Espa\u00f1ola  en los  supuestos contemplados a tal fin.<\/p>\n\n\n\n<p>\u00bfComo hacerlo? \u00bfQuien tiene derecho? \u00bfQue documentaci\u00f3n  se necesita? \u00bfDonde presentarla?, etc&#8230; muchas preguntas que encontrar\u00e1n respuesta.<\/p>\n\n\n\n<p><\/p>\n\n\n\n<p>Ahora ser\u00e1 el Ministerio de Asuntos Exteriores  en sus delegaciones en el Exterior (Embajadas), las que definir\u00e1n desde los consulados la aplicaci\u00f3n de esta Ley ya publicada  en el BOE.<\/p>\n\n\n\n<figure class=\"wp-block-image size-large\"><img fetchpriority=\"high\" decoding=\"async\" width=\"1080\" height=\"564\" src=\"http:\/\/xn--tuvozdiasporaespaola-k7b.com\/wp-content\/uploads\/2022\/10\/screenshot_20221020-091201_whatsapp7730293309852055365.jpg?w=1024\" alt=\"\" class=\"wp-image-415\" srcset=\"https:\/\/xn--tuvozdiasporaespaola-k7b.com\/wp-content\/uploads\/2022\/10\/screenshot_20221020-091201_whatsapp7730293309852055365.jpg 1080w, https:\/\/xn--tuvozdiasporaespaola-k7b.com\/wp-content\/uploads\/2022\/10\/screenshot_20221020-091201_whatsapp7730293309852055365-300x157.jpg 300w, https:\/\/xn--tuvozdiasporaespaola-k7b.com\/wp-content\/uploads\/2022\/10\/screenshot_20221020-091201_whatsapp7730293309852055365-1024x535.jpg 1024w, https:\/\/xn--tuvozdiasporaespaola-k7b.com\/wp-content\/uploads\/2022\/10\/screenshot_20221020-091201_whatsapp7730293309852055365-768x401.jpg 768w\" sizes=\"(max-width: 1080px) 100vw, 1080px\" \/><\/figure>\n\n\n\n<p>Cabe destacar que no s\u00f3lo trata la ley de NACIONALIDAD  como quieren hacer ver  el PP y diferenciar en los CREs, Es  mucho m\u00e1s Amplia  :<\/p>\n\n\n\n<p>El compromiso del Estado en la b\u00fasqueda de desaparecidos de la Guerra Civil y la dictadura franquista y el estudio de posibles vulneraciones de derechos humanos entre 1978 y finales de 1983.  Y mantener el recuerdo de las v\u00edctimas de la Guerra Civil y la dictadura franquista a trav\u00e9s de los principios de \u00abverdad, justicia y reparaci\u00f3n\u00bb, as\u00ed como fomentar el conocimiento de aquellas figuras individuales y colectivas que hicieron posible la Transici\u00f3n<\/p>\n\n\n\n<p>Adem\u00e1s,  avanza respecto a la ley de Memoria Hist\u00f3rica aprobada en 2007, durante el mandato de Jos\u00e9 Luis Rodr\u00edguez Zapatero, que incluy\u00f3 un reconocimiento a las v\u00edctimas y la retirada de s\u00edmbolos de la dictadura, pero no estableci\u00f3 la b\u00fasqueda de desaparecidos como pol\u00edtica de Estado, algo que s\u00ed hace la ley de Memoria Democr\u00e1tica.<\/p>\n\n\n\n<p><strong>1. EL ESTADO ASUME LA B\u00daSQUEDA DE PERSONAS DESAPARECIDAS<\/strong><\/p>\n\n\n\n<figure class=\"wp-block-image size-large\"><img decoding=\"async\" width=\"900\" height=\"600\" src=\"http:\/\/xn--tuvozdiasporaespaola-k7b.com\/wp-content\/uploads\/2022\/10\/hzr2gsn6gvf5rdxn3hx4nhvjee28129370993425037996259..jpg?w=900\" alt=\"\" class=\"wp-image-418\" srcset=\"https:\/\/xn--tuvozdiasporaespaola-k7b.com\/wp-content\/uploads\/2022\/10\/hzr2gsn6gvf5rdxn3hx4nhvjee28129370993425037996259..jpg 900w, https:\/\/xn--tuvozdiasporaespaola-k7b.com\/wp-content\/uploads\/2022\/10\/hzr2gsn6gvf5rdxn3hx4nhvjee28129370993425037996259.-300x200.jpg 300w, https:\/\/xn--tuvozdiasporaespaola-k7b.com\/wp-content\/uploads\/2022\/10\/hzr2gsn6gvf5rdxn3hx4nhvjee28129370993425037996259.-768x512.jpg 768w\" sizes=\"(max-width: 900px) 100vw, 900px\" \/><figcaption class=\"wp-element-caption\">Los desaparecidos asesinados tienen el reconocimiento y derecho a ser identificados y enterrados por sus familias. <\/figcaption><\/figure>\n\n\n\n<p>La ley establece de forma expresa que la b\u00fasqueda de las alrededor de 114.000 personas desaparecidas durante la Guerra Civil y la dictadura corresponder\u00e1 a la Administraci\u00f3n General del Estado, sin perjuicio de las competencias de otras administraciones p\u00fablicas.<\/p>\n\n\n\n<p>Para ello, el Estado elaborar\u00e1 un mapa de localizaci\u00f3n de personas desaparecidas y crear\u00e1 un banco estatal de ADN de v\u00edctimas de la Guerra Civil y la dictadura para poder comparar perfiles gen\u00e9ticos en la identificaci\u00f3n de restos.<\/p>\n\n\n\n<p>La ley prev\u00e9 adem\u00e1s un censo estatal de v\u00edctimas con los nombres de aquellas personas fallecidas y de las supervivientes que expresen su consentimiento expreso.<\/p>\n\n\n\n<p><strong>2. EL R\u00c9GIMEN FRANQUISTA SE DECLARAR\u00c1 ILEGAL<\/strong><\/p>\n\n\n\n<figure class=\"wp-block-image size-large\"><img decoding=\"async\" width=\"768\" height=\"574\" src=\"http:\/\/xn--tuvozdiasporaespaola-k7b.com\/wp-content\/uploads\/2022\/10\/gettyimages-545334027-2112f5d7299061004437371179.jpg?w=768\" alt=\"\" class=\"wp-image-417\" srcset=\"https:\/\/xn--tuvozdiasporaespaola-k7b.com\/wp-content\/uploads\/2022\/10\/gettyimages-545334027-2112f5d7299061004437371179.jpg 768w, https:\/\/xn--tuvozdiasporaespaola-k7b.com\/wp-content\/uploads\/2022\/10\/gettyimages-545334027-2112f5d7299061004437371179-300x224.jpg 300w\" sizes=\"(max-width: 768px) 100vw, 768px\" \/><figcaption class=\"wp-element-caption\">Francisco Franco fue Ilegal y Genocida. <\/figcaption><\/figure>\n\n\n\n<p>La ley declara ilegal tanto el r\u00e9gimen franquista como los tribunales franquistas, as\u00ed como la nulidad de todas sus condenas.<\/p>\n\n\n\n<p>Esta nulidad dar\u00e1 derecho a obtener \u00abuna declaraci\u00f3n de reconocimiento y reparaci\u00f3n personal\u00bb a las v\u00edctimas del franquismo, que es otra de las novedades que recoge la ley.<\/p>\n\n\n\n<p><strong>3. PREVALENCIA DEL DERECHO INTERNACIONAL FRENTE A LA LEY DE AMNIST\u00cdA<\/strong><\/p>\n\n\n\n<p>La nueva norma no deroga la Ley de Amnist\u00eda de 1977, que asegura que fue un instrumento a favor de \u00abla reconciliaci\u00f3n y la construcci\u00f3n de una sociedad democr\u00e1tica avanzada\u00bb, pero subraya la necesidad de \u00abgarantizar el derecho a la verdad de las v\u00edctimas de graves violaciones de los derechos humanos o del derecho internacional humanitario, as\u00ed como las oportunas formas de reconocimiento y reparaci\u00f3n\u00bb.<\/p>\n\n\n\n<p>Para ello, establece que todas las leyes espa\u00f1olas, incluida la de Amnist\u00eda, se interpretar\u00e1n y aplicar\u00e1n de conformidad con el Derecho Internacional, especialmente el Derecho Internacional Humanitario, \u00abseg\u00fan el cual los cr\u00edmenes de guerra, de lesa humanidad, genocidio y tortura tienen la consideraci\u00f3n de imprescriptibles y no amnistiables\u00bb.<\/p>\n\n\n\n<p><strong>4. ESTUDIO DE VULNERACIONES DE DERECHOS HUMANOS DE 1978 A 1983<\/strong><\/p>\n\n\n\n<p>Entre las disposiciones se crea una&nbsp;comisi\u00f3n&nbsp;que estudiara vulneraciones de derechos humanos entre 1978 y finales de 1983 a personas que hayan luchado \u00abpor la consolidaci\u00f3n de la democracia\u00bb y que se\u00f1ale \u00abposibles v\u00edas de reconocimiento y reparaci\u00f3n\u00bb.<\/p>\n\n\n\n<p>Previamente, el PSOE y Unidas Podemos hab\u00edan recogido en las enmiendas parciales pactadas de forma conjunta la designaci\u00f3n de esta&nbsp;comisi\u00f3n&nbsp;con el espacio algo m\u00e1s acotado en el tiempo, desde 1978 hasta el 31 de diciembre de 1982.<\/p>\n\n\n\n<p>Con la ampliaci\u00f3n temporal de los trabajos de la&nbsp;comisi\u00f3n&nbsp;se incluye el a\u00f1o de inicio de los GAL, la organizaci\u00f3n terrorista dedicada a la guerra sucia contra ETA, y el primer a\u00f1o de gobierno de Felipe Gonz\u00e1lez, pero fuentes del Gobierno han aclarado que los casos concretos a analizar los determinar\u00e1 la propia comisi\u00f3n.<\/p>\n\n\n\n<p><strong>5. UN FISCAL DE SALA INVESTIGAR\u00c1 VIOLACIONES DE DERECHOS HUMANOS<\/strong><\/p>\n\n\n\n<figure class=\"wp-block-image size-large\"><img loading=\"lazy\" decoding=\"async\" width=\"640\" height=\"360\" src=\"http:\/\/xn--tuvozdiasporaespaola-k7b.com\/wp-content\/uploads\/2022\/10\/8707_5429_facha4132269099857004982.jpg?w=640\" alt=\"\" class=\"wp-image-419\" srcset=\"https:\/\/xn--tuvozdiasporaespaola-k7b.com\/wp-content\/uploads\/2022\/10\/8707_5429_facha4132269099857004982.jpg 640w, https:\/\/xn--tuvozdiasporaespaola-k7b.com\/wp-content\/uploads\/2022\/10\/8707_5429_facha4132269099857004982-300x169.jpg 300w\" sizes=\"(max-width: 640px) 100vw, 640px\" \/><figcaption class=\"wp-element-caption\">Martin Villa, \u00bfSe har\u00e1 Justicia?<\/figcaption><\/figure>\n\n\n\n<p><\/p>\n\n\n\n<p>Por otro lado, la ley prev\u00e9 la creaci\u00f3n de un Fiscal de Sala para la investigaci\u00f3n de violaciones de derecho internacional y de derechos humanos durante el golpe de Estado, la Guerra Civil y la dictadura franquista.<\/p>\n\n\n\n<p>Este fiscal impulsar\u00e1 adem\u00e1s los procesos de b\u00fasqueda de v\u00edctimas de los hechos investigados para lograr su debida identificaci\u00f3n y localizaci\u00f3n.<\/p>\n\n\n\n<p><strong>6. DEFINICI\u00d3N DE V\u00cdCTIMA<\/strong><\/p>\n\n\n\n<p>La ley considera v\u00edctima a aquellas personas que hayan sufrido da\u00f1o f\u00edsico, moral o psicol\u00f3gico, da\u00f1os patrimoniales o menoscabo de derechos fundamentales desde el golpe de Estado del 18 de julio de 1936 hasta la entrada en vigor de la Constituci\u00f3n de 1978.<\/p>\n\n\n\n<p>Entre las v\u00edctimas, la ley incluye a los fallecidos y desaparecidos como consecuencia de la Guerra Civil y la dictadura, pero tambi\u00e9n a los exiliados, las personas LGTBI, los ni\u00f1os adoptados sin consentimiento de sus progenitores, as\u00ed como las lenguas y cultura vasca, catalana y gallega, entre otros casos.<\/p>\n\n\n\n<p>Las v\u00edctimas tendr\u00e1n derecho al \u00abreconocimiento y reparaci\u00f3n integral\u00bb por parte del Estado, as\u00ed como al \u00abresarcimiento\u00bb de los bienes incautados y las sanciones econ\u00f3micas producidas por razones pol\u00edticas, ideol\u00f3gicas, de conciencia o creencia religiosa durante la Guerra Civil y la dictadura.<\/p>\n\n\n\n<p>Adem\u00e1s, se declarar\u00e1 el 31 de octubre como d\u00eda de recuerdo y homenaje a todas las v\u00edctimas del golpe militar, la Guerra Civil y la dictadura, y el 8 de mayo como d\u00eda de recuerdo y homenaje a los hombres y mujeres que sufrieron el exilio como consecuencia de la Guerra Civil y la dictadura.<\/p>\n\n\n\n<p><strong>7. EL VALLE DE LOS CA\u00cdDOS SE LLAMAR\u00c1 VALLE DE CUELGAMUROS<\/strong><\/p>\n\n\n\n<figure class=\"wp-block-image size-large\"><img loading=\"lazy\" decoding=\"async\" width=\"414\" height=\"240\" src=\"http:\/\/xn--tuvozdiasporaespaola-k7b.com\/wp-content\/uploads\/2022\/10\/lwv57gmk4pbpj2jgh3appf542i4391549744459846771.jpg?w=414\" alt=\"\" class=\"wp-image-416\" srcset=\"https:\/\/xn--tuvozdiasporaespaola-k7b.com\/wp-content\/uploads\/2022\/10\/lwv57gmk4pbpj2jgh3appf542i4391549744459846771.jpg 414w, https:\/\/xn--tuvozdiasporaespaola-k7b.com\/wp-content\/uploads\/2022\/10\/lwv57gmk4pbpj2jgh3appf542i4391549744459846771-300x174.jpg 300w\" sizes=\"(max-width: 414px) 100vw, 414px\" \/><figcaption class=\"wp-element-caption\">Valle de Cuelgamuros<\/figcaption><\/figure>\n\n\n\n<p><\/p>\n\n\n\n<p>La ley contempla la creaci\u00f3n de un inventario estatal de lugares de memoria democr\u00e1tica entre los que estar\u00e1 el actual Valle de los Ca\u00eddos, que pasar\u00e1 a denominarse Valle de Cuelgamuros y dar\u00e1 a conocer las circunstancias de su construcci\u00f3n y su significado \u00abcon el fin de fortalecer los valores constitucionales y democr\u00e1ticos\u00bb.<\/p>\n\n\n\n<p>Aqu\u00ed s\u00f3lo podr\u00e1n yacer los restos mortales de personas fallecidas a consecuencia de la guerra y se reubicar\u00e1n aquellos restos que ocupen un lugar preeminente en el recinto, como ocurre con el caso de Jos\u00e9 Antonio Primo, que tras la exhumaci\u00f3n de Francisco Franco es la \u00fanica tumba individual que permanece.<\/p>\n\n\n\n<p>Adem\u00e1s, la ley declara extinguida la Fundaci\u00f3n de la Santa Cruz del Valle de los Ca\u00eddos, de quien depende el monumento administrado temporalmente por Patrimonio Nacional, y establecer\u00e1 un nuevo marco jur\u00eddico aplicable a este lugar.<\/p>\n\n\n\n<p><strong>8. ACCESO GARANTIZADO A LA INFORMACI\u00d3N P\u00daBLICA DE LOS ARCHIVOS<\/strong><\/p>\n\n\n\n<p>La ley garantiza el derecho al acceso libre, gratuito y universal a los archivos p\u00fablicos y privados sobre todos los hechos ocurridos entre el golpe de Estado de 1936 y la Transici\u00f3n hasta la entrada en vigor de la Constituci\u00f3n de 1978.<\/p>\n\n\n\n<p>Adem\u00e1s, los archivos y documentaci\u00f3n del gobierno de la dictadura que est\u00e9n en poder de entidades privadas o personas f\u00edsicas, en particular los referidos al jefe de Estado, se incorporar\u00e1n al centro documental de la memoria hist\u00f3rica de Salamanca o al archivo del organismo p\u00fablico que se determine de forma motivada.<\/p>\n\n\n\n<p><strong>9. ACTUALIZACI\u00d3N DE LOS CONTENIDOS EDUCATIVOS<\/strong><\/p>\n\n\n\n<p>Con el fin de difundir el conocimiento de la historia y la memoria democr\u00e1tica espa\u00f1ola y \u00abla lucha por los valores y libertades democr\u00e1ticas\u00bb, la ley establece la actualizaci\u00f3n de los contenidos curriculares para ESO, FP y Bachillerato para reflejar la \u00abrepresi\u00f3n que se produjo durante la guerra y la dictadura\u00bb.<\/p>\n\n\n\n<p><strong>10. SUPRESI\u00d3N DE T\u00cdTULOS NOBILIARIOS DURANTE LA GUERRA Y DICTADURA<\/strong><\/p>\n\n\n\n<p>La ley suprime un total de 33 t\u00edtulos nobiliarios y grandezas de Espa\u00f1a concedidos entre 1948 y 1978, entre ellos el de duque de Primo de Rivera, duque de Calvo Sotelo y duque de Mola.&nbsp;<\/p>\n\n\n\n<p>Estos puntos junto a la OPCI\u00d3N DE NACIONALIDAD serian los m\u00e1s importantes en esta LEY que ya es una realidad .<\/p>\n\n\n\n<p>Como medida reparadora de los que sufrieron el exilio se incluyen dos nuevos supuestos de adquisici\u00f3n de la nacionalidad espa\u00f1ola: <\/p>\n\n\n\n<p>1.- Los hijos e hijas nacidos en el exterior de mujeres espa\u00f1olas que perdieron su nacionalidad por casarse con extranjeros, antes de la entrada en vigor de la Constituci\u00f3n de 1978.<\/p>\n\n\n\n<p> 2.- Los hijos e hijas mayores de edad de aquellos espa\u00f1oles a quienes les fue reconocida la nacionalidad de origen en virtud del derecho de opci\u00f3n<\/p>\n\n\n\n<p>3.- Los voluntarios integrantes de las Brigadas Internacionales que participaron en la Guerra de 1936 a 1939 puedan adquirir la nacionalidad espa\u00f1ola por carta de naturaleza, sin necesidad de que deban renunciar a su anterior nacionalidad. De igual manera se aplicar\u00e1 lo mencionado a los descendientes de los brigadistas que acrediten una labor continuada de difusi\u00f3n de la memoria de sus ascendientes y de la defensa de la democracia en Espa\u00f1a.<\/p>\n\n\n\n<p>LES ADJUNTAMOS EL BOE completo para que puedan consultar todo lo relativo a estas y otras cuestiones. <\/p>\n\n\n\n<figure class=\"wp-block-embed is-type-wp-embed is-provider-heyzine wp-block-embed-heyzine\"><div class=\"wp-block-embed__wrapper\">\n<iframe class=\"wp-embedded-content\" sandbox=\"allow-scripts\" security=\"restricted\" title=\"LEY DE MEMORIA DEMOCR\u00c1TICA \" scrolling=\"no\" src=\"https:\/\/heyzine.com\/flip-book\/9e168593a4.html#?secret=fh7ESrErZ5\" data-secret=\"fh7ESrErZ5\"><\/iframe>\n<\/div><figcaption class=\"wp-element-caption\">https:\/\/heyzine.com\/flip-book\/9e168593a4.html<\/figcaption><\/figure>\n\n\n\n<p>Equipo de Redacci\u00f3n de Revista TU VOZ <\/p>\n","protected":false},"excerpt":{"rendered":"<p>Hoy d\u00eda 20 de Octubre la ley de Memoria Democr\u00e1tica es Ley ya que es publicada en el Bolet\u00edn Oficial del Estado y se &#8230; <\/p>\n<p class=\"read-more-container\"><a title=\"BOE , La Ley de Memoria Democr\u00e1tica  ya es LEY\" class=\"read-more button\" href=\"https:\/\/xn--tuvozdiasporaespaola-k7b.com\/page\/2\/boe-la-ley-de-memoria-democratica-ya-es-ley\/#more-420\" aria-label=\"M\u00e1s en BOE , La Ley de Memoria Democr\u00e1tica  ya es LEY\">Leer m\u00e1s<\/a><\/p>\n","protected":false},"author":222560522,"featured_media":0,"comment_status":"open","ping_status":"open","sticky":false,"template":"","format":"standard","meta":{"footnotes":""},"categories":[1771],"tags":[],"class_list":["post-420","post","type-post","status-publish","format-standard","hentry","category-sociales"],"_links":{"self":[{"href":"https:\/\/xn--tuvozdiasporaespaola-k7b.com\/page\/2\/wp-json\/wp\/v2\/posts\/420","targetHints":{"allow":["GET"]}}],"collection":[{"href":"https:\/\/xn--tuvozdiasporaespaola-k7b.com\/page\/2\/wp-json\/wp\/v2\/posts"}],"about":[{"href":"https:\/\/xn--tuvozdiasporaespaola-k7b.com\/page\/2\/wp-json\/wp\/v2\/types\/post"}],"author":[{"embeddable":true,"href":"https:\/\/xn--tuvozdiasporaespaola-k7b.com\/page\/2\/wp-json\/wp\/v2\/users\/222560522"}],"replies":[{"embeddable":true,"href":"https:\/\/xn--tuvozdiasporaespaola-k7b.com\/page\/2\/wp-json\/wp\/v2\/comments?post=420"}],"version-history":[{"count":0,"href":"https:\/\/xn--tuvozdiasporaespaola-k7b.com\/page\/2\/wp-json\/wp\/v2\/posts\/420\/revisions"}],"wp:attachment":[{"href":"https:\/\/xn--tuvozdiasporaespaola-k7b.com\/page\/2\/wp-json\/wp\/v2\/media?parent=420"}],"wp:term":[{"taxonomy":"category","embeddable":true,"href":"https:\/\/xn--tuvozdiasporaespaola-k7b.com\/page\/2\/wp-json\/wp\/v2\/categories?post=420"},{"taxonomy":"post_tag","embeddable":true,"href":"https:\/\/xn--tuvozdiasporaespaola-k7b.com\/page\/2\/wp-json\/wp\/v2\/tags?post=420"}],"curies":[{"name":"wp","href":"https:\/\/api.w.org\/{rel}","templated":true}]}}