{"id":4199,"date":"2023-10-26T13:26:16","date_gmt":"2023-10-26T16:26:16","guid":{"rendered":"https:\/\/xn--tuvozdiasporaespaola-k7b.com\/page\/2\/?p=4199"},"modified":"2023-10-27T08:24:25","modified_gmt":"2023-10-27T11:24:25","slug":"islamofobia-y-antisemitismo","status":"publish","type":"post","link":"https:\/\/xn--tuvozdiasporaespaola-k7b.com\/page\/2\/islamofobia-y-antisemitismo\/","title":{"rendered":"ISLAMOFOBIA Y ANTISEMITISMO."},"content":{"rendered":"\n<p>Por Roberto San Mart\u00edn,  Asturias &amp; Argentina <\/p>\n\n\n\n<p>Hace poco tiempo, Wadea Al-Fayoume, un ni\u00f1o palestino- estadounidense de seis a\u00f1os, fue asesinado a pu\u00f1aladas en Illinois  por ser musulm\u00e1n. Samantha Woll, una mujer de 40 a\u00f1os que  presid\u00eda la sinagoga de Detroit, ha corrido la misma suerte y todo  indica que ha sufrido un ataque racista. <\/p>\n\n\n\n<p>La horrible masacre  cometida por Ham\u00e1s en la frontera de Gaza y la inhumana  respuesta del gobierno ultraderechista de Netanyahu est\u00e1 avivando la islamofobia y el antisemitismo. El ministro de Defensa, Yoav Gallant, ha contribuido a crear este clima de odio al calificar a los  palestinos de \u201cbestias humanas\u201d y asegurar que se \u201clas tratar\u00edan en consecuencia\u00bb. <\/p>\n\n\n\n<p>El odio secular a los jud\u00edos tambi\u00e9n ha favorecido  la violencia contra una comunidad brutalmente maltratada por la  historia.  El pueblo jud\u00edo no es el gobierno racista y autoritario de  Netanyahu, cuestionado por muchos israel\u00edes.<\/p>\n\n\n\n<p>El pueblo palestino  no es Ham\u00e1s, que en varias ocasiones ha reprimido violentamente  las protestas de sus compatriotas por el alto coste de la vida y la  escasez de trabajo. Ham\u00e1s logr\u00f3 una mayor\u00eda absoluta en las  elecciones de 2006 gracias a la corrupci\u00f3n de su rival Al Fatah y a  la red que cre\u00f3 para prestar atenci\u00f3n sanitaria, educativa y social a  los habitantes de Gaza, pero desde entonces ha utilizado la tortura  y las ejecuciones extrajudiciales para mantenerse en el poder.<\/p>\n\n\n\n<figure class=\"wp-block-gallery has-nested-images columns-default is-cropped wp-block-gallery-1 is-layout-flex wp-block-gallery-is-layout-flex\">\n<figure class=\"wp-block-image size-large\"><img fetchpriority=\"high\" decoding=\"async\" width=\"1024\" height=\"875\" data-id=\"4203\" src=\"https:\/\/xn--tuvozdiasporaespaola-k7b.com\/wp-content\/uploads\/2023\/10\/HQ3BEO3EJFARHHHXMSFP52NV6U-1024x875.jpg\" alt=\"\" class=\"wp-image-4203\" srcset=\"https:\/\/xn--tuvozdiasporaespaola-k7b.com\/wp-content\/uploads\/2023\/10\/HQ3BEO3EJFARHHHXMSFP52NV6U-1024x875.jpg 1024w, https:\/\/xn--tuvozdiasporaespaola-k7b.com\/wp-content\/uploads\/2023\/10\/HQ3BEO3EJFARHHHXMSFP52NV6U-300x256.jpg 300w, https:\/\/xn--tuvozdiasporaespaola-k7b.com\/wp-content\/uploads\/2023\/10\/HQ3BEO3EJFARHHHXMSFP52NV6U-768x656.jpg 768w, https:\/\/xn--tuvozdiasporaespaola-k7b.com\/wp-content\/uploads\/2023\/10\/HQ3BEO3EJFARHHHXMSFP52NV6U-1536x1313.jpg 1536w, https:\/\/xn--tuvozdiasporaespaola-k7b.com\/wp-content\/uploads\/2023\/10\/HQ3BEO3EJFARHHHXMSFP52NV6U.jpg 1920w\" sizes=\"(max-width: 1024px) 100vw, 1024px\" \/><figcaption class=\"wp-element-caption\">Samantha Woll asesinada a pu\u00f1aladas , presidenta de una Sinagoga de Detroit.<\/figcaption><\/figure>\n<\/figure>\n\n\n\n<p>Jud\u00edos y palestinos merecen el mismo respeto y no pueden ser  responsabilizados colectivamente por las pol\u00edticas de sus  gobiernos. En Israel, hay voces que protestan contra la pol\u00edtica de ocupaci\u00f3n  y que se manifiestan para pedir el cese de la violencia contra los  palestinos. Organizaciones pacifistas israel\u00edes como B&#8217;Tselem,  Peace Now o Breaking the Silence han condenado tanto los  ataques contra civiles perpetrados por Ham\u00e1s como la ofensiva  militar del gobierno israel\u00ed.<\/p>\n\n\n\n<p> <strong>\u201cLos ministros del Gobierno israel\u00ed  piden matar, destruir, aplastar e incluso matar de hambre a los  habitantes de Gaza y se olvidan que esa era ya la pol\u00edtica israel\u00ed\u00bb,<\/strong>  ha declarado B&#8217;Tselem. <\/p>\n\n\n\n<p>En el \u00e1mbito palestino, la ocupaci\u00f3n y la brutal represi\u00f3n israel\u00ed ha impedido que prosperaran los planteamientos pacifistas, pero la  aldea cooperativa Neve Shalom (Oasis de Paz), tambi\u00e9n conocida  como Wahat as-Salam, ha demostrado que jud\u00edos y palestinos  pueden convivir pac\u00edficamente.<\/p>\n\n\n\n<figure class=\"wp-block-gallery has-nested-images columns-default is-cropped wp-block-gallery-2 is-layout-flex wp-block-gallery-is-layout-flex\">\n<figure class=\"wp-block-image size-large\"><img decoding=\"async\" width=\"1024\" height=\"538\" data-id=\"4202\" src=\"https:\/\/xn--tuvozdiasporaespaola-k7b.com\/wp-content\/uploads\/2023\/10\/newFile-1024x538.jpg\" alt=\"\" class=\"wp-image-4202\" srcset=\"https:\/\/xn--tuvozdiasporaespaola-k7b.com\/wp-content\/uploads\/2023\/10\/newFile-1024x538.jpg 1024w, https:\/\/xn--tuvozdiasporaespaola-k7b.com\/wp-content\/uploads\/2023\/10\/newFile-300x158.jpg 300w, https:\/\/xn--tuvozdiasporaespaola-k7b.com\/wp-content\/uploads\/2023\/10\/newFile-768x403.jpg 768w, https:\/\/xn--tuvozdiasporaespaola-k7b.com\/wp-content\/uploads\/2023\/10\/newFile.jpg 1200w\" sizes=\"(max-width: 1024px) 100vw, 1024px\" \/><figcaption class=\"wp-element-caption\">Wadea Al-Fayoume ni\u00f1o palestino asesinado.<\/figcaption><\/figure>\n<\/figure>\n\n\n\n<p>La aldea se encuentra a medio  camino entre Tel Aviv y Jerusal\u00e9n y en 2021 ten\u00eda una poblaci\u00f3n  de 356 habitantes. Con una escuela donde se estudia en hebreo y  \u00e1rabe, Neve Shalom solo es una gota en un mar de odio, pero su  esp\u00edritu de di\u00e1logo y comprensi\u00f3n es un signo de esperanza. <\/p>\n\n\n\n<p>La paz nunca se impondr\u00e1 si no se deja de deshumanizar al  adversario. La \u00e9tica nace de la voluntad de comprender al otro  para poder convivir con \u00e9l.  Sin ese prop\u00f3sito, solo cabe esperar  asesinatos como el de Wadea Al-Fayoume y Samantha Woll, dos  vidas absurdamente destruidas por el fanatismo, el odio y la  estupidez.<\/p>\n","protected":false},"excerpt":{"rendered":"<p>Por Roberto San Mart\u00edn, Asturias &amp; Argentina Hace poco tiempo, Wadea Al-Fayoume, un ni\u00f1o palestino- estadounidense de seis a\u00f1os, fue asesinado a pu\u00f1aladas en &#8230; <\/p>\n<p class=\"read-more-container\"><a title=\"ISLAMOFOBIA Y ANTISEMITISMO.\" class=\"read-more button\" href=\"https:\/\/xn--tuvozdiasporaespaola-k7b.com\/page\/2\/islamofobia-y-antisemitismo\/#more-4199\" aria-label=\"M\u00e1s en ISLAMOFOBIA Y ANTISEMITISMO.\">Leer m\u00e1s<\/a><\/p>\n","protected":false},"author":222560522,"featured_media":4204,"comment_status":"open","ping_status":"open","sticky":false,"template":"","format":"standard","meta":{"footnotes":""},"categories":[121869,1771],"tags":[],"class_list":["post-4199","post","type-post","status-publish","format-standard","has-post-thumbnail","hentry","category-internaciones","category-sociales","resize-featured-image"],"_links":{"self":[{"href":"https:\/\/xn--tuvozdiasporaespaola-k7b.com\/page\/2\/wp-json\/wp\/v2\/posts\/4199","targetHints":{"allow":["GET"]}}],"collection":[{"href":"https:\/\/xn--tuvozdiasporaespaola-k7b.com\/page\/2\/wp-json\/wp\/v2\/posts"}],"about":[{"href":"https:\/\/xn--tuvozdiasporaespaola-k7b.com\/page\/2\/wp-json\/wp\/v2\/types\/post"}],"author":[{"embeddable":true,"href":"https:\/\/xn--tuvozdiasporaespaola-k7b.com\/page\/2\/wp-json\/wp\/v2\/users\/222560522"}],"replies":[{"embeddable":true,"href":"https:\/\/xn--tuvozdiasporaespaola-k7b.com\/page\/2\/wp-json\/wp\/v2\/comments?post=4199"}],"version-history":[{"count":3,"href":"https:\/\/xn--tuvozdiasporaespaola-k7b.com\/page\/2\/wp-json\/wp\/v2\/posts\/4199\/revisions"}],"predecessor-version":[{"id":4209,"href":"https:\/\/xn--tuvozdiasporaespaola-k7b.com\/page\/2\/wp-json\/wp\/v2\/posts\/4199\/revisions\/4209"}],"wp:featuredmedia":[{"embeddable":true,"href":"https:\/\/xn--tuvozdiasporaespaola-k7b.com\/page\/2\/wp-json\/wp\/v2\/media\/4204"}],"wp:attachment":[{"href":"https:\/\/xn--tuvozdiasporaespaola-k7b.com\/page\/2\/wp-json\/wp\/v2\/media?parent=4199"}],"wp:term":[{"taxonomy":"category","embeddable":true,"href":"https:\/\/xn--tuvozdiasporaespaola-k7b.com\/page\/2\/wp-json\/wp\/v2\/categories?post=4199"},{"taxonomy":"post_tag","embeddable":true,"href":"https:\/\/xn--tuvozdiasporaespaola-k7b.com\/page\/2\/wp-json\/wp\/v2\/tags?post=4199"}],"curies":[{"name":"wp","href":"https:\/\/api.w.org\/{rel}","templated":true}]}}