{"id":4190,"date":"2023-10-25T12:05:38","date_gmt":"2023-10-25T15:05:38","guid":{"rendered":"https:\/\/xn--tuvozdiasporaespaola-k7b.com\/page\/2\/?p=4190"},"modified":"2023-10-25T12:05:38","modified_gmt":"2023-10-25T15:05:38","slug":"gaza-una-cuestion-politica","status":"publish","type":"post","link":"https:\/\/xn--tuvozdiasporaespaola-k7b.com\/page\/2\/gaza-una-cuestion-politica\/","title":{"rendered":"GAZA UNA CUESTI\u00d3N POL\u00cdTICA"},"content":{"rendered":"\n<p>Por Jes\u00fas Ariel Rivero, Argentina <\/p>\n\n\n\n<p>La escalada b\u00e9lica que comenz\u00f3 el pasado 7 de octubre en la franja de Gaza, no es nueva, es el efecto estructural de la ausencia de una soluci\u00f3n pol\u00edtica soberana respecto de la poblaci\u00f3n Palestina, que se encuentra dividida entre la Franja de Gaza (al sudoeste) y Cisjordania al (este). La franja de Gaza est\u00e1 sitidiada por el Estado de Israel y su pol\u00edtica de apartheid, como as\u00ed tambi\u00e9n Cisjordania la cual sufre violaciones a los derechos humanos e internacionales.<\/p>\n\n\n\n<p>Esta pol\u00edtica-militar aplicada al territorio Palestino el cual sufre una ocupaci\u00f3n geo-estrat\u00e9gica-territorial es supeditada por el Estado de Israel pero comandada geopol\u00edticamente por los Estados Unidos y sus aliados de la Uni\u00f3n Europea.<\/p>\n\n\n\n<p>El Estado de Israel encierra una paradoja triste. Por un lado el Estado de Israel existe porque una resoluci\u00f3n de Naciones Unidas le concede el derecho a existir, es el primer Estado moderno creado de esta manera. Por otro lado el Estado de Israel no deja de vulnerar sistem\u00e1ticamente todas y cada una de las resoluciones de esa misma organizaci\u00f3n que le dio la vida y que le reconoci\u00f3 la legitimidad de existencia.<\/p>\n\n\n\n<figure class=\"wp-block-gallery has-nested-images columns-default is-cropped wp-block-gallery-1 is-layout-flex wp-block-gallery-is-layout-flex\">\n<figure class=\"wp-block-image size-large\"><img fetchpriority=\"high\" decoding=\"async\" width=\"780\" height=\"500\" data-id=\"4193\" src=\"https:\/\/xn--tuvozdiasporaespaola-k7b.com\/wp-content\/uploads\/2023\/10\/1000167282.jpg\" alt=\"\" class=\"wp-image-4193\" srcset=\"https:\/\/xn--tuvozdiasporaespaola-k7b.com\/wp-content\/uploads\/2023\/10\/1000167282.jpg 780w, https:\/\/xn--tuvozdiasporaespaola-k7b.com\/wp-content\/uploads\/2023\/10\/1000167282-300x192.jpg 300w, https:\/\/xn--tuvozdiasporaespaola-k7b.com\/wp-content\/uploads\/2023\/10\/1000167282-768x492.jpg 768w\" sizes=\"(max-width: 780px) 100vw, 780px\" \/><\/figure>\n<\/figure>\n\n\n\n<p>Es decir, Israel representa cabalmente un Pueblo que sufri\u00f3 cr\u00edmenes atroces y, a\u00f1os despu\u00e9s repite su infierno. Es responsable de violaciones a lo que establece el derecho internacional y de un sometimiento, represi\u00f3n y opresi\u00f3n constituidos cr\u00edmenes de guerra contra otro Pueblo, marginado y repudiado, el Palestino.<\/p>\n\n\n\n<p><strong>Claves para comprender el contexto<\/strong><\/p>\n\n\n\n<p>La creaci\u00f3n del Estado de Israel: El sionismo es un movimiento nacionalista que persigue la creaci\u00f3n del Estado de Israel, un Estado jud\u00edo en la Tierra Prometida, localizada en la Palestina hist\u00f3rica.<\/p>\n\n\n\n<p>Movidos por razones nacionalistas, religiosas, pol\u00edticas y sobre todo econ\u00f3micas, los jud\u00edos comenzaron a emigrar hacia est\u00e1 tierra prometida en 1981. La primera oleada jud\u00eda tuvo lugar a partir de 1930 en pleno mandato Brit\u00e1nico.<\/p>\n\n\n\n<p>Con el paso del tiempo las comunidades jud\u00edas fueron creciendo y con ello aumentaron los conflictos entre los palestinos que reivindicaban la independencia y los jud\u00edos que consideraban ese territorio como propio. <\/p>\n\n\n\n<figure class=\"wp-block-gallery has-nested-images columns-default is-cropped wp-block-gallery-2 is-layout-flex wp-block-gallery-is-layout-flex\">\n<figure class=\"wp-block-image size-large\"><img decoding=\"async\" width=\"1024\" height=\"701\" data-id=\"4194\" src=\"https:\/\/xn--tuvozdiasporaespaola-k7b.com\/wp-content\/uploads\/2023\/10\/1000167281.jpg\" alt=\"\" class=\"wp-image-4194\" srcset=\"https:\/\/xn--tuvozdiasporaespaola-k7b.com\/wp-content\/uploads\/2023\/10\/1000167281.jpg 1024w, https:\/\/xn--tuvozdiasporaespaola-k7b.com\/wp-content\/uploads\/2023\/10\/1000167281-300x205.jpg 300w, https:\/\/xn--tuvozdiasporaespaola-k7b.com\/wp-content\/uploads\/2023\/10\/1000167281-768x526.jpg 768w\" sizes=\"(max-width: 1024px) 100vw, 1024px\" \/><\/figure>\n<\/figure>\n\n\n\n<p>Ante este contexto el Reino Unido acudi\u00f3 a las Naciones Unidas en 1947, que emiti\u00f3 un comunicado (resoluci\u00f3n 181. ll) esta resoluci\u00f3n dividi\u00f3 la regi\u00f3n en dos estados, uno jud\u00edo y otro \u00e1rabe. A este \u00faltimo se le asigna el 54% del territorio. A Jerusal\u00e9n ciudad clave para ambas culturas, se le asign\u00f3 un estatus de \u201ccorpus separatum\u00bb bajo r\u00e9gimen internacional.<\/p>\n\n\n\n<p>Para comprender el contexto del conflicto es necesario retrotaerse a los conflictos b\u00e9licos de 1948 y 1967.En 1948 Israel gan\u00f3 la guerra de la independencia y paso a ocupar el 77% del territorio, incluido el oeste de Jerusal\u00e9n. Bajo dominio Egipcio qued\u00f3 la Franja de Gaza y bajo dominio jordano Cisjordania (incluido Jerusal\u00e9n del este).<\/p>\n\n\n\n<p>Por un lado Israel considera que las potencias \u00e1rabes buscaban destruir el reci\u00e9n creado Estado de Israel. No cabe duda que las potencias \u00e1rabes intervinieron para proteger a las poblaci\u00f3n  palestina, que ya antes de la independencia de Israel sufri\u00f3 desplazamientos mediante planes de conquista militar israel\u00edes como el Plan Dalet.<\/p>\n\n\n\n<p>Es decir, parar la participaci\u00f3n de la ONU (Organizaci\u00f3n de las Naciones Unidas) la cual ya pronunciaba una colonizaci\u00f3n occidental.<\/p>\n\n\n\n<p>En lo que respecta al Pueblo palestino est\u00e1 guerra fue la Nakba (cat\u00e1strofe). M\u00e1s de la mitad de la poblaci\u00f3n \u00e1rabe fue expulsada o tuyo del territorio. Entre 700.000 y 750.000 mil palestinos fueron expulsados de sus hogares, perdieron sus tierras y se convirtieron en refugiados en pa\u00edses \u00e1rabes vecinos, o desplazados en Gaza y Cisjordania.<\/p>\n\n\n\n<p>Esta categor\u00eda jur\u00eddica se extendi\u00f3 a sus descendientes y m\u00e1s de setenta a\u00f1os despu\u00e9s, la cifra de personas refugiados supera los cinco millones.<\/p>\n\n\n\n<p> Se trata de la poblaci\u00f3n refugiada m\u00e1s antigua de la historia moderna y uno de los principales focos del debate del conflicto, ya que la resoluci\u00f3n 194 de la Organizaci\u00f3n de las Naciones Unidas, de 1948, reconoce el derecho de retorno e indemnizaci\u00f3n de las personas refugiadas palestinas de aquel conflicto. <\/p>\n\n\n\n<p>Y, tambi\u00e9n se le reconoce sus descendientes. Setenta y tres a\u00f1os despu\u00e9s, la resoluci\u00f3n sigue sin cumplirse.A\u00f1os m\u00e1s tarde, en 1967, tras la guerra de los Seis D\u00edas, Israel paso a ocupar la totalidad de Gaza y Cisjordania, generando un nuevo \u00e9xodo de palestinos de aproximadamente medio mill\u00f3n de personas. <\/p>\n\n\n\n<p>Esta guerra es le comienzo oficial de una ocupaci\u00f3n y colonizaci\u00f3n a trav\u00e9s de asentamientos ilegales de los Territorios Palestinos Ocupados que dura ya m\u00e1s de 50 a\u00f1os.Otra de las claves en este conflicto es Jerusal\u00e9n este.<\/p>\n\n\n\n<figure class=\"wp-block-gallery has-nested-images columns-default is-cropped wp-block-gallery-3 is-layout-flex wp-block-gallery-is-layout-flex\">\n<figure class=\"wp-block-image size-large\"><img decoding=\"async\" width=\"1024\" height=\"576\" data-id=\"4195\" src=\"https:\/\/xn--tuvozdiasporaespaola-k7b.com\/wp-content\/uploads\/2023\/10\/1000167278.jpg\" alt=\"\" class=\"wp-image-4195\" srcset=\"https:\/\/xn--tuvozdiasporaespaola-k7b.com\/wp-content\/uploads\/2023\/10\/1000167278.jpg 1024w, https:\/\/xn--tuvozdiasporaespaola-k7b.com\/wp-content\/uploads\/2023\/10\/1000167278-300x169.jpg 300w, https:\/\/xn--tuvozdiasporaespaola-k7b.com\/wp-content\/uploads\/2023\/10\/1000167278-768x432.jpg 768w\" sizes=\"(max-width: 1024px) 100vw, 1024px\" \/><\/figure>\n<\/figure>\n\n\n\n<p> Su importancia reside en la ciudad vieja, que alberga santuarios de suma importancia para tres religiones, islamismo, juda\u00edsmo y cristianismo.Este fue uno de los epicentros de las escaladas de violencia en el a\u00f1o 2001.Para Israel, Jerusal\u00e9n es su leg\u00edtima capital, por ello anexion\u00f3 a Jerusal\u00e9n este en 1980 de manera oficial a trav\u00e9s de la ley de Jerusal\u00e9n, estableciendo la capital de Israel en una Jerusal\u00e9n entera y unificada.<\/p>\n\n\n\n<p>Sin dudas, Jerusal\u00e9n este es la capital de un Estado libre palestino.Acuerdos de Oslo y Camp DavidLos acuerdos de Oslo, firmados en 1993, se enmarcan en un proceso de paz que comenz\u00f3 en Madrid en 1991.En esta \u00e9poca se produjo el reconocimiento del Estado de Palestina por la Organizaci\u00f3n de las Naciones Unidas y la primera Intifada Palestina contra la ocupaci\u00f3n. <\/p>\n\n\n\n<p>Los acuerdos preve\u00edan cinco a\u00f1os para alcanzar un acuerdo de paz, pero no se consigui\u00f3. En el a\u00f1o 2000 se intento con los Acuerdos de Camp David, pero tampoco se logr\u00f3.Adem\u00e1s desde el 2002 Israel ha levantado toda una serie de muros, bloqueos, puestos fronterizos y de cruce y zonas restringidas para separar las zonas y el conjunto de Cisjordania de Israel. <\/p>\n\n\n\n<p>Los llamados muros tienen un doble objetivo: facilitar los trayectos y las comunicaciones entre los colonos israel\u00edes y torpedear la libertad de movimiento de la poblaci\u00f3n Palestina.En lo que respecta a Gaza, es la prisi\u00f3n a cielo abierto m\u00e1s grande del mundo, cielo te\u00f1ido de sangre.<\/p>\n\n\n\n<p>El 38 % de la poblaci\u00f3n vive en situaci\u00f3n de pobreza.<\/p>\n\n\n\n<p> El 54% padece inseguridad alimentaria y m\u00e1s del 75 % son beneficiarios de ayudas. <\/p>\n\n\n\n<p>El 35 % de las tierras agr\u00edcolas y el 84 % de sus aguas de pesca son total o parcialmente inaccesibles debido a las medidas militares israel\u00edes.<\/p>\n\n\n\n<p> Cada d\u00eda se vierten en el mar entre 50 y 80 millones de litros de aguas residuales.<\/p>\n\n\n\n<p>M\u00e1s del 90% del agua del acu\u00edfero de Gaza no es potable.<\/p>\n\n\n\n<figure class=\"wp-block-gallery has-nested-images columns-default is-cropped wp-block-gallery-4 is-layout-flex wp-block-gallery-is-layout-flex\">\n<figure class=\"wp-block-image size-large\"><img loading=\"lazy\" decoding=\"async\" width=\"1024\" height=\"576\" data-id=\"4196\" src=\"https:\/\/xn--tuvozdiasporaespaola-k7b.com\/wp-content\/uploads\/2023\/10\/1000167280-1024x576.jpg\" alt=\"\" class=\"wp-image-4196\" srcset=\"https:\/\/xn--tuvozdiasporaespaola-k7b.com\/wp-content\/uploads\/2023\/10\/1000167280-1024x576.jpg 1024w, https:\/\/xn--tuvozdiasporaespaola-k7b.com\/wp-content\/uploads\/2023\/10\/1000167280-300x169.jpg 300w, https:\/\/xn--tuvozdiasporaespaola-k7b.com\/wp-content\/uploads\/2023\/10\/1000167280-768x432.jpg 768w, https:\/\/xn--tuvozdiasporaespaola-k7b.com\/wp-content\/uploads\/2023\/10\/1000167280.jpg 1200w\" sizes=\"(max-width: 1024px) 100vw, 1024px\" \/><\/figure>\n<\/figure>\n\n\n\n<p>Esta bloqueada por Israel desde 2007 y miles de personas arriesgan sus vidas contrabandeando mercanc\u00edas con la frontera de Egipto como efecto de las restricciones de Israel. <\/p>\n\n\n\n<p>La poblaci\u00f3n de Gaza se encuentra aislada del resto del territorios palestinos.<\/p>\n\n\n\n<p>La poblaci\u00f3n de Gaza est\u00e1 integrada en su mayor\u00eda por personas palestinas que fueron expulsadas por las fuerza de sus hogares y sus tierras desde 1948.<\/p>\n\n\n\n<p>Como lo subraya el t\u00edtulo el principal problema del mundo moderno no es la falta de leyes, sino la ausencia de voluntad pol\u00edtica. Es decir, el fin de la impunidad del Estado de Israel s\u00f3lo pasa por una clara voluntad pol\u00edtica de la comunidad internacional que implique la rendici\u00f3n de cuentas y el fin de la cultura de la excepcionalidad. <\/p>\n\n\n\n<p>Est\u00e1 voluntad no est\u00e1 pr\u00f3xima, habr\u00e1 que seguir insistiendo.<\/p>\n","protected":false},"excerpt":{"rendered":"<p>Por Jes\u00fas Ariel Rivero, Argentina La escalada b\u00e9lica que comenz\u00f3 el pasado 7 de octubre en la franja de Gaza, no es nueva, es &#8230; <\/p>\n<p class=\"read-more-container\"><a title=\"GAZA UNA CUESTI\u00d3N POL\u00cdTICA\" class=\"read-more button\" href=\"https:\/\/xn--tuvozdiasporaespaola-k7b.com\/page\/2\/gaza-una-cuestion-politica\/#more-4190\" aria-label=\"M\u00e1s en GAZA UNA CUESTI\u00d3N POL\u00cdTICA\">Leer m\u00e1s<\/a><\/p>\n","protected":false},"author":222560522,"featured_media":4197,"comment_status":"open","ping_status":"open","sticky":false,"template":"","format":"standard","meta":{"footnotes":""},"categories":[121869],"tags":[],"class_list":["post-4190","post","type-post","status-publish","format-standard","has-post-thumbnail","hentry","category-internaciones","resize-featured-image"],"_links":{"self":[{"href":"https:\/\/xn--tuvozdiasporaespaola-k7b.com\/page\/2\/wp-json\/wp\/v2\/posts\/4190","targetHints":{"allow":["GET"]}}],"collection":[{"href":"https:\/\/xn--tuvozdiasporaespaola-k7b.com\/page\/2\/wp-json\/wp\/v2\/posts"}],"about":[{"href":"https:\/\/xn--tuvozdiasporaespaola-k7b.com\/page\/2\/wp-json\/wp\/v2\/types\/post"}],"author":[{"embeddable":true,"href":"https:\/\/xn--tuvozdiasporaespaola-k7b.com\/page\/2\/wp-json\/wp\/v2\/users\/222560522"}],"replies":[{"embeddable":true,"href":"https:\/\/xn--tuvozdiasporaespaola-k7b.com\/page\/2\/wp-json\/wp\/v2\/comments?post=4190"}],"version-history":[{"count":2,"href":"https:\/\/xn--tuvozdiasporaespaola-k7b.com\/page\/2\/wp-json\/wp\/v2\/posts\/4190\/revisions"}],"predecessor-version":[{"id":4198,"href":"https:\/\/xn--tuvozdiasporaespaola-k7b.com\/page\/2\/wp-json\/wp\/v2\/posts\/4190\/revisions\/4198"}],"wp:featuredmedia":[{"embeddable":true,"href":"https:\/\/xn--tuvozdiasporaespaola-k7b.com\/page\/2\/wp-json\/wp\/v2\/media\/4197"}],"wp:attachment":[{"href":"https:\/\/xn--tuvozdiasporaespaola-k7b.com\/page\/2\/wp-json\/wp\/v2\/media?parent=4190"}],"wp:term":[{"taxonomy":"category","embeddable":true,"href":"https:\/\/xn--tuvozdiasporaespaola-k7b.com\/page\/2\/wp-json\/wp\/v2\/categories?post=4190"},{"taxonomy":"post_tag","embeddable":true,"href":"https:\/\/xn--tuvozdiasporaespaola-k7b.com\/page\/2\/wp-json\/wp\/v2\/tags?post=4190"}],"curies":[{"name":"wp","href":"https:\/\/api.w.org\/{rel}","templated":true}]}}