{"id":4182,"date":"2023-10-24T00:14:52","date_gmt":"2023-10-24T03:14:52","guid":{"rendered":"https:\/\/xn--tuvozdiasporaespaola-k7b.com\/page\/2\/?p=4182"},"modified":"2023-10-26T14:04:01","modified_gmt":"2023-10-26T17:04:01","slug":"el-sionismo-es-un-crimen-contra-palestina","status":"publish","type":"post","link":"https:\/\/xn--tuvozdiasporaespaola-k7b.com\/page\/2\/el-sionismo-es-un-crimen-contra-palestina\/","title":{"rendered":"\u00abEL SIONISMO ES UN CR\u00cdMEN CONTRA PALESTINA\u201d"},"content":{"rendered":"\n<p>Transcripci\u00f3n efectuada por  Walter C. Medina<\/p>\n\n\n\n<p>Nacido en 1950, Pierre Stambul es un escritor y activista jud\u00edo, hijo de resistentes de nacismo. Anti-sionista comprometido, su trayectoria puede resumirse en una de sus frases preferidas: <strong>\u201cMientras el sionismo tiene fe en un ej\u00e9rcito, el juda\u00edsmo tiene fe en Dios\u201d.&nbsp;<\/strong><\/p>\n\n\n\n<figure class=\"wp-block-gallery has-nested-images columns-default is-cropped wp-block-gallery-1 is-layout-flex wp-block-gallery-is-layout-flex\">\n<figure class=\"wp-block-image size-large\"><img fetchpriority=\"high\" decoding=\"async\" width=\"1024\" height=\"649\" data-id=\"4183\" src=\"https:\/\/xn--tuvozdiasporaespaola-k7b.com\/wp-content\/uploads\/2023\/10\/1000160884-1024x649.jpg\" alt=\"\" class=\"wp-image-4183\" srcset=\"https:\/\/xn--tuvozdiasporaespaola-k7b.com\/wp-content\/uploads\/2023\/10\/1000160884-1024x649.jpg 1024w, https:\/\/xn--tuvozdiasporaespaola-k7b.com\/wp-content\/uploads\/2023\/10\/1000160884-300x190.jpg 300w, https:\/\/xn--tuvozdiasporaespaola-k7b.com\/wp-content\/uploads\/2023\/10\/1000160884-768x486.jpg 768w, https:\/\/xn--tuvozdiasporaespaola-k7b.com\/wp-content\/uploads\/2023\/10\/1000160884.jpg 1500w\" sizes=\"(max-width: 1024px) 100vw, 1024px\" \/><\/figure>\n<\/figure>\n\n\n\n<p>Desde Marsella, Stambul concedi\u00f3 una entrevista efectuada por Roberto San Mart\u00edn, al programa radiof\u00f3nico \u201cCenizas de Babilonia-Di\u00e1spora Espa\u00f1ola\u201d, conducido por el entrevistador y por Francisco L\u00f3pez.<\/p>\n\n\n\n<p><strong>RSM. \u00bfPodr\u00eda resumir los objetivos de la uni\u00f3n jud\u00eda francesa por la paz y qu\u00e9 grado de respuesta est\u00e1 teniendo ante la ocupaci\u00f3n colonial israel\u00ed?<\/strong><\/p>\n\n\n\n<p>PS: Nuestra asociaci\u00f3n existe desde 1994. Somos una asociaci\u00f3n anti-sionista, estamos contra la ocupaci\u00f3n, la colonizaci\u00f3n, los cr\u00edmenes de guerra, los cr\u00edmenes contra la humanidad, el racismo, el apartheid, el supremacismo; estamos por los derechos del pueblo palestino. Libertad, igualdad y justicia. Porque somos jud\u00edos sabemos que el sionismo es un crimen contra Palestina y es un insulto a nuestra memoria, nuestra identidad y nuestra historia\u00a0<\/p>\n\n\n\n<p><strong>RSM.<\/strong> <strong>\u00bfEs consciente el Estado de Israel de que se dispone a cometer un holocausto con la poblaci\u00f3n palestina que probablemente lo igualar\u00e1 al que los nazis cometieron contra la poblaci\u00f3n jud\u00eda en la d\u00e9cada del 30 en Europa?<\/strong><\/p>\n\n\n\n<p>PS. No me gusta la palabra holocausto. Nuestros amigos de Gaza, en donde estuve en 2013 y 2016, hablan de genocidio y de destrucci\u00f3n de la sociedad palestina. Una amiga compara Gaza con Hiroshima. Nos falta comparar la situaci\u00f3n de los jud\u00edos en el tiempo del nazismo. La mayor\u00eda de la poblaci\u00f3n en Israel no tiene relaci\u00f3n familiar con las v\u00edctimas del genocidio nazi. La ideolog\u00eda de los l\u00edderes de Israel parece la ideolog\u00eda de los nazis y no como la ideolog\u00eda de las v\u00edctimas.\u00a0<\/p>\n\n\n\n<figure class=\"wp-block-gallery has-nested-images columns-default is-cropped wp-block-gallery-2 is-layout-flex wp-block-gallery-is-layout-flex\">\n<figure class=\"wp-block-image size-large\"><img decoding=\"async\" width=\"1024\" height=\"576\" data-id=\"4185\" src=\"https:\/\/xn--tuvozdiasporaespaola-k7b.com\/wp-content\/uploads\/2023\/10\/1000160536-1024x576.jpg\" alt=\"\" class=\"wp-image-4185\" srcset=\"https:\/\/xn--tuvozdiasporaespaola-k7b.com\/wp-content\/uploads\/2023\/10\/1000160536-1024x576.jpg 1024w, https:\/\/xn--tuvozdiasporaespaola-k7b.com\/wp-content\/uploads\/2023\/10\/1000160536-300x169.jpg 300w, https:\/\/xn--tuvozdiasporaespaola-k7b.com\/wp-content\/uploads\/2023\/10\/1000160536-768x432.jpg 768w, https:\/\/xn--tuvozdiasporaespaola-k7b.com\/wp-content\/uploads\/2023\/10\/1000160536.jpg 1338w\" sizes=\"(max-width: 1024px) 100vw, 1024px\" \/><\/figure>\n<\/figure>\n\n\n\n<p><strong>RSM<\/strong>.<strong>Ustedes llevan muchos a\u00f1os con campa\u00f1as de boicot contra el sionismo y el colonialismo en Palestina. \u00bfPiensan que estas acciones de presi\u00f3n externa han modificado las pol\u00edticas del estado Israel\u00ed? \u00bfCu\u00e1les han sido o pueden ser m\u00e1s efectivas?<\/strong><\/p>\n\n\n\n<p>PS. Israel vende armas y tecnolog\u00eda para la represi\u00f3n. Es imposible de pensar que el boicot puede provocar una crisis econ\u00f3mica en Israel, pero el boicot puede destruir la imagen p\u00fablica de este pa\u00eds. Quince por ciento de la poblaci\u00f3n jud\u00eda en Israel, vive en otro pa\u00eds. Es necesario que la gente se comporte con ellos como ellos se han comportado con los blancos del \u00c1frica del sur en los tiempos del apartheid\u00a0<\/p>\n\n\n\n<p><strong>RSM.<\/strong> <strong>\u00bfQu\u00e9 le aconsejar\u00eda a los sectores de la ciudadan\u00eda que quieran actuar urgentemente para detener la agresi\u00f3n y la guerra en Palestina? \u00bfQu\u00e9 podr\u00eda ser m\u00e1s eficaz?<\/strong><\/p>\n\n\n\n<p>PS. Los pa\u00edses de Europa y de Am\u00e9rica del Norte, tienen una gran responsabilidad. La impunidad y la complicidad explican que ahora los l\u00edderes de Israel son fascistas. Los palestinos quieren acciones que fuercen a nuestros pa\u00edses a cambiar y a sostener los derechos de Palestina\u00a0\u00a0\u00a0\u00a0\u00a0<\/p>\n","protected":false},"excerpt":{"rendered":"<p>Transcripci\u00f3n efectuada por Walter C. Medina Nacido en 1950, Pierre Stambul es un escritor y activista jud\u00edo, hijo de resistentes de nacismo. Anti-sionista comprometido, &#8230; <\/p>\n<p class=\"read-more-container\"><a title=\"\u00abEL SIONISMO ES UN CR\u00cdMEN CONTRA PALESTINA\u201d\" class=\"read-more button\" href=\"https:\/\/xn--tuvozdiasporaespaola-k7b.com\/page\/2\/el-sionismo-es-un-crimen-contra-palestina\/#more-4182\" aria-label=\"M\u00e1s en \u00abEL SIONISMO ES UN CR\u00cdMEN CONTRA PALESTINA\u201d\">Leer m\u00e1s<\/a><\/p>\n","protected":false},"author":222560522,"featured_media":4186,"comment_status":"open","ping_status":"open","sticky":false,"template":"","format":"standard","meta":{"footnotes":""},"categories":[121869,121850],"tags":[],"class_list":["post-4182","post","type-post","status-publish","format-standard","has-post-thumbnail","hentry","category-internaciones","category-politica","resize-featured-image"],"_links":{"self":[{"href":"https:\/\/xn--tuvozdiasporaespaola-k7b.com\/page\/2\/wp-json\/wp\/v2\/posts\/4182","targetHints":{"allow":["GET"]}}],"collection":[{"href":"https:\/\/xn--tuvozdiasporaespaola-k7b.com\/page\/2\/wp-json\/wp\/v2\/posts"}],"about":[{"href":"https:\/\/xn--tuvozdiasporaespaola-k7b.com\/page\/2\/wp-json\/wp\/v2\/types\/post"}],"author":[{"embeddable":true,"href":"https:\/\/xn--tuvozdiasporaespaola-k7b.com\/page\/2\/wp-json\/wp\/v2\/users\/222560522"}],"replies":[{"embeddable":true,"href":"https:\/\/xn--tuvozdiasporaespaola-k7b.com\/page\/2\/wp-json\/wp\/v2\/comments?post=4182"}],"version-history":[{"count":2,"href":"https:\/\/xn--tuvozdiasporaespaola-k7b.com\/page\/2\/wp-json\/wp\/v2\/posts\/4182\/revisions"}],"predecessor-version":[{"id":4207,"href":"https:\/\/xn--tuvozdiasporaespaola-k7b.com\/page\/2\/wp-json\/wp\/v2\/posts\/4182\/revisions\/4207"}],"wp:featuredmedia":[{"embeddable":true,"href":"https:\/\/xn--tuvozdiasporaespaola-k7b.com\/page\/2\/wp-json\/wp\/v2\/media\/4186"}],"wp:attachment":[{"href":"https:\/\/xn--tuvozdiasporaespaola-k7b.com\/page\/2\/wp-json\/wp\/v2\/media?parent=4182"}],"wp:term":[{"taxonomy":"category","embeddable":true,"href":"https:\/\/xn--tuvozdiasporaespaola-k7b.com\/page\/2\/wp-json\/wp\/v2\/categories?post=4182"},{"taxonomy":"post_tag","embeddable":true,"href":"https:\/\/xn--tuvozdiasporaespaola-k7b.com\/page\/2\/wp-json\/wp\/v2\/tags?post=4182"}],"curies":[{"name":"wp","href":"https:\/\/api.w.org\/{rel}","templated":true}]}}