{"id":4175,"date":"2023-10-24T11:15:15","date_gmt":"2023-10-24T14:15:15","guid":{"rendered":"https:\/\/xn--tuvozdiasporaespaola-k7b.com\/page\/2\/?p=4175"},"modified":"2023-10-24T11:15:15","modified_gmt":"2023-10-24T14:15:15","slug":"latinoamerica-esta-fuera-nuevamente-de-los-viajes-del-imserso-en-espana","status":"publish","type":"post","link":"https:\/\/xn--tuvozdiasporaespaola-k7b.com\/page\/2\/latinoamerica-esta-fuera-nuevamente-de-los-viajes-del-imserso-en-espana\/","title":{"rendered":"Latinoam\u00e9rica est\u00e1 fuera nuevamente de los viajes del IMSERSO  en Espa\u00f1a"},"content":{"rendered":"\n<p>Podemos Argentina  de la  Red de C\u00edrculos Podemos Am\u00e9rica  junto con Refugio Humano y Di\u00e1spora Espa\u00f1ola  quieren manifestar su protesta sobre el anuncio del  IMSERSO manifestando lo siguiente:<\/p>\n\n\n\n<p> \u00ab<strong>En el programa de viajes de la temporada 2023\/2024  podr\u00e1n  participar los ciudadanos espa\u00f1oles residentes en Europa con 65 o m\u00e1s a\u00f1os de edad sea cual fuere el sistema de Seguridad Social del que sean pensionistas \u00bb <\/strong>beneficio que no tendr\u00e1n los y las ciudadanas que residen en Latinoam\u00e9rica.<\/p>\n\n\n\n<p>Esta noticia nos alegra y da resultados a las demandas que en <strong>su d\u00eda efectu\u00f3 la RED DE C\u00cdRCULOS PODEMOS AM\u00c9RICA  y EUROPA junto a Di\u00e1spora Espa\u00f1ola en este sentido,  solicitando la ampliaci\u00f3n de los beneficios del IMSERSO<\/strong> junto a las demandas de los distintos CREs y de CGCEE  donde Violeta Alonso, presidenta del Consejo General de la Ciudadan\u00eda Espa\u00f1ola en el Exterior busco  respuestas en el Ministerio de ASUNTOS SOCIALES y Agenda 2030 con IONE BELARRA ministra de PODEMOS  al frente,   aunque nos consta que se estuvo trabajando en ello para ponerlo en la agenda antes de terminar la Legislatura.<\/p>\n\n\n\n<figure class=\"wp-block-gallery has-nested-images columns-default is-cropped wp-block-gallery-1 is-layout-flex wp-block-gallery-is-layout-flex\">\n<figure class=\"wp-block-image size-large\"><img fetchpriority=\"high\" decoding=\"async\" width=\"620\" height=\"620\" data-id=\"4178\" src=\"https:\/\/xn--tuvozdiasporaespaola-k7b.com\/wp-content\/uploads\/2023\/10\/1000165073.jpg\" alt=\"\" class=\"wp-image-4178\" srcset=\"https:\/\/xn--tuvozdiasporaespaola-k7b.com\/wp-content\/uploads\/2023\/10\/1000165073.jpg 620w, https:\/\/xn--tuvozdiasporaespaola-k7b.com\/wp-content\/uploads\/2023\/10\/1000165073-300x300.jpg 300w, https:\/\/xn--tuvozdiasporaespaola-k7b.com\/wp-content\/uploads\/2023\/10\/1000165073-150x150.jpg 150w\" sizes=\"(max-width: 620px) 100vw, 620px\" \/><\/figure>\n<\/figure>\n\n\n\n<p>En esta ocasi\u00f3n solo 142 plazas para residentes en Europa en estas convocatoria aunque lo ideal ser\u00eda llegar  10.175 del 2013 y abrir la opci\u00f3n de los programas de termalismo y culturales.<\/p>\n\n\n\n<p>Lamentamos una vez m\u00e1s que no se pudiera subsanar este gran error por el Ministerio de Emigraci\u00f3n y el Ministerio de agenda 2030  y que no se haya ampliado para la totalidad de nuestros mayores independientemente  de donde residan (LATINOAM\u00c9RICA QUEDA EXCLUIDA por unas u otras causas una vez m\u00e1s ), teniendo en cuenta la contribuci\u00f3n a las libertades pol\u00edticas de su lucha en muchos casos por el fin de la Dictadura de Franco y la recuperaci\u00f3n de la Democracia de la cual hoy disfrutamos sus Derechos y Libertades.<\/p>\n\n\n\n<p>Reclamamos un compromiso p\u00fablico por parte del nuevo gobierno de Espa\u00f1a  y una SUBSANACI\u00d3N y RECTIFICACI\u00d3N URGENTE  para restituir el derecho de toda la emigraci\u00f3n espa\u00f1ola, independientemente de en qu\u00e9 pa\u00eds haya cotizado, para acceder a la presente Campa\u00f1a de Viajes del IMSERSO del 2023-24 que da comienzos a mediados de diciembre.<\/p>\n\n\n\n<p>Y apoyamos igualmente los reclamos a tal efecto de los Consejos de Residentes en el Exterior (CREs) de Latinoam\u00e9rica as\u00ed como del Consejo General de la Ciudadan\u00eda Espa\u00f1ola en el Exterior (CGCEE).<\/p>\n\n\n\n<p>Ayudas  y formatos similares a las que ya estuvieron en vigor en el a\u00f1o 2011 como AYUDAS DE VIAJES PARA ESPA\u00d1OLES MAYORES RESIDENTES EN EL EXTERIOR \u00c1MBITO TERRITORIAL, en la que fueron BENEFICIARIOS  las y  los ESPA\u00d1OLES que, reun\u00edan los requisitos siguientes:a)Ser pensionista de jubilaci\u00f3n, invalidez o viudedad del Sistema de Seguridad Social espa\u00f1ol, o del de cualquier otro pa\u00eds, o beneficiarios de la prestaci\u00f3n econ\u00f3mica por raz\u00f3n de necesidad, y tener en todo caso 60 a\u00f1os o m\u00e1s.b)Tener 65 a\u00f1os o m\u00e1s y residir en el exterior.<\/p>\n\n\n\n<figure class=\"wp-block-gallery has-nested-images columns-default is-cropped wp-block-gallery-2 is-layout-flex wp-block-gallery-is-layout-flex\">\n<figure class=\"wp-block-image size-large\"><img decoding=\"async\" width=\"1024\" height=\"747\" data-id=\"4179\" src=\"https:\/\/xn--tuvozdiasporaespaola-k7b.com\/wp-content\/uploads\/2023\/10\/1000165072-1024x747.jpg\" alt=\"\" class=\"wp-image-4179\" srcset=\"https:\/\/xn--tuvozdiasporaespaola-k7b.com\/wp-content\/uploads\/2023\/10\/1000165072-1024x747.jpg 1024w, https:\/\/xn--tuvozdiasporaespaola-k7b.com\/wp-content\/uploads\/2023\/10\/1000165072-300x219.jpg 300w, https:\/\/xn--tuvozdiasporaespaola-k7b.com\/wp-content\/uploads\/2023\/10\/1000165072-768x560.jpg 768w, https:\/\/xn--tuvozdiasporaespaola-k7b.com\/wp-content\/uploads\/2023\/10\/1000165072.jpg 1200w\" sizes=\"(max-width: 1024px) 100vw, 1024px\" \/><\/figure>\n<\/figure>\n\n\n\n<p>Los requisitos exigidos para poder acceder a esas ayudas fueron:<\/p>\n\n\n\n<p>a)Que se trate de espa\u00f1oles residentes en el exterior.<\/p>\n\n\n\n<p>b)Formar parte de alguno de los grupos de beneficiarios o acompa\u00f1antes.<\/p>\n\n\n\n<p>c)Que los solicitantes puedan valerse por s\u00ed mismos.<\/p>\n\n\n\n<p>d)Que no padezcan trastornos psicof\u00edsicos que alteren la normal convivencia.<\/p>\n\n\n\n<p>Estas ayudas ten\u00edan por objeto costear parte del viaje a Espa\u00f1a de los espa\u00f1oles mayores residentes en el extranjero para participar en el Programa de Vacaciones para Mayores que llev\u00f3 a cabo el Instituto de Mayores y Servicios Sociales (IMSERSO).<\/p>\n\n\n\n<p>La finalidad de las ayudas fue facilitar a quienes salieron de nuestro pa\u00eds y ahora son residentes en el exterior el reencuentro con la sociedad espa\u00f1ola as\u00ed como el disfrute de los beneficios sociales existentes en Espa\u00f1a.<\/p>\n\n\n\n<p>La Direcci\u00f3n General de la Ciudadan\u00eda Espa\u00f1ola en el Exterior subvenciono parcialmente el importe de los pasajes de traslado a Espa\u00f1a y de regreso al pa\u00eds de residencia de cada beneficiario perceptor de la prestaci\u00f3n econ\u00f3mica por raz\u00f3n de necesidad.<\/p>\n\n\n\n<p>De igual forma los beneficiarios abonaron las aportaciones que se establec\u00edan por la Direcci\u00f3n General de la Ciudadan\u00eda Espa\u00f1ola en el Exterior y el IMSERSO para participar en el Programa de Viajes para mayores. <\/p>\n\n\n\n<p>Asimismo, fueron por cuenta de los beneficiarios las tasas e impuestos incluidos en el billete a\u00e9reo que eran emitidos para participar en el programa y cualquier otro gasto que pudo derivarse de su participaci\u00f3n en este programa o del incumplimiento de las condiciones de realizaci\u00f3n del mismo.<\/p>\n\n\n\n<p>Todo esto fue en funci\u00f3n del n\u00famero de plazas que pudo establecer el IMSERSO.La Direcci\u00f3n General de la Ciudadan\u00eda Espa\u00f1ola fijaba el importe de la subvenci\u00f3n de los pa\u00edses de procedencia de los beneficiarios, valorando las iniciativas de los Consejos de Residentes Espa\u00f1oles u otras Instituciones que patrocinaron la participaci\u00f3n en este programa de personas sin recursos econ\u00f3micos.<\/p>\n\n\n\n<p>Siendo para el per\u00edodo del 2011-12 el n\u00famero m\u00e1ximo que se subvencionar\u00f3n en esa convocatoria de 5.000 personas , correspondiendo a Latinoam\u00e9rica unas 4.500 siendo Argentina 2.500 , Brasil 810 , Venezuela 450  Chile 152 , Cuba 109 entre las  m\u00e1s importantes .<\/p>\n\n\n\n<figure class=\"wp-block-gallery has-nested-images columns-default is-cropped wp-block-gallery-3 is-layout-flex wp-block-gallery-is-layout-flex\">\n<figure class=\"wp-block-image size-large\"><img decoding=\"async\" width=\"224\" height=\"103\" data-id=\"4180\" src=\"https:\/\/xn--tuvozdiasporaespaola-k7b.com\/wp-content\/uploads\/2023\/10\/1000165075.png\" alt=\"\" class=\"wp-image-4180\"\/><\/figure>\n<\/figure>\n\n\n\n<p>Esperemos se subsane este error y se pueda Hacer Justicia con nuestros Mayores en la Di\u00e1spora Latinoamericana y que cerca de 4000 personas de la di\u00e1spora se puedan beneficiarse.<\/p>\n\n\n\n<p>Desde la Di\u00e1spora Espa\u00f1ola junto a Podemos Am\u00e9rica, Refugi\u00f3 Humano y nuestro apoyo a los CREs  continuaremos trabajando en este sentido. <\/p>\n\n\n\n<p>Comisi\u00f3n por los derechos de la Di\u00e1spora.<\/p>\n","protected":false},"excerpt":{"rendered":"<p>Podemos Argentina de la Red de C\u00edrculos Podemos Am\u00e9rica junto con Refugio Humano y Di\u00e1spora Espa\u00f1ola quieren manifestar su protesta sobre el anuncio del &#8230; <\/p>\n<p class=\"read-more-container\"><a title=\"Latinoam\u00e9rica est\u00e1 fuera nuevamente de los viajes del IMSERSO  en Espa\u00f1a\" class=\"read-more button\" href=\"https:\/\/xn--tuvozdiasporaespaola-k7b.com\/page\/2\/latinoamerica-esta-fuera-nuevamente-de-los-viajes-del-imserso-en-espana\/#more-4175\" aria-label=\"M\u00e1s en Latinoam\u00e9rica est\u00e1 fuera nuevamente de los viajes del IMSERSO  en Espa\u00f1a\">Leer m\u00e1s<\/a><\/p>\n","protected":false},"author":222560522,"featured_media":4181,"comment_status":"open","ping_status":"open","sticky":false,"template":"","format":"standard","meta":{"footnotes":""},"categories":[121854,1771],"tags":[],"class_list":["post-4175","post","type-post","status-publish","format-standard","has-post-thumbnail","hentry","category-consejo-de-residentes-espanoles","category-sociales","resize-featured-image"],"_links":{"self":[{"href":"https:\/\/xn--tuvozdiasporaespaola-k7b.com\/page\/2\/wp-json\/wp\/v2\/posts\/4175","targetHints":{"allow":["GET"]}}],"collection":[{"href":"https:\/\/xn--tuvozdiasporaespaola-k7b.com\/page\/2\/wp-json\/wp\/v2\/posts"}],"about":[{"href":"https:\/\/xn--tuvozdiasporaespaola-k7b.com\/page\/2\/wp-json\/wp\/v2\/types\/post"}],"author":[{"embeddable":true,"href":"https:\/\/xn--tuvozdiasporaespaola-k7b.com\/page\/2\/wp-json\/wp\/v2\/users\/222560522"}],"replies":[{"embeddable":true,"href":"https:\/\/xn--tuvozdiasporaespaola-k7b.com\/page\/2\/wp-json\/wp\/v2\/comments?post=4175"}],"version-history":[{"count":2,"href":"https:\/\/xn--tuvozdiasporaespaola-k7b.com\/page\/2\/wp-json\/wp\/v2\/posts\/4175\/revisions"}],"predecessor-version":[{"id":4189,"href":"https:\/\/xn--tuvozdiasporaespaola-k7b.com\/page\/2\/wp-json\/wp\/v2\/posts\/4175\/revisions\/4189"}],"wp:featuredmedia":[{"embeddable":true,"href":"https:\/\/xn--tuvozdiasporaespaola-k7b.com\/page\/2\/wp-json\/wp\/v2\/media\/4181"}],"wp:attachment":[{"href":"https:\/\/xn--tuvozdiasporaespaola-k7b.com\/page\/2\/wp-json\/wp\/v2\/media?parent=4175"}],"wp:term":[{"taxonomy":"category","embeddable":true,"href":"https:\/\/xn--tuvozdiasporaespaola-k7b.com\/page\/2\/wp-json\/wp\/v2\/categories?post=4175"},{"taxonomy":"post_tag","embeddable":true,"href":"https:\/\/xn--tuvozdiasporaespaola-k7b.com\/page\/2\/wp-json\/wp\/v2\/tags?post=4175"}],"curies":[{"name":"wp","href":"https:\/\/api.w.org\/{rel}","templated":true}]}}