{"id":4169,"date":"2023-10-22T21:42:31","date_gmt":"2023-10-23T00:42:31","guid":{"rendered":"https:\/\/xn--tuvozdiasporaespaola-k7b.com\/page\/2\/?p=4169"},"modified":"2023-10-22T21:42:31","modified_gmt":"2023-10-23T00:42:31","slug":"gano-el-peronismo-de-union-por-la-patria","status":"publish","type":"post","link":"https:\/\/xn--tuvozdiasporaespaola-k7b.com\/page\/2\/gano-el-peronismo-de-union-por-la-patria\/","title":{"rendered":"GANO EL PERONISMO DE UNI\u00d3N  POR LA PATRIA."},"content":{"rendered":"\n<p>En este d\u00eda electoral el pueblo Argentino ha definido en las urnas que no quiere el FASCISMO  de MILEI  y  un desastre al quedar fuera Patricia  Bullrich  de la derecha Juntos por el Cambio. <\/p>\n\n\n\n<p>Con el 75%de los votos escrutados a estas horas de la noche los resultados <\/p>\n\n\n\n<figure class=\"wp-block-gallery has-nested-images columns-default is-cropped wp-block-gallery-1 is-layout-flex wp-block-gallery-is-layout-flex\">\n<figure class=\"wp-block-image size-large\"><img fetchpriority=\"high\" decoding=\"async\" width=\"600\" height=\"400\" data-id=\"4170\" src=\"https:\/\/xn--tuvozdiasporaespaola-k7b.com\/wp-content\/uploads\/2023\/10\/1000163970.webp\" alt=\"\" class=\"wp-image-4170\" srcset=\"https:\/\/xn--tuvozdiasporaespaola-k7b.com\/wp-content\/uploads\/2023\/10\/1000163970.webp 600w, https:\/\/xn--tuvozdiasporaespaola-k7b.com\/wp-content\/uploads\/2023\/10\/1000163970-300x200.webp 300w\" sizes=\"(max-width: 600px) 100vw, 600px\" \/><\/figure>\n<\/figure>\n\n\n\n<p>conformar\u00edan un Balotaje  de <strong>Uni\u00f3n con la Patria con Sergio Massa con un  porcentaje de voto del 36% ;<\/strong>sacando al <strong>fascista de Milei de libertad Avanza 6 puntos qued\u00e1ndose en segunda posici\u00f3n con 30 %<\/strong> y ya en tercera posici\u00f3n fuera de toda opci\u00f3n  con un 23% la derecha de Bullrich.<\/p>\n\n\n\n<p>En esta segunda vuelta <strong>el voto del Radicalismo ser\u00e1 clave para revalidar el triunfo de Sergio Massa <\/strong>en base al ofrecimiento  de un gobierno de unidad de todas las opciones pol\u00edticas donde las personas y su capacidad  est\u00e9n por encima de partidos pol\u00edticos.<\/p>\n\n\n\n<p><strong>En provincia el progresista- Peronista  AXEL KICILLOF  ganar\u00eda en torno al 47%<\/strong> , Grindetti de Juntos por el  Cambio ser\u00eda segundo con  26% y la candidata  del fascista  Milei,  P\u00edcaro tercera con un 24%.<\/p>\n\n\n\n<figure class=\"wp-block-gallery has-nested-images columns-default is-cropped wp-block-gallery-2 is-layout-flex wp-block-gallery-is-layout-flex\">\n<figure class=\"wp-block-image size-large\"><img decoding=\"async\" width=\"360\" height=\"240\" data-id=\"4171\" src=\"https:\/\/xn--tuvozdiasporaespaola-k7b.com\/wp-content\/uploads\/2023\/10\/1000163972.jpg\" alt=\"\" class=\"wp-image-4171\" srcset=\"https:\/\/xn--tuvozdiasporaespaola-k7b.com\/wp-content\/uploads\/2023\/10\/1000163972.jpg 360w, https:\/\/xn--tuvozdiasporaespaola-k7b.com\/wp-content\/uploads\/2023\/10\/1000163972-300x200.jpg 300w\" sizes=\"(max-width: 360px) 100vw, 360px\" \/><\/figure>\n<\/figure>\n\n\n\n<p>Datos muy similares  a los obtenidos en la provincia por Sergio Massa de Uni\u00f3n por la Patria.<\/p>\n\n\n\n<p> <strong>En la Ciudad de Buenos  Aires  hasta \u00faltima hora no se sabr\u00e1 si hay Balotaje<\/strong>  entre la derecha y Uni\u00f3n por la Patria.<\/p>\n\n\n\n<p>Jorge Macri de Juntos por el Cambio con el 49 % y  Leandro Santoro de  Uni\u00f3n por la Patria  con un 32,25 %.<\/p>\n\n\n\n<p>Tambi\u00e9n  la gobernabilidad es un tema importante en caso de ganar las elecciones y Sergio Massa buscar\u00e1 acuerdos y unidad, mientras que Javier Milei podr\u00eda enfrentar dificultades en ese sentido.<\/p>\n\n\n\n<p> Mauricio Macri ha expresado su disposici\u00f3n a brindar acuerdos a Milei .<\/p>\n\n\n\n<p>Es interesante que haya una innovaci\u00f3n en relaci\u00f3n al miedo y la influencia de las iglesias evang\u00e9licas en la campa\u00f1a contra el aborto legal caladero de la ultraderecha.<\/p>\n\n\n\n<figure class=\"wp-block-gallery has-nested-images columns-default is-cropped wp-block-gallery-3 is-layout-flex wp-block-gallery-is-layout-flex\">\n<figure class=\"wp-block-image size-large\"><img decoding=\"async\" width=\"887\" height=\"591\" data-id=\"4172\" src=\"https:\/\/xn--tuvozdiasporaespaola-k7b.com\/wp-content\/uploads\/2023\/10\/1000163989.webp\" alt=\"\" class=\"wp-image-4172\" srcset=\"https:\/\/xn--tuvozdiasporaespaola-k7b.com\/wp-content\/uploads\/2023\/10\/1000163989.webp 887w, https:\/\/xn--tuvozdiasporaespaola-k7b.com\/wp-content\/uploads\/2023\/10\/1000163989-300x200.webp 300w, https:\/\/xn--tuvozdiasporaespaola-k7b.com\/wp-content\/uploads\/2023\/10\/1000163989-768x512.webp 768w\" sizes=\"(max-width: 887px) 100vw, 887px\" \/><\/figure>\n<\/figure>\n\n\n\n<p> Seg\u00fan una encuesta, un 11% de los encuestados que apoyan a Javier Milei tienen m\u00e1s miedo a \u00e9l por su pensamiento psic\u00f3pata de loco que a cualquier otro pol\u00edtico.<\/p>\n\n\n\n<p>Una campa\u00f1a dif\u00edcil para Patricia Bullrich que bas\u00f3 su campa\u00f1a en  la paradoja  y su campa\u00f1a contra el kirchnerismo  y que le llev\u00f3 a ser intrascendente en los resultados  produciendo  lo contrario  consolidar y movilizar al Peronismo progresista en favor de Massa.<\/p>\n\n\n\n<p>Ante este nuevo balotaje  en las elecciones  de Noviembre se podr\u00eda cambiar el escenario pol\u00edtico con dos proyectos claros  los Fascistas y el Progresismo Peronista de Sergio Massa.<\/p>\n\n\n\n<p>Sin lugar a dudas el pueblo ha hablado y hoy el Fascismo  de Milei  en Argentina  lo paramos en las  urnas cumpliendo el grito  del NO PASAR\u00c1N.  La situaci\u00f3n pol\u00edtica en Argentina,  puede y debe ser ilusionante mencionando las palabras  de Sergio Massa y sus opciones  sobre  Milei en este pr\u00f3ximo Balotaje.<\/p>\n","protected":false},"excerpt":{"rendered":"<p>En este d\u00eda electoral el pueblo Argentino ha definido en las urnas que no quiere el FASCISMO de MILEI y un desastre al quedar &#8230; <\/p>\n<p class=\"read-more-container\"><a title=\"GANO EL PERONISMO DE UNI\u00d3N  POR LA PATRIA.\" class=\"read-more button\" href=\"https:\/\/xn--tuvozdiasporaespaola-k7b.com\/page\/2\/gano-el-peronismo-de-union-por-la-patria\/#more-4169\" aria-label=\"M\u00e1s en GANO EL PERONISMO DE UNI\u00d3N  POR LA PATRIA.\">Leer m\u00e1s<\/a><\/p>\n","protected":false},"author":222560522,"featured_media":4173,"comment_status":"open","ping_status":"open","sticky":false,"template":"","format":"standard","meta":{"footnotes":""},"categories":[121853,121850],"tags":[],"class_list":["post-4169","post","type-post","status-publish","format-standard","has-post-thumbnail","hentry","category-elecciones","category-politica","resize-featured-image"],"_links":{"self":[{"href":"https:\/\/xn--tuvozdiasporaespaola-k7b.com\/page\/2\/wp-json\/wp\/v2\/posts\/4169","targetHints":{"allow":["GET"]}}],"collection":[{"href":"https:\/\/xn--tuvozdiasporaespaola-k7b.com\/page\/2\/wp-json\/wp\/v2\/posts"}],"about":[{"href":"https:\/\/xn--tuvozdiasporaespaola-k7b.com\/page\/2\/wp-json\/wp\/v2\/types\/post"}],"author":[{"embeddable":true,"href":"https:\/\/xn--tuvozdiasporaespaola-k7b.com\/page\/2\/wp-json\/wp\/v2\/users\/222560522"}],"replies":[{"embeddable":true,"href":"https:\/\/xn--tuvozdiasporaespaola-k7b.com\/page\/2\/wp-json\/wp\/v2\/comments?post=4169"}],"version-history":[{"count":1,"href":"https:\/\/xn--tuvozdiasporaespaola-k7b.com\/page\/2\/wp-json\/wp\/v2\/posts\/4169\/revisions"}],"predecessor-version":[{"id":4174,"href":"https:\/\/xn--tuvozdiasporaespaola-k7b.com\/page\/2\/wp-json\/wp\/v2\/posts\/4169\/revisions\/4174"}],"wp:featuredmedia":[{"embeddable":true,"href":"https:\/\/xn--tuvozdiasporaespaola-k7b.com\/page\/2\/wp-json\/wp\/v2\/media\/4173"}],"wp:attachment":[{"href":"https:\/\/xn--tuvozdiasporaespaola-k7b.com\/page\/2\/wp-json\/wp\/v2\/media?parent=4169"}],"wp:term":[{"taxonomy":"category","embeddable":true,"href":"https:\/\/xn--tuvozdiasporaespaola-k7b.com\/page\/2\/wp-json\/wp\/v2\/categories?post=4169"},{"taxonomy":"post_tag","embeddable":true,"href":"https:\/\/xn--tuvozdiasporaespaola-k7b.com\/page\/2\/wp-json\/wp\/v2\/tags?post=4169"}],"curies":[{"name":"wp","href":"https:\/\/api.w.org\/{rel}","templated":true}]}}