{"id":4144,"date":"2023-10-22T02:08:22","date_gmt":"2023-10-22T05:08:22","guid":{"rendered":"https:\/\/xn--tuvozdiasporaespaola-k7b.com\/page\/2\/?p=4144"},"modified":"2023-10-22T02:10:47","modified_gmt":"2023-10-22T05:10:47","slug":"colombia-la-guajira-del-desierto-a-la-redistribucion","status":"publish","type":"post","link":"https:\/\/xn--tuvozdiasporaespaola-k7b.com\/page\/2\/colombia-la-guajira-del-desierto-a-la-redistribucion\/","title":{"rendered":"COLOMBIA ,la Guajira del desierto a la redistribuci\u00f3n."},"content":{"rendered":"\n<p>Por Jes\u00fas Ariel Rivero<\/p>\n\n\n\n<figure class=\"wp-block-gallery has-nested-images columns-default is-cropped wp-block-gallery-1 is-layout-flex wp-block-gallery-is-layout-flex\">\n<figure class=\"wp-block-image size-large is-style-rounded\"><img fetchpriority=\"high\" decoding=\"async\" width=\"298\" height=\"295\" data-id=\"4148\" src=\"https:\/\/xn--tuvozdiasporaespaola-k7b.com\/wp-content\/uploads\/2023\/10\/1000163390.jpg\" alt=\"\" class=\"wp-image-4148\"\/><\/figure>\n<\/figure>\n\n\n\n<p>La Guajira es una vasta regi\u00f3n des\u00e9rtica situada en el extremo noreste de Colombia. Es una de las principales fuentes de energ\u00eda de Colombia, sede de una multimillonaria industria de miner\u00eda del carb\u00f3n y un lugar privilegiado para nuevos parques e\u00f3licos.Esta zona des\u00e9rtica est\u00e1 habitada por la mayor poblaci\u00f3n ind\u00edgena, llamada Way\u00fau.<\/p>\n\n\n\n<p>Si hacemos un revisionismo de los gobiernos colombianos prevemos que han dejado via libre para que las grandes empresas energ\u00e9ticas nacionales y multinacionales extrajeran recursos de la regi\u00f3n sin distribuir nada entre los Way\u00fau.<\/p>\n\n\n\n<p>Una nueva <strong>iniciativa del gobierno del Pacto Hist\u00f3rico pretende rectificar esta situaci\u00f3n, dedicando recursos al desarrollo de energ\u00edas renovables de forma que se redistribuya m\u00e1s equitativamente la riqueza entre los habitantes del desierto de la Guajira.<\/strong>La iniciativa del gobierno progresista de Gustavo Petro no tiene precedentes.<\/p>\n\n\n\n<p>Al enunciar el Presidente la situaci\u00f3n de emergencia econ\u00f3mica, social y medioambiental en la regi\u00f3n de Guajira pudo dar pie a la aprobaci\u00f3n de ciertas leyes, incluido un paquete de inversiones en educaci\u00f3n, sanidad, turismo y suministro de agua en la regi\u00f3n.<\/p>\n\n\n\n<p>Las comunidades Way\u00fau est\u00e1n dispersas por el desierto, con peque\u00f1as agrupaciones de viviendas que nuclean a las diferentes familias.<strong>Los Way\u00fau se encuentran entre las comunidades m\u00e1s marginadas de Colombia y carecen de acceso a la mayor\u00eda de los servicios b\u00e1sicos.<\/strong><\/p>\n\n\n\n<figure class=\"wp-block-gallery has-nested-images columns-default is-cropped wp-block-gallery-2 is-layout-flex wp-block-gallery-is-layout-flex\">\n<figure class=\"wp-block-image size-large\"><img decoding=\"async\" width=\"420\" height=\"280\" data-id=\"4157\" src=\"https:\/\/xn--tuvozdiasporaespaola-k7b.com\/wp-content\/uploads\/2023\/10\/1000163626.jpg\" alt=\"\" class=\"wp-image-4157\" srcset=\"https:\/\/xn--tuvozdiasporaespaola-k7b.com\/wp-content\/uploads\/2023\/10\/1000163626.jpg 420w, https:\/\/xn--tuvozdiasporaespaola-k7b.com\/wp-content\/uploads\/2023\/10\/1000163626-300x200.jpg 300w\" sizes=\"(max-width: 420px) 100vw, 420px\" \/><figcaption class=\"wp-element-caption\">Poblaci\u00f3n Way\u00fau vive en la pobreza, <\/figcaption><\/figure>\n<\/figure>\n\n\n\n<p>Aproximadamente un tercio de la poblaci\u00f3n Way\u00fau vive en la pobreza, una cuarta parte en la pobreza extrema, mientras que m\u00e1s de uno de cada cuatro ni\u00f1os menores de cinco a\u00f1os sufre desnutrici\u00f3n y un beb\u00e9 muere cada semana.<\/p>\n\n\n\n<p>La Guajira es la zona m\u00e1s seca de Colombia. La temporada de lluvias dura s\u00f3lo de septiembre a octubre, apenas lo suficiente para cultivar ma\u00edz pero en modo alguno para satisfacer las necesidades de agua potable de las comunidades locales. Adem\u00e1s de los rudimentarios dispositivos de recogida de lluvia, la \u00fanica fuente de agua para las comunidades situadas en el coraz\u00f3n del desierto de La Guajira son los pozos.<\/p>\n\n\n\n<p>El agua es la sustancia m\u00e1s preciada en La Guajira, efecto de su importancia y escasez. Cuando escasea el agua dentro de la regi\u00f3n, las plantas de tratamiento de agua privadas de los  Pueblos de las periferias abastecen a las comunidades Way\u00fau.<\/p>\n\n\n\n<p>Esta agua tratada es cara y no todas las comunidades pueden permitirse comprarla o pagar un transporte para la misma. Como si fuera poco los camiones utilizados para transportar el agua desde la ciudades hasta las comunidades situadas a lo largo de la carretera que se extiende desde el sur de  La Guajira hasta la costa, en el norte, no pueden adentrarse en las comunidades del desierto porque no hay carreteras adecuadas, por lo que estas comunidades deben sobrevivir por su cuenta.<\/p>\n\n\n\n<p>Debido al aumento de las temperaturas y el cambio clim\u00e1tico efecto del sistema productivo capitalista, la falta de agua potable de las fuentes subterr\u00e1neas podr\u00eda crear en el futuro una grave crisis humanitaria y expulsar a comunidades enteras de sus tierras ancestrales.<\/p>\n\n\n\n<p><strong>El Pacto por la Transici\u00f3n Energ\u00e9tica Justa del gobierno del Presidente Petro busca dar prioridad al agua para consumo humano sobre la utilizada para el riesgo de cultivos o la miner\u00eda<\/strong>.Este orden de prioridades es inaudito en el pa\u00eds caribe\u00f1o.<\/p>\n\n\n\n<figure class=\"wp-block-gallery has-nested-images columns-default is-cropped wp-block-gallery-3 is-layout-flex wp-block-gallery-is-layout-flex\">\n<figure class=\"wp-block-image size-large\"><img decoding=\"async\" width=\"1024\" height=\"576\" data-id=\"4156\" src=\"https:\/\/xn--tuvozdiasporaespaola-k7b.com\/wp-content\/uploads\/2023\/10\/1000163629-1024x576.jpg\" alt=\"\" class=\"wp-image-4156\" srcset=\"https:\/\/xn--tuvozdiasporaespaola-k7b.com\/wp-content\/uploads\/2023\/10\/1000163629-1024x576.jpg 1024w, https:\/\/xn--tuvozdiasporaespaola-k7b.com\/wp-content\/uploads\/2023\/10\/1000163629-300x169.jpg 300w, https:\/\/xn--tuvozdiasporaespaola-k7b.com\/wp-content\/uploads\/2023\/10\/1000163629-768x432.jpg 768w, https:\/\/xn--tuvozdiasporaespaola-k7b.com\/wp-content\/uploads\/2023\/10\/1000163629.jpg 1280w\" sizes=\"(max-width: 1024px) 100vw, 1024px\" \/><figcaption class=\"wp-element-caption\">Conversatorio con la comunidad y autoridades locales sobre el cumplimiento de la sentencia T-302 en Uribia, La Guajira<\/figcaption><\/figure>\n<\/figure>\n\n\n\n<p><strong>Desde la conquista espa\u00f1ola, el Norte Global ha amasado fortunas extrayendo, expoliando metales preciosos y minerales de La Guajira mientras las comunidades ind\u00edgenas viven en la indigencia<\/strong>.<\/p>\n\n\n\n<p>Esta larga historia de extrativismo ha generado un desarrollo extremadamente desigual en la regi\u00f3n en la que coexisten dos mundos distintos. Una \u00fanica mina, El Cerrej\u00f3n, ha generado  miles de millones de d\u00f3lares extrayendo y exportando carb\u00f3n para empresas multinacionales durante d\u00e9cadas, mientras que la poblaci\u00f3n local ha tenido que subsistir con el m\u00ednimo de recursos en medio del desierto.<\/p>\n\n\n\n<p>El Cerrej\u00f3n emplea a tres mil trabajadores a tiempo completo, casi ninguno de la comunidad Way\u00fau. La empresa est\u00e1 equipada con una gigante flota de transporte terrestre que incluye 250 camiones muchos de los cuales puede transportar 350 toneladas de carb\u00f3n y tiene su propio aeropuerto privado y pista de aterrizaje. Posee un tren el\u00e9ctrico privado de las de cien vagones que transportan el carb\u00f3n casi cien millas entre la mina del Cerrej\u00f3n en la Bajada Guajira, y Puerto Bol\u00edvar, un puerto privado y cerrado situado en la Costa norte y desde el que el carb\u00f3n se env\u00eda a Europa.<\/p>\n\n\n\n<p><strong>El Cerrej\u00f3n es el mayor terrateniente de La Guajira con gigantes parcelas repartidas por todo el desierto Way\u00fau.<\/strong> Para construir las minas de carb\u00f3n del Cerrej\u00f3n, la ciudad portuaria y la autopista y el ferrocarril que las conectan, <strong>cientos de miles de Way\u00fau fueron expulsados de sus tierras violentamente. <\/strong><\/p>\n\n\n\n<p>Los anteriores gobiernos conservadores de Colombia legitimaron y garantizaron estos masivos acaparamientos de tierras.<\/p>\n\n\n\n<p>Para construir y explotar las minas de carb\u00f3n, m\u00e1s de cincuenta masas de agua, incluido el caudaloso r\u00edo Rancher\u00eda, han sido desviadas de sus causes naturales por medio de represas, que o bien son de uso exclusivo de la empresa carbonera o bien han sido destruidas por la contaminaci\u00f3n.<\/p>\n\n\n\n<p> <strong>En gran parte es este robo y destrucci\u00f3n de estas fuentes de agua por parte de la mina de carb\u00f3n del Cerrej\u00f3n lo que ha hundido a la comunidades Way\u00fau de La Guajira en la pobreza y ha hecho que la vida all\u00ed sea precaria.<\/strong> Las l\u00edneas f\u00e9rreas de suministro de carb\u00f3n dividen el desierto de La Guajira de la costa interrumpiendo as\u00ed las rutas de caza y las migraciones de los animales. <\/p>\n\n\n\n<figure class=\"wp-block-gallery has-nested-images columns-default is-cropped wp-block-gallery-4 is-layout-flex wp-block-gallery-is-layout-flex\">\n<figure class=\"wp-block-image size-large\"><img loading=\"lazy\" decoding=\"async\" width=\"1024\" height=\"718\" data-id=\"4161\" src=\"https:\/\/xn--tuvozdiasporaespaola-k7b.com\/wp-content\/uploads\/2023\/10\/1000163640-1024x718.jpg\" alt=\"\" class=\"wp-image-4161\" srcset=\"https:\/\/xn--tuvozdiasporaespaola-k7b.com\/wp-content\/uploads\/2023\/10\/1000163640-1024x718.jpg 1024w, https:\/\/xn--tuvozdiasporaespaola-k7b.com\/wp-content\/uploads\/2023\/10\/1000163640-300x210.jpg 300w, https:\/\/xn--tuvozdiasporaespaola-k7b.com\/wp-content\/uploads\/2023\/10\/1000163640-768x538.jpg 768w, https:\/\/xn--tuvozdiasporaespaola-k7b.com\/wp-content\/uploads\/2023\/10\/1000163640.jpg 1073w\" sizes=\"(max-width: 1024px) 100vw, 1024px\" \/><\/figure>\n<\/figure>\n\n\n\n<p>Tras largas protestas la comunidad Way\u00fau recibi\u00f3 finalmente una indemnizaci\u00f3n de la empresa del carb\u00f3n por las cabras, caballos y seres humanos que murieron a causa de los trenes casi silenciosos de la empresa o de los camiones en la carretera, pero los reclamos de las comunidades son mucho m\u00e1s profundas que eso.<\/p>\n\n\n\n<p>En este contexto y con un gobierno de Gustavo Petro enfocado en las energ\u00edas renovables es una oportunidad para romper con la larga historia de expoliaci\u00f3n, extracci\u00f3n, explotaci\u00f3n y corrupci\u00f3n de la industria minera del carb\u00f3n en la regi\u00f3n.<\/p>\n","protected":false},"excerpt":{"rendered":"<p>Por Jes\u00fas Ariel Rivero La Guajira es una vasta regi\u00f3n des\u00e9rtica situada en el extremo noreste de Colombia. Es una de las principales fuentes &#8230; <\/p>\n<p class=\"read-more-container\"><a title=\"COLOMBIA ,la Guajira del desierto a la redistribuci\u00f3n.\" class=\"read-more button\" href=\"https:\/\/xn--tuvozdiasporaespaola-k7b.com\/page\/2\/colombia-la-guajira-del-desierto-a-la-redistribucion\/#more-4144\" aria-label=\"M\u00e1s en COLOMBIA ,la Guajira del desierto a la redistribuci\u00f3n.\">Leer m\u00e1s<\/a><\/p>\n","protected":false},"author":222560522,"featured_media":4159,"comment_status":"open","ping_status":"open","sticky":false,"template":"","format":"standard","meta":{"footnotes":""},"categories":[121868,1771],"tags":[],"class_list":["post-4144","post","type-post","status-publish","format-standard","has-post-thumbnail","hentry","category-latinoamerica","category-sociales","resize-featured-image"],"_links":{"self":[{"href":"https:\/\/xn--tuvozdiasporaespaola-k7b.com\/page\/2\/wp-json\/wp\/v2\/posts\/4144","targetHints":{"allow":["GET"]}}],"collection":[{"href":"https:\/\/xn--tuvozdiasporaespaola-k7b.com\/page\/2\/wp-json\/wp\/v2\/posts"}],"about":[{"href":"https:\/\/xn--tuvozdiasporaespaola-k7b.com\/page\/2\/wp-json\/wp\/v2\/types\/post"}],"author":[{"embeddable":true,"href":"https:\/\/xn--tuvozdiasporaespaola-k7b.com\/page\/2\/wp-json\/wp\/v2\/users\/222560522"}],"replies":[{"embeddable":true,"href":"https:\/\/xn--tuvozdiasporaespaola-k7b.com\/page\/2\/wp-json\/wp\/v2\/comments?post=4144"}],"version-history":[{"count":3,"href":"https:\/\/xn--tuvozdiasporaespaola-k7b.com\/page\/2\/wp-json\/wp\/v2\/posts\/4144\/revisions"}],"predecessor-version":[{"id":4162,"href":"https:\/\/xn--tuvozdiasporaespaola-k7b.com\/page\/2\/wp-json\/wp\/v2\/posts\/4144\/revisions\/4162"}],"wp:featuredmedia":[{"embeddable":true,"href":"https:\/\/xn--tuvozdiasporaespaola-k7b.com\/page\/2\/wp-json\/wp\/v2\/media\/4159"}],"wp:attachment":[{"href":"https:\/\/xn--tuvozdiasporaespaola-k7b.com\/page\/2\/wp-json\/wp\/v2\/media?parent=4144"}],"wp:term":[{"taxonomy":"category","embeddable":true,"href":"https:\/\/xn--tuvozdiasporaespaola-k7b.com\/page\/2\/wp-json\/wp\/v2\/categories?post=4144"},{"taxonomy":"post_tag","embeddable":true,"href":"https:\/\/xn--tuvozdiasporaespaola-k7b.com\/page\/2\/wp-json\/wp\/v2\/tags?post=4144"}],"curies":[{"name":"wp","href":"https:\/\/api.w.org\/{rel}","templated":true}]}}