{"id":4142,"date":"2023-10-21T21:47:12","date_gmt":"2023-10-22T00:47:12","guid":{"rendered":"https:\/\/xn--tuvozdiasporaespaola-k7b.com\/page\/2\/?p=4142"},"modified":"2023-10-22T09:56:12","modified_gmt":"2023-10-22T12:56:12","slug":"seria-catastrofico-que-hezbollah-decidiera-ampliar-las-hostilidades","status":"publish","type":"post","link":"https:\/\/xn--tuvozdiasporaespaola-k7b.com\/page\/2\/seria-catastrofico-que-hezbollah-decidiera-ampliar-las-hostilidades\/","title":{"rendered":"\u201cSer\u00eda catastr\u00f3fico que Hezbollah decidiera ampliar las hostilidades\u201d"},"content":{"rendered":"\n<p>Transcripci\u00f3n efectuada por Walter C. Medina<\/p>\n\n\n\n<p>Entrevista a Lola Ba\u00f1on.<\/p>\n\n\n\n<p>A pocos d\u00edas del inicio del conflicto entre Israel y Palestina, la periodista Lola Ba\u00f1on echa un poco de luz para aclarar la niebla que se cierne en las fake news que circulan por los medios de comunicaci\u00f3n del mundo. <\/p>\n\n\n\n<figure class=\"wp-block-gallery has-nested-images columns-default is-cropped wp-block-gallery-1 is-layout-flex wp-block-gallery-is-layout-flex\">\n<figure class=\"wp-block-image size-large\"><img fetchpriority=\"high\" decoding=\"async\" width=\"768\" height=\"512\" data-id=\"4147\" src=\"https:\/\/xn--tuvozdiasporaespaola-k7b.com\/wp-content\/uploads\/2023\/10\/1000160883.jpg\" alt=\"\" class=\"wp-image-4147\" srcset=\"https:\/\/xn--tuvozdiasporaespaola-k7b.com\/wp-content\/uploads\/2023\/10\/1000160883.jpg 768w, https:\/\/xn--tuvozdiasporaespaola-k7b.com\/wp-content\/uploads\/2023\/10\/1000160883-300x200.jpg 300w\" sizes=\"(max-width: 768px) 100vw, 768px\" \/><\/figure>\n<figcaption class=\"blocks-gallery-caption wp-element-caption\">Lola Ba\u00f1on<\/figcaption><\/figure>\n\n\n\n<p><strong>Lola Ba\u00f1on ha trabajado como corresponsal de la televisi\u00f3n valenciana en temas de Oriente Medio y ha cubierto el conflicto palestino-israel\u00ed. Adem\u00e1s, es profesora en la Universidad de Valencia y trabaja en la ONU en la gesti\u00f3n de los refugiados<\/strong>.<\/p>\n\n\n\n<p>Entrevistada por Roberto San Mart\u00edn y Miguel \u00c1ngel Ferris para el programa de radio \u201cCenizas de Babilonia-Di\u00e1spora Espa\u00f1ola\u201d (AM 830 Radio del Pueblo) la periodista traz\u00f3 un panorama clarificador sobre <strong>lo que est\u00e1 sucediendo entre Israel y Palestina. <\/strong><\/p>\n\n\n\n<p><strong>MAF:<\/strong> <strong>Hoy hemos visto cr\u00f3nicas en varios medios, de una y de otra tendencia y nos hemos encontrado con algunas portadas muy contradictorias respecto al bombardeo del hospital que gener\u00f3 m\u00e1s de 500 v\u00edctimas. \u00bfQu\u00e9 opinas de esa equidistancia de una mayor\u00eda del periodismo espa\u00f1ol ante hechos tan graves como este, y cu\u00e1les son los l\u00edmites de la \u00e9tica period\u00edstica y a qu\u00e9 escenario nos llevan traspasarnos de esta forma?<\/strong><\/p>\n\n\n\n<p>En Europa tenemos una situaci\u00f3n bastante complicada a la hora de poder contar los hechos porque tenemos una concentraci\u00f3n de la propiedad de los medios de comunicaci\u00f3n. Legalmente existe una libertad de expresi\u00f3n, pero existe una concentraci\u00f3n de temas, lo que se llama una agenda tem\u00e1tica pobre. Todo el mundo habla de lo mismo, todo el mundo dice lo mismo, y siempre se oyen las mismas voces y los mismos expertos. <\/p>\n\n\n\n<p>En un conflicto como el de Israel y Palestina, donde hay unas connotaciones pol\u00edticas y tambi\u00e9n intereses econ\u00f3micos, porque los holdings econ\u00f3micos est\u00e1n vinculados a los gobiernos; existe muchas veces dificultades para poder contar la verdad. <\/p>\n\n\n\n<p>En la guerra es dif\u00edcil contar la verdad cuando hay buenas condiciones period\u00edsticas, pero en este caso resulta extremadamente complicado y el resultado es que, por ejemplo, hemos visto algunas portadas donde se atribuye la autor\u00eda a Israel, otras portadas donde se atribuye la autor\u00eda a Hamas, y la realidad es que de momento, lo \u00fanico que podemos decir es que dentro de la \u00e9tica period\u00edstica nadie tiene la prueba definitiva en mano todav\u00eda. <\/p>\n\n\n\n<p>Puede haber conclusiones, pero hasta que no existan pruebas definitivas siempre debemos guardar distancia y reflejar las versiones. Pero estamos en un conflicto donde la verdad ha estado ausente desde hace m\u00e1s de setenta a\u00f1os. La propia g\u00e9nesis del conflicto es un campo de falsedades, de mitos hist\u00f3ricos levantados para construir discursivamente. Yo siempre digo que para hacer una acci\u00f3n militar, una acci\u00f3n pol\u00edtica, previamente es necesario elaborar un discurso; y en el caso de este conflicto es una realidad.<\/p>\n\n\n\n<figure class=\"wp-block-gallery has-nested-images columns-default is-cropped wp-block-gallery-2 is-layout-flex wp-block-gallery-is-layout-flex\">\n<figure class=\"wp-block-image size-large\"><img decoding=\"async\" width=\"821\" height=\"1024\" data-id=\"4149\" src=\"https:\/\/xn--tuvozdiasporaespaola-k7b.com\/wp-content\/uploads\/2023\/10\/1000163480-821x1024.jpg\" alt=\"\" class=\"wp-image-4149\" srcset=\"https:\/\/xn--tuvozdiasporaespaola-k7b.com\/wp-content\/uploads\/2023\/10\/1000163480-821x1024.jpg 821w, https:\/\/xn--tuvozdiasporaespaola-k7b.com\/wp-content\/uploads\/2023\/10\/1000163480-241x300.jpg 241w, https:\/\/xn--tuvozdiasporaespaola-k7b.com\/wp-content\/uploads\/2023\/10\/1000163480-768x958.jpg 768w, https:\/\/xn--tuvozdiasporaespaola-k7b.com\/wp-content\/uploads\/2023\/10\/1000163480.jpg 906w\" sizes=\"(max-width: 821px) 100vw, 821px\" \/><figcaption class=\"wp-element-caption\">Actual territorio controlado por Palestina nunca se cumpli\u00f3 lo de dos pa\u00edses.<\/figcaption><\/figure>\n<\/figure>\n\n\n\n<p><strong>MAF:<\/strong> \u00bf<strong>Cu\u00e1les han sido las fake news y cortinas de humo m\u00e1s difundidas para manipular la opini\u00f3n p\u00fablica respecto a la realidad del pueblo palestino durante los a\u00f1os que t\u00fa has hecho de corresponsal y hasta la actualidad?<\/strong><\/p>\n\n\n\n<p>Ahora conocemos a las fake news con ese t\u00e9rmino, pero las noticias falsas son consustanciales no solamente a la historia del periodismo sino tambi\u00e9n a la historia de la condici\u00f3n humana. Yo creo que la misma fundaci\u00f3n del Estado de Israel est\u00e1 sentada discursivamente sobre una gran mentira.<\/p>\n\n\n\n<p> Por ejemplo: n pueblo sin guerra para una tierra sin pueblo, esto realmente no es as\u00ed. La sociedad palestina era una sociedad organizada, hab\u00eda equipos de f\u00fatbol, hab\u00eda peri\u00f3dicos; la existencia de prensa es un indicador muy s\u00f3lido de la existencia de sociedades organizadas. <\/p>\n\n\n\n<p>Hab\u00eda una agricultura f\u00e9rtil, otro mito construido es que los israel\u00edes hicieron de un desierto un lugar f\u00e9rtil. Ya exist\u00eda Palestina. Y tantas verdades falsas que se presentan a la opini\u00f3n p\u00fablica para justificar grandes operaciones militares. No solamente fue Irak, Palestina siempre ha sido escenario de este tipo de mentiras. <\/p>\n\n\n\n<p>En la otra parte podemos registrar tambi\u00e9n verdades que no han sido confirmadas, y por tanto no se pueden vender como verdades. Por ejemplo el caso de que Hamas haya sido creado por Israel.<\/p>\n\n\n\n<p> Desde mi punto de vista no ha sido creado por Israel, pero s\u00ed ha sido consentido su crecimiento y su desarrollo. Hay que tener mucho cuidado con el lenguaje, en c\u00f3mo y en qu\u00e9 momento se cuentan las cosas. Una operaci\u00f3n como la creaci\u00f3n de un estado, el establecimiento de hostilidades, todo esto necesita siempre un discurso, por eso la palabra es tan importante y por eso tambi\u00e9n el periodismo tiene una funci\u00f3n social y pol\u00edtica sin ninguna duda fundamental.<\/p>\n\n\n\n<p><strong>MAF: Sin  la colaboraci\u00f3n de ciertos medios es imposible sostener que una opini\u00f3n p\u00fablica tenga una operaci\u00f3n militar, por ejemplo.T\u00fa, desde los acuerdos de Oslo trabajaste este tema desde la corresponsal\u00eda de Canal Nou de Televisi\u00f3n Valenciana. Tras tantos a\u00f1os cubriendo esa realidad, \u00bfqu\u00e9 cambios de convicci\u00f3n has tenido en tu visi\u00f3n al d\u00eda de hoy sobre este conflicto? <\/strong><\/p>\n\n\n\n<p>Justamente los acuerdos de Oslo fueron la ocasi\u00f3n para mi experiencia period\u00edstica, de entender que las cosas no eran como nos la estaban contando los medios mayoritarios. Yo trabajaba en una televisi\u00f3n auton\u00f3mica, por tanto p\u00fablica pero peque\u00f1a en dimensiones, y observaba que el ambiente general de Europa era de decir que ya hab\u00edamos finalizado el conflicto, que los acuerdos de Oslo cerraban un ciclo de violencia, que todas las partes hab\u00edan salido ganando. <\/p>\n\n\n\n<figure class=\"wp-block-gallery has-nested-images columns-default is-cropped wp-block-gallery-3 is-layout-flex wp-block-gallery-is-layout-flex\">\n<figure class=\"wp-block-image size-large\"><img decoding=\"async\" width=\"640\" height=\"373\" data-id=\"4150\" src=\"https:\/\/xn--tuvozdiasporaespaola-k7b.com\/wp-content\/uploads\/2023\/10\/1000163479.jpg\" alt=\"\" class=\"wp-image-4150\" srcset=\"https:\/\/xn--tuvozdiasporaespaola-k7b.com\/wp-content\/uploads\/2023\/10\/1000163479.jpg 640w, https:\/\/xn--tuvozdiasporaespaola-k7b.com\/wp-content\/uploads\/2023\/10\/1000163479-300x175.jpg 300w\" sizes=\"(max-width: 640px) 100vw, 640px\" \/><\/figure>\n<\/figure>\n\n\n\n<p>Yo en esa \u00e9poca era estudiante de \u00e1rabe y aprovech\u00e9 unos d\u00edas libres que ten\u00eda, para irme a Palestina, en el a\u00f1o 1995.<\/p>\n\n\n\n<p> La sorpresa may\u00fascula que me llev\u00e9 al llegar a Tel Aviv fue que hab\u00eda un cierto optimismo, pero cuando entrabas en territorio palestino hab\u00eda una enorme insatisfacci\u00f3n, porque pensaban que hab\u00edan hecho unas concesiones que despu\u00e9s no iban a ser recompensadas tal y como recog\u00edan los acuerdos, porque los acuerdos lo que dec\u00edan era que poco a poco Israel iba a ir abandonando gradualmente el territorio. No solamente eso no ha ocurrido, sino que Israel ha seguido construyendo asentamientos en tierra palestina, haciendo por lo tanto imposible la viabilidad de un estado.<\/p>\n\n\n\n<p><strong> MAF: \u00bfC\u00f3mo ha cambiado la gente?<\/strong>, <\/p>\n\n\n\n<p>Bueno, desde el punto de vista de mi observaci\u00f3n en estos a\u00f1os, yo creo que el gran error que ha hecho Israel en estos a\u00f1os es anular la interlocuci\u00f3n, desautorizar a los palestinos que s\u00ed que pod\u00edan haber sido interlocutores, que son las personas de la autoridad palestina, las personas que compon\u00edan la OLP en la cual no est\u00e1 Hamas.<\/p>\n\n\n\n<p> Lo que muy poca gente se plantea y sabe es que islamistas palestinos no hubo hasta los a\u00f1os \u201880s; Hamas es una rama de los Hermanos Musulmanes, pero hasta los a\u00f1os 80s no tuvieron implantaci\u00f3n en el territorio palestino. <\/p>\n\n\n\n<p>Por lo tanto, el hecho de que los palestinos vieran, a\u00f1o tras a\u00f1o, que no consolidaban ning\u00fan logro de aquellos prometidos en Oslo, les daba la sensaci\u00f3n de que la autoridad palestina no defend\u00eda sus intereses. Poco a poco han ido perdiendo credibilidad y afectos entre la poblaci\u00f3n palestina, y esto ha sido un gran error porque ha privado de una posibilidad de interlocuci\u00f3n importante. <\/p>\n\n\n\n<p>Israel, desde mi punto de vista, ha anulado el poder que pod\u00eda tener la autoridad palestina sobre su gente. Hay zonas de Cisjordania, en las cuales no pueden entrar, y por tanto no puede controlar. Muchas facciones palestinas les acusan de no defender intereses palestinos y de ser colaboracionistas.<\/p>\n\n\n\n<figure class=\"wp-block-gallery has-nested-images columns-default is-cropped wp-block-gallery-4 is-layout-flex wp-block-gallery-is-layout-flex\">\n<figure class=\"wp-block-image size-large\"><img loading=\"lazy\" decoding=\"async\" width=\"420\" height=\"280\" data-id=\"4151\" src=\"https:\/\/xn--tuvozdiasporaespaola-k7b.com\/wp-content\/uploads\/2023\/10\/1000163484.webp\" alt=\"\" class=\"wp-image-4151\" srcset=\"https:\/\/xn--tuvozdiasporaespaola-k7b.com\/wp-content\/uploads\/2023\/10\/1000163484.webp 420w, https:\/\/xn--tuvozdiasporaespaola-k7b.com\/wp-content\/uploads\/2023\/10\/1000163484-300x200.webp 300w\" sizes=\"(max-width: 420px) 100vw, 420px\" \/><\/figure>\n<\/figure>\n\n\n\n<p> Mi experiencia personal es que evidentemente hay gente corrupta en la autoridad palestina, pero hay otra gente que realmente son genuinos defensores de los palestinos; gente con principios y gentes que realmente lo que quiere es el bien para su gente. Yo creo que ah\u00ed Israel ha perdido una posibilidad de interlocuci\u00f3n. <\/p>\n\n\n\n<p><strong>RSM:<\/strong> \u00bf<strong>Con qui\u00e9n va a negociar ahora Israel? \u00bfCon Hamas?\u00bfA qu\u00e9 se debe, seg\u00fan tu punto de vista, que Mahamud Ab\u00e1s no haya planteado elecciones en Palestina desde el a\u00f1o 2006. \u00bfNo son muchos diecisiete a\u00f1os sin plantear alg\u00fan tipo de comicios dentro de lo que es Palestina<\/strong>?<\/p>\n\n\n\n<p>En primer lugar, como Palestina est\u00e1 cuarteada, no hay movilidad, no hay continuidad territorial, organizar unas elecciones es francamente complicado, porque ser\u00edan siempre elecciones bajo control Israel\u00ed. Pero hay m\u00e1s razones como tambi\u00e9n seguramente te est\u00e1s imaginando.<\/p>\n\n\n\n<p> Las \u00faltimas las gan\u00f3 Hamas, entonces occidente, es decir Europa y Estados Unidos fundamentalmente, pues siempre han visto la posibilidad muy s\u00f3lida de que Hamas ganara las elecciones. Y esto es un escenario que para la pol\u00edtica internacional no es conveniente o no entra dentro del dise\u00f1o que hace occidente.<\/p>\n\n\n\n<figure class=\"wp-block-gallery has-nested-images columns-default is-cropped wp-block-gallery-5 is-layout-flex wp-block-gallery-is-layout-flex\">\n<figure class=\"wp-block-image size-large\"><img loading=\"lazy\" decoding=\"async\" width=\"618\" height=\"349\" data-id=\"4153\" src=\"https:\/\/xn--tuvozdiasporaespaola-k7b.com\/wp-content\/uploads\/2023\/10\/1000163478.jpg\" alt=\"\" class=\"wp-image-4153\" srcset=\"https:\/\/xn--tuvozdiasporaespaola-k7b.com\/wp-content\/uploads\/2023\/10\/1000163478.jpg 618w, https:\/\/xn--tuvozdiasporaespaola-k7b.com\/wp-content\/uploads\/2023\/10\/1000163478-300x169.jpg 300w\" sizes=\"(max-width: 618px) 100vw, 618px\" \/><\/figure>\n<\/figure>\n\n\n\n<p> Y esta es la raz\u00f3n por la que no se plantean comicios electorales porque en este momento si en Palestina hicieran unas elecciones francamente habr\u00eda much\u00edsimas posibilidades de que Hamas fueran los vencedores. Siempre hay que pensar que Hamas tiene una rama armada, pero es adem\u00e1s una formaci\u00f3n pol\u00edtica, que tiene implantaci\u00f3n en \u00f3rganos de gobierno y much\u00edsimos seguidores, incluso muchos cristianos.<\/p>\n\n\n\n<p> Es una formaci\u00f3n islamista pero hay muchos palestinos cristianos que defienden a Hamas en cuanto que le consideran que son defensores de los intereses de los palestinos. Es muy dif\u00edcil que haya comicios. Hay un problema en el liderazgo palestino de la parte llamada laica, de formaciones que no son religiosas confesionales. Mahmud Ab\u00e1s es un hombre muy mayor, no hay liderazgos claros por causa de la inestabilidad pol\u00edtica que tiene la autoridad palestina.<\/p>\n\n\n\n<p> Es una situaci\u00f3n muy dif\u00edcil cuando tienes que estar luchando con una ocupaci\u00f3n y colaborando a la vez en la seguridad con Israel, y obligado a negociar bastantes cosas. Es una posici\u00f3n que a la autoridad palestina la desautoriza totalmente de cara a su propio pueblo. Porque a su propio pueblo no pueden decirle que han conseguido beneficios para ellos. <\/p>\n\n\n\n<p><strong>RSM:<\/strong> \u00bf<strong>Cu\u00e1l puede ser la labor o la misi\u00f3n de Hezbollah, en estos momentos en los cuales se est\u00e1 llevando todo el protagonismo Hamas?<\/strong><\/p>\n\n\n\n<p>Pues es muy importante porque si se abriesen las hostilidades por la parte norte, Israel se podr\u00eda meter en una situaci\u00f3n realmente complicada. Yo siempre digo que mucha gente observa la parte religiosa, la parte confesional del conflicto. <strong>Yo observo con estupor a muchos comentaristas llamados expertos decir, \u201cbueno, es que Hezbollah son Chiitas y Hamas son Sunitas y por tanto\u2026.\u201d.<\/strong><\/p>\n\n\n\n<p> La cuesti\u00f3n de la confesionalidad religiosa tiene una importancia relativa en este aspecto, porque ellos colaboran, y el colaboracionismo de estas dos entidades est\u00e1 basado en una decisi\u00f3n de Israel.<\/p>\n\n\n\n<p> Hace much\u00edsimos a\u00f1os, cuando Hamas estaba en sus inicios, pues Israel deport\u00f3 a un grupo muy numeroso de militantes de Hamas a las monta\u00f1as del L\u00edbano. Y all\u00ed, en medio de las monta\u00f1as del L\u00edbano, sin comida ni agua, los que acudieron a ayudar a los expulsados fueron los guerrilleros de Hezbollah, que les llevaron comida, tiendas de campa\u00f1a y tambi\u00e9n les hicieron los primeros entrenamientos militares. <\/p>\n\n\n\n<figure class=\"wp-block-gallery has-nested-images columns-default is-cropped wp-block-gallery-6 is-layout-flex wp-block-gallery-is-layout-flex\">\n<figure class=\"wp-block-image size-large\"><img loading=\"lazy\" decoding=\"async\" width=\"420\" height=\"280\" data-id=\"4152\" src=\"https:\/\/xn--tuvozdiasporaespaola-k7b.com\/wp-content\/uploads\/2023\/10\/1000163481.jpg\" alt=\"\" class=\"wp-image-4152\" srcset=\"https:\/\/xn--tuvozdiasporaespaola-k7b.com\/wp-content\/uploads\/2023\/10\/1000163481.jpg 420w, https:\/\/xn--tuvozdiasporaespaola-k7b.com\/wp-content\/uploads\/2023\/10\/1000163481-300x200.jpg 300w\" sizes=\"(max-width: 420px) 100vw, 420px\" \/><\/figure>\n<\/figure>\n\n\n\n<p>La relaci\u00f3n entre Hamas y Hezbollah es de antiguo, se consideran movimientos de resistencia y Hezbollah mantiene el eje con Ir\u00e1n, y ah\u00ed est\u00e1 el peligro de la extensi\u00f3n del conflicto. Hezbollah es un factor muy muy importante. <\/p>\n\n\n\n<p>No olvidemos que se considera vencedor del \u00faltimo enfrentamiento b\u00e9lico que tuvo con Israel. Ser\u00eda realmente catastr\u00f3fico que Hezbollah decidiera ampliar las hostilidades porque realmente podr\u00eda ser para Israel una situaci\u00f3n francamente dif\u00edcil. <\/p>\n\n\n\n<p>Israel no est\u00e1 teniendo un discurso extremadamente belicista contra Ir\u00e1n, y esto lo que denota claramente es que Israel est\u00e1 siendo muy prudente porque sabe que si el conflicto se extendiera, Hezbollah tendr\u00eda m\u00e1s ayudas y aqu\u00ed s\u00ed que nos podr\u00edamos enfrenar a un escenario realmente muy complicado e imprevisible.          <\/p>\n","protected":false},"excerpt":{"rendered":"<p>Transcripci\u00f3n efectuada por Walter C. Medina Entrevista a Lola Ba\u00f1on. A pocos d\u00edas del inicio del conflicto entre Israel y Palestina, la periodista Lola &#8230; <\/p>\n<p class=\"read-more-container\"><a title=\"\u201cSer\u00eda catastr\u00f3fico que Hezbollah decidiera ampliar las hostilidades\u201d\" class=\"read-more button\" href=\"https:\/\/xn--tuvozdiasporaespaola-k7b.com\/page\/2\/seria-catastrofico-que-hezbollah-decidiera-ampliar-las-hostilidades\/#more-4142\" aria-label=\"M\u00e1s en \u201cSer\u00eda catastr\u00f3fico que Hezbollah decidiera ampliar las hostilidades\u201d\">Leer m\u00e1s<\/a><\/p>\n","protected":false},"author":222560522,"featured_media":4154,"comment_status":"open","ping_status":"open","sticky":false,"template":"","format":"standard","meta":{"footnotes":""},"categories":[121869,121850],"tags":[],"class_list":["post-4142","post","type-post","status-publish","format-standard","has-post-thumbnail","hentry","category-internaciones","category-politica","resize-featured-image"],"_links":{"self":[{"href":"https:\/\/xn--tuvozdiasporaespaola-k7b.com\/page\/2\/wp-json\/wp\/v2\/posts\/4142","targetHints":{"allow":["GET"]}}],"collection":[{"href":"https:\/\/xn--tuvozdiasporaespaola-k7b.com\/page\/2\/wp-json\/wp\/v2\/posts"}],"about":[{"href":"https:\/\/xn--tuvozdiasporaespaola-k7b.com\/page\/2\/wp-json\/wp\/v2\/types\/post"}],"author":[{"embeddable":true,"href":"https:\/\/xn--tuvozdiasporaespaola-k7b.com\/page\/2\/wp-json\/wp\/v2\/users\/222560522"}],"replies":[{"embeddable":true,"href":"https:\/\/xn--tuvozdiasporaespaola-k7b.com\/page\/2\/wp-json\/wp\/v2\/comments?post=4142"}],"version-history":[{"count":3,"href":"https:\/\/xn--tuvozdiasporaespaola-k7b.com\/page\/2\/wp-json\/wp\/v2\/posts\/4142\/revisions"}],"predecessor-version":[{"id":4165,"href":"https:\/\/xn--tuvozdiasporaespaola-k7b.com\/page\/2\/wp-json\/wp\/v2\/posts\/4142\/revisions\/4165"}],"wp:featuredmedia":[{"embeddable":true,"href":"https:\/\/xn--tuvozdiasporaespaola-k7b.com\/page\/2\/wp-json\/wp\/v2\/media\/4154"}],"wp:attachment":[{"href":"https:\/\/xn--tuvozdiasporaespaola-k7b.com\/page\/2\/wp-json\/wp\/v2\/media?parent=4142"}],"wp:term":[{"taxonomy":"category","embeddable":true,"href":"https:\/\/xn--tuvozdiasporaespaola-k7b.com\/page\/2\/wp-json\/wp\/v2\/categories?post=4142"},{"taxonomy":"post_tag","embeddable":true,"href":"https:\/\/xn--tuvozdiasporaespaola-k7b.com\/page\/2\/wp-json\/wp\/v2\/tags?post=4142"}],"curies":[{"name":"wp","href":"https:\/\/api.w.org\/{rel}","templated":true}]}}