{"id":4138,"date":"2023-10-21T00:11:06","date_gmt":"2023-10-21T03:11:06","guid":{"rendered":"https:\/\/xn--tuvozdiasporaespaola-k7b.com\/page\/2\/?p=4138"},"modified":"2023-10-21T00:11:07","modified_gmt":"2023-10-21T03:11:07","slug":"movilizacion-en-argentina-milei-no-no-pasaran","status":"publish","type":"post","link":"https:\/\/xn--tuvozdiasporaespaola-k7b.com\/page\/2\/movilizacion-en-argentina-milei-no-no-pasaran\/","title":{"rendered":"MOVILIZACI\u00d3N en ARGENTINA \u00a1MILEI NO ! \u00a1NO PASAR\u00c1N!"},"content":{"rendered":"\n<p>Ante las \u00faltimas noticias de que Milei le pidi\u00f3 apoyo a una fundaci\u00f3n de Vox para generar clima de fraude en Argentina,  no nos extra\u00f1a, ya que es el modus operandi de esta formaci\u00f3n fascista espa\u00f1ola que desde Podemos conocemos muy bien , crear bulos, falsas acusaciones,  manipular la prensa todo a trav\u00e9s de una fundaci\u00f3n que est\u00e1 se\u00f1alada por la justicia  espa\u00f1ola como tapadera y d\u00f3nde el blanqueo de dinero y la financiaci\u00f3n de partidos similares de extrema derecha en el mundo e su t\u00f3nica.<\/p>\n\n\n\n<p>El candidato a presidente de La Libertad Avanza(LLA), Javier Milei, invit\u00f3 a la fundaci\u00f3n Disenso de Vox (el partido ultraderechista espa\u00f1ol) como observadora en las elecciones generales de octubre. <\/p>\n\n\n\n<p>El libertario se ataja ante la posibilidad de perder las presidenciales y busca generar un clima de fraude en Argentina.<\/p>\n\n\n\n<p>Se trata de la fundaci\u00f3n ultraderechista Disenso, presidida por el titular del Vox Santiago Abascal, que lleg\u00f3 a se\u00f1alar que las elecciones en Colombia fueron \u201cileg\u00edtimas\u201d. <\/p>\n\n\n\n<p>Las espa\u00f1olas de un gobierno ileg\u00edtimo PSOE- PODEMOS ,  etc\u2026 En su p\u00e1gina oficial, Disenso se presenta como \u201cun laboratorio de ideas que tiene como objetivo dar la batalla cultural en defensa de principios como la libertad, la soberan\u00eda nacional, la vida o la familia\u201d.<\/p>\n\n\n\n<figure class=\"wp-block-gallery has-nested-images columns-default is-cropped wp-block-gallery-1 is-layout-flex wp-block-gallery-is-layout-flex\">\n<figure class=\"wp-block-image size-large\"><img fetchpriority=\"high\" decoding=\"async\" width=\"1024\" height=\"532\" data-id=\"4139\" src=\"https:\/\/xn--tuvozdiasporaespaola-k7b.com\/wp-content\/uploads\/2023\/10\/1000163280-1024x532.jpg\" alt=\"\" class=\"wp-image-4139\" srcset=\"https:\/\/xn--tuvozdiasporaespaola-k7b.com\/wp-content\/uploads\/2023\/10\/1000163280-1024x532.jpg 1024w, https:\/\/xn--tuvozdiasporaespaola-k7b.com\/wp-content\/uploads\/2023\/10\/1000163280-300x156.jpg 300w, https:\/\/xn--tuvozdiasporaespaola-k7b.com\/wp-content\/uploads\/2023\/10\/1000163280-768x399.jpg 768w, https:\/\/xn--tuvozdiasporaespaola-k7b.com\/wp-content\/uploads\/2023\/10\/1000163280.jpg 1080w\" sizes=\"(max-width: 1024px) 100vw, 1024px\" \/><\/figure>\n<\/figure>\n\n\n\n<p>MENTIRA su verdadera vocaci\u00f3n es crear el caos en la opini\u00f3n p\u00fablica y atacar la Democracia derechos y conquistas confundiendo a miles de personas sobre la verdadera realidad de un Milei sicopata que generar\u00e1 que Argentina sea un pa\u00eds proscrito y llevar\u00e1 la ruina al global  de sus habitantes Pymes, Trabajadores, J\u00f3venes y Jubilados.<\/p>\n\n\n\n<p>La fundaci\u00f3n llega a la Argentina en un clima de movilizaci\u00f3n en contra de Milei para meterse de lleno en las elecciones presidenciales del 22 de octubre y ejercer  acusaciones y supuestas denuncias  si finalmente  el candidato presidencial fascista Milei  pierde ante sus contrincantes Sergio Massa o Patricia Bullrich. <\/p>\n\n\n\n<p>Ante esta situaci\u00f3n m\u00e1s que prevista la fisclia abri\u00f3  una investigaci\u00f3n preliminar por declaraciones de Milei sobre temor a un supuesto fraude.<\/p>\n\n\n\n<p>Este domingo pedimos a los 450.000 espa\u00f1oles que residen en Argentina no se dejen enga\u00f1ar por un embaucador , encantador de serpientes y Sic\u00f3pata. <\/p>\n\n\n\n<p>No despertemos un nuevo Adolfo Hitler que nos traiga la miseria a nuestras vidas de emigrantes en esta Argentina que nos dio  la oportunidad de encontrar un hogar.<\/p>\n\n\n\n<p>Y a esos cas\u00ed medio mill\u00f3n de argentinos que est\u00e1n en condiciones de votar desde el Exterior piensen en sus familias que est\u00e1n a\u00fan aqu\u00ed no les condenen a la miseria y al desamparo.<\/p>\n\n\n\n<p>  MOVILIZACI\u00d3N para el d\u00eda 22 Domingo no votes Fascismo no votes ultraderecha.<\/p>\n\n\n\n<p>Unidos en derechos y libertades venceremos desde el internacionalismo progresista de Podemos en Argentina participa y paremosles en las urnas .<\/p>\n\n\n\n<p>\u00a1NO PASAR\u00c1N\u00a1  Si se puede.<\/p>\n\n\n\n<p>Podemos Argentina en la Red de C\u00edrculos Podemos Am\u00e9rica.<\/p>\n","protected":false},"excerpt":{"rendered":"<p>Ante las \u00faltimas noticias de que Milei le pidi\u00f3 apoyo a una fundaci\u00f3n de Vox para generar clima de fraude en Argentina, no nos &#8230; <\/p>\n<p class=\"read-more-container\"><a title=\"MOVILIZACI\u00d3N en ARGENTINA \u00a1MILEI NO ! \u00a1NO PASAR\u00c1N!\" class=\"read-more button\" href=\"https:\/\/xn--tuvozdiasporaespaola-k7b.com\/page\/2\/movilizacion-en-argentina-milei-no-no-pasaran\/#more-4138\" aria-label=\"M\u00e1s en MOVILIZACI\u00d3N en ARGENTINA \u00a1MILEI NO ! \u00a1NO PASAR\u00c1N!\">Leer m\u00e1s<\/a><\/p>\n","protected":false},"author":222560522,"featured_media":4140,"comment_status":"open","ping_status":"open","sticky":false,"template":"","format":"standard","meta":{"footnotes":""},"categories":[121868,121850],"tags":[],"class_list":["post-4138","post","type-post","status-publish","format-standard","has-post-thumbnail","hentry","category-latinoamerica","category-politica","resize-featured-image"],"_links":{"self":[{"href":"https:\/\/xn--tuvozdiasporaespaola-k7b.com\/page\/2\/wp-json\/wp\/v2\/posts\/4138","targetHints":{"allow":["GET"]}}],"collection":[{"href":"https:\/\/xn--tuvozdiasporaespaola-k7b.com\/page\/2\/wp-json\/wp\/v2\/posts"}],"about":[{"href":"https:\/\/xn--tuvozdiasporaespaola-k7b.com\/page\/2\/wp-json\/wp\/v2\/types\/post"}],"author":[{"embeddable":true,"href":"https:\/\/xn--tuvozdiasporaespaola-k7b.com\/page\/2\/wp-json\/wp\/v2\/users\/222560522"}],"replies":[{"embeddable":true,"href":"https:\/\/xn--tuvozdiasporaespaola-k7b.com\/page\/2\/wp-json\/wp\/v2\/comments?post=4138"}],"version-history":[{"count":1,"href":"https:\/\/xn--tuvozdiasporaespaola-k7b.com\/page\/2\/wp-json\/wp\/v2\/posts\/4138\/revisions"}],"predecessor-version":[{"id":4141,"href":"https:\/\/xn--tuvozdiasporaespaola-k7b.com\/page\/2\/wp-json\/wp\/v2\/posts\/4138\/revisions\/4141"}],"wp:featuredmedia":[{"embeddable":true,"href":"https:\/\/xn--tuvozdiasporaespaola-k7b.com\/page\/2\/wp-json\/wp\/v2\/media\/4140"}],"wp:attachment":[{"href":"https:\/\/xn--tuvozdiasporaespaola-k7b.com\/page\/2\/wp-json\/wp\/v2\/media?parent=4138"}],"wp:term":[{"taxonomy":"category","embeddable":true,"href":"https:\/\/xn--tuvozdiasporaespaola-k7b.com\/page\/2\/wp-json\/wp\/v2\/categories?post=4138"},{"taxonomy":"post_tag","embeddable":true,"href":"https:\/\/xn--tuvozdiasporaespaola-k7b.com\/page\/2\/wp-json\/wp\/v2\/tags?post=4138"}],"curies":[{"name":"wp","href":"https:\/\/api.w.org\/{rel}","templated":true}]}}