{"id":4128,"date":"2023-10-20T14:00:32","date_gmt":"2023-10-20T17:00:32","guid":{"rendered":"https:\/\/xn--tuvozdiasporaespaola-k7b.com\/page\/2\/?p=4128"},"modified":"2023-10-20T14:00:33","modified_gmt":"2023-10-20T17:00:33","slug":"israel-y-palestina","status":"publish","type":"post","link":"https:\/\/xn--tuvozdiasporaespaola-k7b.com\/page\/2\/israel-y-palestina\/","title":{"rendered":"ISRAEL Y PALESTINA"},"content":{"rendered":"\n<p>Por  Roberto San Mart\u00edn.<\/p>\n\n\n\n<p>Nos hemos acostumbrado a que el ej\u00e9rcito israel\u00ed  dispare contra los ni\u00f1os palestinos por lanzar una piedra o acercarse a la valla de Gaza, pero nos  resulta insoportable que Ham\u00e1s acabe con la vida  de los civiles israel\u00edes.<\/p>\n\n\n\n<figure class=\"wp-block-gallery has-nested-images columns-default is-cropped wp-block-gallery-1 is-layout-flex wp-block-gallery-is-layout-flex\">\n<figure class=\"wp-block-image size-large is-style-rounded\"><img fetchpriority=\"high\" decoding=\"async\" width=\"958\" height=\"882\" data-id=\"4132\" src=\"https:\/\/xn--tuvozdiasporaespaola-k7b.com\/wp-content\/uploads\/2023\/10\/1000156352.jpg\" alt=\"\" class=\"wp-image-4132\" srcset=\"https:\/\/xn--tuvozdiasporaespaola-k7b.com\/wp-content\/uploads\/2023\/10\/1000156352.jpg 958w, https:\/\/xn--tuvozdiasporaespaola-k7b.com\/wp-content\/uploads\/2023\/10\/1000156352-300x276.jpg 300w, https:\/\/xn--tuvozdiasporaespaola-k7b.com\/wp-content\/uploads\/2023\/10\/1000156352-768x707.jpg 768w\" sizes=\"(max-width: 958px) 100vw, 958px\" \/><\/figure>\n<\/figure>\n\n\n\n<p> Aunque ambas acciones son cr\u00edmenes execrables, no  despiertan la misma reacci\u00f3n en Occidente. Parece  que unas vidas valen m\u00e1s que otras, pero lo cierto es que no hay ning\u00fan pretexto moral para asesinar  a un inocente. Nuestra indiferencia -o tibia  consternaci\u00f3n- hacia las v\u00edctimas palestinas no  ser\u00eda posible si no existieran prejuicios raciales y culturales.  <\/p>\n\n\n\n<p>La islamofobia ha ocupado el lugar del antiguo  antisemitismo. La derecha y la ultraderecha no  cesan de avivar el odio hacia los pa\u00edses \u00e1rabes,  afirmando o insinuando que solo son una cuna de  intolerancia y barbarie. Sin embargo, el mundo  \u00e1rabe no es un bloque uniforme, sino un mosaico de culturas y tradiciones.  <\/p>\n\n\n\n<p>Llama la atenci\u00f3n la posici\u00f3n de la derecha y la  ultraderecha espa\u00f1ola. S\u00ed, la derecha heredera del franquismo, la de los herederos de Paca la Culona. \u00bfPor qu\u00e9 digo esto? Quienes tienen cierta edad, se acordar\u00e1n que el de Ferrol, ten\u00eda una obsesi\u00f3n con el famoso contubernio judeo-mas\u00f3nico y odiaba de  forma visceral a los judios, alabando a los  araboparlantes. Pero vayamos a lo que vamos y dejemos la Espa\u00f1a en blanco y negro.<\/p>\n\n\n\n<p>En Orientalismo (1978), el intelectual palestino  Edward Said, miembro del Foro de Sabios de la  UNESCO, ya denunci\u00f3 los \u201c<em><strong>persistentes y sutiles  prejuicios euroc\u00e9ntricos contra los pueblos  \u00e1rabes-isl\u00e1micos y su cultura\u201d.<\/strong><\/em>  Esos prejuicios han sido explotados para  justificar las pol\u00edticas coloniales de Europa y  Estados Unidos. Occidente ha fomentando una  dicotom\u00eda seg\u00fan la cual nuestra civilizaci\u00f3n es  sin\u00f3nimo de progreso y libertad, y Oriente un  territorio b\u00e1rbaro y ex\u00f3tico que se resiste a los  cambios. <\/p>\n\n\n\n<figure class=\"wp-block-gallery has-nested-images columns-default is-cropped wp-block-gallery-2 is-layout-flex wp-block-gallery-is-layout-flex\">\n<figure class=\"wp-block-image size-large\"><img decoding=\"async\" width=\"1024\" height=\"822\" data-id=\"4133\" src=\"https:\/\/xn--tuvozdiasporaespaola-k7b.com\/wp-content\/uploads\/2023\/10\/1000163115-1024x822.jpg\" alt=\"\" class=\"wp-image-4133\" srcset=\"https:\/\/xn--tuvozdiasporaespaola-k7b.com\/wp-content\/uploads\/2023\/10\/1000163115-1024x822.jpg 1024w, https:\/\/xn--tuvozdiasporaespaola-k7b.com\/wp-content\/uploads\/2023\/10\/1000163115-300x241.jpg 300w, https:\/\/xn--tuvozdiasporaespaola-k7b.com\/wp-content\/uploads\/2023\/10\/1000163115-768x617.jpg 768w, https:\/\/xn--tuvozdiasporaespaola-k7b.com\/wp-content\/uploads\/2023\/10\/1000163115-1536x1234.jpg 1536w, https:\/\/xn--tuvozdiasporaespaola-k7b.com\/wp-content\/uploads\/2023\/10\/1000163115.jpg 1600w\" sizes=\"(max-width: 1024px) 100vw, 1024px\" \/><figcaption class=\"wp-element-caption\">Abdulrazak GurnahTanzanian<\/figcaption><\/figure>\n<\/figure>\n\n\n\n<p> El Nobel tanzano Abdulrazak Gurnah piensa que los  pa\u00edses isl\u00e1micos consideran que los verdaderos  b\u00e1rbaros son los occidentales, pues en Europa y  Estados Unidos se ha perdido el respeto a los  mayores, se descuida a la familia, se atenta  contra el pudor y se alientan los prejuicios  contra otros pueblos.  <\/p>\n\n\n\n<p>Se asegura que el Cor\u00e1n incita a la guerra, pero  se ignoran sus llamamientos a la misericordia, la  paz y la tolerancia. En el Antiguo Testamento,  tambi\u00e9n se justifica la violencia y se anima la  exterminio del enemigo. En Samuel 1 15:2-3, Dios  ordena a Sa\u00fal: \u201cVe, pues, y hiere a Amalec, y  destruye todo lo que tiene, y no te apiades de \u00e9l; mata a hombres, mujeres, ni\u00f1os, y aun los de  pecho, vacas, ovejas, camellos y asnos\u201d. <\/p>\n\n\n\n<p> La Biblia y el Cor\u00e1n justifican la violencia en  algunos momentos, pues reflejan los prejuicios de  su \u00e9poca, pero en ambos textos prevalece la  invitaci\u00f3n a la paz y el perd\u00f3n.<\/p>\n\n\n\n<p>Israel tiene derecho a defenderse, pero su ataque  contra la Franja de Gaza no obedece al af\u00e1n de  justicia, sino a la venganza. Sabe que la mayor\u00eda  de las v\u00edctimas ser\u00e1n civiles palestinos y no le  importa. La violencia de Ham\u00e1s le ha proporcionado un pretexto para llevar a cabo una nueva operaci\u00f3n de limpieza \u00e9tnica en los territorios ocupados.<\/p>\n\n\n\n<p> EEUU y la UE han demostrado una vez m\u00e1s que su  ideario democr\u00e1tico solo es un fachada. Cuando sus intereses lo justifican, incumplen las leyes sobre derecho internacional humanitario y las libertades democr\u00e1ticas. Francia y Alemania han prohibido las manifestaciones pac\u00edficas a favor de Palestina. Y  Reino Unido ha advertido que ondear una bandera  palestina puede ser considerado delito. <\/p>\n\n\n\n<p><strong>\u00bfSe puede  afirmar seriamente que Europa es un territorio  democr\u00e1tico? El primer paso para lograr una paz duradera en  Oriente Medio es combatir la islamofobia<\/strong>. El  terrorismo yihadista no es un rasgo del Islam,  sino un gesto de fanatismo inspirado en muchos  casos por la desesperaci\u00f3n. <\/p>\n\n\n\n<p>Durante el siglo XIX,  Occidente coloniz\u00f3 Oriente Medio, saque\u00f3 sus  recursos y reprimi\u00f3 los movimientos  independentistas. Este proceso no finaliz\u00f3 hasta  1971, cuando Emiratos \u00c1rabes Unidos obtuvo su  independencia, pero eso no signific\u00f3 el fin del  intervencionismo. <\/p>\n\n\n\n<figure class=\"wp-block-gallery has-nested-images columns-default is-cropped wp-block-gallery-3 is-layout-flex wp-block-gallery-is-layout-flex\">\n<figure class=\"wp-block-image size-large\"><img decoding=\"async\" width=\"380\" height=\"215\" data-id=\"4135\" src=\"https:\/\/xn--tuvozdiasporaespaola-k7b.com\/wp-content\/uploads\/2023\/10\/1000163119.jpg\" alt=\"\" class=\"wp-image-4135\" srcset=\"https:\/\/xn--tuvozdiasporaespaola-k7b.com\/wp-content\/uploads\/2023\/10\/1000163119.jpg 380w, https:\/\/xn--tuvozdiasporaespaola-k7b.com\/wp-content\/uploads\/2023\/10\/1000163119-300x170.jpg 300w\" sizes=\"(max-width: 380px) 100vw, 380px\" \/><\/figure>\n<\/figure>\n\n\n\n<p>Desde entonces, se han producido intervenciones militares directas (Afganist\u00e1n,  Irak), se han instigado golpes de estado (Ir\u00e1n) o  se ha sumido a pa\u00edses en el caos (Libia, Siria).  Estas intromisiones son las que han avivado el  odio hacia Occidente y no el Islam o las  diferencias culturales.<\/p>\n\n\n\n<p>Todo el mundo sabe que el pueblo palestino es  v\u00edctima de una injusticia hist\u00f3rica, causada por  brit\u00e1nicos y franceses. Mientras no se reparen los agravios que ha sufrido y se le garantice un  porvenir con dignidad y esperanza, la violencia  continuar\u00e1 causando estragos. Desgraciadamente, las posibilidades de soluci\u00f3n  pac\u00edfica menguan sin cesar. Israel cree que puede  aplastar a los palestinos, pero su poder militar  no ha impedido un cruel atentado de Ham\u00e1s. <\/p>\n\n\n\n<p>Si  quiere lograr seguridad, alg\u00fan d\u00eda tendr\u00e1 que  trabajar por la paz. Hasta entonces, seguir\u00e1  corriendo la sangre de los inocentes.<\/p>\n","protected":false},"excerpt":{"rendered":"<p>Por Roberto San Mart\u00edn. Nos hemos acostumbrado a que el ej\u00e9rcito israel\u00ed dispare contra los ni\u00f1os palestinos por lanzar una piedra o acercarse a &#8230; <\/p>\n<p class=\"read-more-container\"><a title=\"ISRAEL Y PALESTINA\" class=\"read-more button\" href=\"https:\/\/xn--tuvozdiasporaespaola-k7b.com\/page\/2\/israel-y-palestina\/#more-4128\" aria-label=\"M\u00e1s en ISRAEL Y PALESTINA\">Leer m\u00e1s<\/a><\/p>\n","protected":false},"author":222560522,"featured_media":4136,"comment_status":"open","ping_status":"open","sticky":false,"template":"","format":"standard","meta":{"footnotes":""},"categories":[121869,1771],"tags":[],"class_list":["post-4128","post","type-post","status-publish","format-standard","has-post-thumbnail","hentry","category-internaciones","category-sociales","resize-featured-image"],"_links":{"self":[{"href":"https:\/\/xn--tuvozdiasporaespaola-k7b.com\/page\/2\/wp-json\/wp\/v2\/posts\/4128","targetHints":{"allow":["GET"]}}],"collection":[{"href":"https:\/\/xn--tuvozdiasporaespaola-k7b.com\/page\/2\/wp-json\/wp\/v2\/posts"}],"about":[{"href":"https:\/\/xn--tuvozdiasporaespaola-k7b.com\/page\/2\/wp-json\/wp\/v2\/types\/post"}],"author":[{"embeddable":true,"href":"https:\/\/xn--tuvozdiasporaespaola-k7b.com\/page\/2\/wp-json\/wp\/v2\/users\/222560522"}],"replies":[{"embeddable":true,"href":"https:\/\/xn--tuvozdiasporaespaola-k7b.com\/page\/2\/wp-json\/wp\/v2\/comments?post=4128"}],"version-history":[{"count":3,"href":"https:\/\/xn--tuvozdiasporaespaola-k7b.com\/page\/2\/wp-json\/wp\/v2\/posts\/4128\/revisions"}],"predecessor-version":[{"id":4137,"href":"https:\/\/xn--tuvozdiasporaespaola-k7b.com\/page\/2\/wp-json\/wp\/v2\/posts\/4128\/revisions\/4137"}],"wp:featuredmedia":[{"embeddable":true,"href":"https:\/\/xn--tuvozdiasporaespaola-k7b.com\/page\/2\/wp-json\/wp\/v2\/media\/4136"}],"wp:attachment":[{"href":"https:\/\/xn--tuvozdiasporaespaola-k7b.com\/page\/2\/wp-json\/wp\/v2\/media?parent=4128"}],"wp:term":[{"taxonomy":"category","embeddable":true,"href":"https:\/\/xn--tuvozdiasporaespaola-k7b.com\/page\/2\/wp-json\/wp\/v2\/categories?post=4128"},{"taxonomy":"post_tag","embeddable":true,"href":"https:\/\/xn--tuvozdiasporaespaola-k7b.com\/page\/2\/wp-json\/wp\/v2\/tags?post=4128"}],"curies":[{"name":"wp","href":"https:\/\/api.w.org\/{rel}","templated":true}]}}