{"id":412,"date":"2022-10-20T02:35:39","date_gmt":"2022-10-20T05:35:39","guid":{"rendered":"https:\/\/xn--tuvozdiasporaespaola-k7b.com\/?p=412"},"modified":"2022-10-20T02:36:01","modified_gmt":"2022-10-20T05:36:01","slug":"ni-milei-ni-abascal-francia-y-colombia-recuperan-la-calle-y-muestran-la-via","status":"publish","type":"post","link":"https:\/\/xn--tuvozdiasporaespaola-k7b.com\/page\/2\/ni-milei-ni-abascal-francia-y-colombia-recuperan-la-calle-y-muestran-la-via\/","title":{"rendered":"NI MILEI, NI ABASCAL. FRANCIA Y COLOMBIA RECUPERAN LA CALLE Y MUESTRAN LA VIA"},"content":{"rendered":"\n<p>Vivimos tiempos convulsos, la verdad. Un dia amanecemos con la amenaza de un misil nuclear en nuestras cabezas, regalo del nuevo Zar de las Rusias, el Putin en su faceta m\u00e1s psic\u00f3pata, y otro dia se nos atraganta la comida con el Festival VIDA 22 que re\u00fane a los zoombies m\u00e1s conocidos de la Agenda internacional de VOX, quienes prometen extender el p\u00e1nico a cuantos no se adhieran a su Cruzada genocida y ecocida.<\/p>\n\n\n\n<p>De nuevo el Capitalismo, como en los a\u00f1os 30, ahora en su fase Neoliberal abocado a la crisis del Cambio Clim\u00e1tico producto de su propio modelo, se nos pone en plan \u201ccreativo\u201d y despierta a sus \u2018lobos esteparios\u2019 para poner en cuesti\u00f3n gravemente los postulados de la Democracia Liberal que pactaron con las fuerzas de izquierda en el escenario reconstituyente posterior a la Segunda Guerra Mundial.<\/p>\n\n\n\n<p>Uno de esos personajes de un mala pel\u00edcula del g\u00e9nero de terror, Bolsonaro, amenaza con seguir desmantelando los Derechos, libertades y escaso bienestar de los brasile\u00f1os para tranquilidad de las \u00e9lites voraces. El pr\u00f3ximo dia 30 de octubre conoceremos el desenlace. Un conocido actor, ya veterano en las luchas contra el fascismo y la desigualdad social, Lula da Silva, ha rescatado la esperanza de las masas en las plazas y avenidas del pa\u00eds, para que Brasil vuelva a ser vanguardia del Cambio en Latinoam\u00e9rica.<\/p>\n\n\n\n<p>En Madrid, durante la Fiesta de Halloween adelantada este a\u00f1o por Abascal y los suyos, varios monstruos se dejaron caer por el evento. Junto a lo peor del neofascismo europeo, con la mussoliniana Meloni a la cabeza, tuvimos a un Trump conectando desde su nave espacial a la deriva, al mayor genocida desde la Alemania nazi, el narcoparamilitar expresidente de Colombia Alvaro Uribe, la brigada de gobernantes por la limpieza \u00e9tnica y tradicionalista en Europa del h\u00fangaro Viktor Orb\u00e1n y el primer ministro polaco, Mateusz Morawiecki y otros tantos lideres y lideresas de segunda fila con pretensiones de alcanzar el Olympo de los dioses del facher\u00edo universal.<\/p>\n\n\n\n<figure class=\"wp-block-image size-large\"><img fetchpriority=\"high\" decoding=\"async\" width=\"3000\" height=\"1688\" src=\"http:\/\/xn--tuvozdiasporaespaola-k7b.com\/wp-content\/uploads\/2022\/10\/bd6lchyprrcplofcocdd2thczi6465247161771091897.jpg?w=1024\" alt=\"\" class=\"wp-image-408\" srcset=\"https:\/\/xn--tuvozdiasporaespaola-k7b.com\/wp-content\/uploads\/2022\/10\/bd6lchyprrcplofcocdd2thczi6465247161771091897.jpg 3000w, https:\/\/xn--tuvozdiasporaespaola-k7b.com\/wp-content\/uploads\/2022\/10\/bd6lchyprrcplofcocdd2thczi6465247161771091897-300x169.jpg 300w, https:\/\/xn--tuvozdiasporaespaola-k7b.com\/wp-content\/uploads\/2022\/10\/bd6lchyprrcplofcocdd2thczi6465247161771091897-1024x576.jpg 1024w, https:\/\/xn--tuvozdiasporaespaola-k7b.com\/wp-content\/uploads\/2022\/10\/bd6lchyprrcplofcocdd2thczi6465247161771091897-768x432.jpg 768w, https:\/\/xn--tuvozdiasporaespaola-k7b.com\/wp-content\/uploads\/2022\/10\/bd6lchyprrcplofcocdd2thczi6465247161771091897-1568x882.jpg 1568w\" sizes=\"(max-width: 3000px) 100vw, 3000px\" \/><figcaption class=\"wp-element-caption\">Alvaro Uribe Ex presidente de Colombia<\/figcaption><\/figure>\n\n\n\n<p>Uno de esos personajillos, Javier Milei, aunque pas\u00f3 sin pena ni gloria ante los cronistas del evento merece, eso s\u00ed, unas breves consideraciones. Al igual que una serie de mercenarios del Capitalismo m\u00e1s depredador y el Darwinismo social m\u00e1s cruento, pretenden confundir a los sectores m\u00e1s desprotegidos por el sistema econ\u00f3mico actual utilizando y tergiversando los leg\u00edtimos ideales libertarios bajo la falsa bandera del \u201cLibertarismo\u201d, al estilo de ciertas formaciones pol\u00edticas residuales nacidas en el criadero mundial del ultraliberalismo, los Estados Unidos, en la segunda mitad del siglo pasado.<\/p>\n\n\n\n<p>El Movimiento Libertario, especialmente en la historia reciente de Espa\u00f1a, ha sido una de las corrientes emancipatorias mundiales que m\u00e1s ha luchado por los derechos y libertades del Pueblo, sin fronteras ni barreras de sexo, etnia o condici\u00f3n social. Su lucha contra el fascismo, y muy en especial en Iberia, contra el golpe de Estado de Franco primero y luego desde el exilio y la clandestinidad, merecer\u00edan un reconocimiento destacado en un relato de la Memoria Hist\u00f3ria que no se realiz\u00f3 tras la Transici\u00f3n a la Democracia en nuestro pais. En Argentina ha sido la cuna de las mejores tradiciones del sindicalismo, bajo la influencia de la emigraci\u00f3n espa\u00f1ola e italiana, plasmado en la FORA y otras organizaciones, aunque otras corrientes surgieron al amparo del contexto internacional que sustituyeron su papel, con mayor o menor fortuna, en el Movimiento Obrero.<\/p>\n\n\n\n<figure class=\"wp-block-image size-large\"><img decoding=\"async\" width=\"1024\" height=\"742\" src=\"http:\/\/xn--tuvozdiasporaespaola-k7b.com\/wp-content\/uploads\/2022\/10\/r6hwewk74fb5diizq57qc66vya281296927465580149439069..jpg?w=1024\" alt=\"\" class=\"wp-image-409\" srcset=\"https:\/\/xn--tuvozdiasporaespaola-k7b.com\/wp-content\/uploads\/2022\/10\/r6hwewk74fb5diizq57qc66vya281296927465580149439069..jpg 1024w, https:\/\/xn--tuvozdiasporaespaola-k7b.com\/wp-content\/uploads\/2022\/10\/r6hwewk74fb5diizq57qc66vya281296927465580149439069.-300x217.jpg 300w, https:\/\/xn--tuvozdiasporaespaola-k7b.com\/wp-content\/uploads\/2022\/10\/r6hwewk74fb5diizq57qc66vya281296927465580149439069.-768x557.jpg 768w\" sizes=\"(max-width: 1024px) 100vw, 1024px\" \/><figcaption class=\"wp-element-caption\">MILEI  en plena actividad del Rid\u00edculo <\/figcaption><\/figure>\n\n\n\n<p>Es por ello que resulta un insulto y una patra\u00f1a el que los defensores de la desigualdad, la pol\u00edtica al servicio de los m\u00e1s fuertes y la alianza con las derechas m\u00e1s conservadoras, se intenten apropiar de corrientes de pensamiento y movilizaci\u00f3n que est\u00e1n en las ant\u00edpodas de sus incongruentes y confusos postulados. Esperemos que el Pueblo argentino sepa desenmascarar a sus verdaderos enemigos y los sit\u00fae en el margen de la historia en el 2023.<\/p>\n\n\n\n<p>\u00bfY en Europa? \u00bfC\u00f3mo va el tan anunciado \u201cOto\u00f1o Caliente? Pues en realidad esto est\u00e1 apenas empezando. Ya se sabe, con los calores del Cambio Clim\u00e1tico los cambios de temperatura se atrasan. La chispa del mismo son las consecuencias econ\u00f3micas y sociales provocadas por la invasi\u00f3n rusa en Ucrania, el rearme de la OTAN y de la Uni\u00f3n Europea, la crisis del modelo energ\u00e9tico actual y la subsiguiente inflaci\u00f3n desbocada, que entra\u00f1a los insostenibles precios del petr\u00f3leo, el gas y la electricidad as\u00ed como el desfase de los salarios y el nivel de vida de la mayor\u00eda de europeos.<\/p>\n\n\n\n<figure class=\"wp-block-image size-large\"><img decoding=\"async\" width=\"1200\" height=\"749\" src=\"http:\/\/xn--tuvozdiasporaespaola-k7b.com\/wp-content\/uploads\/2022\/10\/acto-vox2916012041724216517.jpeg?w=1024\" alt=\"\" class=\"wp-image-410\" srcset=\"https:\/\/xn--tuvozdiasporaespaola-k7b.com\/wp-content\/uploads\/2022\/10\/acto-vox2916012041724216517.jpeg 1200w, https:\/\/xn--tuvozdiasporaespaola-k7b.com\/wp-content\/uploads\/2022\/10\/acto-vox2916012041724216517-300x187.jpeg 300w, https:\/\/xn--tuvozdiasporaespaola-k7b.com\/wp-content\/uploads\/2022\/10\/acto-vox2916012041724216517-1024x639.jpeg 1024w, https:\/\/xn--tuvozdiasporaespaola-k7b.com\/wp-content\/uploads\/2022\/10\/acto-vox2916012041724216517-768x479.jpeg 768w\" sizes=\"(max-width: 1200px) 100vw, 1200px\" \/><figcaption class=\"wp-element-caption\">Actores necesarios para la pantomima Fascista (farsa comedia) <\/figcaption><\/figure>\n\n\n\n<p>En Espa\u00f1a las movilizaciones de los y las pensionistas, siempre a la vanguardia de la lucha por el Estado del Bienestar o el Bien Com\u00fan, han exigido la recuperaci\u00f3n del poder adquisitivo de sus remuneraciones, ahora que se debaten los Presupuestos Generales del Estado con un Gobierno que pretende crear un escudo social ante los efectos de las sucesivas crisis actuales.<\/p>\n\n\n\n<p>En Francia, con una situaci\u00f3n pol\u00edtica bien distinta, la recientemente aliada izquierda articulada en la NUPEs y liderada por M\u00e9lenchon y la Francia Insoumisse, han lanzado un reto al gobierno neoliberal y continuista de Macron, recientemente elegido. Han protagonizado en Par\u00eds una manifestaci\u00f3n con cerca de 140.000 asistentes que exige la protecci\u00f3n de los sectores m\u00e1s afectados por la hiperinflaci\u00f3n, de las pensiones p\u00fablicas ante los anuncios de Reformas con recortes y las libertades sindicales y de huelga ahora amenazadas por la forzada intervenci\u00f3n estatal en el sector de refiner\u00edas y gasolineras, cuyos trabajadores realizan una huelga total en demanda de subidas salariales y redistribuci\u00f3n parcial de los beneficios acaparados por altos ejecutivos y accionistas.<\/p>\n\n\n\n<p>Hoy martes se ha convocado una primera Huelga General con m\u00e1s de 150 manifestaciones en toda la geograf\u00eda gala y ya existe un calendario de medidas de presi\u00f3n para que las Patronales ofrezcan subidas justas para evitar el deterioro laboral y el colapso del pa\u00eds ante las muy probables protestas generalizadas. El desaf\u00edo de las izquierdas pol\u00edticas y sindicales est\u00e1 lanzado. Macron tiene una fuerte impopularidad, pero es necesario articular respuestas alternativas progresistas.<\/p>\n\n\n\n<figure class=\"wp-block-image size-large\"><img loading=\"lazy\" decoding=\"async\" width=\"3000\" height=\"1830\" src=\"http:\/\/xn--tuvozdiasporaespaola-k7b.com\/wp-content\/uploads\/2022\/10\/166593163139015467841270094245520.jpg?w=1024\" alt=\"\" class=\"wp-image-411\" srcset=\"https:\/\/xn--tuvozdiasporaespaola-k7b.com\/wp-content\/uploads\/2022\/10\/166593163139015467841270094245520.jpg 3000w, https:\/\/xn--tuvozdiasporaespaola-k7b.com\/wp-content\/uploads\/2022\/10\/166593163139015467841270094245520-300x183.jpg 300w, https:\/\/xn--tuvozdiasporaespaola-k7b.com\/wp-content\/uploads\/2022\/10\/166593163139015467841270094245520-1024x625.jpg 1024w, https:\/\/xn--tuvozdiasporaespaola-k7b.com\/wp-content\/uploads\/2022\/10\/166593163139015467841270094245520-768x468.jpg 768w, https:\/\/xn--tuvozdiasporaespaola-k7b.com\/wp-content\/uploads\/2022\/10\/166593163139015467841270094245520-1568x956.jpg 1568w\" sizes=\"(max-width: 3000px) 100vw, 3000px\" \/><figcaption class=\"wp-element-caption\">Movilizaciones en Francia <\/figcaption><\/figure>\n\n\n\n<p>Finalmente, en Colombia, el gobierno quiz\u00e1s m\u00e1s innovador en el progresismo actual latinoamericano, se dispone a celebrar el 17 de noviembre, los 100 d\u00edas de su toma de posesi\u00f3n, en los cuales ya le est\u00e1 dando la vuelta no s\u00f3lo a un pa\u00eds que estaba al borde del abismo de la violencia y la desigualdad, sino al modelo de producci\u00f3n y explotaci\u00f3n de la Naturaleza e incluso al clima de belicismo mundial con su propuesta planetariaante la ONU de Paz Total.<\/p>\n\n\n\n<p>Este s\u00e1bado celebraremos en Par\u00eds, como en muchas otras ciudades de Colombia y del Exterior, el llamado \u201cEstallido Cultural\u201d que supone un verdadero cambio de marcos culturales en el pa\u00eds, a trav\u00e9s de las artes, las ciencias y los saberes populares, que posibiliten una verdadera transformaci\u00f3n de la pol\u00edtica vivida en estos 60 terribles a\u00f1os de conflicto y narcoparamilitarismo. <\/p>\n\n\n\n<figure class=\"wp-block-embed is-type-rich is-provider-twitter wp-block-embed-twitter\"><div class=\"wp-block-embed__wrapper\">\n<blockquote class=\"twitter-tweet\" data-width=\"550\" data-dnt=\"true\"><p lang=\"es\" dir=\"ltr\">&#39;Que tiemble el universo&#39;, el documental sobre el discurso de odio de la ultraderecha latinoamericana | P\u00fablico<a href=\"https:\/\/t.co\/VMcGJ4IQaj\">https:\/\/t.co\/VMcGJ4IQaj<\/a><\/p>&mdash; RED C\u00cdRCULOS PODEMOS LATINOAMERICA (@RedPodemosLatam) <a href=\"https:\/\/twitter.com\/RedPodemosLatam\/status\/1571070386821017601?ref_src=twsrc%5Etfw\">September 17, 2022<\/a><\/blockquote><script async src=\"https:\/\/platform.twitter.com\/widgets.js\" charset=\"utf-8\"><\/script>\n<\/div><\/figure>\n\n\n\n<p>All\u00ed estaremos desde Podemos Exterior mostrando el Documental \u201cQue tiemble el Universo\u201d de nuestro compa\u00f1ero y cineasta Joaquin Polo, para ilustrar el paso de un Estallido Social generalizado en los \u00faltimos a\u00f1os en Am\u00e9rica Latina, a los respectivos triunfos electorales y una gesti\u00f3n innovadora e irreversible de los Gobiernos de izquierdas y progresistas.\u00a0<\/p>\n\n\n\n<figure class=\"wp-block-image size-large\"><img loading=\"lazy\" decoding=\"async\" width=\"1034\" height=\"577\" src=\"http:\/\/xn--tuvozdiasporaespaola-k7b.com\/wp-content\/uploads\/2022\/10\/screenshot_20221020-022819_gallery9074068326613241742.jpg?w=1024\" alt=\"\" class=\"wp-image-413\" srcset=\"https:\/\/xn--tuvozdiasporaespaola-k7b.com\/wp-content\/uploads\/2022\/10\/screenshot_20221020-022819_gallery9074068326613241742.jpg 1034w, https:\/\/xn--tuvozdiasporaespaola-k7b.com\/wp-content\/uploads\/2022\/10\/screenshot_20221020-022819_gallery9074068326613241742-300x167.jpg 300w, https:\/\/xn--tuvozdiasporaespaola-k7b.com\/wp-content\/uploads\/2022\/10\/screenshot_20221020-022819_gallery9074068326613241742-1024x571.jpg 1024w, https:\/\/xn--tuvozdiasporaespaola-k7b.com\/wp-content\/uploads\/2022\/10\/screenshot_20221020-022819_gallery9074068326613241742-768x429.jpg 768w\" sizes=\"(max-width: 1034px) 100vw, 1034px\" \/><\/figure>\n\n\n\n<p>Miguel Angel Ferr\u00eds<br><br>Portavoz de la Red de Podemos en Europa y Equipo de Redacci\u00f3n Revista TU VOZ y Colaborador en Radio Argentina,  programa Cenizas de Babilonia Di\u00e1spora Espa\u00f1ola. <\/p>\n\n\n\n<p><br><br><\/p>\n","protected":false},"excerpt":{"rendered":"<p>Vivimos tiempos convulsos, la verdad. Un dia amanecemos con la amenaza de un misil nuclear en nuestras cabezas, regalo del nuevo Zar de las &#8230; <\/p>\n<p class=\"read-more-container\"><a title=\"NI MILEI, NI ABASCAL. FRANCIA Y COLOMBIA RECUPERAN LA CALLE Y MUESTRAN LA VIA\" class=\"read-more button\" href=\"https:\/\/xn--tuvozdiasporaespaola-k7b.com\/page\/2\/ni-milei-ni-abascal-francia-y-colombia-recuperan-la-calle-y-muestran-la-via\/#more-412\" aria-label=\"M\u00e1s en NI MILEI, NI ABASCAL. FRANCIA Y COLOMBIA RECUPERAN LA CALLE Y MUESTRAN LA VIA\">Leer m\u00e1s<\/a><\/p>\n","protected":false},"author":222560522,"featured_media":0,"comment_status":"open","ping_status":"open","sticky":false,"template":"","format":"standard","meta":{"footnotes":""},"categories":[1771],"tags":[],"class_list":["post-412","post","type-post","status-publish","format-standard","hentry","category-sociales"],"_links":{"self":[{"href":"https:\/\/xn--tuvozdiasporaespaola-k7b.com\/page\/2\/wp-json\/wp\/v2\/posts\/412","targetHints":{"allow":["GET"]}}],"collection":[{"href":"https:\/\/xn--tuvozdiasporaespaola-k7b.com\/page\/2\/wp-json\/wp\/v2\/posts"}],"about":[{"href":"https:\/\/xn--tuvozdiasporaespaola-k7b.com\/page\/2\/wp-json\/wp\/v2\/types\/post"}],"author":[{"embeddable":true,"href":"https:\/\/xn--tuvozdiasporaespaola-k7b.com\/page\/2\/wp-json\/wp\/v2\/users\/222560522"}],"replies":[{"embeddable":true,"href":"https:\/\/xn--tuvozdiasporaespaola-k7b.com\/page\/2\/wp-json\/wp\/v2\/comments?post=412"}],"version-history":[{"count":0,"href":"https:\/\/xn--tuvozdiasporaespaola-k7b.com\/page\/2\/wp-json\/wp\/v2\/posts\/412\/revisions"}],"wp:attachment":[{"href":"https:\/\/xn--tuvozdiasporaespaola-k7b.com\/page\/2\/wp-json\/wp\/v2\/media?parent=412"}],"wp:term":[{"taxonomy":"category","embeddable":true,"href":"https:\/\/xn--tuvozdiasporaespaola-k7b.com\/page\/2\/wp-json\/wp\/v2\/categories?post=412"},{"taxonomy":"post_tag","embeddable":true,"href":"https:\/\/xn--tuvozdiasporaespaola-k7b.com\/page\/2\/wp-json\/wp\/v2\/tags?post=412"}],"curies":[{"name":"wp","href":"https:\/\/api.w.org\/{rel}","templated":true}]}}