{"id":4111,"date":"2023-10-19T14:04:57","date_gmt":"2023-10-19T17:04:57","guid":{"rendered":"https:\/\/xn--tuvozdiasporaespaola-k7b.com\/page\/2\/?p=4111"},"modified":"2023-10-19T14:04:57","modified_gmt":"2023-10-19T17:04:57","slug":"vox-y-sus-limitaciones-a-la-nacionalidad-espanolas-desde-la-islamofobia","status":"publish","type":"post","link":"https:\/\/xn--tuvozdiasporaespaola-k7b.com\/page\/2\/vox-y-sus-limitaciones-a-la-nacionalidad-espanolas-desde-la-islamofobia\/","title":{"rendered":"VOX  y sus LIMITACIONES a la NACIONALIDAD ESPA\u00d1OLAS desde la ISLAMOFOBIA"},"content":{"rendered":"\n<p>COMUNICADO DE LA RED DE C\u00cdRCULOS PODEMOS AM\u00c9RICA<\/p>\n\n\n\n<p>Argentina, a 18 de octubre del 2023.<\/p>\n\n\n\n<p>Desde la Red de C\u00edrculos de Podemos Am\u00e9rica con sede en Buenos Aires &#8211; Argentina, <strong>rechazamos las afirmaciones de xenofobia en contra de las concesiones de nacionalidad espa\u00f1ola que afectar\u00edan de manera desigual a las y los descendientes de espa\u00f1oles y espa\u00f1olas en el exterior de cultura \u00e1rabe, que se pudieran beneficiar de la Ley de Memoria Democr\u00e1tica<\/strong> que residen en pa\u00edses de Latinoam\u00e9rica y en el norte de \u00c1frica, discrimin\u00e1ndolos por su religi\u00f3n o pa\u00eds de residencia.<\/p>\n\n\n\n<p>\u00abVox ha exigido la paralizaci\u00f3n de todos los tr\u00e1mites para la concesi\u00f3n de la nacionalidad espa\u00f1ola a los extranjeros procedentes de culturas isl\u00e1micas por el alto riesgo en el que se encuentra en estos momentos la seguridad de los espa\u00f1oles y de los europeos en general\u00bb.<\/p>\n\n\n\n<figure class=\"wp-block-pullquote\"><blockquote><p>\u00abVox ha exigido la paralizaci\u00f3n de todos los tr\u00e1mites para la concesi\u00f3n de la nacionalidad espa\u00f1ola a los extranjeros procedentes de culturas isl\u00e1micas por el alto riesgo en el que se encuentra en estos momentos la seguridad de los espa\u00f1oles y de los europeos en general\u00bb<\/p><cite>Santiago Abascal &#8211; VOX <\/cite><\/blockquote><\/figure>\n\n\n\n<p><strong>Este hecho visibiliza al FASCISMO representado por VOX, al utilizar la agresi\u00f3n y el genocidio aplicado por Israel contra el pueblo palestino, para adem\u00e1s vulnerar el DERECHO de descendientes de espa\u00f1oles y espa\u00f1olas a optar por la ciudadan\u00eda espa\u00f1ola<\/strong>.<\/p>\n\n\n\n<figure class=\"wp-block-gallery has-nested-images columns-default is-cropped wp-block-gallery-1 is-layout-flex wp-block-gallery-is-layout-flex\">\n<figure class=\"wp-block-image size-large\"><img fetchpriority=\"high\" decoding=\"async\" width=\"500\" height=\"318\" data-id=\"4113\" src=\"https:\/\/xn--tuvozdiasporaespaola-k7b.com\/wp-content\/uploads\/2023\/10\/1000162680.jpg\" alt=\"\" class=\"wp-image-4113\" srcset=\"https:\/\/xn--tuvozdiasporaespaola-k7b.com\/wp-content\/uploads\/2023\/10\/1000162680.jpg 500w, https:\/\/xn--tuvozdiasporaespaola-k7b.com\/wp-content\/uploads\/2023\/10\/1000162680-300x191.jpg 300w\" sizes=\"(max-width: 500px) 100vw, 500px\" \/><\/figure>\n<\/figure>\n\n\n\n<p>Tras haber solicitado al PSOE <strong>Ione Belarra :  \u00abla suspensi\u00f3n de las relaciones diplom\u00e1ticas de Espa\u00f1a con el Estado de Israel mientras continue el genocidio planificado contra el pueblo palestino <\/strong>y la aprobaci\u00f3n de sanciones econ\u00f3micas a nivel europeo contra los <strong>responsables de estos actos como son el primer ministro Netanyahu, su ministro de Defensa y el resto de su Gobierno.<\/strong>  <\/p>\n\n\n\n<figure class=\"wp-block-gallery has-nested-images columns-default is-cropped wp-block-gallery-2 is-layout-flex wp-block-gallery-is-layout-flex\">\n<figure class=\"wp-block-image size-large\"><img decoding=\"async\" width=\"643\" height=\"362\" data-id=\"4115\" src=\"https:\/\/xn--tuvozdiasporaespaola-k7b.com\/wp-content\/uploads\/2023\/10\/1000162687.jpg\" alt=\"\" class=\"wp-image-4115\" srcset=\"https:\/\/xn--tuvozdiasporaespaola-k7b.com\/wp-content\/uploads\/2023\/10\/1000162687.jpg 643w, https:\/\/xn--tuvozdiasporaespaola-k7b.com\/wp-content\/uploads\/2023\/10\/1000162687-300x169.jpg 300w\" sizes=\"(max-width: 643px) 100vw, 643px\" \/><\/figure>\n<\/figure>\n\n\n\n<p>A la vez que se promueva <strong>un embargo de armas de la UE a Israel para poner fin a los bombardeos indiscriminados de Israel contra poblaci\u00f3n civil palestina y llevar a Netanyahu ante la Corte Penal Internacional, tras el bombardeo de Israel a un hospital de Gaza que ha dejado m\u00e1s de 500 muertos<\/strong>\u00ab, Ione Belarra recibi\u00f3 <strong>el ataque de la derecha del Partido Popular, la ultraderecha de VOX, de la Embajada de Israel y dem\u00e1s partidos ultraconservadores europeos.<\/strong><\/p>\n\n\n\n<figure class=\"wp-block-gallery has-nested-images columns-default is-cropped wp-block-gallery-3 is-layout-flex wp-block-gallery-is-layout-flex\">\n<figure class=\"wp-block-image size-large\"><img decoding=\"async\" width=\"480\" height=\"359\" data-id=\"4114\" src=\"https:\/\/xn--tuvozdiasporaespaola-k7b.com\/wp-content\/uploads\/2023\/10\/1000162686.jpg\" alt=\"\" class=\"wp-image-4114\" srcset=\"https:\/\/xn--tuvozdiasporaespaola-k7b.com\/wp-content\/uploads\/2023\/10\/1000162686.jpg 480w, https:\/\/xn--tuvozdiasporaespaola-k7b.com\/wp-content\/uploads\/2023\/10\/1000162686-300x224.jpg 300w\" sizes=\"(max-width: 480px) 100vw, 480px\" \/><\/figure>\n<\/figure>\n\n\n\n<p>Que el pa\u00eds de residencia, <strong>el practicar la religi\u00f3n isl\u00e1mica o simplemente por tener nacionalidad de otros pa\u00edses \u00e1rabes o latinoamericanos, no puede ser el argumento para declaraciones de xenofobia hacia espa\u00f1oles y espa\u00f1olas descendientes o de acogida, que utilizan VOX <\/strong>y el Partido Popular.<\/p>\n\n\n\n<p>Por tanto, <strong>respaldamos sin fisuras a nuestra compa\u00f1era IONE BELARRA, ministra de la Agenda 2030 y Secretar\u00eda General de PODEMOS quien, en nuestra representaci\u00f3n y del resto de la militancia de PODEMOS, se ha expresado en base al derecho internacional, los derechos humanos y a lo que dicta la Carta Fundacional de las Naciones Unidas<\/strong>.<\/p>\n\n\n\n<p>Red de C\u00edrculos Podemos Am\u00e9rica.<\/p>\n","protected":false},"excerpt":{"rendered":"<p>COMUNICADO DE LA RED DE C\u00cdRCULOS PODEMOS AM\u00c9RICA Argentina, a 18 de octubre del 2023. Desde la Red de C\u00edrculos de Podemos Am\u00e9rica con &#8230; <\/p>\n<p class=\"read-more-container\"><a title=\"VOX  y sus LIMITACIONES a la NACIONALIDAD ESPA\u00d1OLAS desde la ISLAMOFOBIA\" class=\"read-more button\" href=\"https:\/\/xn--tuvozdiasporaespaola-k7b.com\/page\/2\/vox-y-sus-limitaciones-a-la-nacionalidad-espanolas-desde-la-islamofobia\/#more-4111\" aria-label=\"M\u00e1s en VOX  y sus LIMITACIONES a la NACIONALIDAD ESPA\u00d1OLAS desde la ISLAMOFOBIA\">Leer m\u00e1s<\/a><\/p>\n","protected":false},"author":222560522,"featured_media":4116,"comment_status":"open","ping_status":"open","sticky":false,"template":"","format":"standard","meta":{"footnotes":""},"categories":[121854,121869],"tags":[],"class_list":["post-4111","post","type-post","status-publish","format-standard","has-post-thumbnail","hentry","category-consejo-de-residentes-espanoles","category-internaciones","resize-featured-image"],"_links":{"self":[{"href":"https:\/\/xn--tuvozdiasporaespaola-k7b.com\/page\/2\/wp-json\/wp\/v2\/posts\/4111","targetHints":{"allow":["GET"]}}],"collection":[{"href":"https:\/\/xn--tuvozdiasporaespaola-k7b.com\/page\/2\/wp-json\/wp\/v2\/posts"}],"about":[{"href":"https:\/\/xn--tuvozdiasporaespaola-k7b.com\/page\/2\/wp-json\/wp\/v2\/types\/post"}],"author":[{"embeddable":true,"href":"https:\/\/xn--tuvozdiasporaespaola-k7b.com\/page\/2\/wp-json\/wp\/v2\/users\/222560522"}],"replies":[{"embeddable":true,"href":"https:\/\/xn--tuvozdiasporaespaola-k7b.com\/page\/2\/wp-json\/wp\/v2\/comments?post=4111"}],"version-history":[{"count":2,"href":"https:\/\/xn--tuvozdiasporaespaola-k7b.com\/page\/2\/wp-json\/wp\/v2\/posts\/4111\/revisions"}],"predecessor-version":[{"id":4117,"href":"https:\/\/xn--tuvozdiasporaespaola-k7b.com\/page\/2\/wp-json\/wp\/v2\/posts\/4111\/revisions\/4117"}],"wp:featuredmedia":[{"embeddable":true,"href":"https:\/\/xn--tuvozdiasporaespaola-k7b.com\/page\/2\/wp-json\/wp\/v2\/media\/4116"}],"wp:attachment":[{"href":"https:\/\/xn--tuvozdiasporaespaola-k7b.com\/page\/2\/wp-json\/wp\/v2\/media?parent=4111"}],"wp:term":[{"taxonomy":"category","embeddable":true,"href":"https:\/\/xn--tuvozdiasporaespaola-k7b.com\/page\/2\/wp-json\/wp\/v2\/categories?post=4111"},{"taxonomy":"post_tag","embeddable":true,"href":"https:\/\/xn--tuvozdiasporaespaola-k7b.com\/page\/2\/wp-json\/wp\/v2\/tags?post=4111"}],"curies":[{"name":"wp","href":"https:\/\/api.w.org\/{rel}","templated":true}]}}