{"id":4101,"date":"2023-10-18T08:38:58","date_gmt":"2023-10-18T11:38:58","guid":{"rendered":"https:\/\/xn--tuvozdiasporaespaola-k7b.com\/page\/2\/?p=4101"},"modified":"2023-10-18T08:42:09","modified_gmt":"2023-10-18T11:42:09","slug":"la-violencia-de-genero-en-el-exterior-sera-tratada-en-el-cgcee","status":"publish","type":"post","link":"https:\/\/xn--tuvozdiasporaespaola-k7b.com\/page\/2\/la-violencia-de-genero-en-el-exterior-sera-tratada-en-el-cgcee\/","title":{"rendered":"LA VIOLENCIA DE G\u00c9NERO EN EL EXTERIOR SER\u00c1 TRATADA EN EL CGCEE."},"content":{"rendered":"\n<p>GT de igualdad y feminismo de Podemos Argentina.<\/p>\n\n\n\n<p>El a\u00f1o pasado\u00a0 PODEMOS ARGENTINA PROVINCIAS\u00a0junto con la Red de C\u00edrculos Podemos Am\u00e9rica,  inici\u00f3 una campa\u00f1a de visibilizaci\u00f3n y reclamo sobre la violencia de g\u00e9nero en el exterior ante las instituciones espa\u00f1olas, prensa y charlas informativas territoriales.<\/p>\n\n\n\n<p>Por fin empieza a dar sus frutos y en&nbsp; el pr\u00f3ximo pleno del CONSEJO GENERAL DE LA CIUDADAN\u00cdA ESPA\u00d1OLA EN EL EXTERIOR&nbsp; se tratar\u00e1n y debatir\u00e1n una serie de propuestas para reforzar el protocolo de actuaci\u00f3n para mujeres v\u00edctimas de violencia de g\u00e9nero.<\/p>\n\n\n\n<p>M\u00e1s concretamente la Comisi\u00f3n de la Mujer y Juventud que preside MAR\u00cdA BALLESTER de Suiza , aparte de ser presidenta del CRE de Z\u00farich.<\/p>\n\n\n\n<p>Estas propuestas van encaminadas en la misma l\u00ednea de solicitud que meses anteriores present\u00f3 el Grupo de Trabajo de Feminismo e Igualdad de Podemos Argentina&nbsp; dentro de la Red de C\u00edrculos de Am\u00e9rica sobre un nuevo protocolo de Violencia de G\u00e9nero en el exterior&nbsp;<\/p>\n\n\n\n<p>Ell mismo se traslad\u00f3 al Ministerio de Igualdad, al Director General de Migraciones y Asuntos Consulares , Don Xavier Marti as\u00ed como a los consejeros de los CREs de Am\u00e9rica,&nbsp; Consulados y Embajadas.<\/p>\n\n\n\n<figure class=\"wp-block-embed is-type-rich is-provider-twitter wp-block-embed-twitter\"><div class=\"wp-block-embed__wrapper\">\n<blockquote class=\"twitter-tweet\" data-width=\"550\" data-dnt=\"true\"><p lang=\"es\" dir=\"ltr\">?En el pr\u00f3ximo Pleno se debatir\u00e1n una serie de propuestas para reforzar el protocolo de actuaci\u00f3n para mujeres victimas de <a href=\"https:\/\/twitter.com\/hashtag\/ViolenciaDeG%C3%A9nero?src=hash&amp;ref_src=twsrc%5Etfw\">#ViolenciaDeG\u00e9nero<\/a> en el exterior.<br><br>????Te las contamos ???? <a href=\"https:\/\/twitter.com\/hashtag\/NoEst%C3%A1sSola?src=hash&amp;ref_src=twsrc%5Etfw\">#NoEst\u00e1sSola<\/a> <a href=\"https:\/\/t.co\/k5sYDSgCgw\">pic.twitter.com\/k5sYDSgCgw<\/a><\/p>&mdash; Consejo General Ciudadan\u00eda Espa\u00f1ola en el Exterior (@CGCEE_VIII) <a href=\"https:\/\/twitter.com\/CGCEE_VIII\/status\/1714250112128393661?ref_src=twsrc%5Etfw\">October 17, 2023<\/a><\/blockquote><script async src=\"https:\/\/platform.twitter.com\/widgets.js\" charset=\"utf-8\"><\/script>\n<\/div><\/figure>\n\n\n\n<p>Las propuestas a tratar con el \u00e1nimo de elevar al gobierno de Espa\u00f1a ser\u00e1n las siguientes seg\u00fan&nbsp; informa el CGCEE.<\/p>\n\n\n\n<p>A)Informaci\u00f3n obligatoria sobre Asistencia Consular Existente por parte de los consulados en su P\u00e1gina Web,en el tabl\u00f3n de anuncios, por mail o presencial.<\/p>\n\n\n\n<p>B) Asistencia Jur\u00eddica a v\u00edctimas de violencia contra la Mujer&nbsp;<\/p>\n\n\n\n<p>C)Acuerdo Bilaterales en Materia Jur\u00eddica entre las Embajadas Espa\u00f1olas y los colegios de Abogac\u00eda de los pa\u00edses.<\/p>\n\n\n\n<p>D) Refuerzo del proceso de actuaci\u00f3n para mujeres v\u00edctimas de Violencia de G\u00e9nero en el exterior.<\/p>\n\n\n\n<p>E) Difusi\u00f3n del protocolo interministerial de atenci\u00f3n a Mujeres Espa\u00f1olas v\u00edctimas de Violencia de G\u00e9nero en el Exterior&nbsp;<\/p>\n\n\n\n<p>F) Nueva Campa\u00f1a de comunicaci\u00f3n INSTITUCIONAL y PUBLICITARIA.<\/p>\n\n\n\n<p>G) Campa\u00f1a para prevenir la explotaci\u00f3n reproductiva mediante la gestaci\u00f3n por sustituci\u00f3n.<\/p>\n\n\n\n<p>H) Adecuaci\u00f3n de acceso al Registro Civil para nacidos en el extranjero.<\/p>\n\n\n\n<p>Estas propuestas de la Comisi\u00f3n de la Mujer sin dudas van encaminadas a una mejor atenci\u00f3n a las ciudadanas integrantes de la Di\u00e1spora.<\/p>\n\n\n\n<p>Desde la Red de C\u00edrculos&nbsp; Podemos Am\u00e9rica seguiremos trabajando junto a los CREs y el Consejo General de la Ciudadan\u00eda Espa\u00f1ola&nbsp; en el bienestar y los derechos de la di\u00e1spora.<\/p>\n\n\n\n<p><strong>PUNTOS SOLICITADOS EN LA CARTA<\/strong> de la Red de Circulos Am\u00e9rica.<\/p>\n\n\n\n<p>Supervisando que el nuevo Protocolo contemple los siguientes puntos:<\/p>\n\n\n\n<p>\u2022 Exigir a aquellas organizaciones que reciban dinero de la administraci\u00f3n p\u00fablica espa\u00f1ola a que est\u00e9n sujetos a que en su junta directiva rijan listas con paridad entre mujeres, hombres y disidentes en puestos de direcci\u00f3n y presidencia buscando romper con el fen\u00f3meno conocido como \u201ctecho de cristal\u201d (limitaci\u00f3n velada del ascenso laboral de las personas dentro de las organizaciones. Se trata de un techo&nbsp;<\/p>\n\n\n\n<p>que limita sus carreras profesionales, dif\u00edcil de traspasar y que les impide seguir avanzando. Es invisible porque no existen leyes o dispositivos sociales establecidos y oficiales que impongan una limitaci\u00f3n expl\u00edcita en la carrera laboral a las personas).<\/p>\n\n\n\n<p>De igual manera, fomentamos acciones y campa\u00f1as de sensibilizaci\u00f3n y formaci\u00f3n acerca de la igualdad de g\u00e9nero en la colectividad espa\u00f1ola.<\/p>\n\n\n\n<p>\u2022 Impulsar propuestas que generen sensibilizaci\u00f3n, visibilizaci\u00f3n e integraci\u00f3n de los&nbsp; colectivos LGTBIQ+ en pos de la igualdad plena de derechos y oportunidades y la no&nbsp; discriminaci\u00f3n por orientaci\u00f3n sexual.<\/p>\n\n\n\n<figure class=\"wp-block-gallery has-nested-images columns-default is-cropped wp-block-gallery-1 is-layout-flex wp-block-gallery-is-layout-flex\">\n<figure class=\"wp-block-image size-large\"><img fetchpriority=\"high\" decoding=\"async\" width=\"907\" height=\"1024\" data-id=\"4104\" src=\"https:\/\/xn--tuvozdiasporaespaola-k7b.com\/wp-content\/uploads\/2023\/10\/1000161738-907x1024.jpg\" alt=\"\" class=\"wp-image-4104\" srcset=\"https:\/\/xn--tuvozdiasporaespaola-k7b.com\/wp-content\/uploads\/2023\/10\/1000161738-907x1024.jpg 907w, https:\/\/xn--tuvozdiasporaespaola-k7b.com\/wp-content\/uploads\/2023\/10\/1000161738-266x300.jpg 266w, https:\/\/xn--tuvozdiasporaespaola-k7b.com\/wp-content\/uploads\/2023\/10\/1000161738-768x867.jpg 768w, https:\/\/xn--tuvozdiasporaespaola-k7b.com\/wp-content\/uploads\/2023\/10\/1000161738.jpg 945w\" sizes=\"(max-width: 907px) 100vw, 907px\" \/><\/figure>\n<\/figure>\n\n\n\n<p>\u2022 La creaci\u00f3n y refuerzo de programas de apoyo que promuevan el asociativismo, cuya necesidad se acent\u00faa ante la falta de redes en el colectivo migrante, haciendo especial \u00e9nfasis en las personas en situaci\u00f3n de abusos, v\u00edctimas de violencia de g\u00e9nero, personas mayores, en situaci\u00f3n de desempleo y otros coyunturales. Para ello exigimos mayores dotaciones de ayudas y subvenciones del Ministerio de Trabajo con finalidad a las asociaciones y programas sociales para los y las espa\u00f1olas en el exterior, as\u00ed como para la urgente necesidad de una casa de acogida de primera instancia.<\/p>\n\n\n\n<p><strong>En materia de Violencia de g\u00e9nero:<\/strong><\/p>\n\n\n\n<p>\u2022 Dotaci\u00f3n presupuestaria y de personal por parte de los ministerios implicados a tal efecto, ser\u00eda imprescindible tener una Consejer\u00eda de la Mujer, con personal cualificado.<\/p>\n\n\n\n<p>\u2022 Formaci\u00f3n del personal dedicado a la asistencia de violencia de g\u00e9nero y protecci\u00f3n a menores (<strong>Propuesta contemplada&nbsp; por el CGCEE).<\/strong><\/p>\n\n\n\n<p>\u2022 Bloqueo de visados para maltratadores y violadores que deseen ingresar a Espa\u00f1a.<\/p>\n\n\n\n<p>\u2022 Puntos Violeta de atenci\u00f3n en consulados, viceconsulados e instituciones de servicio&nbsp; p\u00fablico espa\u00f1ol y organismos receptores de subvenciones, as\u00ed como formaciones al&nbsp; respecto del personal responsable de la secci\u00f3n en estos organismos (<strong>Propuesta contemplada&nbsp; por el CGCEE).<\/strong><\/p>\n\n\n\n<figure class=\"wp-block-gallery has-nested-images columns-default is-cropped wp-block-gallery-2 is-layout-flex wp-block-gallery-is-layout-flex\">\n<figure class=\"wp-block-image size-large\"><img decoding=\"async\" width=\"1024\" height=\"853\" data-id=\"4106\" src=\"https:\/\/xn--tuvozdiasporaespaola-k7b.com\/wp-content\/uploads\/2023\/10\/1000161741-1024x853.jpg\" alt=\"\" class=\"wp-image-4106\" srcset=\"https:\/\/xn--tuvozdiasporaespaola-k7b.com\/wp-content\/uploads\/2023\/10\/1000161741-1024x853.jpg 1024w, https:\/\/xn--tuvozdiasporaespaola-k7b.com\/wp-content\/uploads\/2023\/10\/1000161741-300x250.jpg 300w, https:\/\/xn--tuvozdiasporaespaola-k7b.com\/wp-content\/uploads\/2023\/10\/1000161741-768x640.jpg 768w, https:\/\/xn--tuvozdiasporaespaola-k7b.com\/wp-content\/uploads\/2023\/10\/1000161741.jpg 1070w\" sizes=\"(max-width: 1024px) 100vw, 1024px\" \/><\/figure>\n<\/figure>\n\n\n\n<p>\u2022 Servicio de 24 horas de atenci\u00f3n telef\u00f3nica en Violencia de G\u00e9nero (<strong>Propuesta contemplada&nbsp; por el CGCEE).<\/strong><\/p>\n\n\n\n<p>Incluyendo el&nbsp; servicio con urgencia para el colectivo LGTBIQ+ en el Exterior.<\/p>\n\n\n\n<p>\u2022 Ayuda psicol\u00f3gica y jur\u00eddica para afectadas en violencia de g\u00e9nero (<strong>Propuesta contemplada&nbsp; por el CGCEE).<\/strong><\/p>\n\n\n\n<p>\u2022 Protecci\u00f3n a menores espa\u00f1oles, agilizando la documentaci\u00f3n o pasaporte ante denuncia de acoso y malos tratos de cualquiera de los progenitores o de quienes cumplan esos roles.<\/p>\n\n\n\n<p>\u2022 Aplicaci\u00f3n de Retorno Urgente en caso de sufrir violencia de g\u00e9nero y cobertura integral al regreso, este debe abarcar con igualdad de proceso en el acompa\u00f1amiento que reciben las mujeres que lo sufren en Espa\u00f1a. No se acepta preferencias ni&nbsp; distinciones en la atenci\u00f3n (<strong>Propuesta contemplada&nbsp; por el CGCEE).<\/strong><\/p>\n\n\n\n<p>\u2022 Que las v\u00edctimas puedan recibir asistencia legal de abogados locales en cada pa\u00eds, ya sea para causas penales o civiles sin l\u00edmite de asignaci\u00f3n <strong>(<\/strong><strong>Propuesta contemplada&nbsp; por el CGCEE).<\/strong><\/p>\n\n\n\n<p>El trabajo colectivo de las integrantes de la Red&nbsp; de C\u00edrculos en los distintos territorios as\u00ed como el contacto con las y los consejeros de los CREs junto a las reuniones y manifiestos de demandas dan sus frutos en el bienestar de las mujeres espa\u00f1olas en el exterior aunque seguiremos trabajando para mejorar la vida y conquistar derechos en el exterior.<\/p>\n\n\n\n<p>Grupo de Trabajo de Igualdad y G\u00e9nero de Podemos Argentina Provincias.<\/p>\n\n\n\n<p>Red de C\u00edrculos Podemos Am\u00e9rica.<\/p>\n","protected":false},"excerpt":{"rendered":"<p>GT de igualdad y feminismo de Podemos Argentina. El a\u00f1o pasado\u00a0 PODEMOS ARGENTINA PROVINCIAS\u00a0junto con la Red de C\u00edrculos Podemos Am\u00e9rica, inici\u00f3 una campa\u00f1a &#8230; <\/p>\n<p class=\"read-more-container\"><a title=\"LA VIOLENCIA DE G\u00c9NERO EN EL EXTERIOR SER\u00c1 TRATADA EN EL CGCEE.\" class=\"read-more button\" href=\"https:\/\/xn--tuvozdiasporaespaola-k7b.com\/page\/2\/la-violencia-de-genero-en-el-exterior-sera-tratada-en-el-cgcee\/#more-4101\" aria-label=\"M\u00e1s en LA VIOLENCIA DE G\u00c9NERO EN EL EXTERIOR SER\u00c1 TRATADA EN EL CGCEE.\">Leer m\u00e1s<\/a><\/p>\n","protected":false},"author":222560522,"featured_media":4107,"comment_status":"open","ping_status":"open","sticky":false,"template":"","format":"standard","meta":{"footnotes":""},"categories":[121854,121858],"tags":[],"class_list":["post-4101","post","type-post","status-publish","format-standard","has-post-thumbnail","hentry","category-consejo-de-residentes-espanoles","category-genero","resize-featured-image"],"_links":{"self":[{"href":"https:\/\/xn--tuvozdiasporaespaola-k7b.com\/page\/2\/wp-json\/wp\/v2\/posts\/4101","targetHints":{"allow":["GET"]}}],"collection":[{"href":"https:\/\/xn--tuvozdiasporaespaola-k7b.com\/page\/2\/wp-json\/wp\/v2\/posts"}],"about":[{"href":"https:\/\/xn--tuvozdiasporaespaola-k7b.com\/page\/2\/wp-json\/wp\/v2\/types\/post"}],"author":[{"embeddable":true,"href":"https:\/\/xn--tuvozdiasporaespaola-k7b.com\/page\/2\/wp-json\/wp\/v2\/users\/222560522"}],"replies":[{"embeddable":true,"href":"https:\/\/xn--tuvozdiasporaespaola-k7b.com\/page\/2\/wp-json\/wp\/v2\/comments?post=4101"}],"version-history":[{"count":3,"href":"https:\/\/xn--tuvozdiasporaespaola-k7b.com\/page\/2\/wp-json\/wp\/v2\/posts\/4101\/revisions"}],"predecessor-version":[{"id":4110,"href":"https:\/\/xn--tuvozdiasporaespaola-k7b.com\/page\/2\/wp-json\/wp\/v2\/posts\/4101\/revisions\/4110"}],"wp:featuredmedia":[{"embeddable":true,"href":"https:\/\/xn--tuvozdiasporaespaola-k7b.com\/page\/2\/wp-json\/wp\/v2\/media\/4107"}],"wp:attachment":[{"href":"https:\/\/xn--tuvozdiasporaespaola-k7b.com\/page\/2\/wp-json\/wp\/v2\/media?parent=4101"}],"wp:term":[{"taxonomy":"category","embeddable":true,"href":"https:\/\/xn--tuvozdiasporaespaola-k7b.com\/page\/2\/wp-json\/wp\/v2\/categories?post=4101"},{"taxonomy":"post_tag","embeddable":true,"href":"https:\/\/xn--tuvozdiasporaespaola-k7b.com\/page\/2\/wp-json\/wp\/v2\/tags?post=4101"}],"curies":[{"name":"wp","href":"https:\/\/api.w.org\/{rel}","templated":true}]}}