{"id":4088,"date":"2023-10-17T13:28:57","date_gmt":"2023-10-17T16:28:57","guid":{"rendered":"https:\/\/xn--tuvozdiasporaespaola-k7b.com\/page\/2\/?p=4088"},"modified":"2023-10-17T15:25:43","modified_gmt":"2023-10-17T18:25:43","slug":"la-meta-es-mejorar-la-situacion-de-la-diaspora-espanola","status":"publish","type":"post","link":"https:\/\/xn--tuvozdiasporaespaola-k7b.com\/page\/2\/la-meta-es-mejorar-la-situacion-de-la-diaspora-espanola\/","title":{"rendered":"LA META ES MEJORAR LA SITUACI\u00d3N DE LA DI\u00c1SPORA ESPA\u00d1OLA"},"content":{"rendered":"\n<p>Transcripci\u00f3n efectuada por Walter C. Medina<\/p>\n\n\n\n<p>ENTREVISTA A DIEGO SANMIGUEL en \u201cTiempo del CREE\u201d, el bloque del programa radiof\u00f3nico \u201cCenizas de Babilonia-Di\u00e1spora Espa\u00f1ola\u201d que conducen Roberto San Mart\u00edn y Francisco L\u00f3pez por AM830 Radio del Pueblo, cont\u00f3 nuevamente con la participaci\u00f3n de Diego Samiguel, Consejero del Consejo de Residentes Espa\u00f1oles en el Extranjero (CREE) por la circunscripci\u00f3n de Buenos Aires. <\/p>\n\n\n\n<figure class=\"wp-block-gallery has-nested-images columns-default is-cropped wp-block-gallery-1 is-layout-flex wp-block-gallery-is-layout-flex\">\n<figure class=\"wp-block-image size-large is-style-rounded\"><img fetchpriority=\"high\" decoding=\"async\" width=\"799\" height=\"1024\" data-id=\"4093\" src=\"https:\/\/xn--tuvozdiasporaespaola-k7b.com\/wp-content\/uploads\/2023\/10\/1000152309-799x1024.jpg\" alt=\"\" class=\"wp-image-4093\" srcset=\"https:\/\/xn--tuvozdiasporaespaola-k7b.com\/wp-content\/uploads\/2023\/10\/1000152309-799x1024.jpg 799w, https:\/\/xn--tuvozdiasporaespaola-k7b.com\/wp-content\/uploads\/2023\/10\/1000152309-234x300.jpg 234w, https:\/\/xn--tuvozdiasporaespaola-k7b.com\/wp-content\/uploads\/2023\/10\/1000152309-768x984.jpg 768w, https:\/\/xn--tuvozdiasporaespaola-k7b.com\/wp-content\/uploads\/2023\/10\/1000152309.jpg 1080w\" sizes=\"(max-width: 799px) 100vw, 799px\" \/><\/figure>\n<\/figure>\n\n\n\n<p>En relaci\u00f3n a los nuevos horarios del Consulado de Buenos Aires y la amplitud de los pedidos de citas, Francisco L\u00f3pez abri\u00f3 la entrevista <strong>consultando por el estado de los consulados del interior de la provincia de Buenos Aires<\/strong>.<\/p>\n\n\n\n<p>\u201cLas agencias consulares que dependen del Consulado General de Buenos Aires y de los viceconsulados han sido prioritarios. Lo hemos conversado en ediciones anteriores de este mismo programa, dado que fue una de nuestras mociones que llevamos en la \u00faltima sesi\u00f3n del CREE, la cual tuvo muy buena acogida con los bloques que tambi\u00e9n forman parte del CREE del Consulado de Buenos Aires, demandarles un mayor v\u00ednculo, mayor control y mayor ida y vuelta, y que se empiece a descentralizar lo que tiene que ver con algunos tr\u00e1mites como pueden ser renovaci\u00f3n de turnos o de pasaportes a las agencias consulares del interior de la provincia de Buenos Aires. En total son 16 agencias consulares o viceconsulados que hay en el interior de la provincia de Buenos Aires, de los cuales solamente seis est\u00e1n funcionando dentro de lo que podr\u00eda ser correctamente.<\/p>\n\n\n\n<figure class=\"wp-block-gallery has-nested-images columns-default is-cropped wp-block-gallery-2 is-layout-flex wp-block-gallery-is-layout-flex\">\n<figure class=\"wp-block-image size-large\"><img decoding=\"async\" width=\"720\" height=\"479\" data-id=\"4094\" src=\"https:\/\/xn--tuvozdiasporaespaola-k7b.com\/wp-content\/uploads\/2023\/10\/1000161636-1.jpg\" alt=\"\" class=\"wp-image-4094\" srcset=\"https:\/\/xn--tuvozdiasporaespaola-k7b.com\/wp-content\/uploads\/2023\/10\/1000161636-1.jpg 720w, https:\/\/xn--tuvozdiasporaespaola-k7b.com\/wp-content\/uploads\/2023\/10\/1000161636-1-300x200.jpg 300w\" sizes=\"(max-width: 720px) 100vw, 720px\" \/><\/figure>\n<\/figure>\n\n\n\n<p> Hay dos que directamente no tienen personal a cargo,  est\u00e1n ac\u00e9falos. Hay diez que no tienen lugar de atenci\u00f3n f\u00edsico ni horario de atenci\u00f3n; hay un mail para comunicarse y nada m\u00e1s. Cuando nosotros llevamos esa propuesta al CREE, surg\u00eda por demanda de la ciudadan\u00eda espa\u00f1ola que algunas agencias consulares o viceconsulados se recargaban porque la jurisdicci\u00f3n de al lado no estaba funcionando. <\/p>\n\n\n\n<p>Particularmente la mayor\u00eda de las consultas son por requerimiento por la Ley de Memoria Democr\u00e1tica o por turnos para la renovaci\u00f3n de pasaporte. Entonces se sobrecargaba uno porque el otro no estaba funcionando. En la sesi\u00f3n de noviembre vamos a tener una respuesta y ser\u00eda algo beneficioso para la persona que vive en el interior y para el consulado de Guido y Callao.<\/p>\n\n\n\n<p> Est\u00e1n atendiendo mejor y hay un doble horario, pero si la gente no tiene la necesidad de venir a Buenos Aires a sacar un turno o a consultar algo, est\u00e1 claro que esa atenci\u00f3n va a ser mucho mejor. <\/p>\n\n\n\n<p><strong>Francisco L\u00f3pez plante\u00f3 las inquietudes de algunos oyentes del programa con respecto a las deficiencias del Viceconsulado de C\u00f3rdoba.<\/strong><\/p>\n\n\n\n<p> A este respecto, Sanmiguel sostuvo que \u201cNosotros esto se lo preguntamos en la \u00faltima comparecencia al C\u00f3nsul Fernando Casas porque ya ven\u00edamos advirtiendo esa situaci\u00f3n, particularmente la provincia de Buenos Aires, al ser lim\u00edtrofe con C\u00f3rdoba y con el Consulado de Bah\u00eda Blanca, hay muchas personas que, al vivir en una jurisdicci\u00f3n casi cercana a C\u00f3rdoba, o tienen un nacimiento o un acta de matrimonio en la otra provincia y vienen encontr\u00e1ndose con esa dificultad. <\/p>\n\n\n\n<p>Cuando se lo planteamos no reconoci\u00f3 que hab\u00eda ese problema pero dijo que el tr\u00e1mite interconsular a veces llevaba m\u00e1s tiempo. <\/p>\n\n\n\n<p>A raz\u00f3n de eso, los mismos damnificados por el Consulado de C\u00f3rdoba, han elevado una nota a las autoridades de migraci\u00f3n respecto de lo que est\u00e1 pasando. En la ante \u00faltima sesi\u00f3n tambi\u00e9n planteamos esto. <\/p>\n\n\n\n<p>Lo \u00edbamos a elevar a la autoridad consular nuestra, tambi\u00e9n a nuestro CREE porque ve\u00edamos que la gente que est\u00e1 en lugares lim\u00edtrofes ten\u00eda ese problema. <\/p>\n\n\n\n<p>No hemos recibido una respuesta favorable de nuestros pares de C\u00f3rdoba. Favorable en el sentido de elevar este reclamo a las autoridades consulares de C\u00f3rdoba. Si han reconocido que hay una problem\u00e1tica como tambi\u00e9n la hay en muchos otros, pero est\u00e1 claro que s\u00ed hay un d\u00e9ficit en la atenci\u00f3n, pero no se puede comparar lo de Buenos Aires con lo de C\u00f3rdoba.<\/p>\n\n\n\n<p> En Buenos Aires, una persona sin un turno, ni siquiera sin un pedido de pasaporte, va a la ma\u00f1ana a Guido y Callao y no espera m\u00e1s de cuarenta minutos y le responden la consulta que sea. Hay un mail que en menos de tres d\u00edas responde a las consultas. <\/p>\n\n\n\n<figure class=\"wp-block-gallery has-nested-images columns-default is-cropped wp-block-gallery-3 is-layout-flex wp-block-gallery-is-layout-flex\">\n<figure class=\"wp-block-image size-large\"><img decoding=\"async\" width=\"768\" height=\"1024\" data-id=\"4092\" src=\"https:\/\/xn--tuvozdiasporaespaola-k7b.com\/wp-content\/uploads\/2023\/10\/1000161632.jpg\" alt=\"\" class=\"wp-image-4092\" srcset=\"https:\/\/xn--tuvozdiasporaespaola-k7b.com\/wp-content\/uploads\/2023\/10\/1000161632.jpg 768w, https:\/\/xn--tuvozdiasporaespaola-k7b.com\/wp-content\/uploads\/2023\/10\/1000161632-225x300.jpg 225w\" sizes=\"(max-width: 768px) 100vw, 768px\" \/><\/figure>\n<\/figure>\n\n\n\n<p>En C\u00f3rdoba no responden y hay tr\u00e1mites que tienen m\u00e1s de cinco a\u00f1os, que son previos a la Ley de Memoria Democr\u00e1tica y no se han resuelto. Son tr\u00e1mites interconsulares que se generaron en el Consulado de Buenos Aires, pero desde C\u00f3rdoba no hay respuesta.  <\/p>\n\n\n\n<p>Hay casos de personas que han tenido posibilidades de proyectos, pasant\u00edas laborales, cuestiones acad\u00e9micas, etc, pero no han podido porque no se ha resulto desde el viceconsulado de C\u00f3rdoba. Esperemos que ahora todas estas voces que est\u00e1n empujando tenga una respuesta favorable\u201d<\/p>\n\n\n\n<p><strong>Francisco L\u00f3pez record\u00f3 que \u201cTanto Podemos Argentina como PSOE Argentina est\u00e1n haciendo llegar esta problem\u00e1tica a las instituciones y a la Direcci\u00f3n General de Migraciones y Asuntos Consulares para intentar subsanar esto<\/strong>. <\/p>\n\n\n\n<p><strong>El \u00abFrente Progresista Las Trece Rosas\u00bb est\u00e1 trabajando constantemente para mejorar la situaci\u00f3n de la di\u00e1spora espa\u00f1ola desde una perspectiva progresista\u201d<\/strong>                       <\/p>\n","protected":false},"excerpt":{"rendered":"<p>Transcripci\u00f3n efectuada por Walter C. Medina ENTREVISTA A DIEGO SANMIGUEL en \u201cTiempo del CREE\u201d, el bloque del programa radiof\u00f3nico \u201cCenizas de Babilonia-Di\u00e1spora Espa\u00f1ola\u201d que &#8230; <\/p>\n<p class=\"read-more-container\"><a title=\"LA META ES MEJORAR LA SITUACI\u00d3N DE LA DI\u00c1SPORA ESPA\u00d1OLA\" class=\"read-more button\" href=\"https:\/\/xn--tuvozdiasporaespaola-k7b.com\/page\/2\/la-meta-es-mejorar-la-situacion-de-la-diaspora-espanola\/#more-4088\" aria-label=\"M\u00e1s en LA META ES MEJORAR LA SITUACI\u00d3N DE LA DI\u00c1SPORA ESPA\u00d1OLA\">Leer m\u00e1s<\/a><\/p>\n","protected":false},"author":222560522,"featured_media":4095,"comment_status":"open","ping_status":"open","sticky":false,"template":"","format":"standard","meta":{"footnotes":""},"categories":[121854],"tags":[],"class_list":["post-4088","post","type-post","status-publish","format-standard","has-post-thumbnail","hentry","category-consejo-de-residentes-espanoles","resize-featured-image"],"_links":{"self":[{"href":"https:\/\/xn--tuvozdiasporaespaola-k7b.com\/page\/2\/wp-json\/wp\/v2\/posts\/4088","targetHints":{"allow":["GET"]}}],"collection":[{"href":"https:\/\/xn--tuvozdiasporaespaola-k7b.com\/page\/2\/wp-json\/wp\/v2\/posts"}],"about":[{"href":"https:\/\/xn--tuvozdiasporaespaola-k7b.com\/page\/2\/wp-json\/wp\/v2\/types\/post"}],"author":[{"embeddable":true,"href":"https:\/\/xn--tuvozdiasporaespaola-k7b.com\/page\/2\/wp-json\/wp\/v2\/users\/222560522"}],"replies":[{"embeddable":true,"href":"https:\/\/xn--tuvozdiasporaespaola-k7b.com\/page\/2\/wp-json\/wp\/v2\/comments?post=4088"}],"version-history":[{"count":3,"href":"https:\/\/xn--tuvozdiasporaespaola-k7b.com\/page\/2\/wp-json\/wp\/v2\/posts\/4088\/revisions"}],"predecessor-version":[{"id":4100,"href":"https:\/\/xn--tuvozdiasporaespaola-k7b.com\/page\/2\/wp-json\/wp\/v2\/posts\/4088\/revisions\/4100"}],"wp:featuredmedia":[{"embeddable":true,"href":"https:\/\/xn--tuvozdiasporaespaola-k7b.com\/page\/2\/wp-json\/wp\/v2\/media\/4095"}],"wp:attachment":[{"href":"https:\/\/xn--tuvozdiasporaespaola-k7b.com\/page\/2\/wp-json\/wp\/v2\/media?parent=4088"}],"wp:term":[{"taxonomy":"category","embeddable":true,"href":"https:\/\/xn--tuvozdiasporaespaola-k7b.com\/page\/2\/wp-json\/wp\/v2\/categories?post=4088"},{"taxonomy":"post_tag","embeddable":true,"href":"https:\/\/xn--tuvozdiasporaespaola-k7b.com\/page\/2\/wp-json\/wp\/v2\/tags?post=4088"}],"curies":[{"name":"wp","href":"https:\/\/api.w.org\/{rel}","templated":true}]}}