{"id":4080,"date":"2023-10-16T20:53:10","date_gmt":"2023-10-16T23:53:10","guid":{"rendered":"https:\/\/xn--tuvozdiasporaespaola-k7b.com\/page\/2\/?p=4080"},"modified":"2023-10-16T20:53:54","modified_gmt":"2023-10-16T23:53:54","slug":"daniel-noboa-gana-las-presidencialesen-ecuador","status":"publish","type":"post","link":"https:\/\/xn--tuvozdiasporaespaola-k7b.com\/page\/2\/daniel-noboa-gana-las-presidencialesen-ecuador\/","title":{"rendered":"Daniel Noboa gana las presidenciales en Ecuador"},"content":{"rendered":"\n<p>Por Juan Luis Preciado desde Argentina.<\/p>\n\n\n\n<p>Noboa se ha convertido en el presidente m\u00e1s joven del pa\u00eds, despu\u00e9s de Juan Jos\u00e9 Flores, el primer mandatario de Ecuador que, en 1830, asumi\u00f3 el cargo antes de cumplir los 30 a\u00f1os.<\/p>\n\n\n\n<p>Su padre, \u00c1lvaro Noboa, es considerado una de las personas m\u00e1s ricas de Ecuador, con una fortuna que supera los 1.000 millones de d\u00f3lares.<\/p>\n\n\n\n<figure class=\"wp-block-gallery has-nested-images columns-default is-cropped wp-block-gallery-1 is-layout-flex wp-block-gallery-is-layout-flex\">\n<figure class=\"wp-block-image size-large\"><img fetchpriority=\"high\" decoding=\"async\" width=\"408\" height=\"230\" data-id=\"4082\" src=\"https:\/\/xn--tuvozdiasporaespaola-k7b.com\/wp-content\/uploads\/2023\/10\/1000161229.jpg\" alt=\"\" class=\"wp-image-4082\" srcset=\"https:\/\/xn--tuvozdiasporaespaola-k7b.com\/wp-content\/uploads\/2023\/10\/1000161229.jpg 408w, https:\/\/xn--tuvozdiasporaespaola-k7b.com\/wp-content\/uploads\/2023\/10\/1000161229-300x169.jpg 300w\" sizes=\"(max-width: 408px) 100vw, 408px\" \/><\/figure>\n<\/figure>\n\n\n\n<p>Noboa alcanz\u00f3 el 52 % de los votos (5.157.304); mientras que su contrincante Luisa Gonz\u00e1lez, del movimiento Revoluci\u00f3n Ciudadana (RC), consigui\u00f3 el 48% (4.759.825) tras escrutar el 97,15% de las mesas electorales.<\/p>\n\n\n\n<p>\u00ab<em>Hoy hemos hecho historia, las familias ecuatorianas eligieron el nuevo Ecuador, eligieron un pa\u00eds con seguridad y empleo. Vamos por un pa\u00eds de realidades donde las promesas no se queden en campa\u00f1a y la corrupci\u00f3n se castigue. Gracias Ecuador<\/em>\u00ab, fue el primer mensaje del presidente Novoa. <\/p>\n\n\n\n<p>Algunos pa\u00edses felicitaron muy satisfechos este resultado, el embajador de EE.UU. en Ecuador, Michael J. Fitzpatrick, en un comunicado puntualiz\u00f3:<\/p>\n\n\n\n<p>\u00ab<em>Esperamos trabajar con la administraci\u00f3n entrante de Daniel Noboa para seguir avanzando en nuestras prioridades compartidas en materia de seguridad, desarrollo econ\u00f3mico inclusivo, gobernabilidad y medioambiente\u00bb.<\/em><\/p>\n\n\n\n<p>A la vez que presidentes conservadores como Luis Lacalle Pous  de Uruguay  dijo <em>\u00abestar seguro\u00bb de que seguir\u00e1n \u00abavanzando en la relaci\u00f3n bilateral\u00bb entre ambas naciones<\/em>.<\/p>\n\n\n\n<p>Tambi\u00e9n golpistas como la presidenta de Per\u00fa  Dina Boluarte, destac\u00f3 la <em>\u00abm\u00e1s amplia voluntad de continuar fortaleciendo la relaci\u00f3n de amistad, cooperaci\u00f3n e integraci\u00f3n\u00bb <\/em>con su par ecuatoriano.<\/p>\n\n\n\n<p>Estos comicios presidenciales extraordinarios fueron convocados luego de que el mandatario del pa\u00eds suramericano, Guillermo Lasso, decretara muerte cruzada y disolviera a la Asamblea Nacional en mayo pasado.<\/p>\n\n\n\n<p>Al tratarse de comicios anticipados, <strong>Noboa gobernar\u00e1 solo hasta mayo de 2025, <\/strong>para culminar el per\u00edodo que comenz\u00f3 Lasso en 2021. <\/p>\n\n\n\n<p>Por su parte, Gonz\u00e1lez felicit\u00f3 a Noboa y le ofreci\u00f3 el respaldo de la RC para el cumplimiento de sus promesas. <em>\u00abCuente con nuestro apoyo para construir esa patria digna, esa patria de oportunidades y que paren nuestros hermanos de migrar [&#8230;] Cuente con nuestro apoyo en la Asamblea (Nacional) para las reformas legales, para la seguridad, para salud, para educaci\u00f3n, para lo que necesite, siempre y cuando no sea privatizar nuestros recursos y no sea precarizar\u00bb,<\/em> expres\u00f3.<\/p>\n\n\n\n<p>Gonz\u00e1lez, adem\u00e1s, agradeci\u00f3 a quienes votaron por ella. <em>\u00abHemos hecho, realmente, historia. Es la primera vez que una mujer llega a la segunda vuelta (electoral) y tiene opciones de ser la presidenta de la Rep\u00fablica\u00bb,<\/em> resalt\u00f3.<\/p>\n\n\n\n<p><strong>PARA REFLEXI\u00d3N <\/strong><\/p>\n\n\n\n<p>La Importancia del voto ind\u00edgena y su peso fue  decisivo en las elecciones en Ecuador, las zonas de la Sierra voto  mayoritariamente a Novoa, este <strong>voto de  las comunidades ind\u00edgenas es un bien preciado en Ecuador y representa entre el 7% y el 10% del censo nacional y Revoluci\u00f3n  Ciudadana no logr\u00f3 atraerlo repitiendo lo del 2021 con el fracaso de Andres Arauz. <\/strong><\/p>\n\n\n\n<p>En esta  segunda vuelta del pasado  domingo  se pensaba que este movimiento indigena  era cercano a la izquierda pero una larga historia de desencuentros con el corre\u00edsmo limit\u00f3 el apoyo electoral del colectivo a la  candidata Luisa Gonz\u00e1lez, del movimiento Revoluci\u00f3n Ciudadana.<\/p>\n\n\n\n<figure class=\"wp-block-gallery has-nested-images columns-default is-cropped wp-block-gallery-2 is-layout-flex wp-block-gallery-is-layout-flex\">\n<figure class=\"wp-block-image size-large\"><img decoding=\"async\" width=\"640\" height=\"427\" data-id=\"4083\" src=\"https:\/\/xn--tuvozdiasporaespaola-k7b.com\/wp-content\/uploads\/2023\/10\/1000161223.jpg\" alt=\"\" class=\"wp-image-4083\" srcset=\"https:\/\/xn--tuvozdiasporaespaola-k7b.com\/wp-content\/uploads\/2023\/10\/1000161223.jpg 640w, https:\/\/xn--tuvozdiasporaespaola-k7b.com\/wp-content\/uploads\/2023\/10\/1000161223-300x200.jpg 300w\" sizes=\"(max-width: 640px) 100vw, 640px\" \/><\/figure>\n<\/figure>\n\n\n\n<p>Se ve que la izquierda de Revoluci\u00f3n Ciudadana no aprendi\u00f3 nada y elecci\u00f3n tras elecci\u00f3n no consigue superar el techo electoral,  atraerlo para s\u00ed tendr\u00e1 en el 2025 una nueva oportunidad pero sin un gran Frente Amplio con los movimientos  Ind\u00edgenas y unas primarias en igualdad de oportunidades sumando a ello una salida de escena de Rafael Correa que consigue unir en su contra a toda la derecha y los indecisos en una grieta insalvable.<\/p>\n\n\n\n<figure class=\"wp-block-gallery has-nested-images columns-default is-cropped wp-block-gallery-3 is-layout-flex wp-block-gallery-is-layout-flex\">\n<figure class=\"wp-block-image size-large\"><img decoding=\"async\" width=\"953\" height=\"945\" data-id=\"4084\" src=\"https:\/\/xn--tuvozdiasporaespaola-k7b.com\/wp-content\/uploads\/2023\/10\/1000161224.jpg\" alt=\"\" class=\"wp-image-4084\" srcset=\"https:\/\/xn--tuvozdiasporaespaola-k7b.com\/wp-content\/uploads\/2023\/10\/1000161224.jpg 953w, https:\/\/xn--tuvozdiasporaespaola-k7b.com\/wp-content\/uploads\/2023\/10\/1000161224-300x297.jpg 300w, https:\/\/xn--tuvozdiasporaespaola-k7b.com\/wp-content\/uploads\/2023\/10\/1000161224-150x150.jpg 150w, https:\/\/xn--tuvozdiasporaespaola-k7b.com\/wp-content\/uploads\/2023\/10\/1000161224-768x762.jpg 768w\" sizes=\"(max-width: 953px) 100vw, 953px\" \/><\/figure>\n<\/figure>\n\n\n\n<p>Lamentablemente   con  la presencia del expresidente Correa ese gran Frente Amplio no sera  posible  y le estaremos condenando  en Ecuador  una vez m\u00e1s al triunfo  de la derecha, que  aun siendo la fuerza menos votada en el  Parlamento Ecuatoriano gan\u00f3  con NOVOA las presidenciales.<\/p>\n\n\n\n<p>La presencia de Rafael Corre al frente  de  R.C. continua sirviendo para  unir a un electorado tan dispar ideol\u00f3gicamente  esto unido al  recelo de los movimientos ind\u00edgenas. <\/p>\n\n\n\n<p>El mandatario, quien aprendi\u00f3 quechua cuando convivi\u00f3 en su juventud con abor\u00edgenes del centro de Ecuador, se gan\u00f3 adversarios ind\u00edgenas con sus proyectos de explotaci\u00f3n petrolera y minera a los que se oponen varias comunidades alegando un grave impacto ambiental, a la vez que en  numerosas ocasiones <strong>se refiri\u00f3 a la CONAE como \u00abaliados de la derecha y ponchos dorados\u00bb <\/strong> los movimientos ind\u00edgenas lo califican de prepotente acus\u00e1ndolo de haber dividido al movimiento indigena con ofrecimientos a algunos de sus l\u00edderes y cr\u00edticas feroces a quienes no se plegaron.<\/p>\n\n\n\n<p>Esto propicia un  techo  electoral que hoy en d\u00eda no consigue superar Revoluci\u00f3n Ciudadana bajo la sombra de un Correa poco receptivo a perder su influencia en la pol\u00edtica Ecuatoriana, todo esto unido  tal vez al s\u00edndrome del poscolonialismo ind\u00edgena no que no  lo deja despegar libremente de la clase oligarca y criolla dominante de piel blanca que domina la econom\u00eda en Ecuador.<\/p>\n\n\n\n<p>A\u00f1adimos como conclusi\u00f3n que adem\u00e1s de toda la basura informativa de los medios de comunicaci\u00f3n jugando para la derecha , Revoluci\u00f3n Ciudadana  tiene que hacer una  reflexi\u00f3n hacia dentro del partido , si quieren que Ecuador cambie de rumbo, han de ser realistas , sin la comunidad Indigena que lider\u00f3 la Revoluci\u00f3n de Octubre con Leonidas Iza al frente,  seguir\u00e1 perdiendo apoyos.<\/p>\n\n\n\n<p>Hoy  no se puede  seguir sin reconocer a  la Izquierda Plurinacional e incorporarlos a un gran Frente Amplio  sera la misma equivocaci\u00f3n  una y otra vez, revolucion Ciudadana no ha sido la gran perdedora si no tambi\u00e9n todo  Ecuador  y la Patria Grande que a manos de los mismos  corruptos de siempre seguiran postergando  el progreso de Ecuador para favorecer los negocios de oligarcas y los narcotraficantes.<\/p>\n","protected":false},"excerpt":{"rendered":"<p>Por Juan Luis Preciado desde Argentina. Noboa se ha convertido en el presidente m\u00e1s joven del pa\u00eds, despu\u00e9s de Juan Jos\u00e9 Flores, el primer &#8230; <\/p>\n<p class=\"read-more-container\"><a title=\"Daniel Noboa gana las presidenciales en Ecuador\" class=\"read-more button\" href=\"https:\/\/xn--tuvozdiasporaespaola-k7b.com\/page\/2\/daniel-noboa-gana-las-presidencialesen-ecuador\/#more-4080\" aria-label=\"M\u00e1s en Daniel Noboa gana las presidenciales en Ecuador\">Leer m\u00e1s<\/a><\/p>\n","protected":false},"author":222560522,"featured_media":4085,"comment_status":"open","ping_status":"open","sticky":false,"template":"","format":"standard","meta":{"footnotes":""},"categories":[121850],"tags":[],"class_list":["post-4080","post","type-post","status-publish","format-standard","has-post-thumbnail","hentry","category-politica","resize-featured-image"],"_links":{"self":[{"href":"https:\/\/xn--tuvozdiasporaespaola-k7b.com\/page\/2\/wp-json\/wp\/v2\/posts\/4080","targetHints":{"allow":["GET"]}}],"collection":[{"href":"https:\/\/xn--tuvozdiasporaespaola-k7b.com\/page\/2\/wp-json\/wp\/v2\/posts"}],"about":[{"href":"https:\/\/xn--tuvozdiasporaespaola-k7b.com\/page\/2\/wp-json\/wp\/v2\/types\/post"}],"author":[{"embeddable":true,"href":"https:\/\/xn--tuvozdiasporaespaola-k7b.com\/page\/2\/wp-json\/wp\/v2\/users\/222560522"}],"replies":[{"embeddable":true,"href":"https:\/\/xn--tuvozdiasporaespaola-k7b.com\/page\/2\/wp-json\/wp\/v2\/comments?post=4080"}],"version-history":[{"count":3,"href":"https:\/\/xn--tuvozdiasporaespaola-k7b.com\/page\/2\/wp-json\/wp\/v2\/posts\/4080\/revisions"}],"predecessor-version":[{"id":4087,"href":"https:\/\/xn--tuvozdiasporaespaola-k7b.com\/page\/2\/wp-json\/wp\/v2\/posts\/4080\/revisions\/4087"}],"wp:featuredmedia":[{"embeddable":true,"href":"https:\/\/xn--tuvozdiasporaespaola-k7b.com\/page\/2\/wp-json\/wp\/v2\/media\/4085"}],"wp:attachment":[{"href":"https:\/\/xn--tuvozdiasporaespaola-k7b.com\/page\/2\/wp-json\/wp\/v2\/media?parent=4080"}],"wp:term":[{"taxonomy":"category","embeddable":true,"href":"https:\/\/xn--tuvozdiasporaespaola-k7b.com\/page\/2\/wp-json\/wp\/v2\/categories?post=4080"},{"taxonomy":"post_tag","embeddable":true,"href":"https:\/\/xn--tuvozdiasporaespaola-k7b.com\/page\/2\/wp-json\/wp\/v2\/tags?post=4080"}],"curies":[{"name":"wp","href":"https:\/\/api.w.org\/{rel}","templated":true}]}}