{"id":406,"date":"2022-10-18T23:15:23","date_gmt":"2022-10-19T02:15:23","guid":{"rendered":"https:\/\/xn--tuvozdiasporaespaola-k7b.com\/2022\/10\/18\/comision-de-derechos-civiles-y-participacionconsejo-general-de-la-ciudadania-espanola-en-el-exterior\/"},"modified":"2022-10-18T23:18:19","modified_gmt":"2022-10-19T02:18:19","slug":"comision-de-derechos-civiles-y-participacionconsejo-general-de-la-ciudadania-espanola-en-el-exterior","status":"publish","type":"post","link":"https:\/\/xn--tuvozdiasporaespaola-k7b.com\/page\/2\/comision-de-derechos-civiles-y-participacionconsejo-general-de-la-ciudadania-espanola-en-el-exterior\/","title":{"rendered":"Comisi\u00f3n de Derechos Civiles y Participaci\u00f3nConsejo General de la Ciudadan\u00eda Espa\u00f1ola en el Exterior"},"content":{"rendered":"\n<p><br \/><strong>Nota de prensa<\/strong><br \/><strong>18 de octubre de 2022<\/strong><\/p>\n\n\n\n<figure class=\"wp-block-pullquote has-vivid-red-color has-text-color\"><blockquote><p><br \/>Comisi\u00f3n de Derechos Civiles y Participaci\u00f3n del CGCEE se re\u00fane con representantes<br \/>del Ministerio de Justicia para tratar la instrucci\u00f3n de la disposici\u00f3n adicional octava de la nueva Ley de Memoria Democr\u00e1tica<\/p><\/blockquote><\/figure>\n\n\n\n<p>Este martes 18 de octubre 2022 la Comisi\u00f3n de Derechos Civiles y Participaci\u00f3n del Consejo General de la Ciudadan\u00eda Espa\u00f1ola en el Exterior, Centro de Descendientes de Espa\u00f1oles Unidos (CEDEU), Hijos y Nietos de Espa\u00f1a, y la catedr\u00e1tica de Derecho Internacional por la Universidad de Le\u00f3n, D\u00aa Aurelia Alvarez, se reunieron con la Directora General de Seguridad Jur\u00eddica y Fe P\u00fablica, D\u00aa Sof\u00eda Puente Santiago y la Subdirectora General de Nacionalidad y Estado Civil, D\u00aa Mar\u00eda del Mar L\u00f3pez \u00c1lvarez, as\u00ed como, personal t\u00e9cnico de esta Subdirecci\u00f3n del Ministerio de Justicia para tratar la instrucci\u00f3n sobre la disposici\u00f3n adicional octava de la Ley de Memoria Democr\u00e1tica (LMD).<br>Consejeras y consejeros generales de Argentina, Canad\u00e1, M\u00e9xico, Rep\u00fablica Dominicana, Guatemala, Alemania, Reino Unido y de la CCAA de Castilla y Le\u00f3n participaron en la reuni\u00f3n.<br>Los representantes del Ministerio de Justicia dieron a conocer los avances con respecto a la<br>instrucci\u00f3n de la disposici\u00f3n adicional octava de la nueva Ley de Memoria Democr\u00e1tica. Por su parte, los representantes del CGCEE, CEDEU, e Hijos y Nietos de Espa\u00f1a presentaron una lista de propuestas para que la interpretaci\u00f3n del texto evite en la medida de lo posible crear nuevos supuestos discriminados.<br><strong>Siguientes pasos:<\/strong><\/p>\n\n\n\n<p>La instrucci\u00f3n se publicar\u00e1 en el BOE en los pr\u00f3ximos d\u00edas, pero es importante tener en cuenta que no necesariamente coincidir\u00e1 en fecha con la publicaci\u00f3n en el mismo medio de la Ley de Memoria Democr\u00e1tica, ya que puede haber peque\u00f1o retraso entre ambos anuncios.<br>El Presidente de la Comisi\u00f3n de Derechos Civiles y Participaci\u00f3n del CGCEE, David Casarejos, pregunt\u00f3 sobre las declaraciones de Pilar Cancela, secretar\u00eda del \u00e1rea de Pol\u00edticas Migratorias y PSOE del Exterior, en una reuni\u00f3n con la colectividad de Argentina, en las que mencionaba que \u201c<em><strong>la disposici\u00f3n adicional s\u00e9ptima de la Ley de Memoria Hist\u00f3rica (LMH) de 2007 sigue vigente, por tanto no hay ning\u00fan cambio, est\u00e1 incorporada en la Ley de Memoria Democr\u00e1tica<\/strong><\/em><em>\u201d.<\/em> Desde el Ministerio de Justicia se inform\u00f3 que LMH estuvo vigente hasta el a\u00f1o 2011 y que esta LMD solo cubre lo que la nueva ley estipula con la nueva disposici\u00f3n octava, por lo que no incluye la disposici\u00f3n s\u00e9ptima de la LMH.<\/p>\n\n\n\n<figure class=\"wp-block-image size-large\"><img fetchpriority=\"high\" decoding=\"async\" width=\"910\" height=\"1214\" src=\"http:\/\/xn--tuvozdiasporaespaola-k7b.com\/wp-content\/uploads\/2022\/10\/screenshot_20221018-224442_drive8691318898821327066.jpg?w=768\" alt=\"\" class=\"wp-image-402\" srcset=\"https:\/\/xn--tuvozdiasporaespaola-k7b.com\/wp-content\/uploads\/2022\/10\/screenshot_20221018-224442_drive8691318898821327066.jpg 910w, https:\/\/xn--tuvozdiasporaespaola-k7b.com\/wp-content\/uploads\/2022\/10\/screenshot_20221018-224442_drive8691318898821327066-225x300.jpg 225w, https:\/\/xn--tuvozdiasporaespaola-k7b.com\/wp-content\/uploads\/2022\/10\/screenshot_20221018-224442_drive8691318898821327066-768x1025.jpg 768w\" sizes=\"(max-width: 910px) 100vw, 910px\" \/><figcaption class=\"wp-element-caption\">Nota de prensa <\/figcaption><\/figure>\n\n\n\n<p><strong>La disposici\u00f3n octava: <\/strong><\/p>\n\n\n\n<p>La disposici\u00f3n adicional octava de la que se debati\u00f3 ofrece la posibilidad de adquisici\u00f3n de la nacionalidad espa\u00f1ola en estos casos:<br \/>\u201c1. <em>Los nacidos fuera de Espa\u00f1a de padre o madre, abuelo o abuela, que originariamente hubieran sido espa\u00f1oles, y que, como consecuencia de haber sufrido exilio por razones pol\u00edticas, ideol\u00f3gicas o de creencia o de orientaci\u00f3n e identidad sexual, hubieran perdido o renunciado a la nacionalidad<\/em><br \/><em>espa\u00f1ola, podr\u00e1n optar a la nacionalidad espa\u00f1ola, a los efectos del art\u00edculo 20 del C\u00f3digo Civil.<\/em><br \/><em>Igualmente, podr\u00e1n adquirir la nacionalidad espa\u00f1ola las personas que se encuentren en los<\/em><br \/><em>siguientes supuestos:<\/em><br \/><em>a) Los hijos e hijas nacidos en el exterior de mujeres espa\u00f1olas que perdieron su nacionalidad por<\/em><br \/><em>casarse con extranjeros antes de la entrada en vigor de la Constituci\u00f3n de 1978.<\/em><br \/><em>b) Los hijos e hijas mayores de edad de aquellos espa\u00f1oles a quienes les fue reconocida su nacionalidad de origen en virtud del derecho de opci\u00f3n de acuerdo a lo dispuesto en la presente Ley o en la Disposici\u00f3n Adicional S\u00e9ptima de la Ley 52\/2007, de 26 de diciembre.<\/em><\/p>\n\n\n\n<p><\/p>\n\n\n\n<p>2. <em>En todos los supuestos, esta declaraci\u00f3n deber\u00e1 formalizarse en el plazo de dos a\u00f1os desde la entrada en vigor de la presente ley. Al terminar este plazo, el Consejo de Ministros podr\u00e1 acordar su<\/em> p<em>r\u00f3rroga por un a\u00f1o.\u201d<\/em><\/p>\n\n\n\n<p><strong>Casos en los que la ley otorga la nacionalidad de origen<\/strong><\/p>\n\n\n\n<p>Los participantes en la reuni\u00f3n preguntaron sobre los casos en los que esta ley otorga la<br \/>nacionalidad de origen:<br \/><\/p>\n\n\n\n<p><strong>En los supuestos 1,<\/strong> es decir, los nacidos fuera de Espa\u00f1a de padre o madre, abuelo o abuela, que originariamente hubieran sido espa\u00f1oles, y que, como consecuencia de haber sufrido exilio por razones pol\u00edticas, ideol\u00f3gicas o de creencia o de orientaci\u00f3n e identidad sexual, hubieran perdido o renunciado a la nacionalidad espa\u00f1ola, <\/p>\n\n\n\n<figure class=\"wp-block-image size-large\"><img decoding=\"async\" width=\"1280\" height=\"720\" src=\"http:\/\/xn--tuvozdiasporaespaola-k7b.com\/wp-content\/uploads\/2022\/10\/integrantes-comision-der-civiles-y-particip-cgcee-2022-1280x7208649112489422301408-1.jpg?w=1024\" alt=\"\" class=\"wp-image-403\" srcset=\"https:\/\/xn--tuvozdiasporaespaola-k7b.com\/wp-content\/uploads\/2022\/10\/integrantes-comision-der-civiles-y-particip-cgcee-2022-1280x7208649112489422301408-1.jpg 1280w, https:\/\/xn--tuvozdiasporaespaola-k7b.com\/wp-content\/uploads\/2022\/10\/integrantes-comision-der-civiles-y-particip-cgcee-2022-1280x7208649112489422301408-1-300x169.jpg 300w, https:\/\/xn--tuvozdiasporaespaola-k7b.com\/wp-content\/uploads\/2022\/10\/integrantes-comision-der-civiles-y-particip-cgcee-2022-1280x7208649112489422301408-1-1024x576.jpg 1024w, https:\/\/xn--tuvozdiasporaespaola-k7b.com\/wp-content\/uploads\/2022\/10\/integrantes-comision-der-civiles-y-particip-cgcee-2022-1280x7208649112489422301408-1-768x432.jpg 768w\" sizes=\"(max-width: 1280px) 100vw, 1280px\" \/><figcaption class=\"wp-element-caption\">COMISI\u00d3N DE DERECHOS CIVILES Y PARTICIPACI\u00d3N DEL CGCEE<\/figcaption><\/figure>\n\n\n\n<p><strong>En el supuesto 1.a<\/strong>: los hijos e hijas nacidos en el exterior de mujeres espa\u00f1olas que perdieron su nacionalidad por casarse con extranjeros antes de la entrada en vigor de la Constituci\u00f3n de 1978 obtendr\u00e1n nacionalidad de origen, mientras que los mayores de edad en la LMH y LMD que se incluyen en supuesto 1.b ser\u00e1n por opci\u00f3n.<br \/>Esta nacionalidad de origen ser\u00e1 sobrevenida, y no considerada desde el nacimiento.<\/p>\n\n\n\n<p>La diferenciaci\u00f3n en este caso se debe a que si no es as\u00ed se cometer\u00eda una discrimaci\u00f3n respecto a los hermanos y hermanas menores de edad en 2007 que s\u00f3lo obtuvieron la nacionalidad por opci\u00f3n. <br><strong>Causas del exilio y requisitos<\/strong> :<br>Seguidamente, se pregunt\u00f3 por la pruebas de la causa del exilio, y la propuesta en la instrucci\u00f3n  actual ir\u00e1 en l\u00ednea con la instrucci\u00f3n que se aplic\u00f3 en la LMH en 2007 y la presunci\u00f3n de exilio que  se basar\u00e1 en los mismos principios. <br>Enrique Nu\u00f1ez, representante de Hijos y Nietos de Espa\u00f1a, coment\u00f3 la falta de congruencia en el  caso de tomar como partida el texto de 2007 de forma literal, ya que en ese caso la presunci\u00f3n de  exilio era el per\u00edodo 1936-1955, pero el texto actual se centra en un periodo m\u00e1s extenso de<br>1936-1978. La aplicaci\u00f3n del periodo 1936-1978 ser\u00eda la preferida por los representantes del CGCEE, CEDEU e Hijos y Nietos de Espa\u00f1a que representaban a la di\u00e1spora en la reuni\u00f3n. <br>En la instrucci\u00f3n se incluir\u00e1n los nietos y nietas de abuela e hijos\/as mayores de quienes accedieron en virtud del derecho de opci\u00f3n de origen por ley 52\/2007 y por la presente ley, pero a diferencia de <br>la ley de 2007, el Ministerio de Justicia entiende que no corresponde que entren nuevamente los nietos\/as de abuelo var\u00f3n nacido en Espa\u00f1a que mantuvo la nacionalidad (hijos de originariamente <br>espa\u00f1oles nacidos en el extranjero). <br>Esto se debe en el supuesto 1 de la disposici\u00f3n adicional octava al requisito de ser nieto\/a de <br>originariamente espa\u00f1ol que hubiera renunciado a la nacionalidad por exilio pol\u00edtico. CEDEU aclar\u00f3  que la \u201c <em>que antecede a la condici\u00f3n de exilio podr\u00eda interpretarse como una condici\u00f3n simple de originariamente espa\u00f1oles y aquellos que adem\u00e1s sufrieron el exilio\u201d.<\/em> <\/p>\n\n\n\n<p>La Asociaci\u00f3n Hijos y Nietos de Espa\u00f1a defendi\u00f3 que tambi\u00e9n estaba dentro de las posibilidades de interpretaci\u00f3n del Ministerio <br \/>de Justicia la presunci\u00f3n de \u00abhaber sufrido exilio\u00bb con respecto a esos padres, madres, abuelos o abuelas originariamente espa\u00f1olas que hubieran perdido o renunciado a la nacionalidad durante el per\u00edodo objeto de la Ley.<\/p>\n\n\n\n<figure class=\"wp-block-image size-large\"><img decoding=\"async\" width=\"1280\" height=\"854\" src=\"http:\/\/xn--tuvozdiasporaespaola-k7b.com\/wp-content\/uploads\/2022\/10\/1021637526995016411771870.jpg?w=1024\" alt=\"\" class=\"wp-image-404\" srcset=\"https:\/\/xn--tuvozdiasporaespaola-k7b.com\/wp-content\/uploads\/2022\/10\/1021637526995016411771870.jpg 1280w, https:\/\/xn--tuvozdiasporaespaola-k7b.com\/wp-content\/uploads\/2022\/10\/1021637526995016411771870-300x200.jpg 300w, https:\/\/xn--tuvozdiasporaespaola-k7b.com\/wp-content\/uploads\/2022\/10\/1021637526995016411771870-1024x683.jpg 1024w, https:\/\/xn--tuvozdiasporaespaola-k7b.com\/wp-content\/uploads\/2022\/10\/1021637526995016411771870-768x512.jpg 768w\" sizes=\"(max-width: 1280px) 100vw, 1280px\" \/><figcaption class=\"wp-element-caption\">PRESIDENTA DEL CGCEE Y PRESIDENTES DE LAS COMISIONES<\/figcaption><\/figure>\n\n\n\n<p>Desde CEDEU, a trav\u00e9s de sus representantes Juanma de Hoz y Danthe Menes, se insisti\u00f3 en la propuesta de inclusi\u00f3n del supuesto de hijos\/as de originariamente espa\u00f1oles nacidos en el extranjero sin necesidad de exilio en la instrucci\u00f3n y que mantuvieron la nacionalidad, tal como estaba en la instrucci\u00f3n de 2007, o se haga una instrucci\u00f3n de interpretaci\u00f3n temporal al art\u00edculo 20.1.b del C\u00f3digo civil para equiparar el derecho entre nietos\/as del exilio y nietos\/as de espa\u00f1ol var\u00f3n nacido en espa\u00f1a que mantuvo la nacionalidad. <br \/>La representante de Rep\u00fablica Dominicana, Ana Carolina Blanco, pregunt\u00f3 por los requisitos que se solicitar\u00e1n en el instructivo a lo que el Ministerio contest\u00f3 que ser\u00e1n similares a los de la disposici\u00f3n adicional s\u00e9ptima de la Ley 52\/2007, de Memoria Hist\u00f3rica y que pese a las solicitudes que ya han recibido, estos requisitos s\u00f3lo se dar\u00e1n a conocer tras la publicaci\u00f3n del Instructivo. <\/p>\n\n\n\n<p>Se hizo hincapi\u00e9 en las solicitudes 1.b las cuales ser\u00e1n m\u00e1s simples al suponerse que ya contar\u00e1n con un Certificado de Nacimiento del progenitor que la adquiri\u00f3 por la LMH facilitando estos tr\u00e1mites.<\/p>\n\n\n\n<p>Durante la reuni\u00f3n se discuti\u00f3 con los representantes del Ministerio de Justicia sobre la vigencia de dos a\u00f1os de la ley m\u00e1s otro prorrogable y los participantes expresaron su preocupaci\u00f3n de un periodo<br \/>que puede ser muy corto en pa\u00edses como Argentina y Cuba donde ya hubo problemas con la LMH.<br \/>Las propuestas enviadas por CEDEU e Hijos y Nietos de Espa\u00f1a se est\u00e1n valorando, pero la<br \/>instrucci\u00f3n se ce\u00f1ir\u00e1 siempre al texto de la ley que ha sido aprobada el 5 de octubre de 2022 en el Senado.<br \/><strong>La Comisi\u00f3n de Derechos Civiles y Participaci\u00f3n se encargar\u00e1 de hacer llegar a los representantes del Ministerio de Justicia, las preguntas o dudas sobre el texto que no pudieron tratarse durante la reuni\u00f3n<\/strong>.<\/p>\n\n\n\n<figure class=\"wp-block-image size-large\"><img loading=\"lazy\" decoding=\"async\" width=\"400\" height=\"400\" src=\"http:\/\/xn--tuvozdiasporaespaola-k7b.com\/wp-content\/uploads\/2022\/10\/0j3znonk_400x4003297407504825778820.jpg?w=400\" alt=\"\" class=\"wp-image-405\" srcset=\"https:\/\/xn--tuvozdiasporaespaola-k7b.com\/wp-content\/uploads\/2022\/10\/0j3znonk_400x4003297407504825778820.jpg 400w, https:\/\/xn--tuvozdiasporaespaola-k7b.com\/wp-content\/uploads\/2022\/10\/0j3znonk_400x4003297407504825778820-300x300.jpg 300w, https:\/\/xn--tuvozdiasporaespaola-k7b.com\/wp-content\/uploads\/2022\/10\/0j3znonk_400x4003297407504825778820-150x150.jpg 150w\" sizes=\"(max-width: 400px) 100vw, 400px\" \/><figcaption class=\"wp-element-caption\">DAVID CASAREJOS PRESIDENTE DE LA COMISI\u00d3N DE DERECHOS CIVILES Y PARTICIPACI\u00d3N DEL CONSEJO GENERAL DE LA CIUDADAN\u00cdA ESPA\u00d1OLA EN EL EXTERIOR <\/figcaption><\/figure>\n","protected":false},"excerpt":{"rendered":"<p>Nota de prensa18 de octubre de 2022 Comisi\u00f3n de Derechos Civiles y Participaci\u00f3n del CGCEE se re\u00fane con representantesdel Ministerio de Justicia para tratar &#8230; <\/p>\n<p class=\"read-more-container\"><a title=\"Comisi\u00f3n de Derechos Civiles y Participaci\u00f3nConsejo General de la Ciudadan\u00eda Espa\u00f1ola en el Exterior\" class=\"read-more button\" href=\"https:\/\/xn--tuvozdiasporaespaola-k7b.com\/page\/2\/comision-de-derechos-civiles-y-participacionconsejo-general-de-la-ciudadania-espanola-en-el-exterior\/#more-406\" aria-label=\"M\u00e1s en Comisi\u00f3n de Derechos Civiles y Participaci\u00f3nConsejo General de la Ciudadan\u00eda Espa\u00f1ola en el Exterior\">Leer m\u00e1s<\/a><\/p>\n","protected":false},"author":222560522,"featured_media":0,"comment_status":"open","ping_status":"open","sticky":false,"template":"","format":"standard","meta":{"footnotes":""},"categories":[1771],"tags":[],"class_list":["post-406","post","type-post","status-publish","format-standard","hentry","category-sociales"],"_links":{"self":[{"href":"https:\/\/xn--tuvozdiasporaespaola-k7b.com\/page\/2\/wp-json\/wp\/v2\/posts\/406","targetHints":{"allow":["GET"]}}],"collection":[{"href":"https:\/\/xn--tuvozdiasporaespaola-k7b.com\/page\/2\/wp-json\/wp\/v2\/posts"}],"about":[{"href":"https:\/\/xn--tuvozdiasporaespaola-k7b.com\/page\/2\/wp-json\/wp\/v2\/types\/post"}],"author":[{"embeddable":true,"href":"https:\/\/xn--tuvozdiasporaespaola-k7b.com\/page\/2\/wp-json\/wp\/v2\/users\/222560522"}],"replies":[{"embeddable":true,"href":"https:\/\/xn--tuvozdiasporaespaola-k7b.com\/page\/2\/wp-json\/wp\/v2\/comments?post=406"}],"version-history":[{"count":0,"href":"https:\/\/xn--tuvozdiasporaespaola-k7b.com\/page\/2\/wp-json\/wp\/v2\/posts\/406\/revisions"}],"wp:attachment":[{"href":"https:\/\/xn--tuvozdiasporaespaola-k7b.com\/page\/2\/wp-json\/wp\/v2\/media?parent=406"}],"wp:term":[{"taxonomy":"category","embeddable":true,"href":"https:\/\/xn--tuvozdiasporaespaola-k7b.com\/page\/2\/wp-json\/wp\/v2\/categories?post=406"},{"taxonomy":"post_tag","embeddable":true,"href":"https:\/\/xn--tuvozdiasporaespaola-k7b.com\/page\/2\/wp-json\/wp\/v2\/tags?post=406"}],"curies":[{"name":"wp","href":"https:\/\/api.w.org\/{rel}","templated":true}]}}