{"id":4056,"date":"2023-10-12T13:15:05","date_gmt":"2023-10-12T16:15:05","guid":{"rendered":"https:\/\/xn--tuvozdiasporaespaola-k7b.com\/page\/2\/?p=4056"},"modified":"2023-10-13T14:11:25","modified_gmt":"2023-10-13T17:11:25","slug":"podemos-argentina-en-acto-institucional-de-la-embajada-de-espana","status":"publish","type":"post","link":"https:\/\/xn--tuvozdiasporaespaola-k7b.com\/page\/2\/podemos-argentina-en-acto-institucional-de-la-embajada-de-espana\/","title":{"rendered":"PODEMOS ARGENTINA en acto institucional de la  EMBAJADA DE ESPA\u00d1A"},"content":{"rendered":"\n<p>Este 11 de Octubre en la embajada de Espa\u00f1a de Buenos Aires se celebr\u00f3 un acto institucional  en el que PODEMOS ARGENTINA  fue  invitado por primera vez. <\/p>\n\n\n\n<p>Este hecho representa un hito en tanto en cuanto es el <strong>premio y reconocimiento al gran esfuerzo de este partido en Argentina, <\/strong>d\u00f3nde a fecha de hoy cuenta con una implantaci\u00f3n territorial en la mayor\u00eda de las provincias,  un trato directo con la Di\u00e1spora y sus problem\u00e1ticas cotidianas , ejerciendo un trabajo de campo en virtud de solucionar las necesidades de la Di\u00e1spora Espa\u00f1ola. <\/p>\n\n\n\n<figure class=\"wp-block-gallery has-nested-images columns-default is-cropped wp-block-gallery-1 is-layout-flex wp-block-gallery-is-layout-flex\">\n<figure class=\"wp-block-image size-large\"><img fetchpriority=\"high\" decoding=\"async\" width=\"1024\" height=\"461\" data-id=\"4060\" src=\"https:\/\/xn--tuvozdiasporaespaola-k7b.com\/wp-content\/uploads\/2023\/10\/1000159830-1024x461.jpg\" alt=\"\" class=\"wp-image-4060\" srcset=\"https:\/\/xn--tuvozdiasporaespaola-k7b.com\/wp-content\/uploads\/2023\/10\/1000159830-1024x461.jpg 1024w, https:\/\/xn--tuvozdiasporaespaola-k7b.com\/wp-content\/uploads\/2023\/10\/1000159830-300x135.jpg 300w, https:\/\/xn--tuvozdiasporaespaola-k7b.com\/wp-content\/uploads\/2023\/10\/1000159830-768x346.jpg 768w, https:\/\/xn--tuvozdiasporaespaola-k7b.com\/wp-content\/uploads\/2023\/10\/1000159830-1536x691.jpg 1536w, https:\/\/xn--tuvozdiasporaespaola-k7b.com\/wp-content\/uploads\/2023\/10\/1000159830.jpg 1600w\" sizes=\"(max-width: 1024px) 100vw, 1024px\" \/><\/figure>\n<figcaption class=\"blocks-gallery-caption wp-element-caption\"> Delegaci\u00f3n de Podemos Argentina junto  Juan Alvar Merino Cubillo,<br>C\u00f3nsul Adjunto<\/figcaption><\/figure>\n\n\n\n<p><strong>TERRITORIO Y CREE son base ineludible del funcionamiento de Podemos Argentina para su crecimiento e implantaci\u00f3n de servicio p\u00fablico de forma altruista <\/strong>donde a fecha de hoy hay 160 integrantes y 95 militantes (muchos a\u00fan no pueden hacerse militantes por que no pudieron renovar el pasaporte),  todo sin olvidar <strong>la interacci\u00f3n con los organismos representativos del Estado de Espa\u00f1a en este pa\u00eds<\/strong>:  Embajada , Consulado General de Buenos Aires  y consulados de Bah\u00eda Blanca,  Mendoza,  C\u00f3rdoba y Rosario as\u00ed como los distintos viceconsulados.<\/p>\n\n\n\n<p><strong>Derechos, Elecciones generales y Auton\u00f3micas, Ley de Nacionalidad, Atenciones a la di\u00e1spora son las bases angulares de servicio p\u00fablico a la di\u00e1spora<\/strong> de nuestras delegaciones territoriales y nuestros delegados asesores en cuestiones de G\u00e9nero, Memoria, Nacionalidad y Derechos ciudadanos.<\/p>\n\n\n\n<p>Todo esto propici\u00f3 el <strong>reconocimiento por parte de los representantes del Estado de Espa\u00f1a (Embajada y Consulados) de PODEMOS Argentina  al ser invitado a este acto institucional.<\/strong> <\/p>\n\n\n\n<p>Por parte de Podemos Argentina  acudieron en representaci\u00f3n los coordinadores oficiales del C\u00edrculo de Podemos Argentina:  <strong>M\u00f3nica Cortizas Coordinadora enlace del C\u00edrculo y Coordinadora del GT Igualdad y Feminismo<\/strong>  y <strong>Francisco L\u00f3pez Coordinador enlace del C\u00edrculo de Argentina y coordinador de la Red de C\u00edrculos de Am\u00e9rica<\/strong>.<\/p>\n\n\n\n<p>Tras el recibimiento oficial en la entrada  por parte de la Embajadora, C\u00f3nsul General, autoridad Militar Espa\u00f1ola asignada, Polic\u00eda Nacional, <strong>la embajadora Excelent\u00edsima Se\u00f1ora Mar\u00eda Jes\u00fas Alonso Jim\u00e9nez , m\u00e1xima representante legal  de Espa\u00f1a en la Rep\u00fablica Argentina<\/strong>, tom\u00f3 la palabra dirigi\u00e9ndose a los asistentes dando las gracias a todos los colaboradores del acto y refiri\u00e9ndose a lo acontecido en Israel.<\/p>\n\n\n\n<p>\u00ab<em>Es admirable el esfuerzo de todos los involucrados en la preparaci\u00f3n de la celebraci\u00f3n de este acto por la fiesta de Espa\u00f1a  y es importante expresar <strong>el repudio y condena al ataque terrorista que se desarrollo en Israel  por parte del rey Felipe VI y del Gobierno de Espa\u00f1a\u00bb<\/strong><\/em><\/p>\n\n\n\n<p><div>Tambi\u00e9n se expres\u00f3 sobre los derechos de las mujeres y la falta de los mismos en muchos pa\u00edses.<\/div><\/p>\n\n\n\n<p><div>\u00ab<em>Todav\u00eda objetivos  de muchos reg\u00edmenes a ni el mundial que a d\u00eda de hoy ignoran y desprecian a muchas mujeres que luchan por sus derechos y libertades ejerciedo violencia Es importante reconocer este d\u00eda 11 de octubre  D\u00eda Internacional de la Ni\u00f1a y celebrar los logros de mujeres destacadas como la <strong>economista estadounidense Claudia Molding  sobre estudios en la brecha de g\u00e9nero y la Ir\u00e1n  Narg\u00e9s Mohammad (quien se encuentra  en estos momentos en la c\u00e1rcel) premio nobel de la Paz <\/strong>por la lucha  constante por los derechos de las mujeres , igualdad de g\u00e9nero y  libertad. Aunque queda mucho por hacer, estos avances son alentadores\u00bb.<\/em><\/div><\/p>\n\n\n\n<figure class=\"wp-block-gallery has-nested-images columns-default is-cropped wp-block-gallery-2 is-layout-flex wp-block-gallery-is-layout-flex\">\n<figure class=\"wp-block-image size-large\"><img decoding=\"async\" width=\"1024\" height=\"447\" data-id=\"4063\" src=\"https:\/\/xn--tuvozdiasporaespaola-k7b.com\/wp-content\/uploads\/2023\/10\/1000159943-1024x447.jpg\" alt=\"\" class=\"wp-image-4063\" srcset=\"https:\/\/xn--tuvozdiasporaespaola-k7b.com\/wp-content\/uploads\/2023\/10\/1000159943-1024x447.jpg 1024w, https:\/\/xn--tuvozdiasporaespaola-k7b.com\/wp-content\/uploads\/2023\/10\/1000159943-300x131.jpg 300w, https:\/\/xn--tuvozdiasporaespaola-k7b.com\/wp-content\/uploads\/2023\/10\/1000159943-768x335.jpg 768w, https:\/\/xn--tuvozdiasporaespaola-k7b.com\/wp-content\/uploads\/2023\/10\/1000159943.jpg 1440w\" sizes=\"(max-width: 1024px) 100vw, 1024px\" \/><\/figure>\n<\/figure>\n\n\n\n<p><div>En lo concerniente que las reacciones de latinoam\u00e9rica y Espa\u00f1a manifest\u00f3:<\/div><\/p>\n\n\n\n<p><div>\u00ab<em>Es positivo impulsar <strong>el reencuentro entre Europa y Latinoam\u00e9rica y el Caribe, ya que comparten intereses, valores democr\u00e1ticos y derechos humanos<\/strong>, lo cual fortalece la cooperaci\u00f3n entre ambas regiones y su capacidad para enfrentar desaf\u00edos geopol\u00edticos y geoecon\u00f3micos\u00bb.<\/em><\/div><\/p>\n\n\n\n<p><\/p>\n\n\n\n<figure class=\"wp-block-gallery has-nested-images columns-default is-cropped wp-block-gallery-3 is-layout-flex wp-block-gallery-is-layout-flex\">\n<figure class=\"wp-block-image size-large\"><img decoding=\"async\" width=\"1024\" height=\"461\" data-id=\"4064\" src=\"https:\/\/xn--tuvozdiasporaespaola-k7b.com\/wp-content\/uploads\/2023\/10\/1000159473-1024x461.jpg\" alt=\"\" class=\"wp-image-4064\" srcset=\"https:\/\/xn--tuvozdiasporaespaola-k7b.com\/wp-content\/uploads\/2023\/10\/1000159473-1024x461.jpg 1024w, https:\/\/xn--tuvozdiasporaespaola-k7b.com\/wp-content\/uploads\/2023\/10\/1000159473-300x135.jpg 300w, https:\/\/xn--tuvozdiasporaespaola-k7b.com\/wp-content\/uploads\/2023\/10\/1000159473-768x346.jpg 768w, https:\/\/xn--tuvozdiasporaespaola-k7b.com\/wp-content\/uploads\/2023\/10\/1000159473-1536x691.jpg 1536w, https:\/\/xn--tuvozdiasporaespaola-k7b.com\/wp-content\/uploads\/2023\/10\/1000159473-2048x922.jpg 2048w\" sizes=\"(max-width: 1024px) 100vw, 1024px\" \/><\/figure>\n<\/figure>\n\n\n\n<p>Para terminar diciendo las excelentes relaciones Espa\u00f1a -Argentina:<\/p>\n\n\n\n<p>\u00abLos <strong>v\u00ednculos entre Espa\u00f1a y Argentina son s\u00f3lidos y duraderos, con una gran cantidad de ciudadanos de ambos pa\u00edses viviendo en  uno y el otro lado del Atl\u00e1ntico<\/strong> (En Argentina viven cerca de 450.000 espa\u00f1oles  de los cuales 350.000 est\u00e1n en Buenos Aires y en Espa\u00f1a cerca de 30.000 Argentinos). Esta relaci\u00f3n va m\u00e1s all\u00e1 de los cambios pol\u00edticos y se basa en una cooperaci\u00f3n estrat\u00e9gica en diversos \u00e1mbitos\u00bb<\/p>\n\n\n\n<p>En este acto tambi\u00e9n se manifest\u00f3 por parte de la Embajadora:<\/p>\n\n\n\n<p><\/p>\n\n\n\n<p><div>\u00bb <em>Con relaci\u00f3n a la Guerra de Ucrania  <strong>quiero manifestar el compromiso por parte de Espa\u00f1a dentro de la presidencia de la Uni\u00f3n Europea, con el pueblo de Ucrania y la manifestaci\u00f3n de apoyo total e inquebrantable <\/strong>del Presidente del gobierno de Espa\u00f1a  Pedro Sanchez quien se lo manifest\u00f3 p\u00fablicamente al presidente de Ucrania  Zelensky \u00ab.<\/em><\/div><\/p>\n\n\n\n<p><div>En este acto estuvieron presentes representaciones de todos los pa\u00edses  encabezadas por embajadores <strong>de EEUU  Pa\u00edses Europeos y Asi\u00e1ticos y Africanos as\u00ed como una representaci\u00f3n de los Pa\u00edses de Latinoam\u00e9rica  y  del gobierno Argentino,<\/strong> Justicia y Militares,  as\u00ed como referentes del \u00e1mbito cultural y diputados Argentinos.<\/div><\/p>\n","protected":false},"excerpt":{"rendered":"<p>Este 11 de Octubre en la embajada de Espa\u00f1a de Buenos Aires se celebr\u00f3 un acto institucional en el que PODEMOS ARGENTINA fue invitado &#8230; <\/p>\n<p class=\"read-more-container\"><a title=\"PODEMOS ARGENTINA en acto institucional de la  EMBAJADA DE ESPA\u00d1A\" class=\"read-more button\" href=\"https:\/\/xn--tuvozdiasporaespaola-k7b.com\/page\/2\/podemos-argentina-en-acto-institucional-de-la-embajada-de-espana\/#more-4056\" aria-label=\"M\u00e1s en PODEMOS ARGENTINA en acto institucional de la  EMBAJADA DE ESPA\u00d1A\">Leer m\u00e1s<\/a><\/p>\n","protected":false},"author":222560522,"featured_media":4067,"comment_status":"open","ping_status":"open","sticky":false,"template":"","format":"standard","meta":{"footnotes":""},"categories":[121854],"tags":[],"class_list":["post-4056","post","type-post","status-publish","format-standard","has-post-thumbnail","hentry","category-consejo-de-residentes-espanoles","resize-featured-image"],"_links":{"self":[{"href":"https:\/\/xn--tuvozdiasporaespaola-k7b.com\/page\/2\/wp-json\/wp\/v2\/posts\/4056","targetHints":{"allow":["GET"]}}],"collection":[{"href":"https:\/\/xn--tuvozdiasporaespaola-k7b.com\/page\/2\/wp-json\/wp\/v2\/posts"}],"about":[{"href":"https:\/\/xn--tuvozdiasporaespaola-k7b.com\/page\/2\/wp-json\/wp\/v2\/types\/post"}],"author":[{"embeddable":true,"href":"https:\/\/xn--tuvozdiasporaespaola-k7b.com\/page\/2\/wp-json\/wp\/v2\/users\/222560522"}],"replies":[{"embeddable":true,"href":"https:\/\/xn--tuvozdiasporaespaola-k7b.com\/page\/2\/wp-json\/wp\/v2\/comments?post=4056"}],"version-history":[{"count":5,"href":"https:\/\/xn--tuvozdiasporaespaola-k7b.com\/page\/2\/wp-json\/wp\/v2\/posts\/4056\/revisions"}],"predecessor-version":[{"id":4072,"href":"https:\/\/xn--tuvozdiasporaespaola-k7b.com\/page\/2\/wp-json\/wp\/v2\/posts\/4056\/revisions\/4072"}],"wp:featuredmedia":[{"embeddable":true,"href":"https:\/\/xn--tuvozdiasporaespaola-k7b.com\/page\/2\/wp-json\/wp\/v2\/media\/4067"}],"wp:attachment":[{"href":"https:\/\/xn--tuvozdiasporaespaola-k7b.com\/page\/2\/wp-json\/wp\/v2\/media?parent=4056"}],"wp:term":[{"taxonomy":"category","embeddable":true,"href":"https:\/\/xn--tuvozdiasporaespaola-k7b.com\/page\/2\/wp-json\/wp\/v2\/categories?post=4056"},{"taxonomy":"post_tag","embeddable":true,"href":"https:\/\/xn--tuvozdiasporaespaola-k7b.com\/page\/2\/wp-json\/wp\/v2\/tags?post=4056"}],"curies":[{"name":"wp","href":"https:\/\/api.w.org\/{rel}","templated":true}]}}