{"id":4029,"date":"2023-10-09T20:46:08","date_gmt":"2023-10-09T23:46:08","guid":{"rendered":"https:\/\/xn--tuvozdiasporaespaola-k7b.com\/page\/2\/?p=4029"},"modified":"2023-10-09T20:46:09","modified_gmt":"2023-10-09T23:46:09","slug":"cordoba-argentina-y-la-atencion-a-la-diaspora-espanola","status":"publish","type":"post","link":"https:\/\/xn--tuvozdiasporaespaola-k7b.com\/page\/2\/cordoba-argentina-y-la-atencion-a-la-diaspora-espanola\/","title":{"rendered":"CORDOBA ( Argentina) y\u00a0 la\u00a0 ATENCI\u00d3N a\u00a0 la DI\u00c1SPORA ESPA\u00d1OLA"},"content":{"rendered":"\n<p><\/p>\n\n\n\n<p>&nbsp;Varias personas que est\u00e1n tramitando el derecho a la nacionalidad espa\u00f1ola enviaron una carta abierta al ministro de Relaciones Exteriores, Uni\u00f3n Europea y Cooperaci\u00f3n de Espa\u00f1a, Jos\u00e9 Manuel Albares Bueno manifestando su preocupaci\u00f3n por las demoras para obtener su documentaci\u00f3n en el Consulado espa\u00f1ol en C\u00f3rdoba, en el marco de la Ley de Memoria Democr\u00e1tica, tambi\u00e9n conocida como Ley de Nietos.<\/p>\n\n\n\n<p>La misiva, firmada por Mar\u00eda Isabel Gimenez Spaggiari, Alina Mabel Mazza Marcos, Mariano Ramiro Marcote Mu\u00f1oz, Betiana Belen Brito Conde y Macarena Santos Usandivaras, plantea el \u201cpesar y tristeza\u201d de quienes iniciaron sus gestiones para obtener la ciudadan\u00eda, por los retrasos en el consulado de C\u00f3rdoba, que abarca a varias provincias.<\/p>\n\n\n\n<figure class=\"wp-block-pullquote\"><blockquote><p>\u00abUn grupo de descendientes\u00a0 e integrantes de esta di\u00e1spora espa\u00f1ola en el exterior envi\u00f3 una carta abierta dirigida al ministro de Relaciones Exteriores de Espa\u00f1a. Los afectados plantean que en C\u00f3rdoba sus derechos son vulnerados\u00bb.<\/p><\/blockquote><\/figure>\n\n\n\n<p>En ella explican que la recepci\u00f3n de los tr\u00e1mites comenz\u00f3 tarde en C\u00f3rdoba y que las esperas para recibir el usuario y contrase\u00f1a, que permite continuar con la gesti\u00f3n, se demoran hasta 90 d\u00edas, dos meses m\u00e1s de lo informado previamente.<\/p>\n\n\n\n<figure class=\"wp-block-gallery has-nested-images columns-default is-cropped wp-block-gallery-1 is-layout-flex wp-block-gallery-is-layout-flex\">\n<figure class=\"wp-block-image size-large\"><img fetchpriority=\"high\" decoding=\"async\" width=\"480\" height=\"270\" data-id=\"4030\" src=\"https:\/\/xn--tuvozdiasporaespaola-k7b.com\/wp-content\/uploads\/2023\/10\/1000158763.webp\" alt=\"\" class=\"wp-image-4030\" srcset=\"https:\/\/xn--tuvozdiasporaespaola-k7b.com\/wp-content\/uploads\/2023\/10\/1000158763.webp 480w, https:\/\/xn--tuvozdiasporaespaola-k7b.com\/wp-content\/uploads\/2023\/10\/1000158763-300x169.webp 300w\" sizes=\"(max-width: 480px) 100vw, 480px\" \/><\/figure>\n<\/figure>\n\n\n\n<p><em>\u201c<\/em><strong><em>A la fecha hay numerosos descendientes que enviaron sus PDF en febrero, marzo y abril que contin\u00faan en la \u2018dulce espera\u2019<\/em><\/strong><strong>\u201d,<\/strong> se\u00f1alan en la carta.<\/p>\n\n\n\n<p><em>\u201c<\/em><strong><em>Conseguir turnos es otra odisea, ya que suele abrirse el turnero de madrugada, entre las 2 y 6, durando segundos. Esta p\u00e1gina estuvo ca\u00edda casi un mes. Otro motivo de profundo pesar, son los cientos de emails \u2018perdidos\u2019 con PDF conteniendo informaci\u00f3n sensible de los descendientes, todav\u00eda no se comprende c\u00f3mo pudo pasar\u201d,<\/em><\/strong><strong> <\/strong>detallan.<\/p>\n\n\n\n<p>En el escrito apuntan que al momento de la presentaci\u00f3n de la documentaci\u00f3n de manera presencial, los empleados consulares informan que las demoras en la resoluci\u00f3n son de entre uno y dos a\u00f1os y refieren que <strong><em>\u201cen forma aleatoria estos plazos aumentaron de dos a cinco a\u00f1os\u201d.<\/em><\/strong><\/p>\n\n\n\n<p><strong><em>\u201cDe all\u00ed salimos con l\u00e1grimas en los ojos y un profundo pesar. Este sentimiento se acrecienta cuando, consulados de este mismo pa\u00eds est\u00e1n resolviendo los expedientes en seis, ocho o 10 meses\u201d,<\/em><\/strong> aseguran.<\/p>\n\n\n\n<p>Los firmantes califican a esos plazos como \u201c<strong><em>desproporcionados e irracionales\u201d. \u201cEntendemos que en la funci\u00f3n diplom\u00e1tica, puede haber cierta discrecionalidad en su ejercicio, pero esta discrecionalidad tiene un l\u00edmite que es la razonabilidad. \u00bfEstos plazos son razonables?\u201d,<\/em><\/strong> se preguntan.<\/p>\n\n\n\n<p>En otro p\u00e1rrafo, los firmantes defienden el derecho a la nacionalidad otorgado por ley lo que, manifiestan, les \u201c<strong><em>est\u00e1 siendo restringido en este Consulado\u201d.<\/em><\/strong><\/p>\n\n\n\n<p>\u201c<strong><em>Sentimos que nuestros derechos son vulnerados, puesto que el c\u00f3nsul se toma la prerrogativa de \u2018secuestrar\u2019 nuestro derecho a la nacionalidad\u201d,<\/em><\/strong> indican.<\/p>\n\n\n\n<p>En otro apartado agregan que las personas que presentaron la documentaci\u00f3n en este consulado son<strong><em> \u201crehenes\u201d<\/em><\/strong> del sistema.<\/p>\n\n\n\n<p><strong><em>\u201cTodos estos inconvenientes podr\u00edan ser solucionados a trav\u00e9s de herramientas inform\u00e1ticas\u201d, <\/em><\/strong>remarcaron. Adem\u00e1s, manifiestan su preocupaci\u00f3n por la imposibilidad de comunicarse por cualquier v\u00eda con el personal del Consulado con lo cual, precisan, se vieron obligados<strong><em> \u201ca crear grupos de autoayuda\u201d.<\/em><\/strong><\/p>\n\n\n\n<p>En meses pasados ya desde esta revista comentamos estos hechos en la circunscripci\u00f3n del consulado de C\u00f3rdoba y su demarcaci\u00f3n consular, que abarca adem\u00e1s de C\u00f3rdoba, a Jujuy, Salta, Tucum\u00e1n, Santiago del Estero, Catamarca y La Rioja,\u00a0 y puestos en contacto con Podemos Argentina\u00a0 su equipo de CREs y Territorio nos comentaron lo siguiente\u00a0<\/p>\n\n\n\n<figure class=\"wp-block-gallery has-nested-images columns-default is-cropped wp-block-gallery-2 is-layout-flex wp-block-gallery-is-layout-flex\">\n<figure class=\"wp-block-image size-large\"><img decoding=\"async\" width=\"720\" height=\"862\" data-id=\"4031\" src=\"https:\/\/xn--tuvozdiasporaespaola-k7b.com\/wp-content\/uploads\/2023\/10\/1000154162.jpg\" alt=\"\" class=\"wp-image-4031\" srcset=\"https:\/\/xn--tuvozdiasporaespaola-k7b.com\/wp-content\/uploads\/2023\/10\/1000154162.jpg 720w, https:\/\/xn--tuvozdiasporaespaola-k7b.com\/wp-content\/uploads\/2023\/10\/1000154162-251x300.jpg 251w\" sizes=\"(max-width: 720px) 100vw, 720px\" \/><\/figure>\n<\/figure>\n\n\n\n<p>\u00abEn meses pasados hicimos llegar a trav\u00e9s de nuestros equipos&nbsp; estas preocupaciones y pedimos respuesta a organismos dependientes del Direcci\u00f3n General de migraciones y asuntos consulares en el que se nos manifest\u00f3 que diversas fueron las&nbsp; cuestiones que&nbsp; se dieron tales como, &nbsp; la ca\u00edda del&nbsp; sistema de turnos para tramitar la ciudadan\u00eda espa\u00f1ola o la falta de funcionarios para la agilizaci\u00f3n de expedientes que llevo a estar desbordados de pedidos\u201d. Adem\u00e1s &nbsp; Podemos Manifesto que \u00bb la falta de personal y el sistema inform\u00e1tico est\u00e1 saturado fueron claves para este colapso\u00bb<\/p>\n\n\n\n<p>\u00abEste hecho ya estar\u00eda resuelto con la contrataci\u00f3n de personal de refuerzo a la vez &nbsp; inform\u00f3 que el Consulado General de Espa\u00f1a en C\u00f3rdoba recibi\u00f3 hasta el momento casi 17 mil solicitudes para acceder a la ciudadan\u00eda espa\u00f1ola\u00bb&nbsp; \u00bb&nbsp; que del total de tr\u00e1mites iniciados, hay 6.700 en condiciones de ser otorgados ya que cumplen con toda la documentaci\u00f3n requerida, aunque todav\u00eda no han sido inscriptos\u00bb continuando&nbsp; \u00bb en las provincias dependientes del consulado de&nbsp; C\u00f3rdoba s\u00f3lo se han resuelto unos pocos expedientes con \u201cexcepciones de urgencia y&nbsp;<\/p>\n\n\n\n<p>otros 9.884 expedientes a\u00fan est\u00e1n pendientes de revisi\u00f3n\u00bb&nbsp;<\/p>\n\n\n\n<p>Hay que recordar que este derecho a la nac\u00ed&nbsp; se da en el marco de la Ley de Memoria Democr\u00e1tica, que fue sancionada en octubre de 2022&nbsp; con&nbsp; bajo iniciativa de Podemos en el gobierno progresista y que estar\u00e1 en vigencia hasta octubre de 2024.<\/p>\n\n\n\n<p>La tramitaci\u00f3n de la nacionalidad espa\u00f1ola a trav\u00e9s de la Ley de Nietos incluye una serie de pasos que PODEMOS ARGENTINA &nbsp; expuso en un enlace para poder agilizar dudas.<\/p>\n\n\n\n<figure class=\"wp-block-embed is-type-rich is-provider-twitter wp-block-embed-twitter\"><div class=\"wp-block-embed__wrapper\">\n<blockquote class=\"twitter-tweet\" data-width=\"550\" data-dnt=\"true\"><p lang=\"es\" dir=\"ltr\">PASO A PASO  para hacer el tramite de nacionalidad espa\u00f1ola.<a href=\"https:\/\/twitter.com\/CGCEE_VIII?ref_src=twsrc%5Etfw\">@CGCEE_VIII<\/a><a href=\"https:\/\/twitter.com\/Refugiomigrante?ref_src=twsrc%5Etfw\">@Refugiomigrante<\/a><a href=\"https:\/\/t.co\/YIyvuVIzST\">https:\/\/t.co\/YIyvuVIzST<\/a> <a href=\"https:\/\/t.co\/bAFGZSJkKd\">pic.twitter.com\/bAFGZSJkKd<\/a><\/p>&mdash; TU VOZ Di\u00e1spora Espa\u00f1ola (@DiasporaEspa) <a href=\"https:\/\/twitter.com\/DiasporaEspa\/status\/1702330370774241541?ref_src=twsrc%5Etfw\">September 14, 2023<\/a><\/blockquote><script async src=\"https:\/\/platform.twitter.com\/widgets.js\" charset=\"utf-8\"><\/script>\n<\/div><\/figure>\n\n\n\n<p>Entre otras cosas&nbsp; destacar que la informaci\u00f3n se transmite a modo general en la p\u00e1gina web y s\u00f3lo responde consultas por e-mail , no lo hace en forma presencial en su sede de calle Chacabuco ni telef\u00f3nica o a trav\u00e9s de redes sociales&nbsp; solo el Vicec\u00f3nsul de TUCUM\u00c1N est\u00e1 realizando procesos informativos dos d\u00edas en&nbsp; la semana Martes y Jueves de forma presencial en sus instalaciones en calle&nbsp; Laprida 316, T4000 San Miguel de Tucum\u00e1n donde esta el edificio de la Sociedad Espa\u00f1ola de Socorros Mutuos&nbsp; y funciona el viceconsulado de&nbsp; Espa\u00f1a, excepci\u00f3n dada por la dedicaci\u00f3n al cargo de manera altruista del Vicec\u00f3nsul en beneficio de la Ciudadan\u00eda Espa\u00f1ola en&nbsp; Tucum\u00e1n ( felicitamos por este actividad).<\/p>\n","protected":false},"excerpt":{"rendered":"<p>&nbsp;Varias personas que est\u00e1n tramitando el derecho a la nacionalidad espa\u00f1ola enviaron una carta abierta al ministro de Relaciones Exteriores, Uni\u00f3n Europea y Cooperaci\u00f3n &#8230; <\/p>\n<p class=\"read-more-container\"><a title=\"CORDOBA ( Argentina) y\u00a0 la\u00a0 ATENCI\u00d3N a\u00a0 la DI\u00c1SPORA ESPA\u00d1OLA\" class=\"read-more button\" href=\"https:\/\/xn--tuvozdiasporaespaola-k7b.com\/page\/2\/cordoba-argentina-y-la-atencion-a-la-diaspora-espanola\/#more-4029\" aria-label=\"M\u00e1s en CORDOBA ( Argentina) y\u00a0 la\u00a0 ATENCI\u00d3N a\u00a0 la DI\u00c1SPORA ESPA\u00d1OLA\">Leer m\u00e1s<\/a><\/p>\n","protected":false},"author":222560522,"featured_media":4032,"comment_status":"open","ping_status":"open","sticky":false,"template":"","format":"standard","meta":{"footnotes":""},"categories":[121854],"tags":[],"class_list":["post-4029","post","type-post","status-publish","format-standard","has-post-thumbnail","hentry","category-consejo-de-residentes-espanoles","resize-featured-image"],"_links":{"self":[{"href":"https:\/\/xn--tuvozdiasporaespaola-k7b.com\/page\/2\/wp-json\/wp\/v2\/posts\/4029","targetHints":{"allow":["GET"]}}],"collection":[{"href":"https:\/\/xn--tuvozdiasporaespaola-k7b.com\/page\/2\/wp-json\/wp\/v2\/posts"}],"about":[{"href":"https:\/\/xn--tuvozdiasporaespaola-k7b.com\/page\/2\/wp-json\/wp\/v2\/types\/post"}],"author":[{"embeddable":true,"href":"https:\/\/xn--tuvozdiasporaespaola-k7b.com\/page\/2\/wp-json\/wp\/v2\/users\/222560522"}],"replies":[{"embeddable":true,"href":"https:\/\/xn--tuvozdiasporaespaola-k7b.com\/page\/2\/wp-json\/wp\/v2\/comments?post=4029"}],"version-history":[{"count":1,"href":"https:\/\/xn--tuvozdiasporaespaola-k7b.com\/page\/2\/wp-json\/wp\/v2\/posts\/4029\/revisions"}],"predecessor-version":[{"id":4033,"href":"https:\/\/xn--tuvozdiasporaespaola-k7b.com\/page\/2\/wp-json\/wp\/v2\/posts\/4029\/revisions\/4033"}],"wp:featuredmedia":[{"embeddable":true,"href":"https:\/\/xn--tuvozdiasporaespaola-k7b.com\/page\/2\/wp-json\/wp\/v2\/media\/4032"}],"wp:attachment":[{"href":"https:\/\/xn--tuvozdiasporaespaola-k7b.com\/page\/2\/wp-json\/wp\/v2\/media?parent=4029"}],"wp:term":[{"taxonomy":"category","embeddable":true,"href":"https:\/\/xn--tuvozdiasporaespaola-k7b.com\/page\/2\/wp-json\/wp\/v2\/categories?post=4029"},{"taxonomy":"post_tag","embeddable":true,"href":"https:\/\/xn--tuvozdiasporaespaola-k7b.com\/page\/2\/wp-json\/wp\/v2\/tags?post=4029"}],"curies":[{"name":"wp","href":"https:\/\/api.w.org\/{rel}","templated":true}]}}