{"id":4008,"date":"2023-10-10T23:25:19","date_gmt":"2023-10-11T02:25:19","guid":{"rendered":"https:\/\/xn--tuvozdiasporaespaola-k7b.com\/page\/2\/?p=4008"},"modified":"2023-10-10T23:25:20","modified_gmt":"2023-10-11T02:25:20","slug":"ucrania-rusia-en-las-conversaciones-de-la-diaspora","status":"publish","type":"post","link":"https:\/\/xn--tuvozdiasporaespaola-k7b.com\/page\/2\/ucrania-rusia-en-las-conversaciones-de-la-diaspora\/","title":{"rendered":"\u00a0UCRANIA-RUSIA EN LAS CONVERSACIONES DE LA DI\u00c1SPORA"},"content":{"rendered":"\n<p>Por Walter Medina <\/p>\n\n\n\n<p>Francisco L\u00f3pez desde Buenos Aires, Miguel \u00c1ngel Ferris desde Par\u00eds, y Paloma Garc\u00eda Bellido desde el Reino Unido, dialogaron en \u201cCenizas de Babilonia. Di\u00e1spora Espa\u00f1ola\u201d acerca del conflicto b\u00e9lico entre Ucrania y Rusia que ya lleva m\u00e1s de dos a\u00f1os activo.<\/p>\n\n\n\n<p>En el bloque de conversaciones del programa radial que emite AM 830, L\u00f3pez inici\u00f3 la tem\u00e1tica explicando \u201cSe han dado tres situaciones: El triunfo en Eslovaquia de un partido neonazi que aglutin\u00f3 a la extrema izquierda, a la extrema derecha y a los nacionalistas,&nbsp; y han puesto un parate a la ayuda militar que&nbsp; iban a darle a Ucrania. <\/p>\n\n\n\n<p>Lo mismo est\u00e1 pasando con Polonia con el tema de las elecciones y la econom\u00eda. La situaci\u00f3n que se ha dado en Estados Unidos, que ha congelado las ayudas que estaban destinadas a Kiev en la C\u00e1mara de Representantes, la mayor\u00eda republicana, y la destituci\u00f3n del presidente de la C\u00e1mara que era uno de los que aprobaba esas ayudas a Ucrania. <\/p>\n\n\n\n<p>Hay que recordar que Estados Unidos ha dado en ayudas hasta aqu\u00ed 113 mil millones a Kiev. Aparte est\u00e1 el tema de ese desplante que le ha hecho Zelenski a Pedro S\u00e1nchez para estar en la cumbre que se va a hacer en Granada\u201d, L\u00f3pez dijo sobre estos temas que se trata de \u201csituaciones que van a marcar un giro de 180 grados\u201d<\/p>\n\n\n\n<figure class=\"wp-block-gallery has-nested-images columns-default is-cropped wp-block-gallery-1 is-layout-flex wp-block-gallery-is-layout-flex\">\n<figure class=\"wp-block-image size-large\"><img fetchpriority=\"high\" decoding=\"async\" width=\"1024\" height=\"577\" data-id=\"4034\" src=\"https:\/\/xn--tuvozdiasporaespaola-k7b.com\/wp-content\/uploads\/2023\/10\/1000157732-1024x577.jpg\" alt=\"\" class=\"wp-image-4034\" srcset=\"https:\/\/xn--tuvozdiasporaespaola-k7b.com\/wp-content\/uploads\/2023\/10\/1000157732-1024x577.jpg 1024w, https:\/\/xn--tuvozdiasporaespaola-k7b.com\/wp-content\/uploads\/2023\/10\/1000157732-300x169.jpg 300w, https:\/\/xn--tuvozdiasporaespaola-k7b.com\/wp-content\/uploads\/2023\/10\/1000157732-768x433.jpg 768w, https:\/\/xn--tuvozdiasporaespaola-k7b.com\/wp-content\/uploads\/2023\/10\/1000157732-1536x866.jpg 1536w, https:\/\/xn--tuvozdiasporaespaola-k7b.com\/wp-content\/uploads\/2023\/10\/1000157732.jpg 1599w\" sizes=\"(max-width: 1024px) 100vw, 1024px\" \/><\/figure>\n<\/figure>\n\n\n\n<p>Respecto a estos temas planteados por Francisco L\u00f3pez, y a la pregunta de si finalmente se conseguir\u00e1 el fin de la guerra, la responsable de la Plataforma de Militantes de Podemos en el Exterior, Paloma Garc\u00eda Bellido,&nbsp; sostuvo que \u201cdepende mucho de las influencias que puedan tener las industrias armamentistas en los gobiernos; en particular, desde el punto de vista de Londres, lo m\u00e1s reciente es que, a pesar de que Trump en Estados Unidos pudiera entrar como presidente, el gobierno brit\u00e1nico seguir\u00e1 mandando armas y apoyando la lucha en Ucrania. <\/p>\n\n\n\n<p>Esto da una idea de la situaci\u00f3n belicista de Europa que no parece que vaya a dejar de utilizar a Ucrania como un elemento de inversi\u00f3n armamentista. No creo que haya paz, no lo creo en absoluto\u201d.<\/p>\n\n\n\n<figure class=\"wp-block-gallery has-nested-images columns-default is-cropped wp-block-gallery-2 is-layout-flex wp-block-gallery-is-layout-flex\">\n<figure class=\"wp-block-image size-large\"><img decoding=\"async\" width=\"900\" height=\"600\" data-id=\"4035\" src=\"https:\/\/xn--tuvozdiasporaespaola-k7b.com\/wp-content\/uploads\/2023\/10\/1000157738.jpg\" alt=\"\" class=\"wp-image-4035\" srcset=\"https:\/\/xn--tuvozdiasporaespaola-k7b.com\/wp-content\/uploads\/2023\/10\/1000157738.jpg 900w, https:\/\/xn--tuvozdiasporaespaola-k7b.com\/wp-content\/uploads\/2023\/10\/1000157738-300x200.jpg 300w, https:\/\/xn--tuvozdiasporaespaola-k7b.com\/wp-content\/uploads\/2023\/10\/1000157738-768x512.jpg 768w\" sizes=\"(max-width: 900px) 100vw, 900px\" \/><\/figure>\n<\/figure>\n\n\n\n<p>As\u00ed mismo, y en relaci\u00f3n a este mismo tema, Garc\u00eda Bellido destac\u00f3 que \u201cLos intentos de Podemos porque se pudiera hacer una diplomacia son bastante ingenuos. No creo que Zelenski se siente a discutir con Putin las posibles conformaciones futuras del territorio ucraniano. <\/p>\n\n\n\n<p>Yo creo que los Estados Unidos est\u00e1n claramente intentando que esta guerra se prolongue, y utilizar a Europa. Parece ser que no tiene suficiente arsenal contra Putin. <\/p>\n\n\n\n<p>Y contra la falta de arsenal creen que&nbsp; tendr\u00edamos todos que arrimar el hombro para d\u00e1rselo a Zelenski\u201d<\/p>\n\n\n\n<p>En opini\u00f3n de Miguel \u00c1ngel Ferris, \u201cNos encontramos ante un giro de la pol\u00edtica belicista de los pa\u00edses que hab\u00edan alargado desde el final de la Guerra Fr\u00eda, desde la ca\u00edda del muro, la recomposici\u00f3n de los bloques dominantes. <\/p>\n\n\n\n<p>En estos momentos a nadie le interesa llegar a un acuerdo de paz sino que de alguna manera se tientan cada uno la potencia que pueden tener, tanto de influencia en los pa\u00edses de su \u00f3rbita, no solo Estados Unidos alineando a Europa, sino tambi\u00e9n Rusia entrando alianzas como los Brics, o China, que est\u00e1 dando impulso a la nueva conferencia de pa\u00edses no alineados que re\u00fane a ciento treinta y cuatro pa\u00edses. <\/p>\n\n\n\n<p>Creo que en general, hay que prepararse para un invierno belicista, para estar por desgracia bordeando el abismo para que se provoquen otros conflictos\u201d<\/p>\n\n\n\n<figure class=\"wp-block-gallery has-nested-images columns-default is-cropped wp-block-gallery-3 is-layout-flex wp-block-gallery-is-layout-flex\">\n<figure class=\"wp-block-image size-large\"><img decoding=\"async\" width=\"1024\" height=\"683\" data-id=\"4036\" src=\"https:\/\/xn--tuvozdiasporaespaola-k7b.com\/wp-content\/uploads\/2023\/10\/1000157731-1024x683.jpg\" alt=\"\" class=\"wp-image-4036\" srcset=\"https:\/\/xn--tuvozdiasporaespaola-k7b.com\/wp-content\/uploads\/2023\/10\/1000157731-1024x683.jpg 1024w, https:\/\/xn--tuvozdiasporaespaola-k7b.com\/wp-content\/uploads\/2023\/10\/1000157731-300x200.jpg 300w, https:\/\/xn--tuvozdiasporaespaola-k7b.com\/wp-content\/uploads\/2023\/10\/1000157731-768x512.jpg 768w, https:\/\/xn--tuvozdiasporaespaola-k7b.com\/wp-content\/uploads\/2023\/10\/1000157731.jpg 1200w\" sizes=\"(max-width: 1024px) 100vw, 1024px\" \/><\/figure>\n<\/figure>\n\n\n\n<p>Francisco L\u00f3pez cree que \u201cse est\u00e1 preparando el terreno a esa situaci\u00f3n. Que la C\u00e1mara de Estados Unidos haya congelado hoy las ayudas a Ucrania, y ante la posibilidad de que Donald Trump pueda presidir la C\u00e1mara de Senadores de los Estados Unidos, yo creo que va a haber un antes y un despu\u00e9s. Como que se est\u00e1 preparando el terreno hacia una situaci\u00f3n de paz forzada\u201d. <\/p>\n\n\n\n<p>En este mismo sentido, L\u00f3pez record\u00f3 que \u201chay unas declaraciones del gobierno brit\u00e1nico en la que dice que sus arsenales est\u00e1n al l\u00edmite de esa ayuda militar que estaban dando. Ahora viene el invierno y veremos qu\u00e9 pa\u00eds puede resistir sin una ayuda de Estados Unidos\u201d.<\/p>\n\n\n\n<p> <\/p>\n","protected":false},"excerpt":{"rendered":"<p>Por Walter Medina Francisco L\u00f3pez desde Buenos Aires, Miguel \u00c1ngel Ferris desde Par\u00eds, y Paloma Garc\u00eda Bellido desde el Reino Unido, dialogaron en \u201cCenizas &#8230; <\/p>\n<p class=\"read-more-container\"><a title=\"\u00a0UCRANIA-RUSIA EN LAS CONVERSACIONES DE LA DI\u00c1SPORA\" class=\"read-more button\" href=\"https:\/\/xn--tuvozdiasporaespaola-k7b.com\/page\/2\/ucrania-rusia-en-las-conversaciones-de-la-diaspora\/#more-4008\" aria-label=\"M\u00e1s en \u00a0UCRANIA-RUSIA EN LAS CONVERSACIONES DE LA DI\u00c1SPORA\">Leer m\u00e1s<\/a><\/p>\n","protected":false},"author":222560522,"featured_media":4037,"comment_status":"open","ping_status":"open","sticky":false,"template":"","format":"standard","meta":{"footnotes":""},"categories":[121850],"tags":[],"class_list":["post-4008","post","type-post","status-publish","format-standard","has-post-thumbnail","hentry","category-politica","resize-featured-image"],"_links":{"self":[{"href":"https:\/\/xn--tuvozdiasporaespaola-k7b.com\/page\/2\/wp-json\/wp\/v2\/posts\/4008","targetHints":{"allow":["GET"]}}],"collection":[{"href":"https:\/\/xn--tuvozdiasporaespaola-k7b.com\/page\/2\/wp-json\/wp\/v2\/posts"}],"about":[{"href":"https:\/\/xn--tuvozdiasporaespaola-k7b.com\/page\/2\/wp-json\/wp\/v2\/types\/post"}],"author":[{"embeddable":true,"href":"https:\/\/xn--tuvozdiasporaespaola-k7b.com\/page\/2\/wp-json\/wp\/v2\/users\/222560522"}],"replies":[{"embeddable":true,"href":"https:\/\/xn--tuvozdiasporaespaola-k7b.com\/page\/2\/wp-json\/wp\/v2\/comments?post=4008"}],"version-history":[{"count":2,"href":"https:\/\/xn--tuvozdiasporaespaola-k7b.com\/page\/2\/wp-json\/wp\/v2\/posts\/4008\/revisions"}],"predecessor-version":[{"id":4038,"href":"https:\/\/xn--tuvozdiasporaespaola-k7b.com\/page\/2\/wp-json\/wp\/v2\/posts\/4008\/revisions\/4038"}],"wp:featuredmedia":[{"embeddable":true,"href":"https:\/\/xn--tuvozdiasporaespaola-k7b.com\/page\/2\/wp-json\/wp\/v2\/media\/4037"}],"wp:attachment":[{"href":"https:\/\/xn--tuvozdiasporaespaola-k7b.com\/page\/2\/wp-json\/wp\/v2\/media?parent=4008"}],"wp:term":[{"taxonomy":"category","embeddable":true,"href":"https:\/\/xn--tuvozdiasporaespaola-k7b.com\/page\/2\/wp-json\/wp\/v2\/categories?post=4008"},{"taxonomy":"post_tag","embeddable":true,"href":"https:\/\/xn--tuvozdiasporaespaola-k7b.com\/page\/2\/wp-json\/wp\/v2\/tags?post=4008"}],"curies":[{"name":"wp","href":"https:\/\/api.w.org\/{rel}","templated":true}]}}