{"id":4004,"date":"2023-10-06T15:33:16","date_gmt":"2023-10-06T18:33:16","guid":{"rendered":"https:\/\/xn--tuvozdiasporaespaola-k7b.com\/page\/2\/?p=4004"},"modified":"2023-10-06T15:33:17","modified_gmt":"2023-10-06T18:33:17","slug":"el-libro-es-como-un-viaje-constante-ximena-donamaria","status":"publish","type":"post","link":"https:\/\/xn--tuvozdiasporaespaola-k7b.com\/page\/2\/el-libro-es-como-un-viaje-constante-ximena-donamaria\/","title":{"rendered":"\u00abEL LIBRO ES COMO UN VIAJE CONSTANTE\u201d Ximena Donamaria."},"content":{"rendered":"\n<p>Por Walter C. Medina<\/p>\n\n\n\n<p>ENTREVISTA A XIMENA DONAMARIA EN TIEMPOS DEL CRE\u201cXimena Donamaria es una argentina que a la que la vida llev\u00f3 a Espa\u00f1a en 2005. \u201cMe sali\u00f3 una oportunidad de venir a Barcelona Primero fui a Italia y las vueltas de la vida me trajeron a Sitges y me qued\u00e9. <\/p>\n\n\n\n<figure class=\"wp-block-gallery has-nested-images columns-default is-cropped wp-block-gallery-1 is-layout-flex wp-block-gallery-is-layout-flex\">\n<figure class=\"wp-block-image size-large is-style-rounded\"><img fetchpriority=\"high\" decoding=\"async\" width=\"885\" height=\"864\" data-id=\"4013\" src=\"https:\/\/xn--tuvozdiasporaespaola-k7b.com\/wp-content\/uploads\/2023\/10\/1000157608-1.jpg\" alt=\"\" class=\"wp-image-4013\" srcset=\"https:\/\/xn--tuvozdiasporaespaola-k7b.com\/wp-content\/uploads\/2023\/10\/1000157608-1.jpg 885w, https:\/\/xn--tuvozdiasporaespaola-k7b.com\/wp-content\/uploads\/2023\/10\/1000157608-1-300x293.jpg 300w, https:\/\/xn--tuvozdiasporaespaola-k7b.com\/wp-content\/uploads\/2023\/10\/1000157608-1-768x750.jpg 768w\" sizes=\"(max-width: 885px) 100vw, 885px\" \/><\/figure>\n<\/figure>\n\n\n\n<p>Desde 2005 estoy ac\u00e1\u201d, dijo durante su presentaci\u00f3n en la entrevista concedida al programa radial \u201cCenizas de Babilonia. Di\u00e1spora Espa\u00f1ola\u201d, que conducen Francisco L\u00f3pez y Roberto San Mart\u00edn en AM530 Radio del Pueblo.Adem\u00e1s de escritora, Ximena es activista por el derecho al aborto y trabaja en la Secretaria de Cultura de Podem CatalunyaTu libro marca un poco la trayectoria de lucha y de constancia; es un libro  que trasmite mucha paz.<\/p>\n\n\n\n<p> \u00bf<strong>Qu\u00e9 has querido plasmar en \u201cSoy Como La Vida Misma\u201d, que es el t\u00edtulo que lleva tu libro?<\/strong><\/p>\n\n\n\n<p>Bueno, b\u00e1sicamente sensaciones compartidas.  Que los lectores se puedan sentir identificados con sentimientos que tenemos todos, ya sea de desarraigo, eso est\u00e1 basado en mi experiencia, es autorreferencial, si bien es fantas\u00eda, hay muchas cosas puntuales que me pasaron.<\/p>\n\n\n\n<p> El hecho de irme del pa\u00eds donde nac\u00ed a la aventura, a otro lugar. La gente que sale de su tierra se puede sentir identificada, por los recuerdos. El libro es como un viaje constante.<\/p>\n\n\n\n<p><strong>\u00bfVes alguna correlaci\u00f3n de tu trayectoria con los viajes y las distancias?<\/strong><\/p>\n\n\n\n<p>La verdad es que no me muevo mucho de ac\u00e1 porque me encanta el pueblo. Pero si, en los movimientos hay muchas cosas que te pasan, y la mente est\u00e1 todo el tiempo yendo y viviendo.<\/p>\n\n\n\n<p><strong> \u00bfC\u00f3mo fue que te sumaste a Podemos, en la pol\u00edtica activa y en los movimientos sociales?<\/strong><\/p>\n\n\n\n<p>Estaba un d\u00eda en mi casa viendo un video de Pablo Iglesias que hablaba como Eurodiputado. Me llam\u00f3 mucha la atenci\u00f3n la forma en la que hablaba y las cosas que dec\u00eda. Fue como un flash, me encantaba todo lo que dec\u00eda. Despu\u00e9s ya me sum\u00e9 a Podemos y fue todo muy fuerte. <\/p>\n\n\n\n<p>En el pueblo no exist\u00eda el c\u00edrculo de Podemos. Hab\u00eda estado en 2014 pero luego se disolvi\u00f3. Y en 2020, despu\u00e9s de las elecciones, lo refundaron. Y ah\u00ed comenc\u00e9 a estar en las asambleas. La asamblea feminista en especial.<\/p>\n\n\n\n<p><strong>\u00bfQu\u00e9 crees que puede transmitir tu libro?<\/strong><\/p>\n\n\n\n<p>Lo que intento transmitir son muchos sentimientos reales. A medida que lo vas leyendo ves lo que le pasa a la persona. <\/p>\n\n\n\n<p>Hay mucho de sus pensamientos, hay mucha m\u00fasica y amor; es un canto al amor. Es un libro que nos puede llevar a buscar la tranquilidad espiritual o a reconciliarnos con nuestro pasado, nuestro presente y a pensar un poco en el futuro a trav\u00e9s de la trayectoria de vida. El pr\u00f3logo lo ha escrito Conchi Abell\u00e1n, Coordinadora Auton\u00f3mica de Podem Catalunya.Si, la llam\u00e9 porque somos amigas. Ella est\u00e1 leyendo todo el tiempo libros, as\u00ed que pens\u00e9 que por ah\u00ed le pod\u00eda gustar o interesar. Le mand\u00e9 un mensaje explic\u00e1ndole que hab\u00eda terminado el libro y si lo quer\u00eda leer para escribir el pr\u00f3logo. Y se lo mand\u00e9 y le encant\u00f3.\u00bfCu\u00e1les son los motivos por los que regresas a Argentina?Tengo una hija que acaba de terminar la ESO y despu\u00e9s vendr\u00edan dos a\u00f1os de bachillerato. Entonces pens\u00e1bamos irnos cuando ella terminara esos dos a\u00f1os. Pero falleci\u00f3 mi madre en noviembre y eso me dio vuelta todo. Mi pap\u00e1 est\u00e1 solo en  una casa enorme y la verdad es que tengo ganas de estar en familia, con los afectos. Ya estaba extra\u00f1ando mucho y esto fue lo que termin\u00f3 por decidirme. Aparte tengo muchas ganas de ir a Buenos Aires. Yo adoro Espa\u00f1a, pero est\u00e1 muy sobrevalorada Europa y Espa\u00f1a.<\/p>\n\n\n\n<figure class=\"wp-block-gallery has-nested-images columns-default is-cropped wp-block-gallery-2 is-layout-flex wp-block-gallery-is-layout-flex\">\n<figure class=\"wp-block-image size-large\"><img decoding=\"async\" width=\"697\" height=\"999\" data-id=\"4014\" src=\"https:\/\/xn--tuvozdiasporaespaola-k7b.com\/wp-content\/uploads\/2023\/10\/1000156282.jpg\" alt=\"\" class=\"wp-image-4014\" srcset=\"https:\/\/xn--tuvozdiasporaespaola-k7b.com\/wp-content\/uploads\/2023\/10\/1000156282.jpg 697w, https:\/\/xn--tuvozdiasporaespaola-k7b.com\/wp-content\/uploads\/2023\/10\/1000156282-209x300.jpg 209w\" sizes=\"(max-width: 697px) 100vw, 697px\" \/><\/figure>\n<\/figure>\n\n\n\n<p><strong> \u00bfQu\u00e9 le puedes decir a toda esa gente que dice que este es( Argentina)\u201cun pa\u00eds de mierda\u201d?<\/strong><\/p>\n\n\n\n<p>Ac\u00e1 est\u00e1 lleno de turistas argentinos. Hay muchos. Y una se pregunta, si el pa\u00eds est\u00e1 tan mal, \u00bfc\u00f3mo es que viaja tanta gente para hacer turismo en Europa?.<\/p>\n\n\n\n<p>A m\u00ed me gusta ver la reacci\u00f3n de la gente cuando les digo que me vuelvo a Argentina. Me preguntan si vuelvo de vacaciones. Y yo les digo que vuelvo a vivir.<\/p>\n\n\n\n<p> Y ah\u00ed me dicen que estoy loca, que esto es un para\u00edso, etc, etc. Entonces yo explico todo lo que me tira para volver a estar en Argentina. Primero los afectos, la gente, la cultura. <\/p>\n\n\n\n<p><strong>\u00bfToda esa lucha que has llevado adelante estando en Espa\u00f1a la traer\u00e1s aqu\u00ed?  <\/strong><\/p>\n\n\n\n<p>A los dos d\u00edas me tendr\u00e1s ah\u00ed seguro. Y si, seguir\u00e9 en actividad, por supuesto.                          <\/p>\n","protected":false},"excerpt":{"rendered":"<p>Por Walter C. Medina ENTREVISTA A XIMENA DONAMARIA EN TIEMPOS DEL CRE\u201cXimena Donamaria es una argentina que a la que la vida llev\u00f3 a &#8230; <\/p>\n<p class=\"read-more-container\"><a title=\"\u00abEL LIBRO ES COMO UN VIAJE CONSTANTE\u201d Ximena Donamaria.\" class=\"read-more button\" href=\"https:\/\/xn--tuvozdiasporaespaola-k7b.com\/page\/2\/el-libro-es-como-un-viaje-constante-ximena-donamaria\/#more-4004\" aria-label=\"M\u00e1s en \u00abEL LIBRO ES COMO UN VIAJE CONSTANTE\u201d Ximena Donamaria.\">Leer m\u00e1s<\/a><\/p>\n","protected":false},"author":222560522,"featured_media":4015,"comment_status":"open","ping_status":"open","sticky":false,"template":"","format":"standard","meta":{"footnotes":""},"categories":[121854,1771],"tags":[],"class_list":["post-4004","post","type-post","status-publish","format-standard","has-post-thumbnail","hentry","category-consejo-de-residentes-espanoles","category-sociales","resize-featured-image"],"_links":{"self":[{"href":"https:\/\/xn--tuvozdiasporaespaola-k7b.com\/page\/2\/wp-json\/wp\/v2\/posts\/4004","targetHints":{"allow":["GET"]}}],"collection":[{"href":"https:\/\/xn--tuvozdiasporaespaola-k7b.com\/page\/2\/wp-json\/wp\/v2\/posts"}],"about":[{"href":"https:\/\/xn--tuvozdiasporaespaola-k7b.com\/page\/2\/wp-json\/wp\/v2\/types\/post"}],"author":[{"embeddable":true,"href":"https:\/\/xn--tuvozdiasporaespaola-k7b.com\/page\/2\/wp-json\/wp\/v2\/users\/222560522"}],"replies":[{"embeddable":true,"href":"https:\/\/xn--tuvozdiasporaespaola-k7b.com\/page\/2\/wp-json\/wp\/v2\/comments?post=4004"}],"version-history":[{"count":4,"href":"https:\/\/xn--tuvozdiasporaespaola-k7b.com\/page\/2\/wp-json\/wp\/v2\/posts\/4004\/revisions"}],"predecessor-version":[{"id":4016,"href":"https:\/\/xn--tuvozdiasporaespaola-k7b.com\/page\/2\/wp-json\/wp\/v2\/posts\/4004\/revisions\/4016"}],"wp:featuredmedia":[{"embeddable":true,"href":"https:\/\/xn--tuvozdiasporaespaola-k7b.com\/page\/2\/wp-json\/wp\/v2\/media\/4015"}],"wp:attachment":[{"href":"https:\/\/xn--tuvozdiasporaespaola-k7b.com\/page\/2\/wp-json\/wp\/v2\/media?parent=4004"}],"wp:term":[{"taxonomy":"category","embeddable":true,"href":"https:\/\/xn--tuvozdiasporaespaola-k7b.com\/page\/2\/wp-json\/wp\/v2\/categories?post=4004"},{"taxonomy":"post_tag","embeddable":true,"href":"https:\/\/xn--tuvozdiasporaespaola-k7b.com\/page\/2\/wp-json\/wp\/v2\/tags?post=4004"}],"curies":[{"name":"wp","href":"https:\/\/api.w.org\/{rel}","templated":true}]}}