{"id":4002,"date":"2023-10-08T20:28:43","date_gmt":"2023-10-08T23:28:43","guid":{"rendered":"https:\/\/xn--tuvozdiasporaespaola-k7b.com\/page\/2\/?p=4002"},"modified":"2023-10-08T20:30:53","modified_gmt":"2023-10-08T23:30:53","slug":"sumar-es-un-podemos-del-ibex35","status":"publish","type":"post","link":"https:\/\/xn--tuvozdiasporaespaola-k7b.com\/page\/2\/sumar-es-un-podemos-del-ibex35\/","title":{"rendered":"\u201cSUMAR ES UN PODEMOS DEL IBEX35\u201d"},"content":{"rendered":"\n<p>Por Walter C. Medina<\/p>\n\n\n\n<p>ENTREVISTA A MARC ALBERO CHAC\u00d3N Desde Par\u00eds y para el programa radial \u201cCenizas de Babilonia. Di\u00e1spora Espa\u00f1ola\u201d, Miguel \u00c1ngel Ferris entrevist\u00f3 a Marc Albero Chac\u00f3n, uno de los miembros de Podemos, seg\u00fan destaca Ferris, \u201cque est\u00e1 liderando el intento de reconstrucci\u00f3n del partido en una de las zonas en donde los resultados en las elecciones auton\u00f3micas y municipales, y posteriormente en las generales, ha sido menos favorable\u201d.<\/p>\n\n\n\n<figure class=\"wp-block-gallery has-nested-images columns-default is-cropped wp-block-gallery-1 is-layout-flex wp-block-gallery-is-layout-flex\">\n<figure class=\"wp-block-image size-large is-style-rounded\"><img fetchpriority=\"high\" decoding=\"async\" width=\"659\" height=\"1024\" data-id=\"4017\" src=\"https:\/\/xn--tuvozdiasporaespaola-k7b.com\/wp-content\/uploads\/2023\/10\/1000156490-659x1024.jpg\" alt=\"\" class=\"wp-image-4017\" srcset=\"https:\/\/xn--tuvozdiasporaespaola-k7b.com\/wp-content\/uploads\/2023\/10\/1000156490-659x1024.jpg 659w, https:\/\/xn--tuvozdiasporaespaola-k7b.com\/wp-content\/uploads\/2023\/10\/1000156490-193x300.jpg 193w, https:\/\/xn--tuvozdiasporaespaola-k7b.com\/wp-content\/uploads\/2023\/10\/1000156490-768x1193.jpg 768w, https:\/\/xn--tuvozdiasporaespaola-k7b.com\/wp-content\/uploads\/2023\/10\/1000156490.jpg 824w\" sizes=\"(max-width: 659px) 100vw, 659px\" \/><\/figure>\n<\/figure>\n\n\n\n<p> Las propuestas, los punto de vista que caracterizan a Marc en Podemos son importantes para seguir hablando del cambio necesario en el partido, tal como sostiene Ferris. \u201cPodemos est\u00e1 en un momento de debate en las distintas comunidades aut\u00f3nomas, en torno a una hoja de ruta sobre lo que se pretende para los pr\u00f3ximos a\u00f1os, la l\u00ednea pol\u00edtica que defender\u00e1 en conjunto o al margen de lo que se pacte con Sumar y con Pedro S\u00e1nchez, por lo tanto est\u00e1\u201d <\/p>\n\n\n\n<p>\u00bf<strong>Qu\u00e9 lecciones has aprendido en el exterior, teniendo en cuenta que esta emisora tiene una audiencia de espa\u00f1oles que, tras las crisis en Espa\u00f1a, han salido del pa\u00eds para poder completar estudios y formaci\u00f3n? <\/strong><\/p>\n\n\n\n<p>Bueno, yo hace ya bastantes a\u00f1os recib\u00ed una beca Erasmus y luego una beca Leonardo, entre 1999 y 2001, estuve dos a\u00f1os en Alemania.<\/p>\n\n\n\n<p><strong>\u00bfT\u00fa crees que deber\u00eda haber unas condiciones adecuadas para el retorno de j\u00f3venes investigadores y cient\u00edficos para poder aportar ese capital humano?<\/strong><\/p>\n\n\n\n<p>El principal problema es nuestro, como pa\u00eds y como cultura no nos creemos que podemos ser autosuficientes en el orden tecnol\u00f3gico. Si t\u00fa le preguntas a cualquier empresario te dir\u00e1 que no reciben suficientes ayudas para poder becar, que en otros pa\u00edses las empresas reciben m\u00e1s ayudas.<\/p>\n\n\n\n<p> Si le preguntas al pol\u00edtico que da esas ayudas a las empresas te dir\u00e1 que no dan m\u00e1s ayudas, porque cree la idea de ser una potencia tecnol\u00f3gica no da votos; y si eso no da votos es porque al votante no le importa. Y si al votante no le importa estamos fallando como sociedad, con lo cual el fallo es sist\u00e9mico, es completo, es una cadena que empieza en la sociedad misma. <\/p>\n\n\n\n<p>Para que eso se arregle, la sociedad tiene que darse cuenta de lo importante que son las becas; premiar a los partidos pol\u00edticos que despuntan en su defensa de la capacidad tecnol\u00f3gica del pa\u00eds, y que sus victorias electorales le permitan volcarse institucionalmente en las empresas y que las empresas vean que eso les va a ayudar a sobrevivir, que van a tener el apoyo institucional suficiente, y eso har\u00e1 que haya trabajo para el talento que emigrar fuera de Espa\u00f1a.<\/p>\n\n\n\n<figure class=\"wp-block-gallery has-nested-images columns-default is-cropped wp-block-gallery-2 is-layout-flex wp-block-gallery-is-layout-flex\">\n<figure class=\"wp-block-image size-large\"><img decoding=\"async\" width=\"1024\" height=\"609\" data-id=\"4020\" src=\"https:\/\/xn--tuvozdiasporaespaola-k7b.com\/wp-content\/uploads\/2023\/10\/1000157726-1024x609.jpg\" alt=\"\" class=\"wp-image-4020\" srcset=\"https:\/\/xn--tuvozdiasporaespaola-k7b.com\/wp-content\/uploads\/2023\/10\/1000157726-1024x609.jpg 1024w, https:\/\/xn--tuvozdiasporaespaola-k7b.com\/wp-content\/uploads\/2023\/10\/1000157726-300x178.jpg 300w, https:\/\/xn--tuvozdiasporaespaola-k7b.com\/wp-content\/uploads\/2023\/10\/1000157726-768x456.jpg 768w, https:\/\/xn--tuvozdiasporaespaola-k7b.com\/wp-content\/uploads\/2023\/10\/1000157726-1536x913.jpg 1536w, https:\/\/xn--tuvozdiasporaespaola-k7b.com\/wp-content\/uploads\/2023\/10\/1000157726.jpg 1984w\" sizes=\"(max-width: 1024px) 100vw, 1024px\" \/><\/figure>\n<\/figure>\n\n\n\n<p> <strong>Como inform\u00e1tico que eres, \u00bfCu\u00e1les son los riesgos para la poblaci\u00f3n en general  por el uso de las nuevas tecnolog\u00edas y las redes sociales? <\/strong><\/p>\n\n\n\n<p>Hay bastantes frentes abiertos. El m\u00e1s importante ser\u00eda el de la robotizaci\u00f3n y la inteligencia artificial porque a nivel laboral va a ser una hecatombe que beneficiar\u00e1 a algunos pa\u00edses que est\u00e9n bien posicionados y perjudicar\u00e1 a otros muchos pa\u00edses.<\/p>\n\n\n\n<p> Con la inteligencia artificial y con la robotizaci\u00f3n se van a eliminar much\u00edsimos puestos de trabajo, y eso es algo que va a tener que gestionarse. Por otro lado est\u00e1 el de la caber-seguridad. Esto me preocupa menos, porque son ilegalidades que no gustan a nadie y que se pueden combatir desde la ley.<\/p>\n\n\n\n<p> El problema de las redes sociales pude asustar al principio, pero es un problema que se debe a aspectos distintos. Las personas que consumen las redes sociales y creen que lo que aparece all\u00ed es confiable tienen un problema que quiz\u00e1s derive de una educaci\u00f3n que no ha sido suficiente. La \u00fanica realidad de la que te puedes fiar es la que es objetiva y reportada con rigor por profesionales, La inteligencia artificial me preocupa porque se puede usar para falsificar la realidad. Hacen falta expertos y un trabajo bastante intenso para determinar si algo es cierto o falso. <\/p>\n\n\n\n<p>La inteligencia artificial es peligrosa y apunta a que necesitamos una ley de la verdad democr\u00e1tica que evite los bulos y que castigue la falsificaci\u00f3n de la verdad, porque esto puede tener mucho impacto en las democracias .<\/p>\n\n\n\n<figure class=\"wp-block-gallery has-nested-images columns-default is-cropped wp-block-gallery-3 is-layout-flex wp-block-gallery-is-layout-flex\">\n<figure class=\"wp-block-image size-large\"><img decoding=\"async\" width=\"918\" height=\"706\" data-id=\"4018\" src=\"https:\/\/xn--tuvozdiasporaespaola-k7b.com\/wp-content\/uploads\/2023\/10\/1000157723.jpg\" alt=\"\" class=\"wp-image-4018\" srcset=\"https:\/\/xn--tuvozdiasporaespaola-k7b.com\/wp-content\/uploads\/2023\/10\/1000157723.jpg 918w, https:\/\/xn--tuvozdiasporaespaola-k7b.com\/wp-content\/uploads\/2023\/10\/1000157723-300x231.jpg 300w, https:\/\/xn--tuvozdiasporaespaola-k7b.com\/wp-content\/uploads\/2023\/10\/1000157723-768x591.jpg 768w\" sizes=\"(max-width: 918px) 100vw, 918px\" \/><figcaption class=\"wp-element-caption\">Asamblea abierta de Podemos en Valencia,  Militancia de Podem<\/figcaption><\/figure>\n<\/figure>\n\n\n\n<p>T\u00fa conf\u00edas que, debido a que los Estados llevados por las elites econ\u00f3micas que mayormente dirigen las pol\u00edticas de informaci\u00f3n, est\u00e1n interesados en limitar o canalizar de forma democr\u00e1tica y preventiva los negocios y la manipulaci\u00f3n pol\u00edtica para mantener a los gobiernos afines que pueda darse con la sustituci\u00f3n de la verdad, con m\u00e9todos tecnol\u00f3gicos como la inteligencia artificial. <\/p>\n\n\n\n<p><strong>\u00bfCree que puede haber acuerdos internacionales o autolimitaciones de los Estados que puedan poner freno a lo que ya se ve como un gran negocio?<\/strong><\/p>\n\n\n\n<p>Esta revoluci\u00f3n ser\u00e1 \u00edntegramente implementada por los poderes econ\u00f3micos, porque los Estados van muy a la saga, van d\u00e9cadas por delante. La revoluci\u00f3n la har\u00e1n \u00edntegramente las empresas, de manera que sea digerible, pero que ellas salgan beneficiadas. <\/p>\n\n\n\n<p>Ser\u00e1 una revoluci\u00f3n en la que los pa\u00edses ver\u00e1n lo que hacen los poderes econ\u00f3micos sin ponerlo en entredicho. Las empresas son suficientemente poderosas como para llevar el planeta entero sin necesidad de amenazas democr\u00e1ticas. La inteligencia artificial y la robotizaci\u00f3n se har\u00e1n, a pesar de todo, y de acuerdo con los planes de las empresas. Los estados tendr\u00e1n un papel predefinido y ya est\u00e1. <\/p>\n\n\n\n<p><strong>\u00bfCu\u00e1les fueron los motivos que te impulsaron a militar en Podemos?<\/strong><\/p>\n\n\n\n<p>Toda la vida hab\u00eda dudado mucho de la credibilidad del sistema en el que estamos, creo que perd\u00ed la inocencia la primera vez que vot\u00e9 por el Psoe. A partir de all\u00ed empec\u00e9 a enterarme de lo que ocurr\u00eda en el mundo y de lo que hac\u00eda Felipe Gonz\u00e1les. Y ah\u00ed perd\u00ed la inocencia y vot\u00e9 a Izquierda Unida. La burbuja de 2008 ya estaba anunciada, hab\u00eda movimientos sociales contra el ladrillo que hablaban del abuso, hab\u00eda datos que indicaban que en Espa\u00f1a se hab\u00eda construido m\u00e1s que en Alemania, Inglaterra y Francia juntos en un solo a\u00f1o. <\/p>\n\n\n\n<p>Todo eso asustaba a propios y extra\u00f1os y al final, a pesar de que se hablaba de un \u201caterrizaje suave\u201d, al final fue lo que fue. Como producto de muchas reacciones conjuntas se aclararon las visiones de muchos y el resultado fue Podemos. <\/p>\n\n\n\n<p>La fuerza la puso la miseria y la pobreza que cre\u00f3 el 2008, la bronca y el enfado. Y el 11 M cre\u00f3 a Podemos. <strong>\u00bfCrees que Podemos sigue haciendo falta a pesar de todas las campa\u00f1as de difamaci\u00f3n y de todos los problemas internos?<\/strong><\/p>\n\n\n\n<p>Sumar es un Podemos del Ibex 35, cuenta con una cobertura medi\u00e1tica y judicial del sistema, y por tanto tarde o temprano pagar\u00e1 peajes. Un partido como Podemos deber existir, pero debe cambiar profundamente.<\/p>\n\n\n\n<figure class=\"wp-block-gallery has-nested-images columns-default is-cropped wp-block-gallery-4 is-layout-flex wp-block-gallery-is-layout-flex\">\n<figure class=\"wp-block-image size-large\"><img loading=\"lazy\" decoding=\"async\" width=\"953\" height=\"405\" data-id=\"4019\" src=\"https:\/\/xn--tuvozdiasporaespaola-k7b.com\/wp-content\/uploads\/2023\/10\/1000154929.jpg\" alt=\"\" class=\"wp-image-4019\" srcset=\"https:\/\/xn--tuvozdiasporaespaola-k7b.com\/wp-content\/uploads\/2023\/10\/1000154929.jpg 953w, https:\/\/xn--tuvozdiasporaespaola-k7b.com\/wp-content\/uploads\/2023\/10\/1000154929-300x127.jpg 300w, https:\/\/xn--tuvozdiasporaespaola-k7b.com\/wp-content\/uploads\/2023\/10\/1000154929-768x326.jpg 768w\" sizes=\"(max-width: 953px) 100vw, 953px\" \/><\/figure>\n<\/figure>\n\n\n\n<p><strong>\u00bfQu\u00e9 es lo que habr\u00eda que cambiar en Podemos para volver a ser una fuerza determinante en el contexto de la izquierda espa\u00f1ola?<\/strong><\/p>\n\n\n\n<p>Podemos tendr\u00eda que dejar de ser una fuerza dominada por una \u00fanica tendencia, una \u00fanica corriente, una \u00fanica familia. Podemos tendr\u00eda que convertirse en lo que realmente se supone que deber\u00eda ser Podemos; una plataforma trasversal, una cooperativa pol\u00edtica que sume a la gente, que se sumen colectivos, a la gente joven; es decir, que fuera lo que se supon\u00eda que deb\u00eda ser. <\/p>\n\n\n\n<p><strong>\u00bfCu\u00e1l crees que ha sido el principal motivo de la ca\u00edda de apoyos de Podemos en las \u00faltimas elecciones? \u00bfQu\u00e9 es lo que ha fallado, externa e internamente?<\/strong><\/p>\n\n\n\n<p>La externa depende de la interna, y la interna decide la externa. Por un lado la ideolog\u00eda a la que se ha cerrado Podemos, que ha sido progresivamente sectaria y se ha centrado en ciertos aspectos \u00fanicamente; el feminismo principalmente es lo que m\u00e1s se ha quedado en la retina, en la ley de S\u00f3lo Si Es Si, que ha sido bien intencionada pero ha sido utilizado como munici\u00f3n a diario, ha sido la cruz en donde se nos ha crucificado cada d\u00eda; se ha quedado una impresi\u00f3n en la retina del votante de que somos incapaces de hacer leyes\u2026. Todo esto, explotado por los medios de comunicaci\u00f3n, ha ido mellando, no ha ido quitando apoyo. <\/p>\n\n\n\n<p>Se ha perdido la confianza, sobre todo en la gente joven que no tiene paciencia para este tipo de comportamientos internos y eso es lo que sucedi\u00f3 el 28 M.<\/p>\n\n\n\n<p>Tu est\u00e1s en una ciudad que ha sido quemada por la monarqu\u00eda en 1707 y que adem\u00e1s tiene como eslogan \u201cEl mal viene de Almansa\u201d, que es la frontera entre Castilla con las fuerzas de Madrid, y Valencia. <strong>\u00bfPodemos tiene un problema de federalismo y de falta de autonom\u00eda y de excesiva centralizaci\u00f3n?  <\/strong><\/p>\n\n\n\n<p> T\u00fa no puedes exigir al mundo que sea federal y republicano si t\u00fa no eres federal y republicano por dentro. Podemos es un monobloque, una pieza monol\u00edtica en donde todo pasa por y emana de Madrid. <\/p>\n\n\n\n<p>Una federalizaci\u00f3n de Podemos representar\u00eda lo mismo que para un pa\u00eds como Espa\u00f1a, se invertir\u00eda la cadena de mando, en vez de haber una entidad llamada Espa\u00f1a, las naciones que conforman Espa\u00f1a permitir\u00edan que Espa\u00f1a funcione, que exista y el poder de decisi\u00f3n estar\u00eda m\u00e1s en las naciones que en una entidad preexistente y superior; y lo mismo pasar\u00eda en Podemos si se federalizara. <\/p>\n\n\n\n<p>La capacidad de decidir se repartir\u00eda, ser\u00eda m\u00e1s colegiada, no depender\u00eda de un solo criterio. Y eso ser\u00eda lo recomendable porque ser\u00eda m\u00e1s robusto, porque lo colegiado implica m\u00e1s sentido com\u00fan. <\/p>\n\n\n\n<p>Parece ser que el ejemplo de esto es la ca\u00edda, la designaci\u00f3n a dedo de la pr\u00f3xima l\u00edder en el Pa\u00eds Valenciano desde la c\u00fapula. <strong>\u00bfC\u00f3mo ves t\u00fa este aterrizaje que se est\u00e1 preparando?<\/strong><\/p>\n\n\n\n<p>La direcci\u00f3n de Madrid no solamente tiene esa especie de repulsi\u00f3n al federalismo sino que tiene una tendencia al intervencionismo. Se fabrican en Madrid candidaturas como la de Montiel, la de Pilar Lima, talentos que no est\u00e1n disponibles para las bases, y de caras televisivas, como el caso de Mar\u00eda Teresa P\u00e9rez y Pilar Lima. <\/p>\n\n\n\n<p>El colectivo que vota en las asambleas y que decide el porvenir de Podemos es gente que, por encima de todo, no participan en la interna. <\/p>\n\n\n\n<p>Esa gente votar\u00e1 a lo que vean en la tele; y eso implica que votar\u00e1 a lo que dicten desde Madrid, y con eso se acalla cualquier alternativa que pudiera emanar desde las bases.                                                                        <\/p>\n","protected":false},"excerpt":{"rendered":"<p>Por Walter C. Medina ENTREVISTA A MARC ALBERO CHAC\u00d3N Desde Par\u00eds y para el programa radial \u201cCenizas de Babilonia. Di\u00e1spora Espa\u00f1ola\u201d, Miguel \u00c1ngel Ferris &#8230; <\/p>\n<p class=\"read-more-container\"><a title=\"\u201cSUMAR ES UN PODEMOS DEL IBEX35\u201d\" class=\"read-more button\" href=\"https:\/\/xn--tuvozdiasporaespaola-k7b.com\/page\/2\/sumar-es-un-podemos-del-ibex35\/#more-4002\" aria-label=\"M\u00e1s en \u201cSUMAR ES UN PODEMOS DEL IBEX35\u201d\">Leer m\u00e1s<\/a><\/p>\n","protected":false},"author":222560522,"featured_media":4024,"comment_status":"open","ping_status":"open","sticky":false,"template":"","format":"standard","meta":{"footnotes":""},"categories":[121850],"tags":[],"class_list":["post-4002","post","type-post","status-publish","format-standard","has-post-thumbnail","hentry","category-politica","resize-featured-image"],"_links":{"self":[{"href":"https:\/\/xn--tuvozdiasporaespaola-k7b.com\/page\/2\/wp-json\/wp\/v2\/posts\/4002","targetHints":{"allow":["GET"]}}],"collection":[{"href":"https:\/\/xn--tuvozdiasporaespaola-k7b.com\/page\/2\/wp-json\/wp\/v2\/posts"}],"about":[{"href":"https:\/\/xn--tuvozdiasporaespaola-k7b.com\/page\/2\/wp-json\/wp\/v2\/types\/post"}],"author":[{"embeddable":true,"href":"https:\/\/xn--tuvozdiasporaespaola-k7b.com\/page\/2\/wp-json\/wp\/v2\/users\/222560522"}],"replies":[{"embeddable":true,"href":"https:\/\/xn--tuvozdiasporaespaola-k7b.com\/page\/2\/wp-json\/wp\/v2\/comments?post=4002"}],"version-history":[{"count":2,"href":"https:\/\/xn--tuvozdiasporaespaola-k7b.com\/page\/2\/wp-json\/wp\/v2\/posts\/4002\/revisions"}],"predecessor-version":[{"id":4023,"href":"https:\/\/xn--tuvozdiasporaespaola-k7b.com\/page\/2\/wp-json\/wp\/v2\/posts\/4002\/revisions\/4023"}],"wp:featuredmedia":[{"embeddable":true,"href":"https:\/\/xn--tuvozdiasporaespaola-k7b.com\/page\/2\/wp-json\/wp\/v2\/media\/4024"}],"wp:attachment":[{"href":"https:\/\/xn--tuvozdiasporaespaola-k7b.com\/page\/2\/wp-json\/wp\/v2\/media?parent=4002"}],"wp:term":[{"taxonomy":"category","embeddable":true,"href":"https:\/\/xn--tuvozdiasporaespaola-k7b.com\/page\/2\/wp-json\/wp\/v2\/categories?post=4002"},{"taxonomy":"post_tag","embeddable":true,"href":"https:\/\/xn--tuvozdiasporaespaola-k7b.com\/page\/2\/wp-json\/wp\/v2\/tags?post=4002"}],"curies":[{"name":"wp","href":"https:\/\/api.w.org\/{rel}","templated":true}]}}