{"id":400,"date":"2022-10-17T23:31:34","date_gmt":"2022-10-18T02:31:34","guid":{"rendered":"https:\/\/xn--tuvozdiasporaespaola-k7b.com\/2022\/10\/17\/armh-argentina-sobre-la-aprobacion-de-la-nueva-ley-de-memoria-democratica-en-espana\/"},"modified":"2022-10-17T23:54:39","modified_gmt":"2022-10-18T02:54:39","slug":"armh-argentina-sobre-la-aprobacion-de-la-nueva-ley-de-memoria-democratica-en-espana","status":"publish","type":"post","link":"https:\/\/xn--tuvozdiasporaespaola-k7b.com\/page\/2\/armh-argentina-sobre-la-aprobacion-de-la-nueva-ley-de-memoria-democratica-en-espana\/","title":{"rendered":"ARMH Argentina sobre la aprobaci\u00f3n de la nueva Ley de Memoria Democr\u00e1tica en Espa\u00f1a."},"content":{"rendered":"\n<p>Finalmente se aprob\u00f3 la Ley de Memoria Democr\u00e1tica en Espa\u00f1a. Nos preguntamos, \u00bfes un avance? Por supuesto que s\u00ed, pero dista mucho a\u00fan de ser lo que tanto v\u00edctimas como familiares estamos esperando desde hace d\u00e9cadas.<\/p>\n\n\n\n<p>Al principio las normas parecen ejemplares ya que hay avances de gran importancia como el reconocimiento de la ilegalidad del franquismo y sus sentencias, la creaci\u00f3n de un Banco de ADN para las v\u00edctimas, contenido de ense\u00f1anza sobre Memoria en las escuelas, la creaci\u00f3n de una fiscal\u00eda para investigar los cr\u00edmenes, la obligaci\u00f3n de retirar toda simbolog\u00eda franquista y la extinci\u00f3n de fundaciones que hagan apolog\u00eda del franquismo. Pero a medida que contin\u00faa la lectura aparecen las observaciones, los plazos y las decepciones.<\/p>\n\n\n\n<p>Lo m\u00e1s esperado era la derogaci\u00f3n de la Ley de Amnist\u00eda. Nos preguntamos c\u00f3mo investigar\u00e1 la Fiscal\u00eda ya que dicha ley es la que sigue otorgando impunidad a los victimarios y no permite avanzar en el juzgamiento de los cr\u00edmenes. Que esta norma siga en vigencia nos da una muestra de la connivencia que sigue existiendo con los sectores m\u00e1s antidemocr\u00e1ticos y recalcitrantes del poder que no buscan verdaderamente justicia para las v\u00edctimas.<\/p>\n\n\n\n<p>No se nombra el rol que ha tenido la jerarqu\u00eda cat\u00f3lica como c\u00f3mplice en el golpe de Estado y posterior dictadura benefici\u00e1ndose con los privilegios otorgados e imponiendo al pueblo una cultura patriarcal y represora, sacando los derechos conquistados por las mujeres y jugando un papel importante en la entrega de hombres y mujeres afines a La Rep\u00fablica. Ni hablar del rol en la educaci\u00f3n de los ni\u00f1os y ni\u00f1as y de la complicidad y\/o participaci\u00f3n en robos de beb\u00e9s.<\/p>\n\n\n\n<p>En las escuelas se hablar\u00e1 sobre Memoria y se ense\u00f1ar\u00e1 sobre qui\u00e9nes ayudaron a construir la Democracia, pero \u00bfse hablar\u00e1 de delitos de lesa humanidad? \u00bfExplicar\u00e1n a los alumnos qui\u00e9nes fueron, por ejemplo, Yague y Queipo de Llano? \u00bfLas terribles matanzas que ti\u00f1eron de sangre y terror tantos pueblos? \u00bfLos fusilamientos, las violaciones, las torturas y el garrote vil a Puig Antich? Porque es a trav\u00e9s de la educaci\u00f3n en la verdad que se concientiza a las nuevas generaciones para que nunca m\u00e1s se repitan hechos tan aberrantes como los nombrados.<\/p>\n\n\n\n<figure class=\"wp-block-image size-large\"><img fetchpriority=\"high\" decoding=\"async\" width=\"600\" height=\"338\" src=\"http:\/\/xn--tuvozdiasporaespaola-k7b.com\/wp-content\/uploads\/2022\/10\/imagen_2022-07-19_0630161244627710930237024935.png?w=600\" alt=\"\" class=\"wp-image-397\" srcset=\"https:\/\/xn--tuvozdiasporaespaola-k7b.com\/wp-content\/uploads\/2022\/10\/imagen_2022-07-19_0630161244627710930237024935.png 600w, https:\/\/xn--tuvozdiasporaespaola-k7b.com\/wp-content\/uploads\/2022\/10\/imagen_2022-07-19_0630161244627710930237024935-300x169.png 300w\" sizes=\"(max-width: 600px) 100vw, 600px\" \/><\/figure>\n\n\n\n<p>En cuesti\u00f3n de reparaci\u00f3n econ\u00f3mica \u00bfqui\u00e9nes ser\u00e1n los beneficiados? \u00bfLos vecinos de los pueblos a quienes les apropiaron todos sus bienes? \u00bfQuienes por a\u00f1os han sido v\u00edctimas de trabajo esclavo o las empresas que se enriquecieron a su costa?<br \/><br \/>Reconocimiento moral y econ\u00f3mico les corresponde a las v\u00edctimas por haber sufrido torturas, discriminaci\u00f3n, humillaci\u00f3n, desaparici\u00f3n forzada, violaci\u00f3n, muerte, exilio, por parte de las fuerzas represivas del Estado. Un cap\u00edtulo aparte son las mujeres que, adem\u00e1s de las mencionadas vejaciones, tambi\u00e9n han sufrido la apropiaci\u00f3n de sus hijos y a\u00fan esperan respuestas.<br \/><br \/>Se realizar\u00e1 un censo de v\u00edctimas, pero tambi\u00e9n se debe hacer un censo de victimarios ya que quienes cometieron delitos de lesa humanidad, y fueron part\u00edcipes de una dictadura militar-civil-eclesial y econ\u00f3mica, porque se enriquecieron durante d\u00e9cadas, tienen nombre, apellido y responsabilidades por las que tienen que responder.<br \/><br \/><\/p>\n\n\n\n<figure class=\"wp-block-image size-large\"><img decoding=\"async\" width=\"850\" height=\"419\" src=\"http:\/\/xn--tuvozdiasporaespaola-k7b.com\/wp-content\/uploads\/2022\/10\/tramas-imagen-asociacion-recuperacion-memoria-historica4403752537121289002.jpg?w=850\" alt=\"\" class=\"wp-image-398\" srcset=\"https:\/\/xn--tuvozdiasporaespaola-k7b.com\/wp-content\/uploads\/2022\/10\/tramas-imagen-asociacion-recuperacion-memoria-historica4403752537121289002.jpg 850w, https:\/\/xn--tuvozdiasporaespaola-k7b.com\/wp-content\/uploads\/2022\/10\/tramas-imagen-asociacion-recuperacion-memoria-historica4403752537121289002-300x148.jpg 300w, https:\/\/xn--tuvozdiasporaespaola-k7b.com\/wp-content\/uploads\/2022\/10\/tramas-imagen-asociacion-recuperacion-memoria-historica4403752537121289002-768x379.jpg 768w\" sizes=\"(max-width: 850px) 100vw, 850px\" \/><\/figure>\n\n\n\n<p>El Estado se har\u00e1 cargo de la b\u00fasqueda e identificaci\u00f3n de desaparecidos y del impulso de las exhumaciones, pero no entendemos si se siguen tercerizando los trabajos de exhumaci\u00f3n o se lo asume como pol\u00edticas p\u00fablicas a lo largo y a lo ancho del pa\u00eds. Porque no ser\u00eda leg\u00edtimo que familiares puedan recuperar a su ser querido dependiendo de la decisi\u00f3n que tome cada ayuntamiento. Debe hacerse cargo el Estado s\u00ed o s\u00ed ya que las Asociaciones Memorialistas han ocupado ese rol de manera excelente brindando ayuda y contenci\u00f3n a las familias durante d\u00e9cadas.<\/p>\n\n\n\n<p>En cuanto a las fechas elegidas como homenaje son inentendibles: 8 de mayo para los exiliados (Fin de la II Guerra Mundial) y 31 de octubre para las v\u00edctimas (Aprobaci\u00f3n de la Constituci\u00f3n en 1978).<\/p>\n\n\n\n<p>En Argentina el D\u00eda de la Memoria se recuerda cada 24 de marzo, fecha del golpe militar de 1976. En Espa\u00f1a tendr\u00eda que recordarse a las v\u00edctimas cada 18 de julio, D\u00eda del golpe de Estado y comienzo de un plan sistem\u00e1tico de exterminio. No hubo bandos ni teor\u00eda de dos demonios. Se cometieron delitos de lesa humanidad.<\/p>\n\n\n\n<p>Esper\u00e1bamos con ansias una ley que asumiera en su totalidad lo que promet\u00eda. Pero El tiempo biol\u00f3gico avanza y son muchas d\u00e9cadas en la cuales el Estado jam\u00e1s se preocup\u00f3 por las v\u00edctimas del franquismo dej\u00e1ndolas en un total desamparo y fueron ellas y ellos, hombres y mujeres que a\u00fan con el olvido y el silencio impuestos, siguieron luchando y exigiendo justicia sin ser escuchados, con el llanto atragantado, con las marcas de la muerte o el dolor del exilio, pero con la dignidad y los ideales que jam\u00e1s pudieron quitarles porque son Memoria Viva y colectiva del pueblo.<\/p>\n\n\n\n<figure class=\"wp-block-image size-large\"><img decoding=\"async\" width=\"600\" height=\"426\" src=\"http:\/\/xn--tuvozdiasporaespaola-k7b.com\/wp-content\/uploads\/2022\/10\/fbzyqjbx0aas1me8696545711612717150.jpg?w=600\" alt=\"\" class=\"wp-image-399\" srcset=\"https:\/\/xn--tuvozdiasporaespaola-k7b.com\/wp-content\/uploads\/2022\/10\/fbzyqjbx0aas1me8696545711612717150.jpg 600w, https:\/\/xn--tuvozdiasporaespaola-k7b.com\/wp-content\/uploads\/2022\/10\/fbzyqjbx0aas1me8696545711612717150-300x213.jpg 300w\" sizes=\"(max-width: 600px) 100vw, 600px\" \/><\/figure>\n\n\n\n<p>No olvidamos, no perdonamos, no nos reconciliamos. Seguimos exigiendo Memoria, Verdad, Justicia y Reparaci\u00f3n.<\/p>\n\n\n\n<p>ARMH Argentina (Asociaci\u00f3n para la Recuperaci\u00f3n de la Memoria Hist\u00f3rica por los cr\u00edmenes del franquismo en Argentina)<\/p>\n\n\n\n<p>NOTA : Desde la Revista TU VOZ  de la Red de C\u00edrculos de  Am\u00e9rica &amp; Latinoam\u00e9rica  y Europa de Podemos Exterior les compartimos las inquietudes de ARMH Argentina .<\/p>\n","protected":false},"excerpt":{"rendered":"<p>Finalmente se aprob\u00f3 la Ley de Memoria Democr\u00e1tica en Espa\u00f1a. Nos preguntamos, \u00bfes un avance? Por supuesto que s\u00ed, pero dista mucho a\u00fan de &#8230; <\/p>\n<p class=\"read-more-container\"><a title=\"ARMH Argentina sobre la aprobaci\u00f3n de la nueva Ley de Memoria Democr\u00e1tica en Espa\u00f1a.\" class=\"read-more button\" href=\"https:\/\/xn--tuvozdiasporaespaola-k7b.com\/page\/2\/armh-argentina-sobre-la-aprobacion-de-la-nueva-ley-de-memoria-democratica-en-espana\/#more-400\" aria-label=\"M\u00e1s en ARMH Argentina sobre la aprobaci\u00f3n de la nueva Ley de Memoria Democr\u00e1tica en Espa\u00f1a.\">Leer m\u00e1s<\/a><\/p>\n","protected":false},"author":222560522,"featured_media":0,"comment_status":"open","ping_status":"open","sticky":false,"template":"","format":"standard","meta":{"footnotes":""},"categories":[1771],"tags":[],"class_list":["post-400","post","type-post","status-publish","format-standard","hentry","category-sociales"],"_links":{"self":[{"href":"https:\/\/xn--tuvozdiasporaespaola-k7b.com\/page\/2\/wp-json\/wp\/v2\/posts\/400","targetHints":{"allow":["GET"]}}],"collection":[{"href":"https:\/\/xn--tuvozdiasporaespaola-k7b.com\/page\/2\/wp-json\/wp\/v2\/posts"}],"about":[{"href":"https:\/\/xn--tuvozdiasporaespaola-k7b.com\/page\/2\/wp-json\/wp\/v2\/types\/post"}],"author":[{"embeddable":true,"href":"https:\/\/xn--tuvozdiasporaespaola-k7b.com\/page\/2\/wp-json\/wp\/v2\/users\/222560522"}],"replies":[{"embeddable":true,"href":"https:\/\/xn--tuvozdiasporaespaola-k7b.com\/page\/2\/wp-json\/wp\/v2\/comments?post=400"}],"version-history":[{"count":0,"href":"https:\/\/xn--tuvozdiasporaespaola-k7b.com\/page\/2\/wp-json\/wp\/v2\/posts\/400\/revisions"}],"wp:attachment":[{"href":"https:\/\/xn--tuvozdiasporaespaola-k7b.com\/page\/2\/wp-json\/wp\/v2\/media?parent=400"}],"wp:term":[{"taxonomy":"category","embeddable":true,"href":"https:\/\/xn--tuvozdiasporaespaola-k7b.com\/page\/2\/wp-json\/wp\/v2\/categories?post=400"},{"taxonomy":"post_tag","embeddable":true,"href":"https:\/\/xn--tuvozdiasporaespaola-k7b.com\/page\/2\/wp-json\/wp\/v2\/tags?post=400"}],"curies":[{"name":"wp","href":"https:\/\/api.w.org\/{rel}","templated":true}]}}