{"id":3989,"date":"2023-10-05T15:43:59","date_gmt":"2023-10-05T18:43:59","guid":{"rendered":"https:\/\/xn--tuvozdiasporaespaola-k7b.com\/page\/2\/?p=3989"},"modified":"2023-10-05T15:46:50","modified_gmt":"2023-10-05T18:46:50","slug":"indigenas-del-norte-de-argentina-siguen-encadenados-al-congreso-durante-su-huelga-de-hambre","status":"publish","type":"post","link":"https:\/\/xn--tuvozdiasporaespaola-k7b.com\/page\/2\/indigenas-del-norte-de-argentina-siguen-encadenados-al-congreso-durante-su-huelga-de-hambre\/","title":{"rendered":"Ind\u00edgenas del norte de Argentina siguen encadenados al Congreso durante su huelga de hambre"},"content":{"rendered":"\n<p> PODEMOS ARGENTINA  se solidariza con los y las integrantes del Tercer Mal\u00f3n de la Paz de Jujuy reclaman que se declare la nulidad de la reforma de la Constituci\u00f3n provincial y la intervenci\u00f3n federal del distrito.<\/p>\n\n\n\n<p>Un grupo de ind\u00edgenas integrantes del Tercer Mal\u00f3n de la Paz de Jujuy permanece encadenado al Congreso Nacional de Argentina, en la ciudad de Buenos Aires, y  contin\u00faan en huelga de hambre. Otros contin\u00faan frente al Palacio de Tribunales, donde funciona la Corte Suprema de Justicia.<\/p>\n\n\n\n<figure class=\"wp-block-pullquote\"><blockquote><p>.\u00bbSomos tres integrantes del Tercer Mal\u00f3n de la Paz y solo tomamos agua\u00bb, coment\u00f3  el cacique N\u00e9stor Jerez, del pueblo Ocloya de Jujuy. \u00abEl cuerpo ya pasa factura<\/p><cite>Agencia T\u00e9lam<\/cite><\/blockquote><\/figure>\n\n\n\n<p>La protesta busca que los legisladores debatan la nulidad de la reforma de la Constituci\u00f3n juje\u00f1a votada en junio pasado, en medio de la represi\u00f3n policial a manifestantes que se opon\u00edan al cambio. Tambi\u00e9n pretende que se declare la intervenci\u00f3n federal de la provincia.<\/p>\n\n\n\n<figure class=\"wp-block-gallery has-nested-images columns-default is-cropped wp-block-gallery-1 is-layout-flex wp-block-gallery-is-layout-flex\">\n<figure class=\"wp-block-image size-large\"><img fetchpriority=\"high\" decoding=\"async\" width=\"824\" height=\"719\" data-id=\"3994\" src=\"https:\/\/xn--tuvozdiasporaespaola-k7b.com\/wp-content\/uploads\/2023\/10\/1000157141.jpg\" alt=\"\" class=\"wp-image-3994\" srcset=\"https:\/\/xn--tuvozdiasporaespaola-k7b.com\/wp-content\/uploads\/2023\/10\/1000157141.jpg 824w, https:\/\/xn--tuvozdiasporaespaola-k7b.com\/wp-content\/uploads\/2023\/10\/1000157141-300x262.jpg 300w, https:\/\/xn--tuvozdiasporaespaola-k7b.com\/wp-content\/uploads\/2023\/10\/1000157141-768x670.jpg 768w\" sizes=\"(max-width: 824px) 100vw, 824px\" \/><\/figure>\n<\/figure>\n\n\n\n<p>Por otra parte, desde su llegada a Buenos Aires, el pasado 1 de agosto, miembros del Tercer Mal\u00f3n realizan una \u00abpermanencia pac\u00edfica\u00bb en la plaza ubicada frente al Palacio de Tribunales, donde funciona la Corte Suprema, a la espera de una respuesta ante el pedido de \u00abinconstitucionalidad\u00bb de la reforma de la carta magna que impuls\u00f3 el gobernador de Jujuy, Gerardo Morales.<\/p>\n\n\n\n<p>El Tercer Mal\u00f3n parti\u00f3 el 25 de julio desde La Quiaca y otras localidades de la provincia norte\u00f1a y recorri\u00f3 en autob\u00fas y a pie unos 1.800 kil\u00f3metros.Manifestaciones y represi\u00f3nLas muestras de descontento popular en Jujuy responden a que la reforma constitucional proh\u00edbe el derecho a la protesta a trav\u00e9s de \u00abcortes de calles y cortes de rutas\u00bb, as\u00ed como \u00abtoda otra perturbaci\u00f3n al derecho a la libre circulaci\u00f3n de las personas y la ocupaci\u00f3n indebida de edificios p\u00fablicos\u00bb en la provincia.<\/p>\n\n\n\n<p>Seg\u00fan denunciaron organismos de derechos humanos, la nueva carta magna, que fue aprobada en apenas un mes, no fue consultada con la ciudadan\u00eda, ignora la voz de los pueblos ind\u00edgenas y criminaliza el derecho a la protesta. <\/p>\n\n\n\n<p>Su aprobaci\u00f3n desat\u00f3 una reacci\u00f3n popular que deriv\u00f3 en una ola de manifestaciones y cortes de rutas que fueron reprimidos por la polic\u00eda. Los incidentes dejaron cientos de heridos.<\/p>\n\n\n\n<figure class=\"wp-block-gallery has-nested-images columns-default is-cropped wp-block-gallery-2 is-layout-flex wp-block-gallery-is-layout-flex\">\n<figure class=\"wp-block-image size-large\"><img decoding=\"async\" width=\"656\" height=\"905\" data-id=\"3995\" src=\"https:\/\/xn--tuvozdiasporaespaola-k7b.com\/wp-content\/uploads\/2023\/10\/1000157139.jpg\" alt=\"\" class=\"wp-image-3995\" srcset=\"https:\/\/xn--tuvozdiasporaespaola-k7b.com\/wp-content\/uploads\/2023\/10\/1000157139.jpg 656w, https:\/\/xn--tuvozdiasporaespaola-k7b.com\/wp-content\/uploads\/2023\/10\/1000157139-217x300.jpg 217w\" sizes=\"(max-width: 656px) 100vw, 656px\" \/><\/figure>\n<\/figure>\n\n\n\n<p> Mientras tanto  se realiza una Colecta Nacional para el Pueblo Juje\u00f1o en Lucha organizada por la Multisectorial con unos N\u00fameros de Cuenta de la Multisectorial de Jujuy, que brinda cobertura Jur\u00eddica a los damnificados por la persecuci\u00f3n judicial de Gerardo Morales. Cortes y Comunidades,  III Mal\u00f3n de la Paz en permanencia en Tribunales, Vigilia junto a la Casa de Jujuy, y toda otra iniciativa orientada a apoyar esta batalla que es de todas y todos los ciudadanos de bien que habitamos en suelo argentino .<\/p>\n\n\n\n<p>Al tiempo del   01 al 12 de octubre  se celebrar\u00e1 la \u201d8\u00b0 caminata por el Agua y por la vida  del 01 al 12 de octubre \u2014 De la Quiaca a San Salvador de Jujuy .<\/p>\n\n\n\n<p>AGENDA DE ACTIVIDADES <\/p>\n\n\n\n<p>Domingo 01 de octubre\u2013 Concentraci\u00f3n en La Quiaca Hs. 10,00 Ceremonia y Caminata en La Quiaca.  Lunes 1 de Octubre  segunda Jornada 8 horas  Caminata a Abra Pampa. Martes 03 de octubre\u2013 7 horas Caminata a Chaupiuno, Pumahuasi, Intermedia y Puesto del Marqu\u00e9z. Jueves 05 de octubre  7 horas , Caminata a Tres Cruces, Azul Pampa, Negra Muerta y Hornaditas. Viernes 6 de Octubre , tercera jornada Hs. 07 horas Caminata a Humahuaca y Uqu\u00eda. (hs. 14.00).S\u00e1bado 07 de octubre\u2013 07,00 Caminata a Yacoraite, Huacalera y Angosto El Perchel. Hs. 08,00 Caminata a Tilcara. 3 Cumbre del Agua \u2014itinerante- Domingo 8 de Octubre  cuarta  Jornada (hs. 15). Hs. 08,00 Caminata a Maimar\u00e1 y Purmamarca. Lunes 9 de Octubre, quinta Jornada (hs. 15). 1* Jornadas de la Universidad para Pueblos Ind\u00edgenas \u201cViltipoco\u201d (itinerante) Hs. 08,00 Caminata a Tumbaya y Volc\u00e1n. Martes 10 Octubre  sexta Jornada (hs. 18). 1* Jornadas de la Universidad par Pueblos Ind\u00edgenas \u201cViltipoco\u201d (itinerante).Mi\u00e9rcoles 11 de octubre\u2013 Hs. 05,00 Caminata a B\u00e1rcena, Le\u00f3n y Lozano.Jueves 12 de octubre Hs. 06,00 Caminata a Yala y San Salvador de Jujuy. Acto final de la Caminata Por el Agua y por la Vida.Todas estas actividades van encaminadas a la lucha por los derechos de los pueblos originarios ante las acometidas oligarcas de los gobernantes  de Jujuy que buscan el apropiamiento de las tierras ancestrales de los pueblos que habitan estas zonas ricas en litio y otros minerales.<\/p>\n\n\n\n<figure class=\"wp-block-gallery has-nested-images columns-default is-cropped wp-block-gallery-3 is-layout-flex wp-block-gallery-is-layout-flex\">\n<figure class=\"wp-block-image size-large\"><img decoding=\"async\" width=\"562\" height=\"957\" data-id=\"3996\" src=\"https:\/\/xn--tuvozdiasporaespaola-k7b.com\/wp-content\/uploads\/2023\/10\/1000157135.jpg\" alt=\"\" class=\"wp-image-3996\" srcset=\"https:\/\/xn--tuvozdiasporaespaola-k7b.com\/wp-content\/uploads\/2023\/10\/1000157135.jpg 562w, https:\/\/xn--tuvozdiasporaespaola-k7b.com\/wp-content\/uploads\/2023\/10\/1000157135-176x300.jpg 176w\" sizes=\"(max-width: 562px) 100vw, 562px\" \/><figcaption class=\"wp-element-caption\">Pablo Sercovich que es Presidente de Argentina en Red esta presente en JUJUY<\/figcaption><\/figure>\n<\/figure>\n\n\n\n<p>\u201cDonde hay una necesidad, hay un derecho\u201c dec\u00eda Evita por eso PODEMOS ARGENTINA  con el compa\u00f1ero  Pablo Sercovich que es  Presidente de Argentina en Red esta presente en JUJUY  llevando el mensaje  de todos los compa\u00f1eros de  PODEMOS en el mundo de solidaridad al pueblo de JUJUY  en <\/p>\n\n\n\n<p><a href=\"Argentina.https:\/\/www.argentinaenred.com\/2022\/07\/29\/de-companero-a-companero\/\">Argentina.https:\/\/www.argentinaenred.com\/2022\/07\/29\/de-companero-a-companero\/<\/a><\/p>\n\n\n\n<p>Estas luchas sin lugar a dudas son de las m\u00e1s justas y por consiguiente las Naciones Unidas en varias resoluciones protegen estos derechos los cuales en Argentina o Latinoam\u00e9rica   no pueden ser sistem\u00e1ticamente violados por parte de Mineras y hibernando territoriales sin escr\u00fapulos bas\u00e1ndose en el bien com\u00fan cuando el \u00fanico objetivo  es manifestarse en part\u00edcipes necesarios y mediante la represi\u00f3n consolidar poderes inquisidores de colonialismo criollo heredero de quienes comandaron la independencia de Espa\u00f1a bajo el paraguas de la libertad para continuar poniendo a los pueblos originarios bajo el yugo de la explotaci\u00f3n y la expoliaci\u00f3n de la Pacha Mam\u00e1 y sus riquezas naturales.<\/p>\n\n\n\n<p>Luis Felipe Rodriguez , Podemos Argentina , Jujuy Argentina, .<\/p>\n","protected":false},"excerpt":{"rendered":"<p>PODEMOS ARGENTINA se solidariza con los y las integrantes del Tercer Mal\u00f3n de la Paz de Jujuy reclaman que se declare la nulidad de &#8230; <\/p>\n<p class=\"read-more-container\"><a title=\"Ind\u00edgenas del norte de Argentina siguen encadenados al Congreso durante su huelga de hambre\" class=\"read-more button\" href=\"https:\/\/xn--tuvozdiasporaespaola-k7b.com\/page\/2\/indigenas-del-norte-de-argentina-siguen-encadenados-al-congreso-durante-su-huelga-de-hambre\/#more-3989\" aria-label=\"M\u00e1s en Ind\u00edgenas del norte de Argentina siguen encadenados al Congreso durante su huelga de hambre\">Leer m\u00e1s<\/a><\/p>\n","protected":false},"author":222560522,"featured_media":3999,"comment_status":"open","ping_status":"open","sticky":false,"template":"","format":"standard","meta":{"footnotes":""},"categories":[121868,1771],"tags":[],"class_list":["post-3989","post","type-post","status-publish","format-standard","has-post-thumbnail","hentry","category-latinoamerica","category-sociales","resize-featured-image"],"_links":{"self":[{"href":"https:\/\/xn--tuvozdiasporaespaola-k7b.com\/page\/2\/wp-json\/wp\/v2\/posts\/3989","targetHints":{"allow":["GET"]}}],"collection":[{"href":"https:\/\/xn--tuvozdiasporaespaola-k7b.com\/page\/2\/wp-json\/wp\/v2\/posts"}],"about":[{"href":"https:\/\/xn--tuvozdiasporaespaola-k7b.com\/page\/2\/wp-json\/wp\/v2\/types\/post"}],"author":[{"embeddable":true,"href":"https:\/\/xn--tuvozdiasporaespaola-k7b.com\/page\/2\/wp-json\/wp\/v2\/users\/222560522"}],"replies":[{"embeddable":true,"href":"https:\/\/xn--tuvozdiasporaespaola-k7b.com\/page\/2\/wp-json\/wp\/v2\/comments?post=3989"}],"version-history":[{"count":3,"href":"https:\/\/xn--tuvozdiasporaespaola-k7b.com\/page\/2\/wp-json\/wp\/v2\/posts\/3989\/revisions"}],"predecessor-version":[{"id":4001,"href":"https:\/\/xn--tuvozdiasporaespaola-k7b.com\/page\/2\/wp-json\/wp\/v2\/posts\/3989\/revisions\/4001"}],"wp:featuredmedia":[{"embeddable":true,"href":"https:\/\/xn--tuvozdiasporaespaola-k7b.com\/page\/2\/wp-json\/wp\/v2\/media\/3999"}],"wp:attachment":[{"href":"https:\/\/xn--tuvozdiasporaespaola-k7b.com\/page\/2\/wp-json\/wp\/v2\/media?parent=3989"}],"wp:term":[{"taxonomy":"category","embeddable":true,"href":"https:\/\/xn--tuvozdiasporaespaola-k7b.com\/page\/2\/wp-json\/wp\/v2\/categories?post=3989"},{"taxonomy":"post_tag","embeddable":true,"href":"https:\/\/xn--tuvozdiasporaespaola-k7b.com\/page\/2\/wp-json\/wp\/v2\/tags?post=3989"}],"curies":[{"name":"wp","href":"https:\/\/api.w.org\/{rel}","templated":true}]}}