{"id":3973,"date":"2023-10-03T23:49:36","date_gmt":"2023-10-04T02:49:36","guid":{"rendered":"https:\/\/xn--tuvozdiasporaespaola-k7b.com\/page\/2\/?p=3973"},"modified":"2023-10-03T23:51:39","modified_gmt":"2023-10-04T02:51:39","slug":"el-cine-argentino-se-revela-contra-el-fascismo-de-millei","status":"publish","type":"post","link":"https:\/\/xn--tuvozdiasporaespaola-k7b.com\/page\/2\/el-cine-argentino-se-revela-contra-el-fascismo-de-millei\/","title":{"rendered":"EL cine Argentino se revela contra el Fascismo de Millei"},"content":{"rendered":"\n<p> <\/p>\n\n\n\n<p> En una Nota de prensa de Grupo de Trabajo de Cultura, Memoria Democr\u00e1tica  y Republica de Podemos Argentina  en la Red de C\u00edrculos Podemos Am\u00e9rica  expone:<\/p>\n\n\n\n<p><strong>El CINE ARGENTINO admirado mundialmente es muestra de calidad indiscutida, identidad, diversidad cultural, generaci\u00f3n de empleo formal, divisas y desarrollo<\/strong> en la ARGENTINA con imnumerables coproducciones con Espa\u00f1a y Europa.<\/p>\n\n\n\n<p>Nuestra <strong>felicitaci\u00f3n a las y los cineastas argentinos y argentino-espa\u00f1oles galardonados y a las PYMES de la industria cultural <\/strong>que las produjeron. <\/p>\n\n\n\n<p>Acompa\u00f1amos al CINE ARGENTINO en su lucha por profundizar las pol\u00edticas de fomento y de regulaci\u00f3n de mercado y <strong>rechazamos las falsedades de la derecha ultra de  JAVIER MILEI  candidato a presidente por la Libertad Avanza y la estigmatizacion de actores, directores , productores y en general al mundo del cine Argentino y la cultura en general<\/strong>. SOLIDARIDAD ABSOLUTA ante estos ataques fuera de lugar.<\/p>\n\n\n\n<p>Desde <strong>Podemos Argentina celebramos los premios obtenidos por el cine argentino en el festival internacional de cine de San Sebasti\u00e1n: <\/strong><\/p>\n\n\n\n<p>\u201c<strong>PUAN<\/strong>\u201d (mejor gui\u00f3n y mejor actor), \u00ab<em>De qu\u00e9 se trata Puan, la pel\u00edcula argentina que fue premiada en el Festival de San Sebasti\u00e1nr\u00bb.<\/em><\/p>\n\n\n\n<figure class=\"wp-block-gallery has-nested-images columns-default is-cropped wp-block-gallery-1 is-layout-flex wp-block-gallery-is-layout-flex\">\n<figure class=\"wp-block-image size-large\"><img fetchpriority=\"high\" decoding=\"async\" width=\"684\" height=\"1024\" data-id=\"3977\" src=\"https:\/\/xn--tuvozdiasporaespaola-k7b.com\/wp-content\/uploads\/2023\/10\/1000156301-684x1024.jpg\" alt=\"\" class=\"wp-image-3977\" srcset=\"https:\/\/xn--tuvozdiasporaespaola-k7b.com\/wp-content\/uploads\/2023\/10\/1000156301-684x1024.jpg 684w, https:\/\/xn--tuvozdiasporaespaola-k7b.com\/wp-content\/uploads\/2023\/10\/1000156301-200x300.jpg 200w, https:\/\/xn--tuvozdiasporaespaola-k7b.com\/wp-content\/uploads\/2023\/10\/1000156301-768x1150.jpg 768w, https:\/\/xn--tuvozdiasporaespaola-k7b.com\/wp-content\/uploads\/2023\/10\/1000156301.jpg 990w\" sizes=\"(max-width: 684px) 100vw, 684px\" \/><\/figure>\n<\/figure>\n\n\n\n<p><strong>El premio de Horizontes para \u201cEL CASTILLO\u201d<\/strong><\/p>\n\n\n\n<p>\u00ab<em>El castillo, de Mart\u00edn Benchimol, es un proyecto argentino en fase de posproducci\u00f3n. En El castillo, Benchimol sigue a una madre y a una hija que pasan sus \u00faltimos meses juntas en una enorme y desvencijada mansi\u00f3n en la Pampa que la madre ha heredado de su antigua empleadora con la condici\u00f3n de que no la venda nunca\u00bb. <\/em><\/p>\n\n\n\n<figure class=\"wp-block-gallery has-nested-images columns-default is-cropped wp-block-gallery-2 is-layout-flex wp-block-gallery-is-layout-flex\">\n<figure class=\"wp-block-image size-large\"><img decoding=\"async\" width=\"703\" height=\"1024\" data-id=\"3978\" src=\"https:\/\/xn--tuvozdiasporaespaola-k7b.com\/wp-content\/uploads\/2023\/10\/1000156298-703x1024.jpg\" alt=\"\" class=\"wp-image-3978\" srcset=\"https:\/\/xn--tuvozdiasporaespaola-k7b.com\/wp-content\/uploads\/2023\/10\/1000156298-703x1024.jpg 703w, https:\/\/xn--tuvozdiasporaespaola-k7b.com\/wp-content\/uploads\/2023\/10\/1000156298-206x300.jpg 206w, https:\/\/xn--tuvozdiasporaespaola-k7b.com\/wp-content\/uploads\/2023\/10\/1000156298-768x1119.jpg 768w, https:\/\/xn--tuvozdiasporaespaola-k7b.com\/wp-content\/uploads\/2023\/10\/1000156298.jpg 848w\" sizes=\"(max-width: 703px) 100vw, 703px\" \/><\/figure>\n<\/figure>\n\n\n\n<p><strong>El premio de Zabaltegui-Tabakalera para \u201cEL AUGE DEL HUMANO\u201d, <\/strong><\/p>\n\n\n\n<p>\u00ab<em>En Buenos Aires, Exe pierde su triste trabajo y ya no quiere buscar otro. Su barrio y sus amigos le parecen tan comunes como extra\u00f1os. Por Internet descubre a Alf, un chico mozambique\u00f1o, qui\u00e9n tambi\u00e9n tiene un triste trabajo. En su devenir, Alf tambi\u00e9n sigue a otro chico, Archie, quien escapa a la selva. En Argentina, Mozambique y Filipinas tres chicos j\u00f3venes tienen trabajos que los deprimen pero que van abriendo sus miradas hacia otros elementos y puntos de vista de un mundo que antes no percib\u00edan, abriendo puertas a un plano tan cotidiano como m\u00e1gico\u00bb.<\/em><\/p>\n\n\n\n<figure class=\"wp-block-gallery has-nested-images columns-default is-cropped wp-block-gallery-3 is-layout-flex wp-block-gallery-is-layout-flex\">\n<figure class=\"wp-block-image size-full\"><img decoding=\"async\" width=\"300\" height=\"432\" data-id=\"3980\" src=\"https:\/\/xn--tuvozdiasporaespaola-k7b.com\/wp-content\/uploads\/2023\/10\/el_auge_del_humano-432520849-mmed.jpg\" alt=\"\" class=\"wp-image-3980\" srcset=\"https:\/\/xn--tuvozdiasporaespaola-k7b.com\/wp-content\/uploads\/2023\/10\/el_auge_del_humano-432520849-mmed.jpg 300w, https:\/\/xn--tuvozdiasporaespaola-k7b.com\/wp-content\/uploads\/2023\/10\/el_auge_del_humano-432520849-mmed-208x300.jpg 208w\" sizes=\"(max-width: 300px) 100vw, 300px\" \/><\/figure>\n<\/figure>\n\n\n\n<p><strong>El premio Ibabia-Bilibin Circular a \u201cYO TERRATENIENTE\u201d<\/strong><\/p>\n\n\n\n<p><strong>\u00abYo, terrateniente\u00bb es una coproducci\u00f3n de Tourmalet Films de Espa\u00f1a y Ah! Cine de Argentina (Carolina Alvarez). Se trata del retrato par\u00f3dico de una familia burguesa argentina propietaria de cientos de hect\u00e1reas de soja transg\u00e9nica y su futuro heredero: un director de documentales\u00bb.<\/strong><\/p>\n\n\n\n<figure class=\"wp-block-gallery has-nested-images columns-default is-cropped wp-block-gallery-4 is-layout-flex wp-block-gallery-is-layout-flex\">\n<figure class=\"wp-block-image size-large\"><img loading=\"lazy\" decoding=\"async\" width=\"600\" height=\"400\" data-id=\"3981\" src=\"https:\/\/xn--tuvozdiasporaespaola-k7b.com\/wp-content\/uploads\/2023\/10\/1000156376.jpg\" alt=\"\" class=\"wp-image-3981\" srcset=\"https:\/\/xn--tuvozdiasporaespaola-k7b.com\/wp-content\/uploads\/2023\/10\/1000156376.jpg 600w, https:\/\/xn--tuvozdiasporaespaola-k7b.com\/wp-content\/uploads\/2023\/10\/1000156376-300x200.jpg 300w\" sizes=\"(max-width: 600px) 100vw, 600px\" \/><\/figure>\n<\/figure>\n\n\n\n<p><strong>La menci\u00f3n especial a \u201cEL JUICIO\u201d<\/strong><\/p>\n\n\n\n<p>\u00ab<em>El documental \u00abEl Juicio. El proceso judicial a los comandantes de la \u00faltima dictadura argentina\u00bb, dirigida por Ulises de la Orden, est\u00e1 basado en las grabaciones originales de las audiencias de este juicio hist\u00f3rico y es un complemento importante y para profundizar el tema del renombrado largometraje de ficci\u00f3n \u201cArgentina 1985\u201d del argentino Santiago Mitre, nominado al Oscar\u00bb.<\/em><\/p>\n\n\n\n<figure class=\"wp-block-gallery has-nested-images columns-default is-cropped wp-block-gallery-5 is-layout-flex wp-block-gallery-is-layout-flex\">\n<figure class=\"wp-block-image size-large\"><img loading=\"lazy\" decoding=\"async\" width=\"722\" height=\"1000\" data-id=\"3982\" src=\"https:\/\/xn--tuvozdiasporaespaola-k7b.com\/wp-content\/uploads\/2023\/10\/1000156327.jpg\" alt=\"\" class=\"wp-image-3982\" srcset=\"https:\/\/xn--tuvozdiasporaespaola-k7b.com\/wp-content\/uploads\/2023\/10\/1000156327.jpg 722w, https:\/\/xn--tuvozdiasporaespaola-k7b.com\/wp-content\/uploads\/2023\/10\/1000156327-217x300.jpg 217w\" sizes=\"(max-width: 722px) 100vw, 722px\" \/><\/figure>\n<\/figure>\n\n\n\n<p><strong>Y los premios a la industria para \u201cLOS DOMINGOS MUEREN M\u00c1S PERSONAS\u201d<\/strong><\/p>\n\n\n\n<p> \u00ab<em>Los domingos mueren m\u00e1s persona, es una comedia dram\u00e1tica con gui\u00f3n del propio Said. David (30), un joven jud\u00edo de clase media, ligeramente obeso y homosexual, regresa a Buenos Aires despu\u00e9s de a\u00f1os en Europa para asistir al funeral de su t\u00edo. Una vez all\u00ed, se entera de que su madre decidi\u00f3 apagar el ventilador que ha mantenido con vida a su padre durante a\u00f1os\u00bb.<\/em><\/p>\n\n\n\n<figure class=\"wp-block-gallery has-nested-images columns-default is-cropped wp-block-gallery-6 is-layout-flex wp-block-gallery-is-layout-flex\">\n<figure class=\"wp-block-image size-large\"><img loading=\"lazy\" decoding=\"async\" width=\"1024\" height=\"717\" data-id=\"3983\" src=\"https:\/\/xn--tuvozdiasporaespaola-k7b.com\/wp-content\/uploads\/2023\/10\/1000156313-1024x717.jpg\" alt=\"\" class=\"wp-image-3983\" srcset=\"https:\/\/xn--tuvozdiasporaespaola-k7b.com\/wp-content\/uploads\/2023\/10\/1000156313-1024x717.jpg 1024w, https:\/\/xn--tuvozdiasporaespaola-k7b.com\/wp-content\/uploads\/2023\/10\/1000156313-300x210.jpg 300w, https:\/\/xn--tuvozdiasporaespaola-k7b.com\/wp-content\/uploads\/2023\/10\/1000156313-768x538.jpg 768w, https:\/\/xn--tuvozdiasporaespaola-k7b.com\/wp-content\/uploads\/2023\/10\/1000156313.jpg 1170w\" sizes=\"(max-width: 1024px) 100vw, 1024px\" \/><\/figure>\n<\/figure>\n\n\n\n<p>FELICIDADES  el trabajo en equipo en libertad y constancia  siempre da sus frutos, siempre apoyaremos la cultura desde nuestro espacio Argentino  y  Latinoam\u00e9ricano de PODEMOS Por m\u00e1s coproducciones Argentino- Espa\u00f1olas.<\/p>\n\n\n\n<figure class=\"wp-block-gallery has-nested-images columns-default is-cropped wp-block-gallery-7 is-layout-flex wp-block-gallery-is-layout-flex\">\n<figure class=\"wp-block-image size-large is-style-rounded\"><img loading=\"lazy\" decoding=\"async\" width=\"1024\" height=\"1015\" data-id=\"3984\" src=\"https:\/\/xn--tuvozdiasporaespaola-k7b.com\/wp-content\/uploads\/2023\/10\/1000156367-1024x1015.jpg\" alt=\"\" class=\"wp-image-3984\" srcset=\"https:\/\/xn--tuvozdiasporaespaola-k7b.com\/wp-content\/uploads\/2023\/10\/1000156367-1024x1015.jpg 1024w, https:\/\/xn--tuvozdiasporaespaola-k7b.com\/wp-content\/uploads\/2023\/10\/1000156367-300x298.jpg 300w, https:\/\/xn--tuvozdiasporaespaola-k7b.com\/wp-content\/uploads\/2023\/10\/1000156367-150x150.jpg 150w, https:\/\/xn--tuvozdiasporaespaola-k7b.com\/wp-content\/uploads\/2023\/10\/1000156367-768x762.jpg 768w, https:\/\/xn--tuvozdiasporaespaola-k7b.com\/wp-content\/uploads\/2023\/10\/1000156367.jpg 1080w\" sizes=\"(max-width: 1024px) 100vw, 1024px\" \/><\/figure>\n<\/figure>\n\n\n\n<p>GT de CULTURA MEMORIA Y REP\u00daBLICA PODEMOS ARGENTINA y Red de C\u00edrculos Am\u00e9rica.<\/p>\n","protected":false},"excerpt":{"rendered":"<p>En una Nota de prensa de Grupo de Trabajo de Cultura, Memoria Democr\u00e1tica y Republica de Podemos Argentina en la Red de C\u00edrculos Podemos &#8230; <\/p>\n<p class=\"read-more-container\"><a title=\"EL cine Argentino se revela contra el Fascismo de Millei\" class=\"read-more button\" href=\"https:\/\/xn--tuvozdiasporaespaola-k7b.com\/page\/2\/el-cine-argentino-se-revela-contra-el-fascismo-de-millei\/#more-3973\" aria-label=\"M\u00e1s en EL cine Argentino se revela contra el Fascismo de Millei\">Leer m\u00e1s<\/a><\/p>\n","protected":false},"author":222560522,"featured_media":3988,"comment_status":"open","ping_status":"open","sticky":false,"template":"","format":"standard","meta":{"footnotes":""},"categories":[121850,1771],"tags":[],"class_list":["post-3973","post","type-post","status-publish","format-standard","has-post-thumbnail","hentry","category-politica","category-sociales","resize-featured-image"],"_links":{"self":[{"href":"https:\/\/xn--tuvozdiasporaespaola-k7b.com\/page\/2\/wp-json\/wp\/v2\/posts\/3973","targetHints":{"allow":["GET"]}}],"collection":[{"href":"https:\/\/xn--tuvozdiasporaespaola-k7b.com\/page\/2\/wp-json\/wp\/v2\/posts"}],"about":[{"href":"https:\/\/xn--tuvozdiasporaespaola-k7b.com\/page\/2\/wp-json\/wp\/v2\/types\/post"}],"author":[{"embeddable":true,"href":"https:\/\/xn--tuvozdiasporaespaola-k7b.com\/page\/2\/wp-json\/wp\/v2\/users\/222560522"}],"replies":[{"embeddable":true,"href":"https:\/\/xn--tuvozdiasporaespaola-k7b.com\/page\/2\/wp-json\/wp\/v2\/comments?post=3973"}],"version-history":[{"count":2,"href":"https:\/\/xn--tuvozdiasporaespaola-k7b.com\/page\/2\/wp-json\/wp\/v2\/posts\/3973\/revisions"}],"predecessor-version":[{"id":3987,"href":"https:\/\/xn--tuvozdiasporaespaola-k7b.com\/page\/2\/wp-json\/wp\/v2\/posts\/3973\/revisions\/3987"}],"wp:featuredmedia":[{"embeddable":true,"href":"https:\/\/xn--tuvozdiasporaespaola-k7b.com\/page\/2\/wp-json\/wp\/v2\/media\/3988"}],"wp:attachment":[{"href":"https:\/\/xn--tuvozdiasporaespaola-k7b.com\/page\/2\/wp-json\/wp\/v2\/media?parent=3973"}],"wp:term":[{"taxonomy":"category","embeddable":true,"href":"https:\/\/xn--tuvozdiasporaespaola-k7b.com\/page\/2\/wp-json\/wp\/v2\/categories?post=3973"},{"taxonomy":"post_tag","embeddable":true,"href":"https:\/\/xn--tuvozdiasporaespaola-k7b.com\/page\/2\/wp-json\/wp\/v2\/tags?post=3973"}],"curies":[{"name":"wp","href":"https:\/\/api.w.org\/{rel}","templated":true}]}}