{"id":394,"date":"2022-10-17T01:22:07","date_gmt":"2022-10-17T04:22:07","guid":{"rendered":"https:\/\/xn--tuvozdiasporaespaola-k7b.com\/?p=394"},"modified":"2022-11-12T21:48:35","modified_gmt":"2022-11-13T00:48:35","slug":"tiempos-nuevos-de-militancia-podemos-venezuela","status":"publish","type":"post","link":"https:\/\/xn--tuvozdiasporaespaola-k7b.com\/page\/2\/tiempos-nuevos-de-militancia-podemos-venezuela\/","title":{"rendered":"\u00bfTIEMPOS NUEVOS DE MILITANCIA? PODEMOS VENEZUELA"},"content":{"rendered":"\n<p>Vienen tiempos nuevos para militar , para incorporarse y responsabilizarse&nbsp; siendo inscrito de Podemos , y a la  vez militar en su C\u00edrculo.&nbsp;<\/p>\n\n\n\n<p>En estos tiempos de convulsi\u00f3n internacional&nbsp; necesitamos la Unidad de Acci\u00f3n&nbsp; la presencia activa en el d\u00eda a d\u00eda de la Di\u00e1spora Espa\u00f1ola&nbsp; en Venezuela.<\/p>\n\n\n\n<p>Si eres Espa\u00f1ol o descendiente&nbsp; tienes un espacio en &nbsp; el C\u00edrculo Podemos de Venezuela&nbsp; integrado en la Red de C\u00edrculos de Latinoam\u00e9rica&nbsp; de Podemos Exterior.<\/p>\n\n\n\n<p><strong>\u00bfPor qu\u00e9 ser militante&nbsp; y participar ?<\/strong><\/p>\n\n\n\n<p>Es sencilla la respuesta :&nbsp;<\/p>\n\n\n\n<p>.-Ley de Memoria Democr\u00e1tica&nbsp; con la ley de acceso a Nacionalidad Espa\u00f1ola ( aprobada este mes de Octubre ), donde si cumples una serie de Requisitos&nbsp; podr\u00e1s ser Espa\u00f1ol<\/p>\n\n\n\n<figure class=\"wp-block-embed is-type-rich is-provider-twitter wp-block-embed-twitter\"><div class=\"wp-block-embed__wrapper\">\n<blockquote class=\"twitter-tweet\" data-width=\"550\" data-dnt=\"true\"><p lang=\"es\" dir=\"ltr\">El senado ha aprobado la Ley de Memoria Democr\u00e1tica, que incluye novedades en acceso a la nacionalidad espa\u00f1ola. Pr\u00f3ximamente se seguir\u00e1 informando. Se ruega paciencia. El proceso est\u00e1 en desarrollo y se reciben miles de consultas con el mismo contenido.<a href=\"https:\/\/t.co\/rHvmB5nAPJ\">https:\/\/t.co\/rHvmB5nAPJ<\/a><\/p>&mdash; Consulado General de Espa\u00f1a en Caracas (@ConsEspCaracas) <a href=\"https:\/\/twitter.com\/ConsEspCaracas\/status\/1578106687072141312?ref_src=twsrc%5Etfw\">October 6, 2022<\/a><\/blockquote><script async src=\"https:\/\/platform.twitter.com\/widgets.js\" charset=\"utf-8\"><\/script>\n<\/div><\/figure>\n\n\n\n<p>.-Poder informarte y participar en el Consejo de Residentes Espa\u00f1oles en las Pr\u00f3ximas Elecciones&nbsp; en los Consulados&nbsp; Espa\u00f1oles de Venezuela<\/p>\n\n\n\n<p>.- Eres de Origen , Canario ,Gallego, Extreme\u00f1o,&nbsp; Castellano y&nbsp; Leon\u00e9s, Madrile\u00f1o, Andaluz, C\u00e1ntabro, Asturiano , Balear, Vasco , Catalan ,Valenciano, Aragones ,etc\u2026 tienes derechos y los tienes que conocer.<\/p>\n\n\n\n<p>.-Tienes pol\u00edticas&nbsp; en ayudas&nbsp; de Retorno a Espa\u00f1a , Opciones de Trabajo , Tarjetas Sanitarias, Ayudas para el establecimiento en esas comunidades, etc\u2026&nbsp;<\/p>\n\n\n\n<p>.- Temas de Salud , informaci\u00f3n sobre Fundaci\u00f3n Salud Espa\u00f1a para emigrantes espa\u00f1oles sin recursos .<\/p>\n\n\n\n<figure class=\"wp-block-embed is-type-rich is-provider-twitter wp-block-embed-twitter\"><div class=\"wp-block-embed__wrapper\">\n<blockquote class=\"twitter-tweet\" data-width=\"550\" data-dnt=\"true\"><p lang=\"es\" dir=\"ltr\">La Consejer\u00eda de Trabajo, Migraciones y Seguridad Social<br><br>Comunica: que, los beneficiarios de la Prestaci\u00f3n Econ\u00f3mica por Raz\u00f3n de Necesidad deben presentarse en el Viceconsulado Honorario en M\u00e9rida.<br>M\u00e9rida, Edo. M\u00e9rida.<br><br>FECHA: Mi\u00e9rcoles 19\/10\/2022<br>HORA: 9:00 am<\/p>&mdash; Consulado General de Espa\u00f1a en Caracas (@ConsEspCaracas) <a href=\"https:\/\/twitter.com\/ConsEspCaracas\/status\/1580943795138756612?ref_src=twsrc%5Etfw\">October 14, 2022<\/a><\/blockquote><script async src=\"https:\/\/platform.twitter.com\/widgets.js\" charset=\"utf-8\"><\/script>\n<\/div><\/figure>\n\n\n\n<p>.-Derogacion del voto Rogado y el poder votar libremente en las elecciones de Espa\u00f1a tanto en Generales ,&nbsp; Auton\u00f3micas , Forales o Europeas y poder ser candidato desde Venezuela en las primarias por la Lista de Podemos.<\/p>\n\n\n\n<p>.- Poder beneficiarse de&nbsp; Informaci\u00f3n de Primera Mano sobre temas concernientes&nbsp; a&nbsp; los&nbsp; derechos de los Espa\u00f1oles en Venezuela.<\/p>\n\n\n\n<p>.- Citas previas en los Consulados&nbsp; de Espa\u00f1a en Venezuela para obtenci\u00f3n de Documentos o Pasaportes asesoramiento.<\/p>\n\n\n\n<p>.-Ayudas desde las Consejer\u00edas de Trabajo, Laboral , Educaci\u00f3n&nbsp; y Cultura dependientes de los cuatro&nbsp; Ministerios Espa\u00f1oles de Emigraci\u00f3n, &nbsp; Agenda 2030&nbsp; y Derechos Sociales , Trabajo y&nbsp; Exteriores.<\/p>\n\n\n\n<p><strong>\u00bfEn que consiste todo lo expuesto?<\/strong><\/p>\n\n\n\n<p>Es sencillo siendo militante de Podemos podras optar a:<\/p>\n\n\n\n<p>-Poder ser CANDIDATO o CANDIDATA&nbsp; a Diputado o Senador en las ELECCIONES GENERALES&nbsp; o&nbsp; Diputado en las Elecciones EUROPEAS&nbsp; en la Lista electoral de Podemos participando en las Primarias del Partido siendo afiliado a PODEMOS VENEZUELA&nbsp;<\/p>\n\n\n\n<p>.- Informaci\u00f3n&nbsp; de Primera mano por parte del&nbsp; C\u00edrculo de Venezuela al que perteneces .<\/p>\n\n\n\n<p>.- Acceso a participar en un ZOOM&nbsp; mensual informativo , para exponer tus dudas y encontrar respuestas.<\/p>\n\n\n\n<p>.- Poder exponer tus necesidades y ser asesorado por militantes de Podemos de las distintas \u00c1reas de la Red de C\u00edrculos Latinoam\u00e9rica.<\/p>\n\n\n\n<p>.- Tener acceso a talleres Gratuitos de Formaci\u00f3n Pol\u00edtica, Memoria, Redes Sociales&nbsp; y Culturales.<\/p>\n\n\n\n<figure class=\"wp-block-embed is-type-rich is-provider-twitter wp-block-embed-twitter\"><div class=\"wp-block-embed__wrapper\">\n<blockquote class=\"twitter-tweet\" data-width=\"550\" data-dnt=\"true\"><p lang=\"es\" dir=\"ltr\">?Ley de Memoria Democratica  (con la aprobaci\u00f3n impl\u00edcita del derecho a la nacionalidad Espa\u00f1ola ,Ley de Nietos).<br>? Derogacion del VOTO  Rogado . ?Presupuestos con m\u00e1s partidas para la Diaspora Espa\u00f1ola <br>?Pol\u00edticas de Retorno.<br> Hacen de PODEMOS en el Gobierno Espa\u00f1a necesario <a href=\"https:\/\/t.co\/qX3O3jHmDk\">pic.twitter.com\/qX3O3jHmDk<\/a><\/p>&mdash; RED C\u00cdRCULOS PODEMOS LATINOAMERICA (@RedPodemosLatam) <a href=\"https:\/\/twitter.com\/RedPodemosLatam\/status\/1579307426578595840?ref_src=twsrc%5Etfw\">October 10, 2022<\/a><\/blockquote><script async src=\"https:\/\/platform.twitter.com\/widgets.js\" charset=\"utf-8\"><\/script>\n<\/div><\/figure>\n\n\n\n<p><\/p>\n\n\n\n<p><strong> \u00bf Donde puedo apuntarme y mediante que&nbsp; enlace ?<\/strong><\/p>\n\n\n\n<p>Puedes apuntarte contactando&nbsp; sl siguiente correo:<\/p>\n\n\n\n<p><a href=\"mailto:circulospodemosvenezuela@gmail.com\">circulospodemosvenezuela@gmail.com<\/a><\/p>\n\n\n\n<p>Dirigi\u00e9ndose a: Manuel Alejandro Ramirez Carcaboso&nbsp; coordinador del C\u00edrculo de Venezuela.&nbsp;<\/p>\n\n\n\n<p>Tambi\u00e9n lo puedes hacer uni\u00e9ndote a este enlace de Telegram y recibiendo toda la informaci\u00f3n de forma personalizada y R\u00e1pida y compartiendo inquietudes como Espa\u00f1ol residente en Venezuela:<\/p>\n\n\n\n<p>TELEGRAM ENLACE DE UNI\u00d3N ?<\/p>\n\n\n\n<p><a href=\"https:\/\/t.me\/+4-Cb34qVAtRiM2Mx\">https:\/\/t.me\/+4-Cb34qVAtRiM2Mx<\/a><\/p>\n\n\n\n<p><br \/><br \/><\/p>\n\n\n\n<p>Recuerda que tu eres lo m\u00e1s Importante&nbsp; y nosotros estamos para&nbsp; ayudarte&nbsp; desde el Espacio de Podemos Venezuela un Espacio com\u00fan y progresista donde la participaci\u00f3n en el colectivo forma parte del d\u00eda a d\u00eda&nbsp; y con el horizonte de vencer al fascismo de VOX&nbsp; en Espa\u00f1a&nbsp; y a la derecha del PARTIDO POPULAR de&nbsp; Nu\u00f1ez Feijoo.&nbsp;<\/p>\n\n\n\n<p>En estas pr\u00f3ximas elecciones&nbsp; Generales&nbsp; del 2023 , en las Auton\u00f3micas de: &nbsp; Islas Canarias,&nbsp; Valencia, &nbsp; Madrid , Asturias ,Euskadi &nbsp; Valencia , Islas Baleares ,Extremadura , Murcia , Arag\u00f3n, La Rioja &nbsp; Navarra, Castilla la Mancha y Cantabria as\u00ed como Melilla y Ceuta.<\/p>\n\n\n\n<figure class=\"wp-block-image size-large\"><img fetchpriority=\"high\" decoding=\"async\" width=\"1065\" height=\"356\" src=\"http:\/\/xn--tuvozdiasporaespaola-k7b.com\/wp-content\/uploads\/2022\/10\/screenshot_20221016-232206_gallery3836302305343531695.jpg?w=1024\" alt=\"\" class=\"wp-image-392\" srcset=\"https:\/\/xn--tuvozdiasporaespaola-k7b.com\/wp-content\/uploads\/2022\/10\/screenshot_20221016-232206_gallery3836302305343531695.jpg 1065w, https:\/\/xn--tuvozdiasporaespaola-k7b.com\/wp-content\/uploads\/2022\/10\/screenshot_20221016-232206_gallery3836302305343531695-300x100.jpg 300w, https:\/\/xn--tuvozdiasporaespaola-k7b.com\/wp-content\/uploads\/2022\/10\/screenshot_20221016-232206_gallery3836302305343531695-1024x342.jpg 1024w, https:\/\/xn--tuvozdiasporaespaola-k7b.com\/wp-content\/uploads\/2022\/10\/screenshot_20221016-232206_gallery3836302305343531695-768x257.jpg 768w\" sizes=\"(max-width: 1065px) 100vw, 1065px\" \/><\/figure>\n\n\n\n<p>No lo olvides, tienes una obligaci\u00f3n: Participar con Podemos siendo militante inscrito.<br \/><br \/>Unos Derechos : Beneficiarte de tu condici\u00f3n de ser&nbsp; Espa\u00f1ol o Espa\u00f1ola y de las opciones de poder serlo&nbsp;<br \/><br \/>TE ESPERAMOS.<br \/><br \/>\u00a1 SI SE PUEDE!<br \/><br \/>En Venezuela Podemos esta para ayudarte y t\u00fa para ayudarnos a CRECER.<\/p>\n\n\n\n<figure class=\"wp-block-image size-large\"><img decoding=\"async\" width=\"1080\" height=\"1071\" src=\"http:\/\/xn--tuvozdiasporaespaola-k7b.com\/wp-content\/uploads\/2022\/10\/screenshot_20221113-013517_telegram7042588367703439073.jpg?w=1024\" alt=\"\" class=\"wp-image-612\" srcset=\"https:\/\/xn--tuvozdiasporaespaola-k7b.com\/wp-content\/uploads\/2022\/10\/screenshot_20221113-013517_telegram7042588367703439073.jpg 1080w, https:\/\/xn--tuvozdiasporaespaola-k7b.com\/wp-content\/uploads\/2022\/10\/screenshot_20221113-013517_telegram7042588367703439073-300x298.jpg 300w, https:\/\/xn--tuvozdiasporaespaola-k7b.com\/wp-content\/uploads\/2022\/10\/screenshot_20221113-013517_telegram7042588367703439073-1024x1015.jpg 1024w, https:\/\/xn--tuvozdiasporaespaola-k7b.com\/wp-content\/uploads\/2022\/10\/screenshot_20221113-013517_telegram7042588367703439073-150x150.jpg 150w, https:\/\/xn--tuvozdiasporaespaola-k7b.com\/wp-content\/uploads\/2022\/10\/screenshot_20221113-013517_telegram7042588367703439073-768x762.jpg 768w\" sizes=\"(max-width: 1080px) 100vw, 1080px\" \/><\/figure>\n\n\n\n<p>MANUEL ALEJANDRO RAMIREZ CARCABOSO&nbsp;<\/p>\n\n\n\n<p>Enlace -Coordinador del&nbsp;C\u00edrculo de Podemos de Venezuela. Y equipo de Coordinaci\u00f3n&nbsp; de la Red de C\u00edrculos Podemos Latinoam\u00e9rica&nbsp;<\/p>\n","protected":false},"excerpt":{"rendered":"<p>Vienen tiempos nuevos para militar , para incorporarse y responsabilizarse&nbsp; siendo inscrito de Podemos , y a la vez militar en su C\u00edrculo.&nbsp; En &#8230; <\/p>\n<p class=\"read-more-container\"><a title=\"\u00bfTIEMPOS NUEVOS DE MILITANCIA? PODEMOS VENEZUELA\" class=\"read-more button\" href=\"https:\/\/xn--tuvozdiasporaespaola-k7b.com\/page\/2\/tiempos-nuevos-de-militancia-podemos-venezuela\/#more-394\" aria-label=\"M\u00e1s en \u00bfTIEMPOS NUEVOS DE MILITANCIA? PODEMOS VENEZUELA\">Leer m\u00e1s<\/a><\/p>\n","protected":false},"author":222560522,"featured_media":0,"comment_status":"open","ping_status":"open","sticky":false,"template":"","format":"standard","meta":{"footnotes":""},"categories":[1771],"tags":[],"class_list":["post-394","post","type-post","status-publish","format-standard","hentry","category-sociales"],"_links":{"self":[{"href":"https:\/\/xn--tuvozdiasporaespaola-k7b.com\/page\/2\/wp-json\/wp\/v2\/posts\/394","targetHints":{"allow":["GET"]}}],"collection":[{"href":"https:\/\/xn--tuvozdiasporaespaola-k7b.com\/page\/2\/wp-json\/wp\/v2\/posts"}],"about":[{"href":"https:\/\/xn--tuvozdiasporaespaola-k7b.com\/page\/2\/wp-json\/wp\/v2\/types\/post"}],"author":[{"embeddable":true,"href":"https:\/\/xn--tuvozdiasporaespaola-k7b.com\/page\/2\/wp-json\/wp\/v2\/users\/222560522"}],"replies":[{"embeddable":true,"href":"https:\/\/xn--tuvozdiasporaespaola-k7b.com\/page\/2\/wp-json\/wp\/v2\/comments?post=394"}],"version-history":[{"count":0,"href":"https:\/\/xn--tuvozdiasporaespaola-k7b.com\/page\/2\/wp-json\/wp\/v2\/posts\/394\/revisions"}],"wp:attachment":[{"href":"https:\/\/xn--tuvozdiasporaespaola-k7b.com\/page\/2\/wp-json\/wp\/v2\/media?parent=394"}],"wp:term":[{"taxonomy":"category","embeddable":true,"href":"https:\/\/xn--tuvozdiasporaespaola-k7b.com\/page\/2\/wp-json\/wp\/v2\/categories?post=394"},{"taxonomy":"post_tag","embeddable":true,"href":"https:\/\/xn--tuvozdiasporaespaola-k7b.com\/page\/2\/wp-json\/wp\/v2\/tags?post=394"}],"curies":[{"name":"wp","href":"https:\/\/api.w.org\/{rel}","templated":true}]}}