{"id":3935,"date":"2023-10-01T19:00:11","date_gmt":"2023-10-01T22:00:11","guid":{"rendered":"https:\/\/xn--tuvozdiasporaespaola-k7b.com\/page\/2\/?p=3935"},"modified":"2023-10-03T08:16:49","modified_gmt":"2023-10-03T11:16:49","slug":"sumar-el-proyecto-fraude-de-yolanda-diaz","status":"publish","type":"post","link":"https:\/\/xn--tuvozdiasporaespaola-k7b.com\/page\/2\/sumar-el-proyecto-fraude-de-yolanda-diaz\/","title":{"rendered":"SUMAR, el proyecto  fraude de Yolanda D\u00edaz"},"content":{"rendered":"\n<p><strong>Un paso adelante, dos pasos atr\u00e1s.<\/strong><\/p>\n\n\n\n<p>El montaje de Yolanda D\u00edaz con la composici\u00f3n de una nueva \u00abizquierda woke\u00bb demuestra ser funcional al sistema. Su objetivo es intentar recuperar el voto que en su d\u00eda logr\u00f3 Podemos ante los continuos descalabros electorales de Unidas Podemos (Castilla y Le\u00f3n, Galicia, Pa\u00eds Vasco y Andaluc\u00eda) asumiendo la v\u00eda electoral y el juego parlamentario en el \u00fanico cauce posible para la transformaci\u00f3n pol\u00edtica de la sociedad espa\u00f1ola. D\u00edaz defiende la idea de que su proyecto \u201cno va de partidos ni de siglas, sino de escuchar a la sociedad\u00bb.<\/p>\n\n\n\n<p>Promete un \u00abnuevo contrato social\u00bb para ensanchar la democracia\u00bb, dispuesta a encabezar un proyecto pol\u00edtico que ser\u00e1 elaborado por \u00abdiversos grupos y equipos tem\u00e1ticos\u00bb que tengan en cuenta las sugerencias recogidas desde este momento \u00aben cada rinc\u00f3n del pa\u00eds\u00bb. Con los coordinadores de los grupos de trabajo de Sumar, trata de mostrarse como algo radicalmente diferente a los proyectos neo reformistas surgidos hasta ahora, contando con rostros de <em>influencers<\/em> de izquierdas, sectores de activistas, acad\u00e9micos, artistas e incluyendo una alta representaci\u00f3n de mujeres en sus filas. Perfiles acad\u00e9micos y t\u00e9cnicos que presentaron en febrero los resultados de un \u00abtrabajo colectivo\u00bb. Sin embargo es solo una mentira, es solo un prototipo de caudillismo rodeado de oportunistas con la estrofa \u00ab<em>todes por un cargo<\/em>\u00ab.<\/p>\n\n\n\n<figure class=\"wp-block-pullquote\"><blockquote><p>\u00ab&#8230;.no hay que olvidar nunca un rasgo peculiar de todo el oportunismo contempor\u00e1neo en todos los terrenos: su car\u00e1cter indefinido, difuso, inapreciable\u2026\u00bb<\/p><cite>LENIN<\/cite><\/blockquote><\/figure>\n\n\n\n<blockquote class=\"wp-block-quote is-layout-flow wp-block-quote-is-layout-flow\">\n<p>Figuran entre ellos: Ignacio S\u00e1nchez-Cuenca, juez del Tribunal Supremo, uno de los intelectuales de referencia en la socialdemocracia en Espa\u00f1a y que tuvo un especial predicamento en el ex presidente del Gobierno Rodr\u00edguez Zapatero.<\/p>\n\n\n\n<figure class=\"wp-block-gallery has-nested-images columns-default is-cropped wp-block-gallery-1 is-layout-flex wp-block-gallery-is-layout-flex\">\n<figure class=\"wp-block-image size-large\"><img fetchpriority=\"high\" decoding=\"async\" width=\"819\" height=\"1024\" data-id=\"3960\" src=\"https:\/\/xn--tuvozdiasporaespaola-k7b.com\/wp-content\/uploads\/2023\/09\/1000154928-819x1024.jpg\" alt=\"\" class=\"wp-image-3960\" srcset=\"https:\/\/xn--tuvozdiasporaespaola-k7b.com\/wp-content\/uploads\/2023\/09\/1000154928-819x1024.jpg 819w, https:\/\/xn--tuvozdiasporaespaola-k7b.com\/wp-content\/uploads\/2023\/09\/1000154928-240x300.jpg 240w, https:\/\/xn--tuvozdiasporaespaola-k7b.com\/wp-content\/uploads\/2023\/09\/1000154928-768x960.jpg 768w, https:\/\/xn--tuvozdiasporaespaola-k7b.com\/wp-content\/uploads\/2023\/09\/1000154928.jpg 871w\" sizes=\"(max-width: 819px) 100vw, 819px\" \/><\/figure>\n<\/figure>\n\n\n\n<p>Se encarga del \u00e1rea de Calidad Democr\u00e1tica Fernando Salinas, el profesor universitario de Ciencias Pol\u00edticas, el escritor Bernardo Atxaga,  de Cultura C\u00e9sar Rendueles, investigador en el CISC, profesor de Sociolog\u00eda Complutense al frente de Bienestar y Derechos. Marta Lois, concejala de Compostela Aberta, profesora de Ciencias Pol\u00edticas y Sociales de la Universidad de Santiago, que se encargo del \u00e1rea de Cuidados y ahora de ser la peor portavoz parlamentaria de la Izquierda.<\/p>\n\n\n\n<p>Yayo Herrero L\u00f3pez, profesora de la UNED e investigadora ecofeminista y ecosocialista. Agust\u00edn Moreno, exdiputado de UP por en la Asamblea de Madrid, Josep Vendrell Garde\u00f1es.<\/p>\n\n\n\n<p>Licenciado en Geograf\u00eda e Historia, Xavier Dom\u00e8nech, ex-portavoz de la confluencia catalana de Unidas Podemos en el Congreso como \u00abconsejero pol\u00edtico\u00bb de D\u00edaz. Joaqu\u00edn P\u00e9rez Rey, secretario de Estado, con un perfil acad\u00e9mico y sindical, pieza angular del equipo m\u00e1s t\u00e9cnico. Asesores provenientes del mundo de las Mareas, como Xaime Subiela; la asesora jur\u00eddica Elena Cardezo; la responsable de redes sociales Mari\u00f1a S\u00e1nchez  el asesor econ\u00f3mico Manuel Lago, ex-portavoz de En Marea en el Parlamento gallego. <\/p>\n\n\n\n<p>Entre los puntales que ya trabajaron codo con codo con D\u00edaz, el diputado Ant\u00f3n G\u00f3mez Reino; el hist\u00f3rico dirigente de IU, Ram\u00f3n Luque; su directora de comunicaci\u00f3n, Virginia Uzal; su encargada de agenda Estela Pazos o su asesor de discurso Fran Lorenzo. En la definici\u00f3n de este y la estrategia trabajo tambi\u00e9n Rodrigo Am\u00edrola, que ya estuvo bajo la batuta de \u00cd\u00f1igo Errej\u00f3n durante la primera etapa de Podemos como miembro del \u00e1rea de discurso y argumentario en la secretar\u00eda de Pol\u00edtica.<\/p>\n\n\n\n<p>A <strong>juicio de D\u00edaz, el proyecto ten\u00eda que  terminar<\/strong> con un nuevo contrato democr\u00e1tico y social que sea<strong> \u00abverde, feminista, que tenga a los j\u00f3venes dentro, que sea intergeneracional\u00bb<\/strong>. Un proyecto incompatible con la etiqueta de izquierda, \u00ab<strong>una esquinita\u00bb que reh\u00faye porque \u00abes algo muy peque\u00f1o y marginal\u00bb (sic), \u00absin egos de otros\u00bb y que intenta erigirse en la casa com\u00fan desde la que \u00abimaginar y reconstruir un nuevo pa\u00eds\u00bb, <\/strong>avanza. La vicepresidenta segunda en la presentaci\u00f3n de Valencia llego a proclamar que \u201c<strong>esto es el principio de algo maravilloso\u201d. La \u00abtransversalidad\u00bb ten\u00eda que ser  la se\u00f1a de identidad que D\u00edaz que pretendi\u00f3 imprimir a su proyecto<\/strong>, huyendo incluso del eje ideol\u00f3gico de izquierda-derecha.<\/p>\n\n\n\n<p>Una b\u00fasqueda de la centralidad que, sin haber desarrollado todav\u00eda un programa pol\u00edtico, lleno con las ideas fuerza de institucionalidad, di\u00e1logo, acuerdo y mejorar la vida de la gente. <\/p>\n\n\n\n<p><strong>Mensajes que no difieren mucho de los de Pedro S\u00e1nchez. Un proyecto, dicen, \u00abpara toda Espa\u00f1a\u00bb. Sin etiquetas ni dependencias de partidos. Tanto es as\u00ed que estas mismas fuentes avanzan que rehuir\u00e1 una identificaci\u00f3n con la izquierda.<\/strong><\/p>\n\n\n\n<figure class=\"wp-block-pullquote\"><blockquote><p><strong>Todo lo contrario es la realidad del presente.<\/strong><\/p><\/blockquote><\/figure>\n\n\n\n<p><strong>Caudillaje carism\u00e1tico Yolanda D\u00edaz<\/strong>  <strong>lleg\u00f3 a pedir a los partidos de la izquierda mantenerse en \u00absegundo plano\u00bb para no opacar el lanzamiento de Sumar<\/strong>. <\/p>\n\n\n\n<p>Aunque el soci\u00f3logo Weber afirmaba que la construcci\u00f3n del carisma es un proceso eminentemente irracional, <strong>la consecuci\u00f3n del carisma de Yolanda Diaz es un resultado puramente tecn\u00f3crata debido a su papel en el Gobierno<\/strong>.<\/p>\n\n\n\n<figure class=\"wp-block-gallery has-nested-images columns-default is-cropped wp-block-gallery-2 is-layout-flex wp-block-gallery-is-layout-flex\">\n<figure class=\"wp-block-image size-large\"><img decoding=\"async\" width=\"1024\" height=\"768\" data-id=\"3961\" src=\"https:\/\/xn--tuvozdiasporaespaola-k7b.com\/wp-content\/uploads\/2023\/09\/1000154693-1024x768.jpg\" alt=\"\" class=\"wp-image-3961\" srcset=\"https:\/\/xn--tuvozdiasporaespaola-k7b.com\/wp-content\/uploads\/2023\/09\/1000154693-1024x768.jpg 1024w, https:\/\/xn--tuvozdiasporaespaola-k7b.com\/wp-content\/uploads\/2023\/09\/1000154693-300x225.jpg 300w, https:\/\/xn--tuvozdiasporaespaola-k7b.com\/wp-content\/uploads\/2023\/09\/1000154693-768x576.jpg 768w, https:\/\/xn--tuvozdiasporaespaola-k7b.com\/wp-content\/uploads\/2023\/09\/1000154693.jpg 1200w\" sizes=\"(max-width: 1024px) 100vw, 1024px\" \/><\/figure>\n<\/figure>\n\n\n\n<p>Desde su gabinete de comunicaci\u00f3n se encontraron muy satisfechos  entonces con los resultados obtenidos y manifestaron que <em>la clave hab\u00eda sido potenciarse profesionalmente<\/em> desde el trampol\u00edn de Ministra: subida del Salario M\u00ednimo Interprofesional (SMI) a 950\u20ac (enero de 2020), la prohibici\u00f3n de despidos y regularizaci\u00f3n de los ERTE (abril 2020), la aprobaci\u00f3n de la ley de teletrabajo (septiembre 2020) y la aprobaci\u00f3n de la \u2018ley rider\u2019 (mayo 2021), <strong>proyectando la imagen de persona que se dedica a la pol\u00edtica para \u201ccambiar la vida de la gente\u201d mediante la \u201cpol\u00edtica de las peque\u00f1as cosas\u00bb. El proyecto de D\u00edaz no llega a ser siquiera una mala copia de Podemos. Un proyecto que se apoya en los \u201clogros\u201d del gobierno de coalici\u00f3n con el PSOE, que no ha sido m\u00e1s que la buena gesti\u00f3n de los negocios de los capitalistas durante la crisis<\/strong>.<\/p>\n\n\n\n<p> No se dice <strong>ni una palabra de derogar \u00edntegramente las reformas laborales del PSOE y el PP.<\/strong><\/p>\n\n\n\n<figure class=\"wp-block-gallery has-nested-images columns-default is-cropped wp-block-gallery-3 is-layout-flex wp-block-gallery-is-layout-flex\">\n<figure class=\"wp-block-image size-large\"><img decoding=\"async\" width=\"689\" height=\"404\" data-id=\"3962\" src=\"https:\/\/xn--tuvozdiasporaespaola-k7b.com\/wp-content\/uploads\/2023\/09\/1000154692.png\" alt=\"\" class=\"wp-image-3962\" srcset=\"https:\/\/xn--tuvozdiasporaespaola-k7b.com\/wp-content\/uploads\/2023\/09\/1000154692.png 689w, https:\/\/xn--tuvozdiasporaespaola-k7b.com\/wp-content\/uploads\/2023\/09\/1000154692-300x176.png 300w\" sizes=\"(max-width: 689px) 100vw, 689px\" \/><\/figure>\n<\/figure>\n\n\n\n<p><strong> Al contrario, se defiende la reforma laboral de la ministra, bendecida por la CEOE, que no s\u00f3lo mantuvo lo esencial de las anteriores, sino que dio una nueva vuelta de tuerca en favor de los empresarios<\/strong>. Y, por supuesto, <strong>tampoco plantea la necesidad de que los salarios indexados autom\u00e1ticamente seg\u00fan el aumento de la inflaci\u00f3n que ya est\u00e1 haciendo estragos, sino de un \u201cpacto de rentas\u201d para aumentar los salarios al 3%, dej\u00e1ndolos muy por debajo de la inflaci\u00f3n que llego a estar en el 9%<\/strong>.  Ni mucho menos medidas tan necesarias como el reparto de las horas de trabajo sin disminuir los salarios, para terminar con el paro.<\/p>\n\n\n\n<blockquote class=\"wp-block-quote is-layout-flow wp-block-quote-is-layout-flow\">\n<figure class=\"wp-block-pullquote\"><blockquote><p><strong>Falsas ilusiones de enga\u00f1ar bobos, Lo llaman \u00abderogaci\u00f3n\u00bb y no lo es<\/strong>.<\/p><\/blockquote><\/figure>\n\n\n\n<p>El recorrido que tuvo <strong>D\u00edaz con su \u00e9nfasis en la famosa promesa de la \u201cderogaci\u00f3n\u00bb de la \u00faltima Reforma Laboral del Partido Popular<\/strong>. Con el correr de los meses <strong>lo de \u201cderogar\u201d se fue poco a poco licuando en \u201cmodernizar el mercado de trabajo\u00bb.<\/strong> Yolanda D\u00edaz lo admit\u00eda en El Pa\u00eds  dos semanas <strong>despu\u00e9s de llegar al Ministerio de Trabajo: \u201cT\u00e9cnicamente no es derogable toda la reforma laboral\u201d, entonces \u201cderogar\u201d se convirti\u00f3 en sin\u00f3nimo de otra cosa: <\/strong>una reforma a fondo se convierte en agua de chichinabo, una modificaci\u00f3n parcial.D\u00edaz con una argumentaci\u00f3n que pretend\u00eda ser muy jur\u00eddica, <strong>arroj\u00f3 un jarro de agua fr\u00eda a los (pocos) que a\u00fan cre\u00edan en ella, pretend\u00eda derogar \u00edntegramente la Reforma laboral, el 4 nov. 2021 declaraba:<\/strong> <strong>\u00ab\u00bfT\u00e9cnicamente se puede derogar la reforma laboral del Partido Popular?<\/strong> <strong>No, porque fue una reforma expansiva que afect\u00f3 a m\u00e1s de 20 preceptos del Estatuto de los Trabajadores, a varios reales decretos y directivas\u00bbUna nueva excusa puesta por la ministra de Trabajo y antigua abogada laboralista. <\/strong><\/p>\n\n\n\n<p>Un art\u00edculo en eldiario.es el 7 nov. 2021 de Garbi\u00f1e Biurrun, profesora y <strong>magistrada del Tribunal Superior de Justicia del Pa\u00eds Vasco la puso en solfa: \u201cque no se diga que \u00abt\u00e9cnicamente la reforma no se puede derogar\u00bb. Claro que se puede. El BOE lo aguanta todo, incluso lo que es m\u00e1s justo, algo que no siempre ocurre<\/strong>. Y podr\u00eda \u2013no digo que sea lo mejor a estas alturas\u2013 retomarse en su literalidad el Estatuto de los Trabajadores vigente el 9 de febrero de 2012 y preverse una transitoriedad que evite problemas aplicativos. E incluso <strong>volverse a los 45 d\u00edas de indemnizaci\u00f3n por a\u00f1o trabajado para el caso del despido improcedente o injusto, <\/strong>algo que t\u00e9cnicamente carece de cualquier complejidad. Pero, por lo escuchado y le\u00eddo, esto parece no estar ya, incomprensiblemente, en el \u00e1nimo del proximo Gobierno\u201d\u00bb<strong>El discurso de defensa de los servicios p\u00fablicos a los que poder acudir para satisfacer necesidades b\u00e1sicas como la educaci\u00f3n o la salud sin tener que resolverlos en el mercado privado, es solo eso, \u00abdiscurso<\/strong>.<\/p>\n\n\n\n<p> Porque no va acompa\u00f1ado de una pol\u00edtica real  en este nuevo engendro de Sumar y la Caudilla Yolanda que renga por objetivo terminar con las externalizaciones y para que los servicios ya privatizados vuelvan a ser p\u00fablicos sin pagarles un duro a los que se lucraron con la salud y la vida de la gente.<\/p>\n\n\n\n<p><strong>Hechos que son amores D\u00edaz reivindica Sumar como un \u201cespacio abierto, alegre en el que las personas no miran de reojo a la pol\u00edtica\u201d pero Sumar deja sin mencionar grandes cuestiones democr\u00e1ticas que todav\u00eda quedan por resolver en el Estado espa\u00f1ol, <\/strong>como la persistencia de la reaccionaria Monarqu\u00eda y su modelo bonapartista del bipartidismo con dos partidos bisagra: PP y PSOE herencia de la Transici\u00f3n o el bloqueo constante a Podemos \u00fanico partido que transformo la pol\u00edtica en beneficio de las clases populares y que Yolanda una y otra vez pretende Humillar <strong>\u00bfes eso un proyecto inclusivo o un proyecto privado de una caudilla Estalinista.<\/strong><\/p>\n\n\n\n<figure class=\"wp-block-pullquote\"><blockquote><p><strong>Y fueron felices y comieron perdices D\u00edaz declara<\/strong>:<\/p><\/blockquote><\/figure>\n\n\n\n<p>\u00abQueremos que esto termine en un gran nuevo contrato social. Verde, feminista, con los j\u00f3venes dentro, con imaginaci\u00f3n, talento, pacifista, intergeneracional y, sobre todo, de un pa\u00eds que es feliz\u00bb decia , a la Cumbre de la OTAN en Madrid en junio 2022 la Ministra no le dedic\u00f3 una sola cr\u00edtica, coherente con su ubicaci\u00f3n contemplativa ante el extraordinario rearme armament\u00edstico que est\u00e1 llevando a cabo el Gobierno y el reforzamiento de la posici\u00f3n subordinada del Estado Espa\u00f1ol a la OTAN.<\/p>\n\n\n\n<p>En aquel 5 de abril de 2022, D\u00eda de la Infamia en el Congreso espa\u00f1ol cuando acogi\u00f3 la videoconferencia del ucronazi Zelenski, D\u00edaz no se ausent\u00f3 sino que aplaudi\u00f3 la intervenci\u00f3n y en septiembre en la votaci\u00f3n en el Congreso sobre los protocolos de adhesi\u00f3n de Suecia y Finlandia a la OTAN, se abstuvo. Fue llamativo que Yolanda Diaz que sigue con carnet de militante del PCE no se dejase  ver en julio por el escenario del XXI Congreso en Madrid.<\/p>\n\n\n\n<p>Miente a sabiendas,como con la entrega supeditada de los fondos del Plan Generation Next EU, que contradice las declaraciones de Yolanda D\u00edaz que declaraba en julio 2021  : \u00abPodemos afirmar que no hay hombres ni mujeres de la Troika, no los va a haber\u00bb y a\u00f1ad\u00eda: <strong>\u00abno hay condicionalidades que tengan que ver con las agendas legislativas soberanas de los pa\u00edses\u00bb, en realidad todav\u00eda desconocemos el contenido del \u00abOperational Arrangement\u00bb  <\/strong>(Disposiciones Operativas del Plan de Recuperaci\u00f3n o acuerdo de funcionamiento) y, en concreto, del Componente 23 (Reforma laboral), firmado por el Gobierno y la Comisi\u00f3n Europea que forma parte de los 416 compromisos distribuidos para los 8 desembolsos semestrales por parte de la UE.<\/p>\n\n\n\n<figure class=\"wp-block-pullquote\"><blockquote><p><strong>La versi\u00f3n Disney.<\/strong><\/p><cite>\u00bfUna pel\u00edcula de animaci\u00f3n?<\/cite><\/blockquote><\/figure>\n\n\n\n<p>Tan edulcorada con ese <strong>lenguaje de boller\u00eda fina que emplea D\u00edaz: \u00abmaravilloso\u00bb, \u00abilusionante\u00bb, \u00abparticipativo\u00bb, <\/strong>una sem\u00e1ntica hipergluc\u00e9mica que no impide entrever a una pol\u00edtica, que prologa el Manifiesto Comunista para El Pa\u00eds (&#8230;), mediante una burda falsificaci\u00f3n criticada incluso por la FIM (Fundaci\u00f3n investigaciones Marxistas), para muestra un bot\u00f3n, escribe Yolanda D\u00edaz: \u00abMarx ha sido caricaturizado y simplificado innumerables veces. <\/p>\n\n\n\n<p><strong>El mismo lenguaje que ayud\u00f3 a desmantelar le jug\u00f3 una mala pasada.<\/strong><\/p>\n\n\n\n<p>Las traducciones, por ejemplo, hechas a lo largo de los a\u00f1os sobre el original alem\u00e1n, han instituido frases y t\u00f3picos, como <strong>\u00abdictadura del proletariado\u00bb, que no corresponden al sustrato exacto de sus tesis.\u00bb<\/strong><\/p>\n\n\n\n<p>En el <strong>lanzamiento de su mal llamado  proceso de \u201cescucha\u201d ( mas bien un escaparate para autoproclamarse lider sin primarias) la estrella fue  la idea de un nuevo \u201ccontrato social\u201d. <\/strong><\/p>\n\n\n\n<figure class=\"wp-block-gallery has-nested-images columns-default is-cropped wp-block-gallery-4 is-layout-flex wp-block-gallery-is-layout-flex\">\n<figure class=\"wp-block-image size-large\"><img loading=\"lazy\" decoding=\"async\" width=\"810\" height=\"1024\" data-id=\"3963\" src=\"https:\/\/xn--tuvozdiasporaespaola-k7b.com\/wp-content\/uploads\/2023\/09\/1000154699-1-810x1024.jpg\" alt=\"\" class=\"wp-image-3963\" srcset=\"https:\/\/xn--tuvozdiasporaespaola-k7b.com\/wp-content\/uploads\/2023\/09\/1000154699-1-810x1024.jpg 810w, https:\/\/xn--tuvozdiasporaespaola-k7b.com\/wp-content\/uploads\/2023\/09\/1000154699-1-237x300.jpg 237w, https:\/\/xn--tuvozdiasporaespaola-k7b.com\/wp-content\/uploads\/2023\/09\/1000154699-1-768x971.jpg 768w, https:\/\/xn--tuvozdiasporaespaola-k7b.com\/wp-content\/uploads\/2023\/09\/1000154699-1.jpg 1037w\" sizes=\"(max-width: 810px) 100vw, 810px\" \/><\/figure>\n<\/figure>\n\n\n\n<p>Es decir, la vieja pol\u00edtica burguesa defendida por todas las burocracias sindicales y pol\u00edticas que han hecho de la conciliaci\u00f3n de clases el centro de gravedad de su pol\u00edtica. Un mecanismo que puede sonar atractivo, pero que s\u00f3lo ha servido hist\u00f3ricamente para someter a la clase trabajadora, y obligarla, mediante la burocracia de las organizaciones pol\u00edticas y sindicales c\u00f3mplices, a negociar siempre a la baja por sus condiciones de vida, mientras las ganancias de los m\u00e1s ricos permanecen intactas.<\/p>\n\n\n\n<p> Es decir, el medio para <strong>asegurarle a la CEOE que los intereses empresariales van a ser priorizados y protegidos actuando como desv\u00edo del malestar y la rabia de los sectores m\u00e1s afectados, mediante el ofrecimiento de unas pocas migajas para sobrevivir<\/strong>.Reh\u00e9n de sus palabras.<\/p>\n\n\n\n<p><strong>D\u00edaz :\u201cesto no va de partidos\u201d, \u00bfde qu\u00e9 otra cosa puede ir la pol\u00edtica sino de partidos? \u00bfQuiere crear un movimiento ciudadano a lo M\u00e9lenchon, pero no un proyecto de nuevo partido?<\/strong>,<\/p>\n\n\n\n<p> <strong>El suyo es un movimiento que de antemano reh\u00faye encuadrarse expl\u00edcitamente en la izquierda<\/strong>; su prop\u00f3sito es devolverle <strong>el poder a la \u00abgente\u00bb, (concepto robado del ideario en el programa de Podemos donde se cita 42 veces),<\/strong> dice<strong> no sentirse l\u00edder, sino solo \u201cuna pieza m\u00e1s de un engranaje colectivo\u201d, m\u00e1s de lo mismo, <\/strong>que matiza su compromiso con el pluralismo, la cordialidad y la socialdemocracia cl\u00e1sica, en una palabra colaboraci\u00f3n de clases, <strong>Volviendo a Lenin, \u201cTodo es ilusi\u00f3n menos el poder\u201d,<\/strong>  <strong>no se puede transformar el pa\u00eds a golpe de BOE sin cambiar el engranaje de los medios de producci\u00f3n.<\/strong><\/p>\n\n\n\n<p>Escribio Manolo Monereo: \u00ab<em><strong>Lo m\u00ednimo que se puede decir es que hay una evidente escisi\u00f3n entre el proceso de formaci\u00f3n de Sumar y el ciclo pol\u00edtico-social y electoral. Centrarse en escuchar y debatir en medio del conflicto social y al margen de unas elecciones municipales y auton\u00f3micas, significa renunciar a una intervenci\u00f3n pol\u00edtica efectiva, esperar que la realidad se acerque y converja con los planes y c\u00e1lculos de un aparato pol\u00edtico-electoral. Pensar que sobre el posible fracaso de unas elecciones municipales y auton\u00f3micas se pueda construir una nueva formaci\u00f3n pol\u00edtica con voluntad de mayor\u00eda es apostar en el vac\u00edo y jug\u00e1rsela en la dura loter\u00eda de la historia.\u00bb<\/strong><\/em>y a\u00f1ade<em><strong>:\u00bbLa democracia se defiende ejerciendo los derechos y libertades, impulsando la movilizaci\u00f3n social y denunciando a los que mandan y no se presentan a las elecciones<\/strong><\/em>\u00ab.<\/p>\n\n\n\n<p><a href=\"https:\/\/rebelion.org\/en-contra-de-la-resignacion\/Homil\u00eda de p\u00e1rroco de aldea el domingo.\">https:\/\/rebelion.org\/en-contra-de-la-resignacion\/Homil\u00eda de p\u00e1rroco de aldea el domingo.<\/a><\/p>\n\n\n\n<p><strong>El lenguaje populista penetra en las declaraciones, <\/strong>la aupada por una campa\u00f1a publicitaria en RRSS a presidenciable, <strong>Yolanda D\u00edaz: \u00abMi proyecto es de la gente y supera los l\u00edmites de Unidas Podemos\u00bb \u00a1MENTIRA!,  <\/strong>ahora bajo el <strong>caudillaje de D\u00edaz vemos trata de ser el hada madrina del milagro por encima de la militancia con el banquete ya dispuesto para que nos sentemos a la mesa obedientemente y traguemos el men\u00fa dise\u00f1ado<\/strong>. <\/p>\n\n\n\n<p>En vez de recalcar y hacer visible la agudizaci\u00f3n de todos los antagonismos dentro del modo de producci\u00f3n capitalista en el marco geoecon\u00f3mico de la UE, nos aporta \u00ab<em>Construir un mundo m\u00e1s solidario y m\u00e1s justo s\u00f3lo es posible con di\u00e1logo entre diferentes en favor del bien com\u00fan. Hay esperanza\u00bb<\/em>  o tiernos <strong>mensajes navide\u00f1os: \u00abFrente a las desigualdades y a la precariedad  la mejor vacuna es la fraternidad y la justicia social\u00bb (11\/12\/2021),<\/strong> as\u00ed podemos estar <strong>esperando hasta que meen las gallinas creyendo en la bancarrota autom\u00e1tica del capitalismo, un \u00abdi\u00e1logo entre diferentes en favor del bien com\u00fan\u2026\u00bb y la lucha por la justicia social para cu\u00e1ndo, \u00bfa los postres Yolanda?<\/strong><\/p>\n\n\n\n<p>Puros bideanianos como los de Ciudadanos. (9 nov 2022) \u00abAntes esos agoreros que nos dicen que hay que estar tristes<strong> porque la victoria del PP y VOX est\u00e1 cantada, mirad: Hemos ganado en Chile, Colombia, Brasil y ayer Estados Unidos\u00bb La izquierda gan\u00f3 en EEUU Yolanda!!!\u00bb<\/strong><\/p>\n\n\n\n<p><strong>Sumar va de acuerdos, de tender la mano, de escuchar a la gente\u00bb,destaco en Logro\u00f1o<\/strong> (10\/nov 2022). En este sentido, ha afeado que se intenten solucionar los problemas actuales \u00abcon leyes del siglo XX\u00bb. \u00bfSe estar\u00e1 refiriendo al marxismo? \u00abSumar tenia que disputar la Esperanza.<\/p>\n\n\n\n<p> En Madrid la gente sali\u00f3 porque tiene la esperanza de mejorar la sanidad p\u00fablica. Es el momento de dar esperanza, de cambiar las cosas y mejorar la vida de la gente\u00bb(19\/nov 2022). Nos habla de la virtud teologal por la que aspiramos al Reino de los cielos (Reino de Espa\u00f1a) y a la vida eterna como felicidad nuestra (Salud), poniendo nuestra confianza en las promesas de Cristo y apoy\u00e1ndonos no en nuestras fuerzas, sino en los auxilios de la gracia del Esp\u00edritu Santo (CEOE)<\/p>\n\n\n\n<figure class=\"wp-block-pullquote\"><blockquote><p> \u00abEn el fuego de la lucha revolucionaria, los hombres que se dedican a conciliar lo inconciliable no ser\u00e1n m\u00e1s que pompas de jab\u00f3n\u00bb<\/p><cite>Lenin<\/cite><\/blockquote><\/figure>\n\n\n\n<p> \u201cSaludo a los comunistas italianos, franceses y alemanes\u201d. N\u00ba 6 de \u201cLa Internacional Comunista\u201d Octubre de 1919.El relato es una forma de mentir en pol\u00edtica.<\/p>\n\n\n\n<p><strong>La imagen autoproyectada de Yolanda D\u00edaz, <\/strong>una estrategia comandada por Ram\u00f3n Luque y Josep Vendrell, dos hist\u00f3ricos fontaneros de IU e Iniciativa per Catalunya que  juegaron a convertir a D\u00edaz en una Manuela Carmena que no d\u00e9 miedo a los grandes propietarios de la Corte, con <strong>el \u00fanico objetivo de resucitar a una vieja izquierda que moleste lo menos posible a los due\u00f1os del cortijo tipo PSOE Caoba<\/strong>. Inclusive <strong>para caer mejor a los poderes Facticos, Judiciales  y Medi\u00e1ticos se comprometi\u00f3 a terminar con PODEMOS a\u00fan a costa de renunciar a los derechos adquiridos en estos cuatro a\u00f1os de gobierno progresista<\/strong>, quiere ser <strong>el lado c\u00f3modo a la derecha del PSOE solo ver el acto fallido de Investidura de FEIJ\u00d3O   donde Yolanda y su SUMAR comenzaron con la hoja de ruta de imbisibilizar a PODEMOS<\/strong>  en el Congreso e intentar tomar los despojos como buena samaritana  \u00a1Se equ\u00edvoca!  <strong>la Militancia PODEMITA  y la Izquierda  Progresista no la quieren y dar\u00e1n batalla.<\/strong><\/p>\n\n\n\n<p>Un progresismo que vota la Operaci\u00f3n Chamart\u00edn del BVA con el PP, que se pliega a los intereses geoestrat\u00e9gicos de EEUU, amarillea en los comit\u00e9s Anti Otan, reniega del Frente Polisario, introduce nuevas mordazas en la reforma de la Ley de sedici\u00f3n, llama a la jueza Victoria Rossell para que se autodescarte p\u00fablicamente de formar parte del Consejo General del Poder Judicial, o pacta con el PP y Vox en el Ayto. de Madrid el abandono de infraestructuras en los barrios a cambio de construir 3 kil\u00f3metros de carril bici en la Castellana con estos esta Yolanda.<\/p>\n\n\n\n<p><strong>\u00bfEste es el progresismo que nos quiere vender Yolanda D\u00edaz con M\u00e1s Madrid y Compromis?Un progresismo que promulgo la divisi\u00f3n de la Izquierda en las comunidades de Valencia y Madrid para intentar el fracaso de Podemos y poder negociar a la baja \u00bfEste es el proyecto Sumar que dividio a la izquierda?<\/strong>Dijo  <strong>la ministra de Defensa  Robles<\/strong> que ella reivindica el \u201ctrabajo en equipo\u201d que desarrolla el Ejecutivo de Pedro S\u00e1nchez e Ione Belarra insistio en que la vicepresidenta segunda <em><strong>\u201cten\u00eda  que decidir si quiere ser la candidata de la unidad o bien continuar con algo que califico de \u201cpersonal\u201d el proyecto de D\u00edaz y ha a\u00f1adido que \u201cnunca uno personalmente puede transformar la sociedad\u201d<\/strong><\/em>. <\/p>\n\n\n\n<figure class=\"wp-block-gallery has-nested-images columns-default is-cropped wp-block-gallery-5 is-layout-flex wp-block-gallery-is-layout-flex\">\n<figure class=\"wp-block-image size-large\"><img loading=\"lazy\" decoding=\"async\" width=\"1024\" height=\"683\" data-id=\"3965\" src=\"https:\/\/xn--tuvozdiasporaespaola-k7b.com\/wp-content\/uploads\/2023\/10\/1000154695-1024x683.jpg\" alt=\"\" class=\"wp-image-3965\" srcset=\"https:\/\/xn--tuvozdiasporaespaola-k7b.com\/wp-content\/uploads\/2023\/10\/1000154695-1024x683.jpg 1024w, https:\/\/xn--tuvozdiasporaespaola-k7b.com\/wp-content\/uploads\/2023\/10\/1000154695-300x200.jpg 300w, https:\/\/xn--tuvozdiasporaespaola-k7b.com\/wp-content\/uploads\/2023\/10\/1000154695-768x512.jpg 768w, https:\/\/xn--tuvozdiasporaespaola-k7b.com\/wp-content\/uploads\/2023\/10\/1000154695.jpg 1200w\" sizes=\"(max-width: 1024px) 100vw, 1024px\" \/><\/figure>\n<\/figure>\n\n\n\n<p> Esta claro que Frente al proyecto que nos trajo Yolanda, PODEMOS reivindica  el \u201ctrabajo en equipo\u201d. Preocupante es tambi\u00e9n la alegr\u00eda de la derecha medi\u00e1tica y l\u00edderes de las cloacas del estado por Yolanda Diaz y su blindaje medi\u00e1tico protegi\u00e9ndola de cualquier entredicho y ocultando la realidad de un  CAUDILLAJE  sin bases ni organizaci\u00f3n solo apoyado por palmeros aglutinados esperando su oportunidad o  por <strong>M\u00c1S MADRID  y COMPROM\u00cdS que  vieron  como las encuestas les bajaron representatividad y se convirtieron  en los obreros necesarios para consumar una estafa,<\/strong>  echando carb\u00f3n a las calderas de <strong>un barco de Vapor que es Sumar con su capitana Yolanda D\u00edaz dirigi\u00e9ndose hacia un ICEBERG como un TITANIC para hundirse en el fondo.Proyectos medi\u00e1ticos y financiados por no se sabe quien como UPyD de Rosa Diez , MAS PAIS de \u00cd\u00f1igo Errej\u00f3n (20 diputados las encuestas y en elecciones 2) o el propio CIUDADANOS apuesta medi\u00e1tica para gobernar Espa\u00f1a hoy ya desaparecido.<\/strong><\/p>\n\n\n\n<p>Tendr\u00edan que hacernos ver que un SUMAR humillando continuanente a PODEMOS y ahora a IU nunca ser\u00e1  SUMAR sino RESTAR  de <strong>caudillos ya tuvimos uno durante 40 a\u00f1os Francisco Franco de Ferrol para m\u00e1s se\u00f1as igual que Yolanda Diaz<\/strong>.<\/p>\n\n\n\n<p>Con <strong>Podemos en el Gobierno junto a IU se consiguieron m\u00e1s cosas, se lograron los ERTE, la subida del salario m\u00ednimo, mantener las pensiones, el tope al gas y los alquileres, el escudo social en la pandemia, la ley de eutanasia, la ley de familia, la ley del s\u00f3lo s\u00ed es si, la ley de Memoria Democr\u00e1tica  con la ley de Nacionalidad, ley animal,Nueva LOREG para poder votar libremente en el Exterior, etc\u2026Vamos que se logr\u00f3 que el PSOE empezar\u00e1 a hacer pol\u00edticas que fueran de izquierdas<\/strong>. <\/p>\n\n\n\n<p>\u00bfSe cometieron errores? Claro. <strong>A grandes logros, grandes riesgos.<\/strong> Por eso la continuidad es importante y que Podemos est\u00e9 en el gobierno  con el Ministerio de Igualdad con Irene Montero al frente.<\/p>\n\n\n\n<p>Sin tener que pagar facturas de otras y otros por plegarse a intereses, <strong>como dir\u00eda un periodista como Javier Aroca lo de Yolanda Diaz es como si Margarita Robles que es del PSOE  montar\u00e1 un partido  como Sumar y le pida a Pedro Sanchez que la tiene que apoyar porque ella es la auto elegida por Gracia Divina. PRIMARIAS no hiciste Yolanda D\u00edaz  <\/strong>solo te entregaste al caudillaje no a la Democracia.Tal vez ah\u00ed  junto a M\u00e1s Madrid y Comprom\u00eds  hubieramos visto la realidad de su fuerza (como otras fuerzas que sus votos pasan en un caj\u00f3n) podian haber expuesto  sus ideas y  convencer a la ciudadan\u00eda y no imponer a la ciudadan\u00eda.<\/p>\n\n\n\n<p>Yolanda dijo<strong>\u00bb no me gusto como me eligi\u00f3 Pablo Iglesias\u00bb  pues bien pod\u00edas ser honrada y dimitir ahora, aunque  la realidad es que  le gusta el poder m\u00e1s que una banana a un mono, <\/strong>haga las cosas bien y de se\u00f1ales de querer la Unidad  Real y no humillante no haciendo el juego a la derecha como hace  <strong>M\u00e1s Madrid en Madrid  no queriendo pactar con nadie fracturando la opci\u00f3n progresista<\/strong>.<\/p>\n<\/blockquote>\n\n\n\n<figure class=\"wp-block-embed is-type-rich is-provider-twitter wp-block-embed-twitter\"><div class=\"wp-block-embed__wrapper\">\n<blockquote class=\"twitter-tweet\" data-width=\"550\" data-dnt=\"true\"><p lang=\"es\" dir=\"ltr\">Entiendo que \u00fatil es pactar con Garamendi y con Cs un Reforma Laboral sin unos salarios de tramitaci\u00f3n y una indemnizaci\u00f3n digna a cambio del aplauso y la financiaci\u00f3n suficiente para apu\u00f1alar a quienes te pusieron donde est\u00e1s. <a href=\"https:\/\/t.co\/ra7PLbAw1p\">https:\/\/t.co\/ra7PLbAw1p<\/a><\/p>&mdash; Gabriel Rufi\u00e1n (@gabrielrufian) <a href=\"https:\/\/twitter.com\/gabrielrufian\/status\/1642506734055849984?ref_src=twsrc%5Etfw\">April 2, 2023<\/a><\/blockquote><script async src=\"https:\/\/platform.twitter.com\/widgets.js\" charset=\"utf-8\"><\/script>\n<\/div><\/figure>\n\n\n\n<p>El portavoz de ERC en el Congreso, Gabriel Rufi\u00e1n, insto  entonces a la vicepresidenta segunda y ministra de Trabajo, Yolanda D\u00edaz, a no llevar las negociaciones para conformar su proyecto &#8216;Sumar&#8217; como hizo con la \u00abreforma laboral\u00bb porque, a su juicio, as\u00ed la izquierda concurrir\u00e1 a las elecciones generales \u00abcon 44 listas\u00bb.lo hizo aunque por responsabilidad pol\u00edtica Podemos acepto lo inaceptable.<\/p>\n\n\n\n<p>Xos\u00e9 Manuel Beiras, l\u00edder hist\u00f3rico del nacionalismo gallego, desempolvo recuerdos de la vida pol\u00edtica anterior de la actual vicepresidenta segunda del Gobierno y ministra de Trabajo y Econom\u00eda Social. Y no son positivos.La acusaci\u00f3n es clara, ya desde el titular: \u00abYolanda D\u00edaz utiliz\u00f3 En Marea para hacer su carrera en Madrid\u00bb, sentencia Beiras en una entrevista de Mario Beramendi publicada en La Voz de Galicia. <\/p>\n\n\n\n<figure class=\"wp-block-gallery has-nested-images columns-default is-cropped wp-block-gallery-6 is-layout-flex wp-block-gallery-is-layout-flex\">\n<figure class=\"wp-block-image size-large\"><img loading=\"lazy\" decoding=\"async\" width=\"1000\" height=\"576\" data-id=\"3964\" src=\"https:\/\/xn--tuvozdiasporaespaola-k7b.com\/wp-content\/uploads\/2023\/10\/1000154694.jpg\" alt=\"\" class=\"wp-image-3964\" srcset=\"https:\/\/xn--tuvozdiasporaespaola-k7b.com\/wp-content\/uploads\/2023\/10\/1000154694.jpg 1000w, https:\/\/xn--tuvozdiasporaespaola-k7b.com\/wp-content\/uploads\/2023\/10\/1000154694-300x173.jpg 300w, https:\/\/xn--tuvozdiasporaespaola-k7b.com\/wp-content\/uploads\/2023\/10\/1000154694-768x442.jpg 768w\" sizes=\"(max-width: 1000px) 100vw, 1000px\" \/><\/figure>\n<\/figure>\n\n\n\n<p>Esta reflexi\u00f3n surge cuando el periodista le plantea si valora la gesti\u00f3n de D\u00edaz en el gobierno de Espa\u00f1a. Dice que \u00abs\u00ed\u00bb, que est\u00e1 haciendo \u00abcosas meritorias\u00bb. Pero a\u00f1ade: \u00abYo no tuve una buena relaci\u00f3n con ella en la etapa final de AGE. Fue desleal conmigo, pero eso no me impide reconocer las cosas. No soy sectario\u00bb.Beiras y D\u00edaz coincidieron por primera vez en AGE (Alternativa Gallega de Esquerdas),en el caso del BNG, la dirigente de la formaci\u00f3n, Ana Pont\u00f3n, que comparti\u00f3 con D\u00edaz bancada en el Parlamento de Galicia y con la que tiene una relaci\u00f3n \u00abcordial\u00bb, calific\u00f3 la reforma laboral de \u00abpropaganda\u00bb e inst\u00f3 a su diputado, N\u00e9stor Rego, a votar en contra de \u00e9sta.<\/p>\n\n\n\n<p> Las \u00faltimas elecciones gallegas dejaron un enorme espacio al BNG despu\u00e9s de que Podemos fuera borrado de un plumazo. Ahora perciben a Sumar como un nuevo obst\u00e1culo en su carrera por destronar al PP de la Xunta.<\/p>\n\n\n\n<p><strong>Asi no se es l\u00edder Yolanda, eres el  fracaso de una pol\u00edtica  en Sumar unipersonal y un caudillismo que no refleja a la Izquierda Real y transformadora, que solo el miedo a VOX Y PP. Consiguio que te votar\u00e1n la mayoria con la nariz tapada. <\/strong><\/p>\n\n\n\n<p>Un Podemos  restructurado  con las bases y algunos de nuestros <strong>dirigentes como nuestros diputades e Irene Montero junto IU tendr\u00e1n  que retomar di\u00e1logo junto a las izquierdas transformadoras unidos a EH-Bildu,  Esquerra Republicana y BNG.<\/strong><\/p>\n\n\n\n<p>Una gran Coalici\u00f3n  para un cambio Real a la Izquierda del PSOE.Tenemos que recordar que <strong>la llegada de Yolanda Diaz fracci\u00f3n la Izquierda en las Auton\u00f3micas con el \u00fanico objetivo de destruir a Podemos .En Madrid M\u00e1s Madrid fracci\u00f3n el voto al no querer alianzas  y le entreg\u00f3 la alcald\u00eda al PP y c\u00f3modamente a Ayuso la comunidad. En Comunidad Valenciana se perdi\u00f3 la Comunidad  gracias a Comprom\u00eds y la indefiniciones de Yolanda, en Canarias Proyecto Drago consigui\u00f3 fraccionar el voto de Izquierda y dio el Gobierno Auton\u00f3mico al PP-VOX, en Andaluc\u00eda sembr\u00f3 la desconfianza en el primer intento de dejar fuera a Podemos con nocturnidad y alevos\u00eda<\/strong>.<\/p>\n\n\n\n<p>En fin  el caudillaje de Yolanda Diaz  siempre fue la part\u00edcipe necesaria de la tragicomedia de la izquierda junto a Errej\u00f3n y Baldov\u00ed   Compromis- M\u00e1s Madrid,  todo un gran logro del gran fraude de SUMAR.<\/p>\n\n\n\n<p>Solo IU y en gran medida PODEMOS son los grandes perdedores  junto a  sus militantes y simpatizantes  NUNCA M\u00c1S  a VOTAR con las Narices Tapadas se termin\u00f3 la farsa.<\/p>\n\n\n\n<p>Di\u00e1logos para reflexi\u00f3n.<\/p>\n<cite>Juan Molina Saez , Argentina Redacci\u00f3n TU VOZ <\/cite><\/blockquote>\n","protected":false},"excerpt":{"rendered":"<p>Un paso adelante, dos pasos atr\u00e1s. El montaje de Yolanda D\u00edaz con la composici\u00f3n de una nueva \u00abizquierda woke\u00bb demuestra ser funcional al sistema. &#8230; <\/p>\n<p class=\"read-more-container\"><a title=\"SUMAR, el proyecto  fraude de Yolanda D\u00edaz\" class=\"read-more button\" href=\"https:\/\/xn--tuvozdiasporaespaola-k7b.com\/page\/2\/sumar-el-proyecto-fraude-de-yolanda-diaz\/#more-3935\" aria-label=\"M\u00e1s en SUMAR, el proyecto  fraude de Yolanda D\u00edaz\">Leer m\u00e1s<\/a><\/p>\n","protected":false},"author":222560522,"featured_media":3966,"comment_status":"open","ping_status":"open","sticky":false,"template":"","format":"standard","meta":{"footnotes":""},"categories":[121850],"tags":[],"class_list":["post-3935","post","type-post","status-publish","format-standard","has-post-thumbnail","hentry","category-politica","resize-featured-image"],"_links":{"self":[{"href":"https:\/\/xn--tuvozdiasporaespaola-k7b.com\/page\/2\/wp-json\/wp\/v2\/posts\/3935","targetHints":{"allow":["GET"]}}],"collection":[{"href":"https:\/\/xn--tuvozdiasporaespaola-k7b.com\/page\/2\/wp-json\/wp\/v2\/posts"}],"about":[{"href":"https:\/\/xn--tuvozdiasporaespaola-k7b.com\/page\/2\/wp-json\/wp\/v2\/types\/post"}],"author":[{"embeddable":true,"href":"https:\/\/xn--tuvozdiasporaespaola-k7b.com\/page\/2\/wp-json\/wp\/v2\/users\/222560522"}],"replies":[{"embeddable":true,"href":"https:\/\/xn--tuvozdiasporaespaola-k7b.com\/page\/2\/wp-json\/wp\/v2\/comments?post=3935"}],"version-history":[{"count":5,"href":"https:\/\/xn--tuvozdiasporaespaola-k7b.com\/page\/2\/wp-json\/wp\/v2\/posts\/3935\/revisions"}],"predecessor-version":[{"id":3972,"href":"https:\/\/xn--tuvozdiasporaespaola-k7b.com\/page\/2\/wp-json\/wp\/v2\/posts\/3935\/revisions\/3972"}],"wp:featuredmedia":[{"embeddable":true,"href":"https:\/\/xn--tuvozdiasporaespaola-k7b.com\/page\/2\/wp-json\/wp\/v2\/media\/3966"}],"wp:attachment":[{"href":"https:\/\/xn--tuvozdiasporaespaola-k7b.com\/page\/2\/wp-json\/wp\/v2\/media?parent=3935"}],"wp:term":[{"taxonomy":"category","embeddable":true,"href":"https:\/\/xn--tuvozdiasporaespaola-k7b.com\/page\/2\/wp-json\/wp\/v2\/categories?post=3935"},{"taxonomy":"post_tag","embeddable":true,"href":"https:\/\/xn--tuvozdiasporaespaola-k7b.com\/page\/2\/wp-json\/wp\/v2\/tags?post=3935"}],"curies":[{"name":"wp","href":"https:\/\/api.w.org\/{rel}","templated":true}]}}