{"id":3927,"date":"2023-09-26T22:06:08","date_gmt":"2023-09-27T01:06:08","guid":{"rendered":"https:\/\/xn--tuvozdiasporaespaola-k7b.com\/page\/2\/?p=3927"},"modified":"2023-09-26T22:15:51","modified_gmt":"2023-09-27T01:15:51","slug":"en-nuestro-nombre-no","status":"publish","type":"post","link":"https:\/\/xn--tuvozdiasporaespaola-k7b.com\/page\/2\/en-nuestro-nombre-no\/","title":{"rendered":"En nuestro Nombre \u00abNo\u00bb"},"content":{"rendered":"\n<p>NOTA DE PRENSA DE PODEMOS ARGENTINA.<\/p>\n\n\n\n<p>Las espa\u00f1olas y los espa\u00f1oles residentes en el pa\u00eds  simpatizantes e inscriptos en el C\u00edrculo de Podemos de la Argentina , repudiamos los comentarios autoritarios y antidemocr\u00e1ticos del candidato por La Libertad Avanza en la Ciudad de Buenos Aires, Ramiro Marra, sobre Espa\u00f1a y Argentina. <\/p>\n\n\n\n<p>El candidato liberal llama a silenciar la cultura local y a eliminar todo pensamiento diferente, como tambi\u00e9n se llev\u00f3 a cabo sistem\u00e1ticamente en otros momentos de la historia.<\/p>\n\n\n\n<p>Como descendientes de espa\u00f1olas y espa\u00f1oles que tuvieron que salir de Espa\u00f1a por causas sociales, pol\u00edticas o ideol\u00f3gicas rechazamos la mirada destructiva del dirigente liberal y destacamos los aspectos positivos que sostienen el v\u00ednculo democr\u00e1tico entre Espa\u00f1a y Argentina, con la necesidad de continuar construyendo lazos culturales, pol\u00edticos y sociales que favorezcan las pol\u00edticas democr\u00e1ticas en articulaci\u00f3n con ambas naciones.<\/p>\n\n\n\n<figure class=\"wp-block-embed is-type-video is-provider-youtube wp-block-embed-youtube wp-embed-aspect-16-9 wp-has-aspect-ratio\"><div class=\"wp-block-embed__wrapper\">\n<iframe title=\"\u00a1VERGUENZA AJENA! PAPEL\u00d3N MUNDIAL de Ramiro Marra\" width=\"1110\" height=\"624\" src=\"https:\/\/www.youtube.com\/embed\/AcWxDubGZYM?feature=oembed\" frameborder=\"0\" allow=\"accelerometer; autoplay; clipboard-write; encrypted-media; gyroscope; picture-in-picture; web-share\" allowfullscreen><\/iframe>\n<\/div><\/figure>\n\n\n\n<p>La historia de malos y buenos, de vencedores y vencidos, nos remite a los momentos m\u00e1s tristes de la Historia moderna Argentina, con los sucesos de la \u00faltima dictadura militar, y de la Historia de Espa\u00f1a, con la Guerra Civil espa\u00f1ola y la dictadura franquista, momento en que se impuso un dictado ideol\u00f3gico y se destru\u00eda el pensamiento diferente, como tambi\u00e9n propone el candidato de La Libertad Avanza.<\/p>\n\n\n\n<p>Podemos C\u00edrculo Argentina.<\/p>\n\n\n\n<figure class=\"wp-block-gallery has-nested-images columns-default is-cropped wp-block-gallery-1 is-layout-flex wp-block-gallery-is-layout-flex\">\n<figure class=\"wp-block-image size-large\"><img fetchpriority=\"high\" decoding=\"async\" width=\"400\" height=\"267\" data-id=\"3930\" src=\"https:\/\/xn--tuvozdiasporaespaola-k7b.com\/wp-content\/uploads\/2023\/09\/1000154106.jpg\" alt=\"\" class=\"wp-image-3930\" srcset=\"https:\/\/xn--tuvozdiasporaespaola-k7b.com\/wp-content\/uploads\/2023\/09\/1000154106.jpg 400w, https:\/\/xn--tuvozdiasporaespaola-k7b.com\/wp-content\/uploads\/2023\/09\/1000154106-300x200.jpg 300w\" sizes=\"(max-width: 400px) 100vw, 400px\" \/><\/figure>\n<\/figure>\n\n\n\n<h1 class=\"wp-block-heading\">La estupidez avanza: Ramiro Marra arremeti\u00f3 contra Pakapaka y se estrell\u00f3 contra su propia ignorancia<\/h1>\n\n\n\n<h3 class=\"wp-block-heading\">El candidato a jefe porte\u00f1o por la ultraderecha volvi\u00f3 a criticar a la se\u00f1al infantil a la que ya hab\u00eda acusado de bajar \u00abtendencias ideol\u00f3gicas\u201d, porque, seg\u00fan dijo, caracteriza a los espa\u00f1oles como \u201cmalos\u201d y a los \u201cargentinos\u201d, como \u201cbuenos\u201d. Cristina y Jessica Tritten, entre distintas figuras, repudiaron su ineptitud.<\/h3>\n","protected":false},"excerpt":{"rendered":"<p>NOTA DE PRENSA DE PODEMOS ARGENTINA. Las espa\u00f1olas y los espa\u00f1oles residentes en el pa\u00eds simpatizantes e inscriptos en el C\u00edrculo de Podemos de &#8230; <\/p>\n<p class=\"read-more-container\"><a title=\"En nuestro Nombre \u00abNo\u00bb\" class=\"read-more button\" href=\"https:\/\/xn--tuvozdiasporaespaola-k7b.com\/page\/2\/en-nuestro-nombre-no\/#more-3927\" aria-label=\"M\u00e1s en En nuestro Nombre \u00abNo\u00bb\">Leer m\u00e1s<\/a><\/p>\n","protected":false},"author":222560522,"featured_media":3928,"comment_status":"open","ping_status":"open","sticky":false,"template":"","format":"standard","meta":{"footnotes":""},"categories":[121854],"tags":[],"class_list":["post-3927","post","type-post","status-publish","format-standard","has-post-thumbnail","hentry","category-consejo-de-residentes-espanoles","resize-featured-image"],"_links":{"self":[{"href":"https:\/\/xn--tuvozdiasporaespaola-k7b.com\/page\/2\/wp-json\/wp\/v2\/posts\/3927","targetHints":{"allow":["GET"]}}],"collection":[{"href":"https:\/\/xn--tuvozdiasporaespaola-k7b.com\/page\/2\/wp-json\/wp\/v2\/posts"}],"about":[{"href":"https:\/\/xn--tuvozdiasporaespaola-k7b.com\/page\/2\/wp-json\/wp\/v2\/types\/post"}],"author":[{"embeddable":true,"href":"https:\/\/xn--tuvozdiasporaespaola-k7b.com\/page\/2\/wp-json\/wp\/v2\/users\/222560522"}],"replies":[{"embeddable":true,"href":"https:\/\/xn--tuvozdiasporaespaola-k7b.com\/page\/2\/wp-json\/wp\/v2\/comments?post=3927"}],"version-history":[{"count":3,"href":"https:\/\/xn--tuvozdiasporaespaola-k7b.com\/page\/2\/wp-json\/wp\/v2\/posts\/3927\/revisions"}],"predecessor-version":[{"id":3933,"href":"https:\/\/xn--tuvozdiasporaespaola-k7b.com\/page\/2\/wp-json\/wp\/v2\/posts\/3927\/revisions\/3933"}],"wp:featuredmedia":[{"embeddable":true,"href":"https:\/\/xn--tuvozdiasporaespaola-k7b.com\/page\/2\/wp-json\/wp\/v2\/media\/3928"}],"wp:attachment":[{"href":"https:\/\/xn--tuvozdiasporaespaola-k7b.com\/page\/2\/wp-json\/wp\/v2\/media?parent=3927"}],"wp:term":[{"taxonomy":"category","embeddable":true,"href":"https:\/\/xn--tuvozdiasporaespaola-k7b.com\/page\/2\/wp-json\/wp\/v2\/categories?post=3927"},{"taxonomy":"post_tag","embeddable":true,"href":"https:\/\/xn--tuvozdiasporaespaola-k7b.com\/page\/2\/wp-json\/wp\/v2\/tags?post=3927"}],"curies":[{"name":"wp","href":"https:\/\/api.w.org\/{rel}","templated":true}]}}