{"id":3910,"date":"2023-09-27T20:24:31","date_gmt":"2023-09-27T23:24:31","guid":{"rendered":"https:\/\/xn--tuvozdiasporaespaola-k7b.com\/page\/2\/?p=3910"},"modified":"2023-09-27T20:24:31","modified_gmt":"2023-09-27T23:24:31","slug":"pepin-rodriguez-simon-desprestigia-a-la-institucion-del-parlasur","status":"publish","type":"post","link":"https:\/\/xn--tuvozdiasporaespaola-k7b.com\/page\/2\/pepin-rodriguez-simon-desprestigia-a-la-institucion-del-parlasur\/","title":{"rendered":"\u201cPEP\u00cdN RODR\u00cdGUEZ SIM\u00d3N DESPRESTIGIA A LA INSTITUCI\u00d3N\u201d del PARLASUR."},"content":{"rendered":"\n<p> Por Walter C. Medina<\/p>\n\n\n\n<p>Entrevista a Diego Molina, Director de Relaciones Institucionales del Parlasur<\/p>\n\n\n\n<p>En di\u00e1logo con Roberto San Mart\u00edn, para el programa radial \u201cCenizas de Babilonia. Di\u00e1spora Espa\u00f1ola\u201d, <strong>Diego Molina, Director de Relaciones Institucionales del Parlasur, <\/strong>reconoci\u00f3 que la presencia del pr\u00f3fugo de la justicia, Pep\u00edn Rodr\u00edguez Sim\u00f3n en las sesiones, \u201cdesprestigia a la instituci\u00f3n\u201d. <\/p>\n\n\n\n<figure class=\"wp-block-gallery has-nested-images columns-default is-cropped wp-block-gallery-1 is-layout-flex wp-block-gallery-is-layout-flex\">\n<figure class=\"wp-block-image size-large\"><img fetchpriority=\"high\" decoding=\"async\" width=\"1024\" height=\"1019\" data-id=\"3913\" src=\"https:\/\/xn--tuvozdiasporaespaola-k7b.com\/wp-content\/uploads\/2023\/09\/1000151767-1024x1019.jpg\" alt=\"\" class=\"wp-image-3913\" srcset=\"https:\/\/xn--tuvozdiasporaespaola-k7b.com\/wp-content\/uploads\/2023\/09\/1000151767-1024x1019.jpg 1024w, https:\/\/xn--tuvozdiasporaespaola-k7b.com\/wp-content\/uploads\/2023\/09\/1000151767-300x300.jpg 300w, https:\/\/xn--tuvozdiasporaespaola-k7b.com\/wp-content\/uploads\/2023\/09\/1000151767-150x150.jpg 150w, https:\/\/xn--tuvozdiasporaespaola-k7b.com\/wp-content\/uploads\/2023\/09\/1000151767-768x764.jpg 768w, https:\/\/xn--tuvozdiasporaespaola-k7b.com\/wp-content\/uploads\/2023\/09\/1000151767.jpg 1080w\" sizes=\"(max-width: 1024px) 100vw, 1024px\" \/><\/figure>\n<figcaption class=\"blocks-gallery-caption wp-element-caption\">Diego Molina, Director de Relaciones Institucionales del Parlasur.<\/figcaption><\/figure>\n\n\n\n<p>Yo creo que no se conoce en profundidad qu\u00e9 es el Parlasur. Cu\u00e9ntanos un poco qu\u00e9 es y cu\u00e1les son sus funciones.Siempre hay una parte de la derecha y de los medios cuestionando lo que se hace en el Parlasur, que es parte de un esquema de integraci\u00f3n regional que es parte del Mercosur.<\/p>\n\n\n\n<p> Para nosotros tiene un valor muy alto a punto de que hoy <strong>es el lugar en donde se expresan con mayor potencia las voces de las poblaciones y de las comunidades de la regi\u00f3n. Est\u00e1 compuesta por cuatros pa\u00edses, Argentina, Brasil, Paraguay y Uruguay; Bolivia tambi\u00e9n tiene parlamentarios, participan de las sesiones<\/strong>. <\/p>\n\n\n\n<p>Estamos en proceso de reincorporaci\u00f3n de Venezuela que hab\u00eda sido suspendida. Nosotros consideramos que el Parlasur es muy valioso porque es el \u00e1mbito que hoy tiene a parlamentarios, a representantes de los pueblos de nuestra regi\u00f3n debatiendo temas centrales, temas importantes de la coyuntura; y creemos que se mantiene con vida a la integraci\u00f3n regional. <\/p>\n\n\n\n<p>Es un parlamento en donde hay representantes de comunidades ind\u00edgenas, representantes de inmigrantes, de los colectivos de los movimientos sociales, de mujeres, etc. Y tambi\u00e9n es el lugar en donde se teje un puente con la comunidad, para producir y detallar el trabajo legislativo que tiene como objetivo mejorar la calidad de la vida de la gente.<\/p>\n\n\n\n<figure class=\"wp-block-gallery has-nested-images columns-default is-cropped wp-block-gallery-2 is-layout-flex wp-block-gallery-is-layout-flex\">\n<figure class=\"wp-block-image size-large\"><img decoding=\"async\" width=\"448\" height=\"299\" data-id=\"3917\" src=\"https:\/\/xn--tuvozdiasporaespaola-k7b.com\/wp-content\/uploads\/2023\/09\/1000153208.jpg\" alt=\"\" class=\"wp-image-3917\" srcset=\"https:\/\/xn--tuvozdiasporaespaola-k7b.com\/wp-content\/uploads\/2023\/09\/1000153208.jpg 448w, https:\/\/xn--tuvozdiasporaespaola-k7b.com\/wp-content\/uploads\/2023\/09\/1000153208-300x200.jpg 300w\" sizes=\"(max-width: 448px) 100vw, 448px\" \/><\/figure>\n<\/figure>\n\n\n\n<p><strong> \u00bfC\u00f3mo son sus reuniones? \u00bfD\u00f3nde es su sede? \u00bfHay una sede permanente?<\/strong><\/p>\n\n\n\n<p>Hoy el Parlasur est\u00e1 en Montevideo, tenemos sesi\u00f3n una vez al mes. Muchas veces funciona en el Palacio Legislativo de Uruguay; en alg\u00fan momento tambi\u00e9n se ha sesionado en Paraguay y en Argentina, pero la sede est\u00e1 cerca de la rambla de Montevideo.<\/p>\n\n\n\n<p><strong>\u00bfHay elecciones cada cierto tiempo?<\/strong><\/p>\n\n\n\n<p>Tenemos un proceso legislativo y electoral en el cual hay una lista de candidatos al Parlasur. Argentina hoy es el \u00fanico pa\u00eds que tiene elecci\u00f3n directa. Los otros pa\u00edses han vuelto, lamentablemente, a un sistema de doble denominaci\u00f3n, de diputados y diputadas nacionales que conforman una comisi\u00f3n. En el pr\u00f3ximo proceso electoral se elige presidente, vicepresidente, gobernadores, intendentes, diputados nacionales y tambi\u00e9n diputados para el Parlasur. <\/p>\n\n\n\n<p><strong>\u00bfLas normas emanadas del Parlasur son consultivas o son operativas para los estados que la integran?<\/strong><\/p>\n\n\n\n<p>Bueno, eso es parte de la campa\u00f1a que hace la derecha argentina al decir que lo que se legisla en el Parlasur no es vinculante, lo cual es un error. El Parlasur emite declaraciones y puede producir anteproyectos de ley.<\/p>\n\n\n\n<p> Las declaraciones son muy importantes, han sido clave en diferentes situaciones por las que ha pasado la regi\u00f3n, de agresi\u00f3n a los derechos humanos, ha sido muy importante en el proceso de lo que fue el Golpe de Estado a Evo Morales en Bolivia.<\/p>\n\n\n\n<p> Los proyectos legislativos del Parlasur son importantes porque en la mayor\u00eda de los casos, por la calidad que tienen esos proyectos, terminan luego siendo aplicados en los parlamentos nacionales, con lo cual es evidente que tiene una fuerza muy grande.<\/p>\n\n\n\n<p> Las recomendaciones van al consejo com\u00fan pero muchos anteproyectos de ley son aprobados en los estados.<\/p>\n\n\n\n<figure class=\"wp-block-gallery has-nested-images columns-default is-cropped wp-block-gallery-3 is-layout-flex wp-block-gallery-is-layout-flex\">\n<figure class=\"wp-block-image size-large\"><img decoding=\"async\" width=\"750\" height=\"499\" data-id=\"3918\" src=\"https:\/\/xn--tuvozdiasporaespaola-k7b.com\/wp-content\/uploads\/2023\/09\/1000153206.jpg\" alt=\"\" class=\"wp-image-3918\" srcset=\"https:\/\/xn--tuvozdiasporaespaola-k7b.com\/wp-content\/uploads\/2023\/09\/1000153206.jpg 750w, https:\/\/xn--tuvozdiasporaespaola-k7b.com\/wp-content\/uploads\/2023\/09\/1000153206-300x200.jpg 300w\" sizes=\"(max-width: 750px) 100vw, 750px\" \/><\/figure>\n<\/figure>\n\n\n\n<p><strong>\u00bfC\u00f3mo es posible que Pep\u00edn Rodr\u00edguez Sim\u00f3n sea miembro del Parlasur en su calidad de pr\u00f3fugo de la justicia?<\/strong><\/p>\n\n\n\n<p>Es un esc\u00e1ndalo. En cada sesi\u00f3n nuestros parlamentarios presentan una protesta para que se lo expulse del pleno. Pero todav\u00eda eso no se pudo hacer porque requiere de una mayor\u00eda que no se da. Pep\u00edn Rodr\u00edguez Sim\u00f3n desprestigia a la instituci\u00f3n, es un tipo que le ha hecho mucho da\u00f1o a la democracia y a la justicia de nuestro pa\u00eds. <\/p>\n\n\n\n<p><\/p>\n\n\n\n<p><strong> ANEXO de informacion sobre  el Parlasur<\/strong>.<\/p>\n\n\n\n<p><em>Es un parlamento que funciona bajo la \u00f3rbita del Mercosur, el mercado com\u00fan que re\u00fane a Argentina, Bolivia (en proceso de adhesi\u00f3n), Brasil, Paraguay, Uruguay y Venezuela (suspendida). Tiene sede en Montevideo, Uruguay, y fue creado en 2005, aunque funciona desde 2007. Est\u00e1 integrado por representantes de todos sus pa\u00edses miembros.Este parlamento reemplaz\u00f3 a otra estructura regional anterior llamada Comisi\u00f3n Parlamentaria Conjunta, que tambi\u00e9n funcionaba en el Mercosur y que hab\u00eda sido creada en 1994.<\/em><\/p>\n\n\n\n<p><strong>C\u00f3mo est\u00e1 integrado el Parlasur<\/strong><\/p>\n\n\n\n<p><em>Actualmente est\u00e1 formado por 186 parlamentarios, de los cuales 43 son argentinos: 24 se eligen por distrito regional, es decir, uno por cada una de las 24 provincias; y los 19 restantes se eligen en forma directa por el pueblo, a distrito \u00fanico.Su forma de elecci\u00f3n tambi\u00e9n fue motivo de disputas pol\u00edticas y judiciales. El Protocolo Constitutivo del Parlasur y la ley argentina establecen que sus miembros deben ser electos mediante el voto universal, directo y secreto.<\/em><\/p>\n\n\n\n<p><em> As\u00ed fue como se eligieron los parlamentarios en las elecciones de 2015.Sin embargo, en abril de 2019 los cancilleres de los Estados miembros firmaron una declaraci\u00f3n conjunta en la que acordaron suspender el p\u00e1rrafo del Protocolo Constitutivo en el que se establece el voto directo, universal y secreto. <\/em><\/p>\n\n\n\n<figure class=\"wp-block-gallery has-nested-images columns-default is-cropped wp-block-gallery-4 is-layout-flex wp-block-gallery-is-layout-flex\">\n<figure class=\"wp-block-image size-large\"><img loading=\"lazy\" decoding=\"async\" width=\"320\" height=\"180\" data-id=\"3926\" src=\"https:\/\/xn--tuvozdiasporaespaola-k7b.com\/wp-content\/uploads\/2023\/09\/1000153240.jpg\" alt=\"\" class=\"wp-image-3926\" srcset=\"https:\/\/xn--tuvozdiasporaespaola-k7b.com\/wp-content\/uploads\/2023\/09\/1000153240.jpg 320w, https:\/\/xn--tuvozdiasporaespaola-k7b.com\/wp-content\/uploads\/2023\/09\/1000153240-300x169.jpg 300w\" sizes=\"(max-width: 320px) 100vw, 320px\" \/><\/figure>\n<\/figure>\n\n\n\n<p><em>Por eso, ese a\u00f1o Mauricio Macri, entonces presidente de la Naci\u00f3n, en su convocatoria a elecciones presidenciales no incluy\u00f3 a los parlamentarios del Mercosur.En octubre de ese a\u00f1o, la C\u00e1mara Nacional Electoral resolvi\u00f3 que esa Declaraci\u00f3n Conjunta es inaplicable en el orden jur\u00eddico interno, por estar vigente el Protocolo Constitutivo y la Ley 27.120, que en 2014 modific\u00f3 el C\u00f3digo Electoral Nacional para incorporar la elecci\u00f3n de parlamentarios del Mercosur. Como ya era tarde para convocar a elecciones, el Parlasur resolvi\u00f3 la pr\u00f3rroga de los mandatos de quienes hab\u00edan asumido en 2015.<\/em><\/p>\n\n\n\n<p><strong>Qu\u00e9 atribuciones tiene el Parlasur<\/strong><\/p>\n\n\n\n<p><em>Entre sus competencias, el Parlasur debe velar por la aplicaci\u00f3n de las normas del Mercosur; elaborar informes anuales sobre la situaci\u00f3n de los derechos humanos en los estados parte; elaborar pedidos de informes sobre el proceso de integraci\u00f3n de los estados parte; recibir de la presidencia pro tempore del Mercosur un detalle de actividades realizadas y el plan de trabajo; elaborar dict\u00e1menes sobre proyectos de normas vinculados al Mercosur; y elaborar estudios y anteproyectos de normas para los estados parte.<\/em><\/p>\n\n\n\n<p><em>\u201cSin embargo, su car\u00e1cter de Parlamento no debe llevar a confusi\u00f3n, pues no tiene competencia en la creaci\u00f3n de normas: es un \u00f3rgano fundamentalmente deliberativo que aprueba dict\u00e1menes, recomendaciones, declaraciones, elabora estudios y anteproyectos de normas nacionales orientados a la armonizaci\u00f3n de las legislaciones nacionales y eleva a los Estados proyectos e iniciativas\u201d, <\/em><\/p>\n\n\n\n<p><em>explican los especialistas Ricardo Piana y Federico Piana en un art\u00edculo acad\u00e9mico publicado por la Universidad Nacional de C\u00f3rdoba.<\/em><\/p>\n\n\n\n<p><div>   <\/div><strong>Cada cu\u00e1nto sesiona el Parlasur<\/strong><\/p>\n\n\n\n<p><em>El art\u00edculo 17 del Protocolo Constitutivo establece que el Parlasur sesiona \u201c<strong>al menos una vez por mes\u201d<\/strong>. En lo que va de 2023 sesion\u00f3 3 veces: el 27 de marzo, el 29 de mayo y el 26 de junio. La informaci\u00f3n de la \u00faltima sesi\u00f3n a\u00fan no est\u00e1 disponible en la web del organismo. <\/em><\/p>\n\n\n\n<p><em>En la anterior, la del 29 de mayo, el Parlasur aprob\u00f3 2 disposiciones, 1 recomendaci\u00f3n y 5 declaraciones.A trav\u00e9s de las 2 disposiciones se aprob\u00f3 el Informe Final de la Misi\u00f3n de Observaci\u00f3n Electoral en las Elecciones Generales de la Rep\u00fablica Federativa de Brasil y se autoriz\u00f3 al Parlasur a firmar el Memorando de Entendimiento con el Parlamento Internacional para la Tolerancia y La Paz. <\/em><\/p>\n\n\n\n<p><em>Adem\u00e1s, recomend\u00f3 al Consejo del Mercado Com\u00fan (el \u00f3rgano superior de Mercosur) la creaci\u00f3n de un Ente Regulador de Certificados de Emisi\u00f3n de Bonos de Carbono.Sobre las declaraciones los temas son variados: la declaraci\u00f3n de inter\u00e9s del Parlasur del libro \u201cN\u00e9stor. El hombre que cambi\u00f3 todo\u201d, de Jorge \u201cTopo\u201d Devoto, o el repudio a dichos de la ensayista Beatriz Sarlo sobre las Islas Malvinas.<\/em><\/p>\n\n\n\n<p>\u00ab<em><strong>Actualmente, los parlamentarios no cobran<\/strong><\/em>\u00ab<\/p>\n\n\n\n<p><em>En la Argentina, la elecci\u00f3n de parlamentarios del Mercosur est\u00e1 regulada por la Ley 27.120, que modifica el C\u00f3digo Electoral Nacional.<\/em><\/p>\n\n\n\n<p><em> El art\u00edculo 16 de esta ley establece que \u201clos parlamentarios del Mercosur en representaci\u00f3n de la ciudadan\u00eda argentina, ser\u00e1n asimilados en el derecho interno a los diputados nacionales\u201d. Y que \u201cser\u00e1n aplicables a su respecto, siempre que no hubiere disposici\u00f3n espec\u00edfica, las disposiciones que regulan la condici\u00f3n de aqu\u00e9llos en cuanto a inmunidades parlamentarias, reg\u00edmenes remuneratorios, laborales, previsionales y protocolares\u201d.<\/em><\/p>\n\n\n\n<p><em>No todos los diputados nacionales cobran lo mismo, ya que hay algunos \u00edtems del sueldo que pueden variar entre los legisladores. Pero de acuerdo con datos de abril de 2023, un diputado nacional cobra un sueldo neto de $ 685 mil.<\/em><\/p>\n\n\n\n<p><em>Sin embargo, el pago de sueldos a los parlamentarios del Mercosur fue suspendido y luego judicializado. <\/em><\/p>\n\n\n\n<p><em>Actualmente, no cobran dieta como representantes argentinos en el Parlasur. En 2016, el gobierno de Mauricio Macri decidi\u00f3 que no abonar\u00eda las dietas de los parlamentarios, y que s\u00f3lo se har\u00eda cargo de los gastos que demande su trabajo: traslados a Montevideo, hotel y vi\u00e1ticos.Alejandro Karlen, parlamentario correntino del Frente para la Victoria desde 2015, inici\u00f3 un reclamo ante la Justicia electoral para que el Estado nacional pague las dietas de los parlamentarios. <\/em><\/p>\n\n\n\n<p><em>La Justicia electoral le dio la raz\u00f3n, pero el caso est\u00e1 ahora en manos de la Corte Suprema de Justicia de la Naci\u00f3n, que en mayo de 2022 suspendi\u00f3 cautelarmente el pago a Karlen hasta tanto no resuelva la cuesti\u00f3n de fondo.<\/em><\/p>\n\n\n\n<p><em>A fines de abril de 2023 Karlen puso en conocimiento de la Corte que el Parlasur aprob\u00f3, en agosto de 2022, una disposici\u00f3n que establece que \u201cmientras dure la etapa de transici\u00f3n\u201d (hasta el 30\/12\/2030), las dietas, aportes previsionales y dem\u00e1s gastos \u201cdeber\u00e1n ser afrontadas por el Estado parte al cual pertenecen\u201d.Hay otro aspecto en el que s\u00ed intervino la Corte Suprema. Fue en 2017, en una causa sobre Milagra Sala, l\u00edder de la organizaci\u00f3n T\u00fapac Amaru, que fue electa parlamentaria del Mercosur en 2015. En ese fallo, la Corte sostuvo que los integrantes del Parlasur no tienen inmunidad de arresto o \u201cfueros\u201d, como s\u00ed tienen los diputados y senadores nacionales.<\/em>FUENTE: Chequeado.<\/p>\n","protected":false},"excerpt":{"rendered":"<p>Por Walter C. Medina Entrevista a Diego Molina, Director de Relaciones Institucionales del Parlasur En di\u00e1logo con Roberto San Mart\u00edn, para el programa radial &#8230; <\/p>\n<p class=\"read-more-container\"><a title=\"\u201cPEP\u00cdN RODR\u00cdGUEZ SIM\u00d3N DESPRESTIGIA A LA INSTITUCI\u00d3N\u201d del PARLASUR.\" class=\"read-more button\" href=\"https:\/\/xn--tuvozdiasporaespaola-k7b.com\/page\/2\/pepin-rodriguez-simon-desprestigia-a-la-institucion-del-parlasur\/#more-3910\" aria-label=\"M\u00e1s en \u201cPEP\u00cdN RODR\u00cdGUEZ SIM\u00d3N DESPRESTIGIA A LA INSTITUCI\u00d3N\u201d del PARLASUR.\">Leer m\u00e1s<\/a><\/p>\n","protected":false},"author":222560522,"featured_media":3923,"comment_status":"open","ping_status":"open","sticky":false,"template":"","format":"standard","meta":{"footnotes":""},"categories":[121868],"tags":[],"class_list":["post-3910","post","type-post","status-publish","format-standard","has-post-thumbnail","hentry","category-latinoamerica","resize-featured-image"],"_links":{"self":[{"href":"https:\/\/xn--tuvozdiasporaespaola-k7b.com\/page\/2\/wp-json\/wp\/v2\/posts\/3910","targetHints":{"allow":["GET"]}}],"collection":[{"href":"https:\/\/xn--tuvozdiasporaespaola-k7b.com\/page\/2\/wp-json\/wp\/v2\/posts"}],"about":[{"href":"https:\/\/xn--tuvozdiasporaespaola-k7b.com\/page\/2\/wp-json\/wp\/v2\/types\/post"}],"author":[{"embeddable":true,"href":"https:\/\/xn--tuvozdiasporaespaola-k7b.com\/page\/2\/wp-json\/wp\/v2\/users\/222560522"}],"replies":[{"embeddable":true,"href":"https:\/\/xn--tuvozdiasporaespaola-k7b.com\/page\/2\/wp-json\/wp\/v2\/comments?post=3910"}],"version-history":[{"count":3,"href":"https:\/\/xn--tuvozdiasporaespaola-k7b.com\/page\/2\/wp-json\/wp\/v2\/posts\/3910\/revisions"}],"predecessor-version":[{"id":3934,"href":"https:\/\/xn--tuvozdiasporaespaola-k7b.com\/page\/2\/wp-json\/wp\/v2\/posts\/3910\/revisions\/3934"}],"wp:featuredmedia":[{"embeddable":true,"href":"https:\/\/xn--tuvozdiasporaespaola-k7b.com\/page\/2\/wp-json\/wp\/v2\/media\/3923"}],"wp:attachment":[{"href":"https:\/\/xn--tuvozdiasporaespaola-k7b.com\/page\/2\/wp-json\/wp\/v2\/media?parent=3910"}],"wp:term":[{"taxonomy":"category","embeddable":true,"href":"https:\/\/xn--tuvozdiasporaespaola-k7b.com\/page\/2\/wp-json\/wp\/v2\/categories?post=3910"},{"taxonomy":"post_tag","embeddable":true,"href":"https:\/\/xn--tuvozdiasporaespaola-k7b.com\/page\/2\/wp-json\/wp\/v2\/tags?post=3910"}],"curies":[{"name":"wp","href":"https:\/\/api.w.org\/{rel}","templated":true}]}}